{"id":11886,"date":"2021-04-07T14:14:01","date_gmt":"2021-04-07T12:14:01","guid":{"rendered":"http:\/\/www.ladislavjakl.cz\/?p=11886"},"modified":"2021-04-07T14:14:01","modified_gmt":"2021-04-07T12:14:01","slug":"odhodte-okovy-jakl-po-smrti-kellnera-cina-zapad-a-co-nikdo-nerekl","status":"publish","type":"post","link":"https:\/\/www.ladislavjakl.cz\/?p=11886","title":{"rendered":"Odho\u010fte okovy! Jakl po smrti Kellnera. \u010c\u00edna, Z\u00e1pad a co nikdo ne\u0159ekl"},"content":{"rendered":"<p>ROZHOVOR \u201eNenechal se \u017eivotem vl\u00e1\u010det, to on si rozhodoval, jak bude \u017e\u00edt,\u201c \u0159\u00edk\u00e1 o tragicky zesnul\u00e9m Petru Kellnerovi Ladislav Jakl, \u010dlen a tak\u00e9 zakladatel Rady pro rozhlasov\u00e9 a televizn\u00ed vys\u00edl\u00e1n\u00ed. N\u00e1mitky ohledn\u011b vazeb na \u010c\u00ednu odm\u00edt\u00e1: \u201eTo by n\u00e1m snad m\u011blo lichotit, ne? \u017de \u010desk\u00fd vliv tak \u00fasp\u011b\u0161n\u011b pod jeho rukama expanduje.\u201c K \u010c\u00edn\u011b je\u0161t\u011b Jakl dod\u00e1v\u00e1, \u017ee se zem\u011b v posledn\u00ed dob\u011b neuv\u011b\u0159iteln\u011b otev\u0159ela a lid\u00e9 tam \u017eij\u00ed svobodn\u011bji ne\u017e d\u0159\u00edve. \u201eBylo by snad sv\u011btu l\u00e9pe v sousedstv\u00ed s b\u00eddnou \u010c\u00ednou uzav\u0159enou za svou zd\u00ed?\u201c pt\u00e1 se. \u0158e\u010d p\u0159i\u0161la i na postaven\u00ed Z\u00e1padu. \u201eV jist\u00e9m smyslu u\u017e Z\u00e1pad pora\u017een je,\u201c shrnuje Jakl geopolitick\u00e9 zm\u011bny v posledn\u00edch t\u0159ech dek\u00e1d\u00e1ch.<\/p>\n<p><!--more--><\/p>\n<p><strong>Zem\u0159el Petr Kellner. Byl jak\u00fdmsi symbolem porevolu\u010dn\u00ed \u00e9ry a nov\u011b nabyt\u00e9 svobody? Co znamenalo jm\u00e9no Petra Kellnera pro v\u00e1s?<\/strong><\/p>\n<p>J\u00e1 jsem ho sice neznal osobn\u011b, setkal jsem se s n\u00edm asi jen dvakr\u00e1t, ale ur\u010dit\u011b byl nejen pro mne v\u00edce ne\u017e pouh\u00fdm symbolem. Byl hlavn\u011b \u010dlov\u011bkem. Velmi c\u00edlev\u011bdom\u00fdm, koncentrovan\u00fdm, pracovit\u00fdm a p\u0159em\u00fd\u0161liv\u00fdm \u010dlov\u011bkem, odv\u00e1\u017en\u00fdm hr\u00e1\u010dem i zodpov\u011bdn\u00fdm hospod\u00e1\u0159em. A tak\u00e9 odolal poku\u0161en\u00ed nat\u0159\u00e1sat se jako celebrita v reflektorech bulv\u00e1r\u016f, ale \u017eil si sv\u00fdm \u017eivotem. Nenechal se \u017eivotem vl\u00e1\u010det, to on si rozhodoval, jak bude \u017e\u00edt.<\/p>\n<p><strong>Jak shrnout celosv\u011btov\u00fd v\u00fdznam Petra Kellnera? \u010c\u00edm mohl vadit? Velmi se hovo\u0159\u00ed o vazb\u00e1ch na \u010c\u00ednu\u2026<\/strong><\/p>\n<p>M\u011bl vliv a vazby po cel\u00e9m sv\u011bt\u011b, nejen v&nbsp;\u010c\u00edn\u011b. To by n\u00e1m snad m\u011blo lichotit, ne? \u017de \u010desk\u00fd vliv tak \u00fasp\u011b\u0161n\u011b pod jeho rukama expanduje. Kdy\u017e Ba\u0165a roz\u0161\u00ed\u0159il sv\u00e9 podnik\u00e1n\u00ed do n\u011bjak\u00e9 zem\u011b, z\u00edskala snad doty\u010dn\u00e1 zem\u011b vliv na n\u00e1\u0161 \u017eivot, nebo to bylo sp\u00ed\u0161e p\u0159esn\u011b naopak? Kdy\u017e t\u0159eba Raku\u0161an\u00e9 koupili n\u00e1\u0161 nejv\u011bt\u0161\u00ed finan\u010dn\u00ed \u00fastav, t\u0159\u00e1sl se tam snad n\u011bkdo, \u017ee se t\u00edm dost\u00e1vaj\u00ed pod \u010desk\u00fd vliv, nebo naopak stoupl rakousk\u00fd vliv u n\u00e1s?<\/p>\n<p><strong>Fyzik Lubo\u0161 Motl se zamyslel nad smrt\u00ed Petra Kellnera z jin\u00e9ho \u00fahlu. Mohla se mu pr\u00fd st\u00e1t osudnou rutina, se kterou vyj\u00ed\u017ed\u011bl za sv\u00fdm kon\u00ed\u010dkem na Alja\u0161ku. Co si o tom mysl\u00edte vy?<\/strong><\/p>\n<p>J\u00e1 o tom v\u016fbec nic nev\u00edm. Helikopt\u00e9ru p\u0159ece ne\u0159\u00eddil on. Ne\u0161t\u011bst\u00ed se v\u00e1m m\u016f\u017ee st\u00e1t i doma v&nbsp;koupeln\u011b.<\/p>\n<p><strong>Co etick\u00fd rozm\u011br obchodu s&nbsp;\u010c\u00ednou, spat\u0159ujete v&nbsp;tom probl\u00e9m? A pro\u010d jej nespat\u0159uj\u00ed t\u0159eba N\u011bmci, Francouzi a dal\u0161\u00ed?<\/strong><\/p>\n<p>Mysl\u00edm, \u017ee obchodovat a m\u00edt i dal\u0161\u00ed vztahy s&nbsp;\u010c\u00ednou m\u00e1 hlubok\u00fd etick\u00fd rozm\u011br. P\u0159isp\u011blo to k&nbsp;otev\u0159en\u00ed d\u0159\u00edve zcela izolovan\u00e9 zem\u011b a ke&nbsp;zlep\u0161en\u00ed kvality \u017eivota nejv\u011bt\u0161\u00edho po\u010dtu lid\u00ed na na\u0161\u00ed planet\u011b za nejkrat\u0161\u00ed dobu. Bylo by snad sv\u011btu l\u00e9pe v&nbsp;sousedstv\u00ed s&nbsp;b\u00eddnou \u010c\u00ednou uzav\u0159enou za svou zd\u00ed? Mlad\u00ed \u010c\u00ed\u0148an\u00e9 dnes \u017eij\u00ed b\u011b\u017en\u00fdm z\u00e1padn\u00edm zp\u016fsobem \u017eivota, co\u017e bylo p\u0159ed jednou generac\u00ed nep\u0159edstaviteln\u00e9. A to pr\u00e1v\u011b d\u00edky otev\u0159enosti a oboustrann\u00e9 ochot\u011b spolupracovat a obchodovat. Zkusme si my, kdo to pamatuje, uv\u011bdomit, jestli by se n\u00e1m b\u00fdvalo za socialismu \u017eilo l\u00e9pe, kdyby n\u00e1s tehdy cel\u00fd sv\u011bt bojkotoval, kdyby se u n\u00e1s za tu dobu neodehr\u00e1la \u017e\u00e1dn\u00e1 sv\u011btov\u00e1 sportovn\u00ed \u010di kulturn\u00ed akce, kdyby tu nikdo nevid\u011bl \u017e\u00e1dn\u00fd exempl\u00e1\u0159 z\u00e1padn\u00edho zbo\u017e\u00ed. To by n\u00e1m jako bylo l\u00edp? Podporoval t\u00edm n\u011bkdo Hus\u00e1ka, nebo sp\u00ed\u0161e p\u0159ita\u017elivost z\u00e1padn\u00ed demokracie v&nbsp;o\u010d\u00edch na\u0161\u00ed ve\u0159ejnosti? Demokracie, svoboda i bohatstv\u00ed prosakuj\u00ed. Pokud maj\u00ed kudy. Nechme je prosakovat. Ud\u011bl\u00e1 to sv\u011bt nejen v\u00edce prosperuj\u00edc\u00edm, ale i bezpe\u010dn\u011bj\u0161\u00edm.<\/p>\n<p><strong>Jak vid\u00edte \u00falohu \u010c\u00edny v&nbsp;budouc\u00edm sv\u011btov\u00e9m v\u00fdvoji? Vybudovala si za posledn\u00ed rok proti Evrop\u011b pozici, ze kter\u00e9 n\u00e1s m\u016f\u017ee ekonomicky zv\u00e1lcovat?<\/strong><\/p>\n<p>Co by z&nbsp;toho v\u00e1lcov\u00e1n\u00ed m\u011bla? Chce s&nbsp;n\u00e1mi f\u00e9rov\u011b obchodovat, na tom vyd\u011bl\u00e1 ona i my. Ale obchodovat mus\u00edme bez nep\u0159\u00e1telsk\u00fdch d\u011btinsk\u00fdch \u0161prajc\u016f a truc\u016f.<\/p>\n<p><strong>V&nbsp;\u010dem spo\u010d\u00edv\u00e1 hlavn\u00ed \u010d\u00ednsk\u00e1 v\u00fdhoda oproti Evrop\u011b?<\/strong><\/p>\n<p>Je to spole\u010dnost mlad\u00e1. Nakro\u010den\u00e1 kup\u0159edu. Mlad\u00ed vid\u00ed, \u010deho se d\u00e1 dos\u00e1hnout za deset let \u00fasil\u00ed. Hledaj\u00ed cesty, jak co ud\u011blat, ne z\u00e1minky, pro\u010d to neud\u011blat. Je\u0161t\u011b nestihli zpohodln\u011bt.<\/p>\n<section class=\"section-brown section-inarticle poll pollNormal\">\n<div class=\"well well-rounded\">\n<div><strong>Velk\u00fdm t\u00e9matem dne\u0161ka je ekologie. Zat\u00edmco vysp\u011bl\u00e9 zem\u011b z\u00e1padn\u00ed Evropy raz\u00ed cestu a sna\u017e\u00ed se dosp\u011bt k uhl\u00edkov\u00e9 neutralit\u011b, \u010c\u00edna m\u00e1 v tomto pom\u011brn\u011b velk\u00fd dluh. Asijsk\u00e1 velmoc je za to \u010dasto hlasit\u011b kritizov\u00e1na, ale jak je to ve skute\u010dnosti? Je pro \u010c\u00ednu \u201eneekologie\u201c skute\u010dnou p\u0159\u00edt\u011b\u017e\u00ed, nebo naopak v\u00fdhodou?<\/strong><\/div>\n<\/div>\n<\/section>\n<p>Boj s&nbsp;uhl\u00edkem je zv\u011brstvo. Je to hlavn\u011b \u00fatok proti chud\u00fdm. My jsme svou civilizaci a dobr\u00fd \u017eivot postavili na industrializaci, ale zbytku sv\u011bta u\u017e to nechceme dovolit a r\u00e1di bychom z&nbsp;n\u011bj ud\u011blali romantick\u00fd skanzen nebo kiplingovskou idylku. Boj s&nbsp;uhl\u00edkem je ve skute\u010dnosti bojem proti snaze chud\u0161\u00edch zem\u00ed \u017e\u00edt l\u00e9pe.<\/p>\n<p><strong>Objevuje se tak\u00e9 pozn\u00e1mka, \u017ee Achillovou patou Z\u00e1padu m\u016f\u017ee b\u00fdt bohorovn\u00e9 p\u0159esv\u011bd\u010den\u00ed o vlastn\u00ed p\u0159evaze nad \u010c\u00ednou \u2013 mor\u00e1ln\u00ed, ekonomick\u00e9, technologick\u00e9. A zakopan\u00fd pes je p\u0159itom ve skute\u010dnosti, \u017ee tyto premisy platily d\u0159\u00edve, ale dnes jsou u\u017e pry\u010d. Ve chv\u00edli, kdy by skute\u010dn\u011b do\u0161lo k&nbsp;n\u011bjak\u00e9 form\u011b konfliktu, by Z\u00e1pad z\u016fstal v&nbsp;\u0161oku a pora\u017een. Jak\u00fd je v\u00e1\u0161 n\u00e1zor?<\/strong><\/p>\n<p>V&nbsp;jist\u00e9m smyslu u\u017e Z\u00e1pad pora\u017een je. Sv\u011bt u\u017e nen\u00ed monopol\u00e1rn\u00ed, jak\u00fdm byl po t\u0159icet let od zhroucen\u00ed komunismu. Je dnes u\u017e multipol\u00e1rn\u00ed, p\u0159inejmen\u0161\u00edm bipol\u00e1rn\u00ed. A s&nbsp;t\u00edm se Z\u00e1pad mus\u00ed sm\u00ed\u0159it. V\u00edcepol\u00e1rn\u00ed sv\u011bt ale p\u0159in\u00e1\u0161\u00ed rovnov\u00e1hu a je bezpe\u010dn\u011bj\u0161\u00ed, \u017e\u00e1dn\u00fd strom v&nbsp;takov\u00e9m sv\u011bt\u011b u\u017e neroste do nebe. V&nbsp;jin\u00e9m smyslu slova ale Z\u00e1pad zdaleka pora\u017een nen\u00ed a b\u00fdt nem\u016f\u017ee. I nov\u011b prudce rozv\u00edjej\u00edc\u00ed se zem\u011b Z\u00e1pad pot\u0159ebuj\u00ed, to za prv\u00e9. A za druh\u00e9: n\u00e1\u0161 sv\u011bt nikdo neporaz\u00ed, pokud si podr\u017e\u00edme svou kulturu a civiliza\u010dn\u00ed pil\u00ed\u0159e. M\u016f\u017eeme se porazit jen sami, pokud se o n\u011b sami p\u0159iprav\u00edme. Zven\u010d\u00ed n\u00e1m je nikdo nevezme, to my jimi sami za\u010d\u00edn\u00e1me ke sv\u00e9 hanb\u011b a \u0161kod\u011b pohrdat.<\/p>\n<p><strong>Co se t\u00fd\u010de technologick\u00e9 a vojensk\u00e9 p\u0159evahy, ned\u00e1vno jsme mohli zaznamenat zpr\u00e1vy o simulac\u00edch z&nbsp;d\u00edlny americk\u00e9ho letectva. V\u00fdsledky byly pro USA velmi znepokojiv\u00e9, p\u0159\u00edpadn\u00e1 v\u00e1lka o Tchaj-wan by nejsp\u00ed\u0161e skon\u010dila v\u00edt\u011bzstv\u00edm \u010c\u00edny. Sledujeme tedy v&nbsp;p\u0159\u00edm\u00e9m p\u0159enosu n\u00e1stup nov\u00e9 velmoci?<\/strong><\/p>\n<p>Takov\u00e1 v\u00e1lka nenastane, dokud nebude vyprovokov\u00e1na zven\u010d\u00ed. Ostrovn\u00ed \u010c\u00ednsk\u00e9 republice i pevninsk\u00e9 \u010c\u00ednsk\u00e9 lidov\u00e9 republice sou\u010dasn\u00e9 uspo\u0159\u00e1d\u00e1n\u00ed vyhovuje. To jen zven\u010d\u00ed se to po\u0159\u00e1d n\u011bkdo pokou\u0161\u00ed rozkutat, a destabilizovat t\u00edm sv\u011bt. Nezodpov\u011bdn\u011b.<\/p>\n<p><strong>Z\u00e1padn\u00ed civilizace, nebo alespo\u0148 jej\u00ed v\u011bt\u0161\u00ed \u010d\u00e1st, neza\u017eila v&nbsp;posledn\u00edch dek\u00e1d\u00e1ch \u017e\u00e1dn\u00e9 v\u00fdrazn\u011bj\u0161\u00ed t\u011b\u017ekosti. Zat\u00edmco v\u00fdchod shazoval okovy komunismu, Z\u00e1pad v&nbsp;m\u00edru prosperoval. M\u016f\u017ee se z&nbsp;dlouh\u00e9ho obdob\u00ed klidu a pohodl\u00ed st\u00e1t v&nbsp;kone\u010dn\u00e9m d\u016fsledku nev\u00fdhoda?<\/strong><\/p>\n<p>Ono to lze ale vz\u00edt i za \u00fapln\u011b opa\u010dn\u00fd konec, s&nbsp;t\u00edm prosperov\u00e1n\u00edm Z\u00e1padu. \u017dili jsme tu v&nbsp;komunismu jako ve sklen\u00edku. O tom, jak\u00e9 je venku po\u010das\u00ed, co v\u0161e se m\u011bn\u00ed, jsme v\u011bd\u011bli jen m\u00e1lo. A tak si mnoz\u00ed z&nbsp;n\u00e1s nev\u0161\u00edmali, jak ultralevicov\u00fd pokrok\u00e1\u0159sk\u00fd duch pomalu otravuje krok za krokem cel\u00fd z\u00e1padn\u00ed sv\u011bt. Univerzity, m\u00e9dia, politiku a nakonec i spole\u010dnost v\u010detn\u011b velk\u00e9ho byznysu. Pak se n\u00e1\u0161 sklen\u00edk rozpadl a mnoz\u00ed z&nbsp;n\u00e1s s&nbsp;\u00fa\u017easem zjistili, \u017ee tohle u\u017e nen\u00ed ten Z\u00e1pad, o kter\u00e9m jsme snili. Z\u00e1padn\u00ed r\u00e1dcov\u00e9 n\u00e1m sem jezdili p\u0159en\u00e1\u0161et, jak se to se soukrom\u00fdm vlastnictv\u00edm, svobodou jednotlivce \u010di voln\u00fdm trhem nem\u00e1 p\u0159eh\u00e1n\u011bt. A najednou jsme pochopili, \u017ee Z\u00e1pad mezit\u00edm, co my \u017eili ve sklen\u00edku, zdegeneroval, zesocializoval. Paradoxn\u011b jsme byli p\u0159ed tou degenerac\u00ed v&nbsp;onom sklen\u00edku trochu chr\u00e1n\u011bni, mysl\u00edm spole\u010densky, vztahov\u011b. N\u011bkte\u0159\u00ed z&nbsp;n\u00e1s si ale ani po zbour\u00e1n\u00ed sklen\u00edku nev\u0161imli, \u017ee ten nov\u00fd Z\u00e1pad u\u017e nen\u00ed Z\u00e1padem. Sta\u010d\u00ed jim, \u017ee je geograficky na z\u00e1pad\u011b, i kdy\u017e u\u017e to nen\u00ed skute\u010dn\u00fd Z\u00e1pad. Z\u00e1padn\u00ed sv\u011bt s\u00e1m sebe sv\u00e1zal neproduktivn\u00edm p\u0159erozd\u011blovac\u00edm a p\u0159eregulovan\u00fdm syst\u00e9mem, upoutal si na nohy z\u00e1va\u017e\u00ed kolektivismu a soci\u00e1ln\u00edho in\u017een\u00fdrstv\u00ed. Ona tahle nemoc ale nakonec hlavn\u011b nejprve prost\u0159ednictv\u00edm velk\u00fdch m\u011bst p\u0159esko\u010d\u00ed i na dnes prosperuj\u00edc\u00ed rozv\u00edjej\u00edc\u00ed se nov\u00e9 ekonomiky, av\u0161ak ne\u017e se tak stane, pom\u011br civiliza\u010dn\u00edch sil se \u00fapln\u011b obr\u00e1t\u00ed. A z&nbsp;kulturn\u00ed nadvl\u00e1dy Z\u00e1padu se stane jen epizoda do u\u010debnic p\u0159\u00ed\u0161t\u00edch v\u011bk\u016f. A ony u\u010debnice nejsp\u00ed\u0161 nebudou ps\u00e1ny latinkou. Bohu\u017eel. M\u011bli bychom ten proces zaost\u00e1v\u00e1n\u00ed alespo\u0148 trochu brzdit. Ale ne provokov\u00e1n\u00edm nep\u0159\u00e1telstv\u00ed s&nbsp;druh\u00fdmi, ale snahou o odhozen\u00ed okov\u016f, kter\u00e9 jsme si sami z&nbsp;hlouposti nasadili.<\/p>\n<p><a href=\"https:\/\/www.parlamentnilisty.cz\/arena\/rozhovory\/Odhodte-okovy-Jakl-po-smrti-Kellnera-Cina-Zapad-a-co-nikdo-nerekl-659155\">Zdroj<\/a><\/p>\n","protected":false},"excerpt":{"rendered":"<p>ROZHOVOR \u201eNenechal se \u017eivotem vl\u00e1\u010det, to on si rozhodoval, jak bude \u017e\u00edt,\u201c \u0159\u00edk\u00e1 o tragicky zesnul\u00e9m Petru Kellnerovi Ladislav Jakl, \u010dlen a tak\u00e9 zakladatel Rady pro rozhlasov\u00e9 a televizn\u00ed vys\u00edl\u00e1n\u00ed. N\u00e1mitky ohledn\u011b vazeb na \u010c\u00ednu odm\u00edt\u00e1: \u201eTo by n\u00e1m snad m\u011blo lichotit, ne? \u017de \u010desk\u00fd vliv tak \u00fasp\u011b\u0161n\u011b pod jeho rukama expanduje.\u201c K \u010c\u00edn\u011b je\u0161t\u011b [&hellip;]<\/p>\n","protected":false},"author":1,"featured_media":0,"comment_status":"open","ping_status":"open","sticky":false,"template":"","format":"standard","meta":{"ngg_post_thumbnail":0,"footnotes":""},"categories":[13],"tags":[],"class_list":["post-11886","post","type-post","status-publish","format-standard","hentry","category-rozhovory"],"_links":{"self":[{"href":"https:\/\/www.ladislavjakl.cz\/index.php?rest_route=\/wp\/v2\/posts\/11886","targetHints":{"allow":["GET"]}}],"collection":[{"href":"https:\/\/www.ladislavjakl.cz\/index.php?rest_route=\/wp\/v2\/posts"}],"about":[{"href":"https:\/\/www.ladislavjakl.cz\/index.php?rest_route=\/wp\/v2\/types\/post"}],"author":[{"embeddable":true,"href":"https:\/\/www.ladislavjakl.cz\/index.php?rest_route=\/wp\/v2\/users\/1"}],"replies":[{"embeddable":true,"href":"https:\/\/www.ladislavjakl.cz\/index.php?rest_route=%2Fwp%2Fv2%2Fcomments&post=11886"}],"version-history":[{"count":1,"href":"https:\/\/www.ladislavjakl.cz\/index.php?rest_route=\/wp\/v2\/posts\/11886\/revisions"}],"predecessor-version":[{"id":11887,"href":"https:\/\/www.ladislavjakl.cz\/index.php?rest_route=\/wp\/v2\/posts\/11886\/revisions\/11887"}],"wp:attachment":[{"href":"https:\/\/www.ladislavjakl.cz\/index.php?rest_route=%2Fwp%2Fv2%2Fmedia&parent=11886"}],"wp:term":[{"taxonomy":"category","embeddable":true,"href":"https:\/\/www.ladislavjakl.cz\/index.php?rest_route=%2Fwp%2Fv2%2Fcategories&post=11886"},{"taxonomy":"post_tag","embeddable":true,"href":"https:\/\/www.ladislavjakl.cz\/index.php?rest_route=%2Fwp%2Fv2%2Ftags&post=11886"}],"curies":[{"name":"wp","href":"https:\/\/api.w.org\/{rel}","templated":true}]}}