{"id":1189,"date":"2011-08-19T11:29:37","date_gmt":"2011-08-19T10:29:37","guid":{"rendered":"http:\/\/www.ladislavjakl.cz\/?p=1189"},"modified":"2011-08-19T11:34:27","modified_gmt":"2011-08-19T10:34:27","slug":"je-mlada-fronta-idnes-nacisticke-medium","status":"publish","type":"post","link":"https:\/\/www.ladislavjakl.cz\/?p=1189","title":{"rendered":"Je Mlad\u00e1 fronta iDnes nacistick\u00e9 m\u00e9dium?"},"content":{"rendered":"<p>Lid\u00e9, \u010dtete tyto \u0159\u00e1dky. D\u011bje se toti\u017e cosi docela v\u00e1\u017en\u00e9ho.\u00a0A mo\u017en\u00e1 se to t\u00fdk\u00e1 i v\u00e1s.<\/p>\n<p><a name=\"t2\"><\/a> <!--more--><\/p>\n<p>Ot\u00e1zka, zda Mlad\u00e1 fronta iDnes fand\u00ed nacist\u016fm, nen\u00e1visti, xenofobii a  n\u00e1sil\u00ed, je toti\u017e dost legitimn\u00ed. Za posledn\u00edch n\u011bkolik t\u00fddn\u016f u nich  t\u00e9m\u011b\u0159 nenajdete zm\u00ednku o skute\u010dn\u00fdch nacistech, o skute\u010dn\u00fdch projevech  n\u00e1sil\u00ed v\u016f\u010di jin\u00fdm, jinak vypadaj\u00edc\u00edm. To jim asi nevad\u00ed.<\/p>\n<p>Zato stovky \u0159\u00e1dk\u016f v\u011bnovan\u00e9 \u00fatok\u016fm na lidi, kte\u0159\u00ed nikdy nic spole\u010dn\u00e9ho  s\u00a0hnusnou nen\u00e1vist\u00ed a n\u00e1sil\u00edm k\u00a0jinakosti nem\u011bli, v\u00a0tomto m\u00e9diu najdete  ka\u017ed\u00fd den. T\u0159eba dnes jsou schopni ud\u011blat skand\u00e1l z\u00a0m\u00e9ho p\u0159esv\u011bd\u010den\u00ed,  \u017ee nen\u00ed spr\u00e1vn\u00e9 kriminalizovat n\u011bkoho za n\u00e1zory, p\u00edsn\u011b \u010di oble\u010den\u00ed. A  v\u010derej\u0161ek, ten \u00a0byl hodn\u011b n\u00e1zorn\u00fd.<\/p>\n<p>Na sv\u00fdch webov\u00fdch str\u00e1nk\u00e1ch jsem v\u010dera zve\u0159ejnil b\u00e1sni\u010dku o panu  Kalouskovi. O \u010dlov\u011bku, kter\u00fd nikdy neadoptoval cik\u00e1nsk\u00e9 mimino, kter\u00fd  nikdy nehr\u00e1l s\u00a0cik\u00e1ny v\u00a0kapele. A kter\u00fd r\u00e1d nad\u00e1v\u00e1 do n\u00e1ck\u016f a fa\u0161oun\u016f  jin\u00fdm lidem. Redakce Mlad\u00e9 fronty iDnes si tuhle b\u00e1se\u0148 st\u00e1hla a  okomentovala sv\u00fdm typick\u00fdm tenden\u010dn\u00edm \u0161tvav\u00fdm zp\u016fsobem. A p\u0159idala k\u00a0n\u00ed  fotku z\u00a0n\u011bjak\u00e9ho m\u00e9ho koncertu. Pro\u010d? Jist\u011b se u toho v\u00a0redakci dob\u0159e  bavili, ur\u010dit\u011b si \u0159\u00edkali, jak\u00e9 asi n\u00e1lady fotka u lid\u00ed vyvol\u00e1. U  n\u011bkter\u00fdch lid\u00ed.<\/p>\n<p>A nepletli se. Vyvolala. Podkou\u0159ili p\u0159esn\u011b t\u011bm typ\u016fm, kter\u00fdm se  r\u016fznost a jinakost hnus\u00ed. Podkou\u0159ili n\u00e1lad\u00e1m, ze kter\u00fdch vznik\u00e1  autentick\u00fd lidov\u00fd nacismus, nen\u00e1vist a odpor k\u00a0jin\u00e9 viz\u00e1\u017ei, k\u00a0jin\u00e9  kultu\u0159e. Mlad\u00e1 fronta iDnes se tv\u00e1\u0159\u00ed, \u017ee bojuje s\u00a0xenofoby, ale posu\u010fte  sami, jak\u00fdm cit\u016fm nahr\u00e1v\u00e1, jak\u00fdm n\u00e1lad\u00e1m podstrojuje. A proti komu  vlastn\u011b vede sv\u00e9 ta\u017een\u00ed.<\/p>\n<p>V\u00a0diskusi pod \u010dl\u00e1nkem o m\u00e9 b\u00e1sni\u010dce reaguj\u00ed des\u00edtky lid\u00ed jen na mou  fotku. Sami si z\u00a0n\u00e1sleduj\u00edc\u00edch \u0159\u00e1dek odvo\u010fte odpov\u011b\u010f na ot\u00e1zku: kdo jsou  tvorov\u00e9, kte\u0159\u00ed ve sporu kolem B\u00e1tory a Kalouska maj\u00ed nutk\u00e1n\u00ed ps\u00e1t  anonymn\u011b takov\u00e9 projevy nen\u00e1visti a odporu k\u00a0druh\u00e9mu jen pro jeho  vzhled? Jsou to tolerantn\u00ed empatici, kter\u00fdm se hnus\u00ed ostrakizace,  nen\u00e1vist a n\u00e1sil\u00ed? Nebo jsou to naopak svou du\u0161\u00ed skute\u010dn\u00ed n\u00e1ckov\u00e9?  Podn\u00edtila Mlad\u00e1 fronta iDnes proti mn\u011b toleranty, nebo xenofoby?<\/p>\n<p>Kdo se zalyk\u00e1 hnusem a odporem k\u00a0rozcuchan\u00e9mu vlasat\u00e9mu  p\u0159iple\u0161at\u011bl\u00e9mu bluesov\u00e9mu \u0161patn\u00e9mu muzikantovi? \u017de by \u010dlov\u011bk l\u00e1skou  k\u00a0bli\u017en\u00edmu a jinak vypadaj\u00edc\u00edmu p\u0159ekypuj\u00edc\u00ed? Nebo sp\u00ed\u0161 ten, co by cel\u00fd  sv\u011bt r\u00e1d vid\u011bl v\u00a0jednom povolen\u00e9m \u00fa\u010desu a b\u00edl\u00fdch podkolenk\u00e1ch? Kdo tu  my\u0161lenkov\u011b rezonuje s\u00a0agitac\u00ed Mlad\u00ed fronty iDnes? Str\u00e1\u017eci l\u00e1skypln\u00e9  vz\u00e1jemnosti? Nebo lid\u00e9, co si v\u00a0srdci p\u011bstuj\u00ed zlo k\u00a0odli\u0161n\u00fdm? N\u00e1ckov\u00e9?<\/p>\n<p>Posu\u010fte sami:<\/p>\n<p>Ta fotka je jak vokop\u00edrovan\u00e1 z ru\u010fase sedmdes\u00e1tejch let. Je\u0161t\u011b by to cht\u011blo slova o ztroskotanc\u00edch&#8230;<\/p>\n<p>Hnus, hnus&#8230;<\/p>\n<p>Je to traga, kdyz rokerovi zacnou ustupovat vlasy. Tak je z nej takova kreatura.<\/p>\n<p>kdo to je? to vyhrabali n\u011bjak\u00e9ho bez\u010f\u00e1ka na n\u00e1dra\u017e\u00ed, ne?<\/p>\n<p>Videl jsem jen headline a fotku s umastenym cunetem&#8230; o cem je clanek?<\/p>\n<p>tu fotku by ale m\u011bli vyv\u011bsit ve v\u0161ech K-centrech, mo\u017en\u00e1 by ubylo narkoman\u016f<\/p>\n<p>co n\u00e1m tu za individua pracuji ve statn\u00edch slu\u017ebach.To je hnus!!! Kdy  se u\u017e kone\u010dn\u011b dostanou kmoci slu\u0161n\u00ed a za\u010dnou d\u011blat politiku pro slu\u0161n\u00e9  ob\u010dany.<\/p>\n<p>Byla doba, mil\u00e9 d\u011bti, kdy n\u00e1m vl\u00e1dli zfetovan\u00ed bl\u00e1zni.<\/p>\n<p>zchlastanou sebranku vyst\u0159\u00eddala<\/p>\n<p>sebranka zfetovan\u00e1<\/p>\n<p>To m\u00e1 b\u00fdt \u00fa\u0159edn\u00edk hradu?<\/p>\n<p>no jasn\u011b, cht\u00edt po \u00fa\u0159dn\u00edkovi, aby se choval slu\u0161n\u011b, je stra\u0161nej krok zp\u00e1tky. Tak to rad\u0161i dva!<\/p>\n<p>To m\u00e1 b\u00fdt \u00fa\u0159edn\u00edk hradu?<\/p>\n<p>sp\u00ed\u0161 jako spa\u0159en\u00e1 vopice.<\/p>\n<p>Me by zajimalo,<\/p>\n<p>jak se takovej samponek jako je Klaus scuchl s takovou manickou.<\/p>\n<p>co je to za upocenou m\u00e1ni\u010dku!!!<\/p>\n<p>to je v\u016fn\u011b, co??<\/p>\n<p>No, p\u0159i pohledu na tu fotografii &#8211; no jak to \u0159\u00edci &#8211; je\u0161t\u011b \u017ee u\u017e je po \u010dase ob\u011bda.<\/p>\n<p>To je ale odpudiv\u00e1 tv\u00e1\u0159&#8230;<\/p>\n<p>Ten toho moc nepot\u0159ebuje. Za oble\u010den\u00ed a drogerii neutrat\u00ed, sta\u010d\u00ed mu dost piva a cigaret.<\/p>\n<p>Fotka nechutn\u00e1. \u0161p\u00edna. a dovoluje si ps\u00e1t, co l\u00e9t\u00e1 od kalouska. On! Bezdomovec!<\/p>\n<p>Je to prost\u011b \u017eumpa&#8230;<\/p>\n<p>Je mi z toho \u0161patn\u011b<\/p>\n<p>kdy\u017e se pod\u00edv\u00e1m, jak\u00e1 individua rozhoduj\u00ed o osudu t\u00e9to zem\u011b. Za\u010d\u00edn\u00e1m v\u00e1\u017en\u011b uva\u017eovat o emigraci.<\/p>\n<p>Ver\u0161e pana Jakla nejsou vtipn\u00e9, kdy\u017e se pod\u00edv\u00e1m na jeho fotku, um\u00edm  si dost dob\u0159e p\u0159edstavit, co l\u00e9t\u00e1 od n\u011bj. A nevypad\u00e1 ani na to, \u017ee by  pou\u017e\u00edval n\u011bjakou p\u00e1nskou kosmetiku. Mysl\u00edm, \u017ee jeho od\u00e9r by porazil  nejen jemn\u00fd typ&#8230;.<\/p>\n<p>Ta deka je teda hodn\u011b jet\u00e1&#8230;., prost\u011b k\u0159upka.<\/p>\n<p>Pro mne je depresivn\u00ed u\u017e to, \u017ee se n\u011bco takov\u00e9ho pohybuje na Pra\u017esk\u00e9m hrad\u011b<\/p>\n<p>Lid\u00e9, \u010dtete tyto \u0159\u00e1dky. D\u011bje se toti\u017e cosi docela v\u00e1\u017en\u00e9ho.<\/p>\n<p><a href=\"http:\/\/jakl.blog.idnes.cz\/c\/206166\/Je-Mlada-fronta-iDnes-nacisticke-medium.html\" target=\"_blank\">Zdroj<\/a><\/p>\n","protected":false},"excerpt":{"rendered":"<p>Lid\u00e9, \u010dtete tyto \u0159\u00e1dky. D\u011bje se toti\u017e cosi docela v\u00e1\u017en\u00e9ho.\u00a0A mo\u017en\u00e1 se to t\u00fdk\u00e1 i v\u00e1s.<\/p>\n","protected":false},"author":1,"featured_media":0,"comment_status":"open","ping_status":"open","sticky":false,"template":"","format":"standard","meta":{"ngg_post_thumbnail":0,"footnotes":""},"categories":[1],"tags":[],"class_list":["post-1189","post","type-post","status-publish","format-standard","hentry","category-publikovane-clanky"],"_links":{"self":[{"href":"https:\/\/www.ladislavjakl.cz\/index.php?rest_route=\/wp\/v2\/posts\/1189","targetHints":{"allow":["GET"]}}],"collection":[{"href":"https:\/\/www.ladislavjakl.cz\/index.php?rest_route=\/wp\/v2\/posts"}],"about":[{"href":"https:\/\/www.ladislavjakl.cz\/index.php?rest_route=\/wp\/v2\/types\/post"}],"author":[{"embeddable":true,"href":"https:\/\/www.ladislavjakl.cz\/index.php?rest_route=\/wp\/v2\/users\/1"}],"replies":[{"embeddable":true,"href":"https:\/\/www.ladislavjakl.cz\/index.php?rest_route=%2Fwp%2Fv2%2Fcomments&post=1189"}],"version-history":[{"count":3,"href":"https:\/\/www.ladislavjakl.cz\/index.php?rest_route=\/wp\/v2\/posts\/1189\/revisions"}],"predecessor-version":[{"id":1191,"href":"https:\/\/www.ladislavjakl.cz\/index.php?rest_route=\/wp\/v2\/posts\/1189\/revisions\/1191"}],"wp:attachment":[{"href":"https:\/\/www.ladislavjakl.cz\/index.php?rest_route=%2Fwp%2Fv2%2Fmedia&parent=1189"}],"wp:term":[{"taxonomy":"category","embeddable":true,"href":"https:\/\/www.ladislavjakl.cz\/index.php?rest_route=%2Fwp%2Fv2%2Fcategories&post=1189"},{"taxonomy":"post_tag","embeddable":true,"href":"https:\/\/www.ladislavjakl.cz\/index.php?rest_route=%2Fwp%2Fv2%2Ftags&post=1189"}],"curies":[{"name":"wp","href":"https:\/\/api.w.org\/{rel}","templated":true}]}}