{"id":11897,"date":"2021-04-19T12:01:20","date_gmt":"2021-04-19T10:01:20","guid":{"rendered":"http:\/\/www.ladislavjakl.cz\/?p=11897"},"modified":"2021-04-19T12:01:20","modified_gmt":"2021-04-19T10:01:20","slug":"kdo-chce-zhatit-volby-do-rady-ct-detinsky-omyl-senatora-smoljaka-lidovecke-obstrukce-a-jasne-slovo-pravnika-k-finte-z-neziskovky","status":"publish","type":"post","link":"https:\/\/www.ladislavjakl.cz\/?p=11897","title":{"rendered":"Kdo chce zhatit volby do Rady \u010cT? D\u011btinsk\u00fd omyl sen\u00e1tora Smoljaka, lidoveck\u00e9 obstrukce. A jasn\u00e9 slovo pr\u00e1vn\u00edka k fint\u011b z neziskovky"},"content":{"rendered":"<p>Zhatit volbu nov\u00fdch \u010dlen\u016f Rady \u010cT se pokou\u0161ej\u00ed ti z\u00e1konod\u00e1rci, jim\u017e nyn\u011bj\u0161\u00ed fungov\u00e1n\u00ed \u010cesk\u00e9 televize n\u00e1ramn\u011b vyhovuje. Proto se usiluj\u00ed zpochybnit spolky, jejich\u017e kandid\u00e1ti pro\u0161li s\u00edtem volebn\u00edho v\u00fdboru. Argumentuj\u00ed t\u00edm, \u017ee navrhuj\u00edc\u00ed subjekty dostate\u010dn\u011b nereprezentuj\u00ed ve\u0159ejnost. Expert na medi\u00e1ln\u00ed pr\u00e1vo Ale\u0161 Rozehnal ale upozor\u0148uje, \u017ee nominuj\u00edc\u00ed subjekt nem\u00e1 reprezentovat ve\u0159ejnost, a nav\u00edc \u017ee pojem \u201ez\u00e1jem ve\u0159ejnosti\u201c je pouze um\u011blou konstrukc\u00ed. \u010clen RRTV Ladislav Jakl pak rozeb\u00edr\u00e1, v \u010dem se odp\u016frci volby nov\u00fdch radn\u00edch d\u011btinsky pletou.<\/p>\n<p><!--more--><\/p>\n<p>S\u00edly bl\u00edzk\u00e9 \u010di sp\u0159\u00edzn\u011bn\u00e9 s \u010ceskou televiz\u00ed v \u010dele se sen\u00e1torem Davidem Smoljakem vyt\u00e1hly do boje proti zvolen\u00ed \u010dty\u0159 nov\u00fdch \u010dlen\u016f Rady \u010cT. To by tak hr\u00e1lo, aby z dvan\u00e1ctky kandid\u00e1t\u016f, kter\u00e1 pro\u0161la s\u00edtem volebn\u00edho v\u00fdboru, byli zvoleni radn\u00ed, kte\u0159\u00ed cht\u011bj\u00ed skute\u010dn\u011b dohl\u00ed\u017eet na \u0159\u00e1dn\u00e9 a z\u00e1konn\u00e9 fungov\u00e1n\u00ed ve\u0159ejnopr\u00e1vn\u00edho m\u00e9dia, nebo dokonce pokl\u00e1dat gener\u00e1ln\u00edmu \u0159editeli Petru Dvo\u0159\u00e1kovi nep\u0159\u00edjemn\u00e9 ot\u00e1zky. Takovou podlost nemohl p\u0159ipustit p\u0159edseda poslaneck\u00e9ho klubu KDU-\u010cSL Jan Barto\u0161ek. A aby v \u00fater\u00fd ve\u010der v Poslaneck\u00e9 sn\u011bmovn\u011b zabr\u00e1nil jejich volb\u011b, vzal si m\u00edstop\u0159edseda lidovc\u016f dvouhodinovou p\u0159est\u00e1vku na jedn\u00e1n\u00ed deseti\u010dlenn\u00e9ho klubu, \u010d\u00edm\u017e zb\u00fdvaj\u00edc\u00ed program sch\u016fze zcela zablokoval.<\/p>\n<p>U\u017e p\u0159edt\u00edm tasil lidoveck\u00fd politik pozoruhodn\u00fd argument, pro\u010d se k volb\u011b radn\u00edch p\u0159istoupit nem\u00e1. Tvrdil, \u017ee nejprve mus\u00ed volebn\u00ed v\u00fdbor prov\u011b\u0159it, jestli nyn\u011bj\u0161\u00ed radn\u00ed Hana Lipovsk\u00e1 neporu\u0161uje z\u00e1kon t\u00edm, \u017ee vystupuje za Institut svobody a demokracie. Op\u00edr\u00e1 se o ustanoven\u00ed, \u017ee \u010dlenov\u00e9 Rady nesm\u011bj\u00ed vyv\u00edjet \u017e\u00e1dnou \u010dinnost na podporu politick\u00e9 strany \u010di hnut\u00ed. Krom\u011b toho, \u017ee mu zcela unik\u00e1 souvislost s novou volbou, si zapomn\u011bl zjistit, \u017ee zm\u00edn\u011bn\u00fd institut nen\u00ed politick\u00fd, ale je zapsan\u00fdm \u00fastavem podle ob\u010dansk\u00e9ho z\u00e1kon\u00edku. \u201eKe kvikotu kolem Hany Lipovsk\u00e9 mohu \u0159\u00edct jen toto: Ti, kdo po cel\u00e9 v\u011bky monopoln\u011b dr\u017e\u00ed \u010ceskou televizi jako svou hra\u010dku, jsou zvykl\u00ed vyhr\u00e1vat jedin\u011b 10:0. V\u00edt\u011bzstv\u00ed \u201apouze\u2018 9:1 pova\u017euj\u00ed za poru\u0161en\u00ed pravidel,\u201c uv\u00e1d\u00ed pro Parlamentn\u00edListy.cz Ladislav Jakl, \u010dlen Rady pro rozhlasov\u00e9 a televizn\u00ed vys\u00edl\u00e1n\u00ed.<\/p>\n<h4>Pir\u00e1tsk\u00fd poslanec a sen\u00e1tor za STAN by r\u00e1di k\u00e1drovali i spolky<\/h4>\n<p>Sofistikovan\u011bji ne\u017e zm\u00edn\u011bn\u00fd lidoveck\u00fd m\u00edstop\u0159edseda se sna\u017e\u00ed volb\u011b zabr\u00e1nit pir\u00e1tsk\u00fd poslanec Tom\u00e1\u0161 Mart\u00ednek a sen\u00e1tor za STAN David Smoljak. T\u011bm se toti\u017e nel\u00edb\u00ed n\u011bkter\u00e9 spolky \u010di organizace, kter\u00e9 kandid\u00e1ty do Rady \u010cT nominovaly, a poukazuj\u00ed na z\u00e1kon o \u010cesk\u00e9 televizi. V n\u011bm se prav\u00ed, \u017ee Rada \u010cT je org\u00e1nem, j\u00edm\u017e se uplat\u0148uje pr\u00e1vo ve\u0159ejnosti na kontrolu \u010dinnosti \u010cesk\u00e9 televize a jej\u00ed \u010dleny vol\u00ed Poslaneck\u00e1 sn\u011bmovna tak, aby v n\u00ed byly zastoupeny v\u00fdznamn\u00e9 region\u00e1ln\u00ed, politick\u00e9, soci\u00e1ln\u00ed a kulturn\u00ed n\u00e1zorov\u00e9 proudy. \u201e\u0158ada spolk\u016f m\u00e1 jen n\u011bkolik \u010dlen\u016f a jsou \u00fazce region\u00e1ln\u00ed. Naopak neusp\u011bli kandid\u00e1ti z celost\u00e1tn\u00edch organizac\u00ed v\u010detn\u011b Univerzity Karlovy, \u010cesk\u00e9ho klubu turist\u016f, Akademie v\u011bd, N\u00e1rodn\u00edho divadla \u010di \u010cesk\u00e9 rady d\u011bt\u00ed a ml\u00e1de\u017ee, kter\u00e9 sdru\u017euj\u00ed stovky tis\u00edc \u010dlen\u016f a podporovatel\u016f,\u201c zformuloval sv\u00e9 v\u00fdhrady Tom\u00e1\u0161 Mart\u00ednek.<\/p>\n<p>V podobn\u00e9m duchu p\u00ed\u0161e v anal\u00fdze pro sen\u00e1tora Davida Smoljaka, kterou obdr\u017eeli v\u0161ichni poslanci, advok\u00e1t Ji\u0159\u00ed Ku\u010dera&nbsp;<a href=\"https:\/\/www.parlamentnilisty.cz\/arena\/monitor\/Smoljakova-finta-proti-kritikum-CT-vymyslena-v-neziskovce-Tady-uz-nejde-jen-o-Lipovskou-a-Xavera-Trideni-lidi-612140\" target=\"_blank\" rel=\"noopener\">(ten svou anal\u00fdzu jako z\u00e1stupce Nada\u010dn\u00edho fondu nez\u00e1visl\u00e9 \u017eurnalistiky p\u0159inesl sen\u00e1tor\u016fm u\u017e p\u0159ed volbou na ja\u0159e 2020<\/a>): \u201eM\u00e1-li nominuj\u00edc\u00ed subjekt stovky \u010di tis\u00edce \u010dlen\u016f, lze z t\u00e9to skute\u010dnosti usuzovat, \u017ee dan\u00fd subjekt dan\u00fd z\u00e1jem m\u016f\u017ee p\u0159edstavovat, nebo\u0165 reprezentuje \u0161irok\u00fd vzorek obyvatelstva. Naopak m\u00e1-li subjekt pouze ni\u017e\u0161\u00ed jednotky \u010dlen\u016f, m\u016f\u017ee tato skute\u010dnost nasv\u011bd\u010dovat tomu, \u017ee subjekt dan\u00fd z\u00e1jem sp\u00ed\u0161e nep\u0159edstavuje, nebo\u0165 dostate\u010dn\u011b nereprezentuje ve\u0159ejnost\u201c. Z uveden\u00fdch vyj\u00e1d\u0159en\u00ed to t\u00e9m\u011b\u0159 vypad\u00e1, jako by sen\u00e1tor Smoljak a poslanec Mart\u00ednek hodlali vytv\u00e1\u0159et prov\u011brkov\u00e9 komise, je\u017e by posuzovaly, kter\u00e1 organizace je ta spr\u00e1vn\u00e1, aby si v\u016fbec mohla dovolit kandid\u00e1ty na radn\u00ed nominovat.<\/p>\n<h4>Z\u00e1jem ve\u0159ejnosti je um\u011blou konstrukc\u00ed a nem\u00e1 spojen\u00ed s realitou<\/h4>\n<p>Naopak zcela v\u011bcn\u011b a bez politick\u00e9 p\u0159edpojatosti se na vol\u00e1n\u00ed po \u201edostate\u010dn\u00e9 reprezentaci ve\u0159ejnosti\u201c nominuj\u00edc\u00edmi spolky a organizacemi d\u00edv\u00e1 advok\u00e1t Ale\u0161 Rozehnal, expert na medi\u00e1ln\u00ed a soukrom\u00e9 pr\u00e1vo. \u201eNominuj\u00edc\u00ed subjekt nem\u00e1 reprezentovat ve\u0159ejnost, ale kulturn\u00ed, region\u00e1ln\u00ed, soci\u00e1ln\u00ed, odborov\u00e9, zam\u011bstnavatelsk\u00e9, n\u00e1bo\u017eensk\u00e9, vzd\u011bl\u00e1vac\u00ed, v\u011bdeck\u00e9, ekologick\u00e9 a n\u00e1rodnostn\u00ed z\u00e1jmy. Ve\u0159ejnost nen\u00ed osobou, kter\u00e1 by se mohla n\u011bjak chovat, n\u011bco hodnotit a m\u00edt n\u011bjak\u00e9 preference nebo z\u00e1jmy. Vn\u00edm\u00e1n\u00ed lidsk\u00e9 pospolitosti jako jednaj\u00edc\u00ed entity, jej\u00ed\u017e chov\u00e1n\u00ed, hodnocen\u00ed, preference \u010di z\u00e1jmy jsou nez\u00e1visl\u00e9 na v\u016fli jednotlivc\u016f, je kolektivistick\u00fdm pojet\u00edm spole\u010dnosti,\u201c konstatuje pro Parlamentn\u00edListy.cz Ale\u0161 Rozehnal.<\/p>\n<p>Zd\u016fraz\u0148uje p\u0159i tom, \u017ee pojem \u201ez\u00e1jem ve\u0159ejnosti\u201c je pouze um\u011blou konstrukc\u00ed. \u201eVe\u0159ejnost nem\u00e1 pr\u016fm\u011br, z n\u011bho\u017e by bylo mo\u017eno toto chov\u00e1n\u00ed a p\u0159\u00e1n\u00ed dovodit. Ve\u0159ejnost je souhrnem jednotlivc\u016f a organizac\u00ed, kter\u00e9 maj\u00ed sv\u00e9 z\u00e1jmy. Ve\u0159ejnost, jako\u017eto pr\u00e1vn\u00ed kategorie, ale nem\u00e1 valn\u00e9ho spojen\u00ed s realitou. Spole\u010denstv\u00ed lid\u00ed nen\u00ed ve\u0159ejnost\u00ed, ale spole\u010denstv\u00edm osob, kter\u00e9 maj\u00ed r\u016fzn\u00e9 individu\u00e1ln\u00ed a skupinov\u00e9 z\u00e1jmy, zalo\u017een\u00e9 na jejich hodnotov\u00fdch a politick\u00fdch preferenc\u00edch, n\u00e1bo\u017eensk\u00e9m vyzn\u00e1n\u00ed, p\u0159\u00edslu\u0161nosti k n\u011bjak\u00e9 profesn\u00ed skupin\u011b, osobn\u00edch z\u00e1jmech a podobn\u011b. N\u011bco takov\u00e9ho, jako je z\u00e1jem ve\u0159ejnosti, pak nen\u00ed t\u00e9m\u011b\u0159 mo\u017en\u00e9 definovat v\u016fbec, proto\u017ee i o natolik obecn\u00fdch hodnot\u00e1ch, jako je svoboda a demokracie, maj\u00ed r\u016fzn\u00ed jedinci r\u016fzn\u00e9 p\u0159edstavy,\u201c vysv\u011btluje odborn\u00edk na medi\u00e1ln\u00ed pr\u00e1vo Ale\u0161 Rozehnal.<\/p>\n<h4>Popletov\u00e9 vych\u00e1zej\u00ed z hloup\u00e9 teze, \u017ee kandid\u00e1ti zastupuj\u00ed jen \u010dleny<\/h4>\n<p>Z h\u00e1jen\u00ed \u010cesk\u00e9 televize n\u011bkter\u00fdmi politiky \u010douh\u00e1 \u00fa\u010delovost jako sl\u00e1ma z bot. O zainteresovanosti sen\u00e1tora Davida Smoljaka nen\u00ed nutn\u00e9 ztr\u00e1cet jedin\u00e9 slovo, poslance Tom\u00e1\u0161e Mart\u00ednka zase m\u016f\u017ee motivovat vst\u0159\u00edcnost \u010cT v\u016f\u010di Pir\u00e1tsk\u00e9 stran\u011b. Ostatn\u011b i poslanec ODS Marek Benda u\u017e pouk\u00e1zal na to, \u017ee moder\u00e1to\u0159i a moder\u00e1torky \u010cesk\u00e9 televize jsou o\u010dividn\u011b propir\u00e1tsky zam\u011b\u0159en\u00ed. Odp\u016frci volby radn\u00edch se jen mohli trochu v\u00edc zamyslet, ne\u017e sv\u00e9 argumenty pustili do sv\u011bta. \u201eP\u00e1nov\u00e9 Ku\u010dera a Mart\u00ednek se d\u011btinsky pletou. Vych\u00e1zej\u00ed z hloup\u00e9 teze, \u017ee kandid\u00e1ti do Rady \u010cT zastupuj\u00ed pouze \u010dleny nominuj\u00edc\u00edch subjekt\u016f. P\u0159edstavme si coby nominuj\u00edc\u00ed subjekt t\u0159eba hypotetick\u00fd Spolek k\u0159es\u0165ansk\u00fdch myslivc\u016f obce Krajn\u00ed\u010dko s p\u011bti \u010dleny. Jimi navr\u017een\u00fd kandid\u00e1t zcela jist\u011b nezastupuje jen hrstku \u010dlen\u016f onoho spolku, ale zastupuje \u0161irok\u00fd konzervativn\u00ed n\u00e1zorov\u00fd proud, tedy proud, ke kter\u00e9mu se hl\u00e1s\u00ed statis\u00edce lid\u00ed,\u201c upozor\u0148uje pro Parlamentn\u00edListy.cz Ladislav Jakl.<\/p>\n<p>Pro pir\u00e1tsk\u00e9ho poslance i advok\u00e1ta ve slu\u017eb\u00e1ch sen\u00e1tora Davida Smoljaka m\u00e1 p\u0159itom jednu nezi\u0161tnou radu. \u201eOba p\u00e1nov\u00e9 by si m\u011bli p\u0159e\u010d\u00edst zm\u00edn\u011bnou pas\u00e1\u017e z\u00e1kona znovu, pomalu a mo\u017en\u00e1 nahlas. Pak jim dojde, \u017ee krit\u00e9riem v\u00fdznamnosti n\u00e1zorov\u00e9ho proudu nen\u00ed velikost nominuj\u00edc\u00edho subjektu, ale s\u00e1m akt volby. Poslaneck\u00e1 sn\u011bmovna vol\u00ed \u010dleny tak, aby v rad\u011b byly \u201azastoupeny v\u00fdznamn\u00e9 region\u00e1ln\u00ed, politick\u00e9, soci\u00e1ln\u00ed a kulturn\u00ed n\u00e1zorov\u00e9 proudy\u2018. T\u00edm, kdo autoritativn\u011b rozhodne, zda doty\u010dn\u00fd kandid\u00e1t zastupuje proud v\u00fdznamn\u00fd, \u010di nev\u00fdznamn\u00fd, je p\u0159ece Poslaneck\u00e1 sn\u011bmovna svou volbou. Cht\u011bj\u00ed ti dva popletov\u00e9 tvrdit, \u017ee kdy\u017e je n\u011bkdo zvolen poslanci, kte\u0159\u00ed maj\u00ed mand\u00e1t od milion\u016f voli\u010d\u016f, tak nereprezentuje v\u00fdznamn\u00fd proud?\u201c \u017easne nad jejich uva\u017eov\u00e1n\u00edm \u010dlen Rady pro rozhlasov\u00e9 a televizn\u00ed vys\u00edl\u00e1n\u00ed Ladislav Jakl.<\/p>\n<p><a href=\"https:\/\/www.parlamentnilisty.cz\/arena\/monitor\/Kdo-chce-zhatit-volby-do-Rady-CT-Detinsky-omyl-senatora-Smoljaka-lidovecke-obstrukce-A-jasne-slovo-pravnika-k-finte-z-neziskovky-660728\">Zdroj<\/a><\/p>\n","protected":false},"excerpt":{"rendered":"<p>Zhatit volbu nov\u00fdch \u010dlen\u016f Rady \u010cT se pokou\u0161ej\u00ed ti z\u00e1konod\u00e1rci, jim\u017e nyn\u011bj\u0161\u00ed fungov\u00e1n\u00ed \u010cesk\u00e9 televize n\u00e1ramn\u011b vyhovuje. Proto se usiluj\u00ed zpochybnit spolky, jejich\u017e kandid\u00e1ti pro\u0161li s\u00edtem volebn\u00edho v\u00fdboru. Argumentuj\u00ed t\u00edm, \u017ee navrhuj\u00edc\u00ed subjekty dostate\u010dn\u011b nereprezentuj\u00ed ve\u0159ejnost. Expert na medi\u00e1ln\u00ed pr\u00e1vo Ale\u0161 Rozehnal ale upozor\u0148uje, \u017ee nominuj\u00edc\u00ed subjekt nem\u00e1 reprezentovat ve\u0159ejnost, a nav\u00edc \u017ee pojem \u201ez\u00e1jem [&hellip;]<\/p>\n","protected":false},"author":1,"featured_media":0,"comment_status":"open","ping_status":"open","sticky":false,"template":"","format":"standard","meta":{"ngg_post_thumbnail":0,"footnotes":""},"categories":[11],"tags":[],"class_list":["post-11897","post","type-post","status-publish","format-standard","hentry","category-ozvena"],"_links":{"self":[{"href":"https:\/\/www.ladislavjakl.cz\/index.php?rest_route=\/wp\/v2\/posts\/11897","targetHints":{"allow":["GET"]}}],"collection":[{"href":"https:\/\/www.ladislavjakl.cz\/index.php?rest_route=\/wp\/v2\/posts"}],"about":[{"href":"https:\/\/www.ladislavjakl.cz\/index.php?rest_route=\/wp\/v2\/types\/post"}],"author":[{"embeddable":true,"href":"https:\/\/www.ladislavjakl.cz\/index.php?rest_route=\/wp\/v2\/users\/1"}],"replies":[{"embeddable":true,"href":"https:\/\/www.ladislavjakl.cz\/index.php?rest_route=%2Fwp%2Fv2%2Fcomments&post=11897"}],"version-history":[{"count":1,"href":"https:\/\/www.ladislavjakl.cz\/index.php?rest_route=\/wp\/v2\/posts\/11897\/revisions"}],"predecessor-version":[{"id":11898,"href":"https:\/\/www.ladislavjakl.cz\/index.php?rest_route=\/wp\/v2\/posts\/11897\/revisions\/11898"}],"wp:attachment":[{"href":"https:\/\/www.ladislavjakl.cz\/index.php?rest_route=%2Fwp%2Fv2%2Fmedia&parent=11897"}],"wp:term":[{"taxonomy":"category","embeddable":true,"href":"https:\/\/www.ladislavjakl.cz\/index.php?rest_route=%2Fwp%2Fv2%2Fcategories&post=11897"},{"taxonomy":"post_tag","embeddable":true,"href":"https:\/\/www.ladislavjakl.cz\/index.php?rest_route=%2Fwp%2Fv2%2Ftags&post=11897"}],"curies":[{"name":"wp","href":"https:\/\/api.w.org\/{rel}","templated":true}]}}