{"id":11899,"date":"2021-04-23T11:02:15","date_gmt":"2021-04-23T09:02:15","guid":{"rendered":"http:\/\/www.ladislavjakl.cz\/?p=11899"},"modified":"2021-04-23T11:02:15","modified_gmt":"2021-04-23T09:02:15","slug":"ladislav-jakl-kauza-vrbetice-babisovu-vladu-posiluje","status":"publish","type":"post","link":"https:\/\/www.ladislavjakl.cz\/?p=11899","title":{"rendered":"Ladislav Jakl: Kauza Vrb\u011btice Babi\u0161ovu vl\u00e1du posiluje"},"content":{"rendered":"<p>Nejen \u010ceskem ot\u0159\u00e1sla op\u011btovn\u00e1 kauza v\u00fdbuchu ve Vrb\u011btic\u00edch z roku 2014. Co za n\u00ed stoj\u00ed, je to z\u00e1minka a komu prosp\u011bje, odpov\u00edd\u00e1 v netradi\u010dn\u00edm rozhovoru pro VIPosobnosti.cz Ladislav Jakl.<\/p>\n<p><!--more--><\/p>\n<div class=\"elementor-element elementor-element-1dc35618 elementor-widget elementor-widget-text-editor\" data-id=\"1dc35618\" data-element_type=\"widget\" data-widget_type=\"text-editor.default\">\n<div class=\"elementor-widget-container\">\n<div class=\"elementor-text-editor elementor-clearfix\">\n<p><strong>Zdrav\u00edm v\u00e1s, pane Jakle a m\u00e1m dotaz, jestli mi aktu\u00e1ln\u011b odpov\u00edte na p\u00e1r dotaz\u016f k p\u0159\u00edpadu kolem Vrb\u011btic a n\u00e1sledn\u00fdch dopad\u016f.<\/strong><\/p>\n<p>J\u00e1 fakt nev\u00edm, jestli to s t\u00e9to chv\u00edli stoj\u00ed za rozhovor. Nec\u00edt\u00edm pot\u0159ebu te\u010f nad t\u00edm n\u011bjak z\u00e1sadn\u011b mudrovat, odpov\u00eddal bych jen hol\u00fdmi v\u011btami, a to bude vypadat nezdvo\u0159ile.<\/p>\n<\/div>\n<\/div>\n<\/div>\n<div class=\"elementor-element elementor-element-c352d3a elementor-widget elementor-widget-text-editor\" data-id=\"c352d3a\" data-element_type=\"widget\" data-widget_type=\"text-editor.default\">\n<div class=\"elementor-widget-container\">\n<div class=\"elementor-text-editor elementor-clearfix\">\n<p><strong>Mysl\u00edm, \u017ee nebude. Zkusme to. Co vy na to?<\/strong><\/p>\n<p>Dobr\u00e1, tak zkusme.<\/p>\n<\/div>\n<\/div>\n<\/div>\n<div class=\"elementor-element elementor-element-500900bf elementor-widget elementor-widget-text-editor\" data-id=\"500900bf\" data-element_type=\"widget\" data-widget_type=\"text-editor.default\">\n<div class=\"elementor-widget-container\">\n<div class=\"elementor-text-editor elementor-clearfix\">\n<p><strong>Je podle v\u00e1s v\u00fdbuchu muni\u010dn\u00edch sklad\u016f ve Vrb\u011btic\u00edch v roce 2014 relevantn\u00ed d\u016fkaz a d\u016fvod k vyho\u0161t\u011bn\u00ed rusk\u00fdch diplomat\u016f z \u010cR?<\/strong><\/p>\n<p>Je to evidentn\u011b relevantn\u00ed z\u00e1minka.<\/p>\n<\/div>\n<\/div>\n<\/div>\n<div class=\"elementor-element elementor-element-4aee32ca elementor-widget elementor-widget-shortcode\" data-id=\"4aee32ca\" data-element_type=\"widget\" data-widget_type=\"shortcode.default\">\n<div class=\"elementor-widget-container\">\n<div class=\"elementor-shortcode\"><strong>Co za t\u00edm podle v\u00e1s opravdu stoj\u00ed a co je c\u00edlem?<\/strong><\/div>\n<\/div>\n<\/div>\n<div class=\"elementor-element elementor-element-48a2a561 elementor-widget elementor-widget-text-editor\" data-id=\"48a2a561\" data-element_type=\"widget\" data-widget_type=\"text-editor.default\">\n<div class=\"elementor-widget-container\">\n<div class=\"elementor-text-editor elementor-clearfix\">\n<p>Neza\u0159ad\u00edm se do skupiny lid\u00ed, kte\u0159\u00ed nemaj\u00ed skoro \u017e\u00e1dn\u00e9 informace, ale o to v\u00edc je bav\u00ed spekulovat. Nev\u00edm, co je c\u00edlem. V\u00edm, co c\u00edlem nen\u00ed. Prosp\u011bt \u010desk\u00fdm z\u00e1jm\u016fm.<\/p>\n<p><strong>Je zaj\u00edmav\u00e9, \u017ee podporu \u010cR vyj\u00e1d\u0159ily i jin\u00e9 zem\u011b, jak tuto podporu&nbsp; \u201c\u010d\u00edst\u201d?<\/strong><\/p>\n<p>Zaj\u00edmav\u00e9 je sp\u00ed\u0161 to, \u017ee n\u011bkter\u00e9 tyto \u201ejin\u00e9 zem\u011b\u201c byly p\u0159ipraveny vyj\u00e1d\u0159it podporu \u010cR d\u0159\u00edv, ne\u017e se \u010cR o v\u011bci samotn\u00e9 dov\u011bd\u011bla.<\/p>\n<p><strong>Jak\u00fd to bude m\u00edt podle v\u00e1s dopad na rusko-\u010desk\u00e9 vztahy?<\/strong><\/p>\n<p>Mysl\u00edm, \u017ee \u017e\u00e1dn\u00e9 rusko-\u010desk\u00e9 vztahy v tuto chv\u00edli neexistuj\u00ed.<\/p>\n<p><strong>V minul\u00e9m rozhovoru jsme mluvili o tom, \u017ee jadern\u00e1 elektr\u00e1rna byl konec Ne\u010dasovy vl\u00e1dy? M\u016f\u017ee se sc\u00e9n\u00e1\u0159 opakovat?<\/strong><\/p>\n<p>Naopak. Tato kauza sou\u010dasnou Babi\u0161ovu vl\u00e1du z\u00e1sadn\u011b posiluje. A dostavba Dukovan? S dostavbou jak\u00fdchkoli jadern\u00fdch energetick\u00fdch kapacit je po t\u00e9hle af\u00e9\u0159e na n\u011bkolik desetilet\u00ed utrum.<\/p>\n<p><a href=\"https:\/\/viposobnosti.cz\/clanky\/ladislav-jakl-kauza-vrbetice-babisovu-vladu-posiluje\/\">Zdroj<\/a><\/p>\n<\/div>\n<\/div>\n<\/div>\n","protected":false},"excerpt":{"rendered":"<p>Nejen \u010ceskem ot\u0159\u00e1sla op\u011btovn\u00e1 kauza v\u00fdbuchu ve Vrb\u011btic\u00edch z roku 2014. Co za n\u00ed stoj\u00ed, je to z\u00e1minka a komu prosp\u011bje, odpov\u00edd\u00e1 v netradi\u010dn\u00edm rozhovoru pro VIPosobnosti.cz Ladislav Jakl.<\/p>\n","protected":false},"author":1,"featured_media":0,"comment_status":"open","ping_status":"open","sticky":false,"template":"","format":"standard","meta":{"ngg_post_thumbnail":0,"footnotes":""},"categories":[13],"tags":[],"class_list":["post-11899","post","type-post","status-publish","format-standard","hentry","category-rozhovory"],"_links":{"self":[{"href":"https:\/\/www.ladislavjakl.cz\/index.php?rest_route=\/wp\/v2\/posts\/11899","targetHints":{"allow":["GET"]}}],"collection":[{"href":"https:\/\/www.ladislavjakl.cz\/index.php?rest_route=\/wp\/v2\/posts"}],"about":[{"href":"https:\/\/www.ladislavjakl.cz\/index.php?rest_route=\/wp\/v2\/types\/post"}],"author":[{"embeddable":true,"href":"https:\/\/www.ladislavjakl.cz\/index.php?rest_route=\/wp\/v2\/users\/1"}],"replies":[{"embeddable":true,"href":"https:\/\/www.ladislavjakl.cz\/index.php?rest_route=%2Fwp%2Fv2%2Fcomments&post=11899"}],"version-history":[{"count":1,"href":"https:\/\/www.ladislavjakl.cz\/index.php?rest_route=\/wp\/v2\/posts\/11899\/revisions"}],"predecessor-version":[{"id":11900,"href":"https:\/\/www.ladislavjakl.cz\/index.php?rest_route=\/wp\/v2\/posts\/11899\/revisions\/11900"}],"wp:attachment":[{"href":"https:\/\/www.ladislavjakl.cz\/index.php?rest_route=%2Fwp%2Fv2%2Fmedia&parent=11899"}],"wp:term":[{"taxonomy":"category","embeddable":true,"href":"https:\/\/www.ladislavjakl.cz\/index.php?rest_route=%2Fwp%2Fv2%2Fcategories&post=11899"},{"taxonomy":"post_tag","embeddable":true,"href":"https:\/\/www.ladislavjakl.cz\/index.php?rest_route=%2Fwp%2Fv2%2Ftags&post=11899"}],"curies":[{"name":"wp","href":"https:\/\/api.w.org\/{rel}","templated":true}]}}