{"id":1193,"date":"2011-08-19T13:41:05","date_gmt":"2011-08-19T12:41:05","guid":{"rendered":"http:\/\/www.ladislavjakl.cz\/?p=1193"},"modified":"2011-08-19T13:41:05","modified_gmt":"2011-08-19T12:41:05","slug":"utoky-na-batoru-a-jakla-jsou-jen-kampani-vedenou-proti-vaclavu-klausovi-tvrdi-politolog","status":"publish","type":"post","link":"https:\/\/www.ladislavjakl.cz\/?p=1193","title":{"rendered":"\u00datoky na B\u00e1toru a Jakla jsou jen kampan\u00ed vedenou proti V\u00e1clavu Klausovi, tvrd\u00ed politolog"},"content":{"rendered":"<p>M\u00e9dia a n\u011bkte\u0159\u00ed politici vedou proti V\u00e1clavu Klausovi c\u00edlenou kampa\u0148,  reagoval  v p\u00e1tek politolog Zden\u011bk Zbo\u0159il na nejnov\u011bj\u0161\u00ed kauzu  prezidentova tajemn\u00edka Ladislava Jakla. Den\u00edk Mf Dnes v p\u00e1tek napsal,   \u017ee Jakl poskytl rozhovor do knihy napojen\u00e9 na neonacisty Deset tis\u00edc  extremist\u016f.<\/p>\n<p><!--more-->&#8222;Je to kampa\u0148 proti V\u00e1clavu Klausovi. Jednou se  vyu\u017e\u00edv\u00e1 B\u00e1tora, jednou se vyu\u017e\u00edv\u00e1 pan Jakl,&#8220; reagoval na \u010dl\u00e1nek  p\u00e1te\u010dn\u00edho vyd\u00e1n\u00ed MF Dnes Zbo\u0159il a dodal: &#8222;B\u00e1tora je zase ozna\u010den za  spros\u0165\u00e1ka, proto\u017ee \u0159ekl o Schwarzenbergovi, \u017ee je prskaj\u00edc\u00ed starou\u0161ek.  Ale m\u00e9dia opom\u00ednaj\u00ed p\u0159ipomenout, \u017ee Schwarzenberg s ur\u00e1\u017ekami za\u010dal, kdy\u017e  B\u00e1toru p\u0159irovnal k pazde\u0159i v jist\u00e9 \u010d\u00e1sti t\u011bla&#8220;.<\/p>\n<p>Kampa\u0148 m\u00e1 podle jeho n\u00e1zoru po\u0161kodit Klause a vyu\u017e\u00edv\u00e1 k tomu lidi,  kte\u0159\u00ed jsou na n\u011bj napojeni,  \u0159\u00edd\u00ed podle Zbo\u0159ila n\u011bkte\u0159\u00ed politici.  Podez\u00edr\u00e1 expremi\u00e9ra Mirka Topol\u00e1nka nebo poslance Petra Tlucho\u0159e (oba  ODS). &#8222;Ale to nejsou jedin\u00ed. Gajd\u016f\u0161kov\u00e1 z \u010cSSD cht\u011bla zase prohl\u00e1sit  V\u00e1clava Klause za nesv\u00e9pr\u00e1vn\u00e9ho. Jsou to polovzd\u011blanci, kte\u0159\u00ed nemaj\u00ed  dostatek argument\u016f a necht\u011bj\u00ed je hledat, tak se uchyluj\u00ed k takov\u00fdm  praktik\u00e1m. Klause ozna\u010duj\u00ed za homosexu\u00e1la, Kikinu. Jejich c\u00edlem je toho  \u010dlov\u011bka pon\u00ed\u017eit,&#8220; vysv\u011btlil Mediafaxu Zbo\u0159il.<\/p>\n<p>P\u00e1te\u010dn\u00ed \u010dl\u00e1nek MF Dnes proto nebere p\u0159\u00edli\u0161 v\u00e1\u017en\u011b. Pokud by se v\u0161ak  skute\u010dn\u011b prok\u00e1zalo, \u017ee by Jakl poskytl rozhovor do knihy, o n\u00ed\u017e by  dop\u0159edu v\u011bd\u011bl, \u017ee propaguje extremistick\u00e9 n\u00e1zory, bylo by to pochyben\u00ed  st\u00e1tn\u00edch bezpe\u010dnostn\u00edch slo\u017eek. &#8222;Co d\u011bl\u00e1 na\u0161ich p\u011bt bezpe\u010dnostn\u00edch  slo\u017eek? Potom jak je mo\u017en\u00e9, \u017ee \u010dlov\u011bk, kter\u00fd m\u00e1 rasistick\u00e9 n\u00e1zory, je  tajemn\u00edkem na Hrad\u011b?&#8220; pt\u00e1 se Zbo\u0159il.<\/p>\n<p>Podobn\u00e9 ot\u00e1zky si pak klade i politolog Josef Mlejnek. Tomu p\u0159ipad\u00e1  podez\u0159el\u00e9, \u017ee se kolem \u010desk\u00e9ho prezidenta vyskytuje mno\u017estv\u00ed lid\u00ed s  extr\u00e9mn\u00edmi n\u00e1zory. &#8222;Je dost podez\u0159el\u00e9, \u017ee v okruhu V\u00e1clava Klause jsou  lid\u00e9, kte\u0159\u00ed se pohybuj\u00ed na neonacistick\u00e9 sc\u00e9n\u011b. To je i p\u0159\u00edpad B\u00e1tory,  kter\u00fd m\u00e1 velkou podporu z Hradu. Nechci \u0159\u00edkat, \u017ee V\u00e1clav Klaus ve sv\u00e9m  okol\u00ed buduje fa\u0161istickou kolonu, ale \u010dlov\u011bku to p\u0159ipad\u00e1 zvl\u00e1\u0161tn\u00ed,&#8220;  konstatoval Mlejnek.<\/p>\n<p>Rozhovor Jakla do knihy napojen\u00e9 na neonacisty Mlejnek odsuzuje. &#8222;Je  to p\u0159e\u0161lap. \u010clov\u011bk si m\u00e1 ov\u011b\u0159it, komu d\u00e1v\u00e1 rozhovor. On v n\u011bm nav\u00edc  \u0159\u00edk\u00e1, \u017ee si m\u016f\u017ee ka\u017ed\u00fd \u0159\u00edkat, co chce. To je probl\u00e9m, kter\u00fd se t\u00fdk\u00e1  svobody slova, ta nen\u00ed bezb\u0159eh\u00e1. Kapela, kter\u00e1 zp\u00edv\u00e1 a m\u00e1 vlastn\u00ed p\u00edsn\u011b  u\u017e m\u016f\u017ee propagovat. Je to vyj\u00e1d\u0159en\u00ed n\u00e1zoru,&#8220; uzav\u0159el Mlejnek.<\/p>\n<p>S t\u00edm, \u017ee by se m\u011bl Jakl podobn\u00fdch v\u00fdrok\u016f vyvarovat, souhlas\u00ed i  politolog Bohumil Dole\u017eal: &#8222;Probl\u00e9m je v tom, jestli m\u00e1me pouh\u00e9 verb\u00e1ln\u00ed  aktivity pova\u017eovat za trestn\u00e9, nebo jestli jsou trestn\u00e9 teprve \u010diny.  Bojovat proti extremismu z\u00e1kazem v\u0161eho, t\u00edm bychom demokracii velmi  ubl\u00ed\u017eili. Ale na druhou stranu &#8211; pokud bych byl vysok\u00fd st\u00e1tn\u00ed \u00fa\u0159edn\u00edk,  rozhodn\u011b bych se jako pan Jakl nezachoval. Ty skupiny lze maxim\u00e1ln\u011b  tolerovat, rozhodn\u011b je v jejich jedn\u00e1n\u00ed nem\u016f\u017eeme podporovat.&#8220;<\/p>\n<p>Podle Dole\u017eala jde ale jak v p\u0159\u00edpad\u011b Jakla, tak Ladislava B\u00e1tory o  okrajov\u00e9 n\u00e1zory, kter\u00e9 nemaj\u00ed podporu spole\u010dnosti. &#8222;Podpora je minim\u00e1ln\u00ed  a zp\u016fsobuje ji p\u0159edev\u0161\u00edm sou\u010dasn\u00e1 rozlo\u017eenost st\u00e1tu. Pr\u00e1v\u011b kv\u016fli t\u00e9to  rozlo\u017eenosti se dost\u00e1vaj\u00ed lid\u00e9 typu B\u00e1tory na m\u00edsta, kde nemaj\u00ed co  d\u011blat,&#8220; uzav\u0159el politolog.<\/p>\n<p><a href=\"http:\/\/zpravy.kurzy.cz\/278461-utoky-na-batoru-a-jakla-jsou-jen-kampani-vedenou-proti-vaclavu-klausovi-tvrdi-politolog\/\" target=\"_blank\">Zdroj<\/a><\/p>\n","protected":false},"excerpt":{"rendered":"<p>M\u00e9dia a n\u011bkte\u0159\u00ed politici vedou proti V\u00e1clavu Klausovi c\u00edlenou kampa\u0148, reagoval v p\u00e1tek politolog Zden\u011bk Zbo\u0159il na nejnov\u011bj\u0161\u00ed kauzu prezidentova tajemn\u00edka Ladislava Jakla. Den\u00edk Mf Dnes v p\u00e1tek napsal, \u017ee Jakl poskytl rozhovor do knihy napojen\u00e9 na neonacisty Deset tis\u00edc extremist\u016f.<\/p>\n","protected":false},"author":1,"featured_media":0,"comment_status":"open","ping_status":"open","sticky":false,"template":"","format":"standard","meta":{"ngg_post_thumbnail":0,"footnotes":""},"categories":[11],"tags":[],"class_list":["post-1193","post","type-post","status-publish","format-standard","hentry","category-ozvena"],"_links":{"self":[{"href":"https:\/\/www.ladislavjakl.cz\/index.php?rest_route=\/wp\/v2\/posts\/1193","targetHints":{"allow":["GET"]}}],"collection":[{"href":"https:\/\/www.ladislavjakl.cz\/index.php?rest_route=\/wp\/v2\/posts"}],"about":[{"href":"https:\/\/www.ladislavjakl.cz\/index.php?rest_route=\/wp\/v2\/types\/post"}],"author":[{"embeddable":true,"href":"https:\/\/www.ladislavjakl.cz\/index.php?rest_route=\/wp\/v2\/users\/1"}],"replies":[{"embeddable":true,"href":"https:\/\/www.ladislavjakl.cz\/index.php?rest_route=%2Fwp%2Fv2%2Fcomments&post=1193"}],"version-history":[{"count":1,"href":"https:\/\/www.ladislavjakl.cz\/index.php?rest_route=\/wp\/v2\/posts\/1193\/revisions"}],"predecessor-version":[{"id":1194,"href":"https:\/\/www.ladislavjakl.cz\/index.php?rest_route=\/wp\/v2\/posts\/1193\/revisions\/1194"}],"wp:attachment":[{"href":"https:\/\/www.ladislavjakl.cz\/index.php?rest_route=%2Fwp%2Fv2%2Fmedia&parent=1193"}],"wp:term":[{"taxonomy":"category","embeddable":true,"href":"https:\/\/www.ladislavjakl.cz\/index.php?rest_route=%2Fwp%2Fv2%2Fcategories&post=1193"},{"taxonomy":"post_tag","embeddable":true,"href":"https:\/\/www.ladislavjakl.cz\/index.php?rest_route=%2Fwp%2Fv2%2Ftags&post=1193"}],"curies":[{"name":"wp","href":"https:\/\/api.w.org\/{rel}","templated":true}]}}