{"id":11943,"date":"2021-04-29T13:50:28","date_gmt":"2021-04-29T11:50:28","guid":{"rendered":"http:\/\/www.ladislavjakl.cz\/?p=11943"},"modified":"2021-04-29T13:50:28","modified_gmt":"2021-04-29T11:50:28","slug":"do-totality-pres-covidovy-chaos-globalni-prestavba-v-plnem-proudu-podari-se-elitam-predelat-svet-sevreni-strachem-jsme-vsichni-na-sikme-plose-ale-stromy-rostou-rovne-i-na-svahu-cesta-ke-svobode","status":"publish","type":"post","link":"https:\/\/www.ladislavjakl.cz\/?p=11943","title":{"rendered":"Do totality p\u0159es covidov\u00fd chaos: Glob\u00e1ln\u00ed p\u0159estavba v pln\u00e9m proudu. Poda\u0159\u00ed se elit\u00e1m p\u0159ed\u011blat sv\u011bt? Sev\u0159eni strachem. Jsme v\u0161ichni na \u0161ikm\u00e9 plo\u0161e, ale stromy rostou rovn\u011b i na svahu. Cesta ke svobod\u011b p\u0159es odchod z EU"},"content":{"rendered":"<p>Cesta do totality vede p\u0159es chaos, kter\u00fd vytv\u00e1\u0159ej\u00ed sou\u010dasn\u00e9 glob\u00e1ln\u00ed elity. Dne\u0161n\u00ed covidov\u00e1 situace na Z\u00e1pad\u011b, je jedn\u00edm velk\u00fdm cvi\u010den\u00edm, co je mo\u017en\u00e9 s&nbsp;lidmi je\u0161t\u011b d\u011blat a co v\u0161echno je mo\u017en\u00e9 jim vnucovat a p\u0159inutit je tak k&nbsp;poslu\u0161nosti. Situace, kterou dnes pro\u017e\u00edv\u00e1me, m\u00e1 sv\u00e9 ko\u0159eny v kulturn\u00edm a hodnotov\u00e9m kolapsu Z\u00e1padu. Shodli se na tom \u00fa\u010dastn\u00edci ji\u017e v&nbsp;po\u0159ad\u00ed 29 Hovor\u016f na pravici po\u0159\u00e1dan\u00fdch v&nbsp;pond\u011bl\u00ed 26. dubna vlasteneck\u00fdm spolkem&nbsp;<a href=\"http:\/\/www.akce-dost.cz\/\">Akce D.O.S.T.<\/a>&nbsp;<\/p>\n<p><!--more--><\/p>\n<p class=\"-wm-msonormal\">Nad t\u00e9matem&nbsp;<em>\u201eStar\u00e9 totalitn\u00ed praktiky s novou tv\u00e1\u0159\u00ed aneb Co se skr\u00fdv\u00e1 za kou\u0159ovou clonou covidu\u201c<\/em>&nbsp;diskutovali poslanec za SPD Ji\u0159\u00ed Kobza, \u010dlen spr\u00e1vn\u00ed rady IVK Ivo Strej\u010dek a hudebn\u00edk, publicista a \u010dlen Rady pro rozhlasov\u00e9 a televizn\u00ed vysl\u00e1n\u00ed Ladislav Jakl. Debatu moderoval m\u00edstop\u0159edseda Akce D.O.S.T. Michal Sem\u00edn.<\/p>\n<p class=\"-wm-msonormal\"><strong>Covidonomika&nbsp;<\/strong><\/p>\n<p class=\"-wm-msonormal\">Ji\u0159\u00ed Kobza ve sv\u00e9m vystoupen\u00ed upozornil na to, \u017ee covidov\u00e1 hysterie, propaganda a zmatek v hlav\u00e1ch na\u0161\u00ed vl\u00e1dy nejsou ani zdaleka tak n\u00e1hodn\u00e9, jak by se mohlo zd\u00e1t.&nbsp;<em>\u201eJedn\u00e1 se o c\u00edlen\u00e9 zast\u00edr\u00e1n\u00ed obrovsk\u00fdch probl\u00e9m\u016f, kter\u00e9 se na n\u00e1s val\u00ed z Evropsk\u00e9 unie a kter\u00fdmi vl\u00e1da ani opozice p\u0159ed rozhoduj\u00edc\u00edmi volbami nechce man\u00e9vrovat.\u201c<\/em><\/p>\n<p class=\"-wm-msonormal\">Za clonou covidu doch\u00e1z\u00ed podle n\u011bho k&nbsp;nevratn\u00fdm proces\u016fm, kter\u00e9 po\u0161kod\u00ed fungov\u00e1n\u00ed spole\u010dnosti na dlouhou dobu. V&nbsp;t\u00e9to souvislosti upozornil na vznik tzv. covidov\u00e9 ekonomiky. Covidonomika spo\u010d\u00edv\u00e1 podle n\u011bho ve vyluxov\u00e1n\u00ed st\u00e1tn\u00edho rozpo\u010dtu pod z\u00e1minkou n\u00e1hrad a podpor zav\u0159en\u00fdm firm\u00e1m a \u017eivnostn\u00edk\u016fm a vede strm\u011b ke stoupaj\u00edc\u00edmu zadlu\u017eov\u00e1n\u00ed st\u00e1tu.&nbsp;<\/p>\n<p class=\"-wm-msonormal\">Stejn\u011b tak se odehr\u00e1v\u00e1 pod covidov\u00fdm medi\u00e1ln\u00edm p\u0159\u00edtm\u00edm podle n\u011bho dal\u0161\u00ed f\u00e1ze migrace do Evropy.&nbsp;<em>\u201eNov\u00e1 migra\u010dn\u00ed politika EU a tzv. Nov\u00fd migra\u010dn\u00ed pakt ukr\u00fdvaj\u00ed pod spoustou fr\u00e1z\u00ed spoustu z\u00e1ke\u0159n\u00fdch past\u00ed. V\u0161emu dominuje labyrint pen\u011bzovod\u016f, vedouc\u00edch p\u0159edev\u0161\u00edm k vybran\u00fdm promigra\u010dn\u00edm neziskovk\u00e1m, agentur\u00e1m a aktivist\u016fm. U n\u00e1s i v zahrani\u010d\u00ed.\u201c&nbsp;<\/em>Ne\u00fasp\u011b\u0161n\u00fd v\u00fdraz \u201emigra\u010dn\u00ed kv\u00f3ty\u201c byl podle n\u011bho nahrazen formulac\u00ed \u201ep\u0159es\u00eddlen\u00ed migrant\u016f do zem\u00ed dosud nezasa\u017een\u00fdch migra\u010dn\u00ed kriz\u00ed\u201c.&nbsp;<\/p>\n<p class=\"-wm-msonormal\">Stejn\u011b nebezpe\u010dn\u00fd je podle Kobzy tak\u00e9 tzv. Zelen\u00fd \u00fad\u011bl, kter\u00fd sou\u010dasn\u00e1 EU prosazuje, jen\u017e spo\u010d\u00edv\u00e1 v c\u00edlen\u00e9m zni\u010den\u00ed pr\u016fmyslu, energetiky, dopravy a zem\u011bd\u011blstv\u00ed \u010dlensk\u00fdch st\u00e1t\u016f EU pod z\u00e1minkou ochrany klimatu, respektive sni\u017eov\u00e1n\u00ed emis\u00ed sklen\u00edkov\u00fdch plyn\u016f. Dal\u0161\u00edm nebezpe\u010dn\u00fdm trendem, kter\u00fd je pod pl\u00e1\u0161t\u00edkem covidismu prosazov\u00e1n, je nar\u016fstaj\u00edc\u00ed m\u00edra cenzury, manipulace s fakty a probruselsk\u00e9 propagandy v m\u00e9di\u00edch<em>. \u201eJe jasn\u00e9, \u017ee na\u0161e vl\u00e1da slou\u017e\u00ed p\u0159edev\u0161\u00edm z\u00e1jm\u016fm nadn\u00e1rodn\u00edch spolk\u016f a korporac\u00ed, kter\u00e9 na tomto stavu nehor\u00e1zn\u011b vyd\u011bl\u00e1vaj\u00ed. Jde o budoucnost na\u0161ich d\u011bt\u00ed a vnuk\u016f, kterou jim zajist\u00ed jenom samostatn\u00fd a sv\u00e9pr\u00e1vn\u00fd st\u00e1t. K tomu vedou jenom jedin\u00e9 dve\u0159e a jedin\u00e1 cesta, jmenuje se Czexit. Nen\u00ed \u010dasu nazbyt,\u201c&nbsp;<\/em>zakon\u010dil sv\u00e9 \u00favodn\u00ed vystoupen\u00ed poslanec Ji\u0159\u00ed Kobza.<\/p>\n<p class=\"-wm-msonormal\"><strong>Inkluzivn\u00ed kapitalismus<\/strong><\/p>\n<p class=\"-wm-msonormal\">Podle m\u00edstop\u0159edsedy Akce D.O.S.T. Michala Sem\u00edna, covid tyto probl\u00e9my nov\u011b nep\u0159inesl, ty by se projevily i bez n\u011bho, ale ne tak snadno. Covid ale d\u00e1v\u00e1 t\u011bmto proces\u016fm novou dynamiku.&nbsp;<em>\u201eJsme sv\u011bdky pokusu o glob\u00e1ln\u00ed perestrojku. Tady se p\u0159ed\u011bl\u00e1v\u00e1 sv\u011bt. V\u0161echny tyto procesy prob\u00edhaj\u00ed paraleln\u011b a zapadaj\u00ed do sebe. V&nbsp;\u017e\u00e1dn\u00e9m p\u0159\u00edpad\u011b nejde o nahodil\u00e9 z\u00e1le\u017eitosti.\u201c&nbsp;<\/em>Upozornil tak\u00e9 na nebezpe\u010d\u00ed tzv. nepodm\u00edn\u011bn\u00e9ho p\u0159\u00edjmu prosazovan\u00e9ho Pir\u00e1ty.&nbsp;<\/p>\n<p class=\"-wm-msonormal\">Ekonomick\u00e9 zm\u011bny, kter\u00e9 maj\u00ed nastat, ponesou tak obrovsk\u00e9 n\u00e1klady, \u017ee p\u0159i st\u00e1vaj\u00edc\u00ed ekonomice by to vedlo k&nbsp;soci\u00e1ln\u00edm bou\u0159\u00edm. Jsou tedy v&nbsp;z\u00e1sad\u011b neprovediteln\u00e9. Proto se vym\u00fd\u0161l\u00ed \u00fapln\u011b nov\u00fd syst\u00e9m p\u0159\u00edjm\u016f, kdy ka\u017ed\u00fd bude dost\u00e1vat n\u011bjak\u00fd p\u0159\u00edjem od st\u00e1tu, bez ohledu na svoji soci\u00e1ln\u00ed situaci. T\u00edm se ka\u017ed\u00fd stane vazalem st\u00e1tu a s&nbsp;t\u00edm souvis\u00ed i dal\u0161\u00ed velk\u00fd probl\u00e9m jako je dramatick\u00e1 digitalizace pen\u011b\u017en\u00edho sv\u011bta.<\/p>\n<p class=\"-wm-msonormal\"><em>\u201eToto v\u0161e vytv\u00e1\u0159\u00ed podm\u00ednky pro p\u0159echod na zcela nov\u00fd druh hospod\u00e1\u0159stv\u00ed. To \u010demu soudruzi ze Sv\u011btov\u00e9ho ekonomick\u00e9ho f\u00f3ra \u0159\u00edkaj\u00ed inkluzivn\u00ed kapitalismus. To, co dnes pro\u017e\u00edv\u00e1me, nen\u00ed nic, co by bylo \u00fapln\u011b nov\u00e9. Jsme sv\u011bdky otev\u0159en\u00e9 konspirace. Dnes m\u016f\u017eeme dohledat v textech cel\u00e9 \u0159ady velmi vlivn\u00fdch intelektu\u00e1l\u016f, politik\u016f a reprezentant\u016f finan\u010dn\u00edho sv\u011bta technokratick\u00e9 vize toho, jak se m\u00e1 \u0159\u00eddit sv\u011bt. Nejde o to, \u017ee n\u00e1s nepust\u00ed s&nbsp;kamerou na zased\u00e1n\u00ed Bilderbergu. Otev\u0159en\u011b cel\u00e1 desetilet\u00ed \u0159\u00edkaj\u00ed, \u017ee jestli budou m\u00edt tu p\u0159\u00edle\u017eitost, tak sv\u011bt zm\u011bn\u00ed v tomto duchu.\u201c&nbsp;<\/em>Nyn\u00ed tu p\u0159\u00edle\u017eitost podle Sem\u00edna dostali.&nbsp;<\/p>\n<p class=\"-wm-msonormal\"><strong>Vl\u00e1da strachu<\/strong><\/p>\n<p class=\"-wm-msonormal\">Ivo Strej\u010dek upozornil, \u017ee krom\u011b v\u0161ech t\u011bchto probl\u00e9m\u016f p\u0159inesl sou\u010dasn\u00fd covidismus tak\u00e9 tot\u00e1ln\u00ed rozklad vzd\u011bl\u00e1vac\u00edho syst\u00e9mu.&nbsp;<em>\u201eMysl\u00edm \u017ee covidismus nen\u00ed n\u011bco, co spadlo z&nbsp;nebe. Je to produkt kolapsu z\u00e1padn\u00ed civilizace, kter\u00fd prob\u00edh\u00e1 u\u017e p\u011bknou \u0159\u00e1dku desetilet\u00ed. Mysl\u00edm, \u017ee covidismus je jedn\u00edm z&nbsp;pr\u016fvodn\u00edch jev\u016f toho, co se d\u011bje a souvis\u00ed s&nbsp;rozkladem hodnot na Z\u00e1pad\u011b.\u201c<\/em>&nbsp;Kdyby byl Z\u00e1pad hodnotov\u011b stabiln\u00ed, tak bychom se podle n\u011bho do dne\u0161n\u00edho stavu nesvobody nedostali tak lehce. Sou\u010dasn\u00e1 spole\u010dnost podle n\u011bho sm\u011b\u0159uje k&nbsp;nesvobod\u011b.&nbsp;<\/p>\n<p class=\"-wm-msonormal\"><em>\u201cZ\u00e1pad k&nbsp;tomuto v\u00fdvoji sm\u011b\u0159oval ji\u017e del\u0161\u00ed dobu, ale sou\u010dasn\u00e1 covidov\u00e1 situace ho akcelerovala do neuv\u011b\u0159iteln\u00fdch rozm\u011br\u016f. V&nbsp;boji s&nbsp;covidem je povoleno v\u0161e. Tud\u00ed\u017e i prolamov\u00e1n\u00ed n\u011b\u010deho, co d\u0159\u00edve nebylo mo\u017en\u00e9 a najednou to mo\u017en\u00e9 je. Um\u011bl si n\u011bkdo je\u0161t\u011b p\u0159ed rokem a p\u016fl p\u0159edstavit, \u017ee dojde k&nbsp;tak dramatick\u00e9mu rozpadu \u0159\u00e1du, \u017ee d\u011bti nep\u016fjdou rok do \u0161koly a \u017ee se omez\u00ed pohyb ob\u010dan\u016f mezi okresy?,\u201c&nbsp;<\/em>polo\u017eil si \u0159e\u010dnickou ot\u00e1zku Strej\u010dek. Lid\u00e9 se podle n\u011bho dostali do stavu podvolen\u00ed, nebo\u0165 spole\u010dnost byla zbavena \u0159\u00e1du. Co p\u0159ed rokem bylo nemo\u017en\u00e9, je dnes obecn\u011b akceptov\u00e1no. Velk\u00e1 v\u011bt\u0161ina lid\u00ed podle n\u011bho p\u0159ijala s&nbsp;p\u0159\u00edli\u0161nou snadnost\u00ed a lehkost\u00ed rozpad p\u0159irozen\u00e9ho \u0159\u00e1du.&nbsp;<\/p>\n<p class=\"-wm-msonormal\">Podle Ladislava Jakla je z\u00e1kladem sou\u010dasn\u00e9 nov\u00e9 totality, kter\u00e1 s&nbsp;covidismem p\u0159i\u0161la, vl\u00e1da strachu.&nbsp;<em>\u201eSpole\u010dnost je sev\u0159ena nov\u00fdmi strachy. Lid\u00e9 se mus\u00ed b\u00e1t.\u201c<\/em>&nbsp;&nbsp;To, co dnes pro\u017e\u00edv\u00e1me, je z\u00e1pas o samu podstatu \u010dlov\u011bka.&nbsp;<em>\u201eJe stra\u0161n\u011b lacin\u00e9 a snadn\u00e9 vymezovat se proti diktatur\u00e1m a tyrani\u00edm, kter\u00e9 tu byly za posledn\u00edch 100 let. Je snadn\u00e9 bojovat minul\u00e9 v\u00e1lky a nezam\u00fd\u0161let se nad t\u00edm, pro\u010d doch\u00e1zelo k&nbsp;tak brut\u00e1ln\u00edmu omezen\u00ed lidsk\u00e9 svobody.\u201c<\/em><\/p>\n<p class=\"-wm-msonormal\">Kdo nen\u00ed ochoten n\u00e9st riziko \u017eivota, m\u016f\u017ee snadno o svobodu p\u0159ij\u00edt, co\u017e se dnes podle n\u011bho d\u011bje.&nbsp;<em>\u201eSou\u010dasn\u00e1 situace p\u0159in\u00e1\u0161\u00ed obrovskou p\u0159\u00edle\u017eitost pro vytv\u00e1\u0159en\u00ed platforem nesvobody. Pro \u0161\u0165astn\u00fd \u017eivot bez rizika se ob\u011btuje svobodn\u00fd \u017eivot a mo\u017enost norm\u00e1ln\u011b \u017e\u00edt.\u201c<\/em>&nbsp;Covid je podle n\u011bho \u00fa\u017easn\u00e1 p\u0159\u00edle\u017eitost pro elity mluvit o z\u00e1jmech celku.&nbsp;<em>\u201eNepropadejme iluzi, \u017ee kdy\u017e jim odevzd\u00e1me kousek svobody, tak za ten kousek n\u00e1s st\u00e1t zbav\u00ed v\u0161ech rizik a nemoc\u00ed, a potom n\u00e1m ten kousek zase vr\u00e1t\u00ed. To je naprost\u00e1 bl\u00e1hovost!\u201c<\/em><\/p>\n<p class=\"-wm-msonormal\">I kdy\u017e byl cel\u00fd ve\u010der v\u011bnov\u00e1n velmi v\u00e1\u017en\u00e9 situaci, kterou z\u00e1padn\u00ed civilizace a s n\u00ed i na\u0161e zem\u011b pr\u00e1v\u011b proch\u00e1z\u00ed, p\u0159esto zcela plat\u00ed z\u00e1v\u011bre\u010dn\u00e1 slova Ladislava Jakla, kter\u00fdmi se s&nbsp;div\u00e1ky rozlou\u010dil<em>.&nbsp;<\/em><\/p>\n<p class=\"-wm-msonormal\"><em>\u201eJsme v\u0161ichni na \u0161ikm\u00e9 plo\u0161e, ale stromy rostou rovn\u011b i na \u0161ikm\u00e9m svahu.\u201c<\/em><\/p>\n<p class=\"-wm-msonormal\"><em><iframe loading=\"lazy\" src=\"https:\/\/www.youtube.com\/embed\/GI14ANP3WHo\" width=\"546\" height=\"410\" data-mce-fragment=\"1\"><\/iframe><br \/>\n<\/em><\/p>\n<p><a href=\"https:\/\/www.protiproud.cz\/politika\/5771-do-totality-pres-covidovy-chaos-globalni-prestavba-v-plnem-proudu-podari-se-elitam-predelat-svet-sevreni-strachem-jsme-vsichni-na-sikme-plose-ale-stromy-rostou-rovne-i-na-svahu-cesta-ke-svobode-pres-odchod-z-eu.htm\">Zdroj<\/a><\/p>\n","protected":false},"excerpt":{"rendered":"<p>Cesta do totality vede p\u0159es chaos, kter\u00fd vytv\u00e1\u0159ej\u00ed sou\u010dasn\u00e9 glob\u00e1ln\u00ed elity. Dne\u0161n\u00ed covidov\u00e1 situace na Z\u00e1pad\u011b, je jedn\u00edm velk\u00fdm cvi\u010den\u00edm, co je mo\u017en\u00e9 s&nbsp;lidmi je\u0161t\u011b d\u011blat a co v\u0161echno je mo\u017en\u00e9 jim vnucovat a p\u0159inutit je tak k&nbsp;poslu\u0161nosti. Situace, kterou dnes pro\u017e\u00edv\u00e1me, m\u00e1 sv\u00e9 ko\u0159eny v kulturn\u00edm a hodnotov\u00e9m kolapsu Z\u00e1padu. Shodli se na tom [&hellip;]<\/p>\n","protected":false},"author":1,"featured_media":0,"comment_status":"open","ping_status":"open","sticky":false,"template":"","format":"standard","meta":{"ngg_post_thumbnail":0,"footnotes":""},"categories":[11],"tags":[],"class_list":["post-11943","post","type-post","status-publish","format-standard","hentry","category-ozvena"],"_links":{"self":[{"href":"https:\/\/www.ladislavjakl.cz\/index.php?rest_route=\/wp\/v2\/posts\/11943","targetHints":{"allow":["GET"]}}],"collection":[{"href":"https:\/\/www.ladislavjakl.cz\/index.php?rest_route=\/wp\/v2\/posts"}],"about":[{"href":"https:\/\/www.ladislavjakl.cz\/index.php?rest_route=\/wp\/v2\/types\/post"}],"author":[{"embeddable":true,"href":"https:\/\/www.ladislavjakl.cz\/index.php?rest_route=\/wp\/v2\/users\/1"}],"replies":[{"embeddable":true,"href":"https:\/\/www.ladislavjakl.cz\/index.php?rest_route=%2Fwp%2Fv2%2Fcomments&post=11943"}],"version-history":[{"count":1,"href":"https:\/\/www.ladislavjakl.cz\/index.php?rest_route=\/wp\/v2\/posts\/11943\/revisions"}],"predecessor-version":[{"id":11944,"href":"https:\/\/www.ladislavjakl.cz\/index.php?rest_route=\/wp\/v2\/posts\/11943\/revisions\/11944"}],"wp:attachment":[{"href":"https:\/\/www.ladislavjakl.cz\/index.php?rest_route=%2Fwp%2Fv2%2Fmedia&parent=11943"}],"wp:term":[{"taxonomy":"category","embeddable":true,"href":"https:\/\/www.ladislavjakl.cz\/index.php?rest_route=%2Fwp%2Fv2%2Fcategories&post=11943"},{"taxonomy":"post_tag","embeddable":true,"href":"https:\/\/www.ladislavjakl.cz\/index.php?rest_route=%2Fwp%2Fv2%2Ftags&post=11943"}],"curies":[{"name":"wp","href":"https:\/\/api.w.org\/{rel}","templated":true}]}}