{"id":11974,"date":"2021-05-10T13:23:03","date_gmt":"2021-05-10T11:23:03","guid":{"rendered":"http:\/\/www.ladislavjakl.cz\/?p=11974"},"modified":"2021-05-10T13:23:54","modified_gmt":"2021-05-10T11:23:54","slug":"biden-vetsinu-casu-mlci-policejni-reforma-kvuli-floydovi-je-silena-rika-jakl","status":"publish","type":"post","link":"https:\/\/www.ladislavjakl.cz\/?p=11974","title":{"rendered":"Biden v\u011bt\u0161inu \u010dasu ml\u010d\u00ed, policejn\u00ed reforma kv\u016fli Floydovi je \u0161\u00edlen\u00e1, \u0159\u00edk\u00e1 Jakl"},"content":{"rendered":"<p>Nov\u00fd americk\u00fd prezident b\u011bhem sv\u00fdch prvn\u00edch 100 dn\u00ed v \u010dele administrace str\u00e1vil zhruba dv\u011b t\u0159etiny \u010dasu ml\u010den\u00edm, \u0159ekl v po\u0159adu 360\u00b0 Pavl\u00edny Wolfov\u00e9 b\u00fdval\u00fd \u0159editel politick\u00e9ho odboru prezidenta V\u00e1clava Klause Ladislav Jakl. Ten tak\u00e9 za \u201e\u0161\u00edlenou\u201c ozna\u010dil policejn\u00ed reformu, kterou vyvolaly protesty po zabit\u00ed Afroameri\u010dana George Floyda, jeho\u017e jm\u00e9no tak\u00e9 nese.<\/p>\n<p><!--more--><\/p>\n<p>\u201eDv\u011b t\u0159etiny t\u011bch 100 dn\u00ed ml\u010del jako ryba. Nem\u011bl tiskovou konferenci a nemusel odpov\u00eddat na dotazy,\u201c \u0159ekl Jakl na za\u010d\u00e1tek hodnocen\u00ed prvn\u00edch t\u0159\u00ed m\u011bs\u00edc\u016f Joea Bidena v \u010dele \u00fa\u0159adu prezidenta USA. Velmi negativn\u011b pak pohl\u00ed\u017e\u00ed na \u201eobrovsk\u00fd revolu\u010dn\u00ed proces doleva\u201c, kter\u00fdm se podle n\u011bj v posledn\u00ed dob\u011b ub\u00edr\u00e1 americk\u00e1 spole\u010dnost. \u201eTrenduje doleva, k progresivismu a pokrok\u00e1\u0159stv\u00ed,\u201c doplnil Jakl.<\/p>\n<p>Jedn\u00edm z Bidenov\u00fdch slib\u016f bylo nao\u010dkovat co nejv\u00edce lid\u00ed b\u011bhem jeho prvn\u00edch 100 dn\u00ed v \u00fa\u0159ad\u011b. Aktu\u00e1ln\u011b je v USA nao\u010dkovan\u00fdch ji\u017e p\u0159es 200 milion\u016f lid\u00ed, tud\u00ed\u017e by se dalo hovo\u0159it o \u00fasp\u011bchu. Podle Jakla v\u0161ak za 100 dn\u00ed nemohl Biden v podstat\u011b v\u016fbec nic ud\u011blat. \u201ePokud to n\u011bkdo bere jako plus, tak by si m\u011bl uv\u011bdomit, \u017ee ve\u0161ker\u00e9 v\u011bci byly uvedeny do pohybu v lo\u0148sk\u00e9m roce,\u201c \u0159ekl Jakl a zm\u00ednil, \u017ee za Bidenova p\u0159edch\u016fdce Donalda Trumpa vznikly vakc\u00edny a za\u010dala jejich masov\u00e1 v\u00fdroba, pota\u017emo i aplikace u lid\u00ed.<\/p>\n<p>Sou\u010dasn\u00fd \u0159editel Centra spole\u010densk\u00fdch studi\u00ed Institutu V\u00e1clava Klause tak\u00e9 varuje p\u0159ed Bidenovou migra\u010dn\u00ed politikou. Americk\u00fd prezident toti\u017e zv\u00fd\u0161il kv\u00f3ty pro migranty, kte\u0159\u00ed do zem\u011b p\u0159ich\u00e1zej\u00ed, co\u017e se Jaklovi nepozd\u00e1v\u00e1. \u201eZp\u011btn\u011b se i legalizuje pobyt neleg\u00e1ln\u00edch migrant\u016f a vyr\u00e1b\u00ed se tak nov\u00ed voli\u010di,\u201c \u0159ekl.<\/p>\n<h2>Svoboda: Floyd? Selh\u00e1n\u00ed jedince, ne syst\u00e9mu<\/h2>\n<p>Velmi kriticky pak hodnot\u00ed policejn\u00ed reformu, kterou v USA vyvolaly masivn\u00ed protesty po zabit\u00ed Afroameri\u010dana George Floyda policistou Derekem Chauvinem, kter\u00fd mu p\u0159i zat\u00fdk\u00e1n\u00ed zaklekl na hru\u010f. Reforma nav\u00edc nese pr\u00e1v\u011b Floydovo jm\u00e9no. \u201eJe to \u00fapln\u011b \u0161\u00edlen\u00e1 cesta,\u201c \u0159ekl Jakl s t\u00edm, \u017ee za lo\u0148sk\u00fd rok se kriminalita v americk\u00fdch m\u011bstech zvedla mnohdy a\u017e n\u00e1sobn\u011b. \u201eMoment\u00e1ln\u011b jsou USA mnohem m\u00e9n\u011b bezpe\u010dn\u00e9 ne\u017e p\u0159ed rokem. Tento trend se bude nepochybn\u011b prohlubovat,\u201c dodal.<\/p>\n<div class=\"image-wrapper full-width-image responsive-ratio\">\n<p><a href=\"https:\/\/cnn.iprima.cz\/biden-vetsinu-casu-mlci-policejni-reforma-kvuli-floydovi-je-silena-rika-jakl-24605#gallery-carousel-478473\" rel=\"modal:open\"><img loading=\"lazy\" decoding=\"async\" class=\"\" src=\"https:\/\/cdn.administrace.tv\/2021\/05\/04\/d67a642fc480453bd39b4e0f8a3b2603.jpg\" srcset=\"https:\/\/cdn.administrace.tv\/2021\/05\/04\/mini_21\/d67a642fc480453bd39b4e0f8a3b2603.jpg 350w, https:\/\/cdn.administrace.tv\/2021\/05\/04\/small_21\/d67a642fc480453bd39b4e0f8a3b2603.jpg 800w, https:\/\/cdn.administrace.tv\/2021\/05\/04\/medium_21\/d67a642fc480453bd39b4e0f8a3b2603.jpg 1200w, https:\/\/cdn.administrace.tv\/2021\/05\/04\/hd_21\/d67a642fc480453bd39b4e0f8a3b2603.jpg 1920w\" alt=\"Ladislav Jakl\" width=\"418\" height=\"209\" data-srcset=\"https:\/\/cdn.administrace.tv\/2021\/05\/04\/mini_21\/d67a642fc480453bd39b4e0f8a3b2603.jpg 350w, https:\/\/cdn.administrace.tv\/2021\/05\/04\/small_21\/d67a642fc480453bd39b4e0f8a3b2603.jpg 800w, https:\/\/cdn.administrace.tv\/2021\/05\/04\/medium_21\/d67a642fc480453bd39b4e0f8a3b2603.jpg 1200w, https:\/\/cdn.administrace.tv\/2021\/05\/04\/hd_21\/d67a642fc480453bd39b4e0f8a3b2603.jpg 1920w\" data-loaded=\"true\"><\/a><i class=\"icon i-image-info i-blue\"><\/i><\/p>\n<div class=\"image-caption\">Ladislav Jakl<br \/>\nZdroj: CNN Prima NEWS<\/div>\n<\/div>\n<p>Exministr zahrani\u010d\u00ed Cyril Svoboda ozna\u010dil&nbsp;v po\u0159adu 360\u00b0 Pavl\u00edny Wolfov\u00e9 zm\u00edn\u011bnou policejn\u00ed reformu za \u201epodb\u00edzen\u00ed se a politick\u00e9 gesto\u201c. \u201eNen\u00ed mo\u017en\u00e9, cokoliv se sehr\u00e1lo, ji pojmenovat po jedn\u00e9 ob\u011bti. To bylo selh\u00e1n\u00ed jedince, ne syst\u00e9mu. A prezident USA m\u00e1 za sv\u00fdm st\u00e1tem st\u00e1t,\u201c \u0159ekl Svoboda ve vys\u00edl\u00e1n\u00ed CNN Prima NEWS. Policist\u00e9 se pak podle n\u011bj m\u016f\u017eou za\u010d\u00edt pt\u00e1t, zda se v\u016fbec maj\u00ed nam\u00e1hat, kdy\u017e mohou skon\u010dit jako nepopul\u00e1rn\u00ed osoby p\u0159ed ve\u0159ejnost\u00ed.<\/p>\n<h2>Biden nem\u00e1 Trumpovu razanci<\/h2>\n<p>Svoboda Bidenovi vy\u010detl, \u017ee b\u011bhem prvn\u00edch 100 dn\u00ed nep\u0159edlo\u017eil rozhodnut\u00ed, kter\u00e1 by p\u0159isp\u011bla ke zm\u011bn\u011b USA v dlouhodob\u00e9m m\u011b\u0159\u00edtku. \u201eCo mu lze p\u0159i\u010d\u00edst k dobru, je fakt, \u017ee postcovidov\u00e1 ekonomika roste. Ov\u0161em za cenu masivn\u00edch investic, kter\u00e9 mo\u017en\u00e1 budou chyb\u011bt do budoucna,\u201c dodal Svoboda a zm\u00ednil, \u017ee Biden nov\u011b zavedl nap\u0159\u00edklad vy\u0161\u0161\u00ed korpor\u00e1tn\u00ed da\u0148 a odvody u bohat\u00fdch lid\u00ed.<\/p>\n<p>Biden ve sv\u00e9m pl\u00e1nu obnovy pro USA na obdob\u00ed po pandemii koronaviru slibuje t\u00e9m\u011b\u0159 dva biliony dolar\u016f na vzd\u011bl\u00e1n\u00ed. Podle Jakla jde v\u0161ak jen o \u201el\u00edbiv\u00fd krok a d\u00e1v\u00e1n\u00ed pen\u011bz z ciz\u00edho\u201c, kter\u00fd nav\u00edc \u00farove\u0148 vzd\u011bl\u00e1n\u00ed v zemi nezlep\u0161\u00ed. \u201eNalit\u00ed financ\u00ed do program\u016f nezm\u011bn\u00ed \u00farove\u0148, pokud se nezm\u011bn\u00ed i typy t\u011bch program\u016f,\u201c \u0159ekl Jakl.<\/p>\n<p>Svoboda se na tyto pl\u00e1ny tv\u00e1\u0159\u00ed p\u0159\u00edzniv\u011bji, ale nesed\u00ed mu Biden\u016fv styl. \u201eL\u00edbil by se mi Biden se sv\u00fdmi n\u00e1pady, ale s razanc\u00ed Trumpa,\u201c \u0159ekl exministr zahrani\u010d\u00ed, kter\u00e9mu imponuje, \u017ee p\u0159edchoz\u00ed prezident dok\u00e1zal prosadit svoji my\u0161lenku i navzdory p\u0159\u00e1n\u00ed v\u011bt\u0161iny. Biden je podle n\u011bj sice expertem na konsensus, kter\u00fd je schopen se dohodnout t\u00e9m\u011b\u0159 s ka\u017ed\u00fdm, ale to z n\u011bj podle Svobody ned\u011bl\u00e1 l\u00eddra.<\/p>\n<p><a href=\"https:\/\/cnn.iprima.cz\/biden-vetsinu-casu-mlci-policejni-reforma-kvuli-floydovi-je-silena-rika-jakl-24605\">Zdroj<\/a><\/p>\n","protected":false},"excerpt":{"rendered":"<p>Nov\u00fd americk\u00fd prezident b\u011bhem sv\u00fdch prvn\u00edch 100 dn\u00ed v \u010dele administrace str\u00e1vil zhruba dv\u011b t\u0159etiny \u010dasu ml\u010den\u00edm, \u0159ekl v po\u0159adu 360\u00b0 Pavl\u00edny Wolfov\u00e9 b\u00fdval\u00fd \u0159editel politick\u00e9ho odboru prezidenta V\u00e1clava Klause Ladislav Jakl. Ten tak\u00e9 za \u201e\u0161\u00edlenou\u201c ozna\u010dil policejn\u00ed reformu, kterou vyvolaly protesty po zabit\u00ed Afroameri\u010dana George Floyda, jeho\u017e jm\u00e9no tak\u00e9 nese.<\/p>\n","protected":false},"author":1,"featured_media":0,"comment_status":"open","ping_status":"open","sticky":false,"template":"","format":"standard","meta":{"ngg_post_thumbnail":0,"footnotes":""},"categories":[11],"tags":[],"class_list":["post-11974","post","type-post","status-publish","format-standard","hentry","category-ozvena"],"_links":{"self":[{"href":"https:\/\/www.ladislavjakl.cz\/index.php?rest_route=\/wp\/v2\/posts\/11974","targetHints":{"allow":["GET"]}}],"collection":[{"href":"https:\/\/www.ladislavjakl.cz\/index.php?rest_route=\/wp\/v2\/posts"}],"about":[{"href":"https:\/\/www.ladislavjakl.cz\/index.php?rest_route=\/wp\/v2\/types\/post"}],"author":[{"embeddable":true,"href":"https:\/\/www.ladislavjakl.cz\/index.php?rest_route=\/wp\/v2\/users\/1"}],"replies":[{"embeddable":true,"href":"https:\/\/www.ladislavjakl.cz\/index.php?rest_route=%2Fwp%2Fv2%2Fcomments&post=11974"}],"version-history":[{"count":2,"href":"https:\/\/www.ladislavjakl.cz\/index.php?rest_route=\/wp\/v2\/posts\/11974\/revisions"}],"predecessor-version":[{"id":11976,"href":"https:\/\/www.ladislavjakl.cz\/index.php?rest_route=\/wp\/v2\/posts\/11974\/revisions\/11976"}],"wp:attachment":[{"href":"https:\/\/www.ladislavjakl.cz\/index.php?rest_route=%2Fwp%2Fv2%2Fmedia&parent=11974"}],"wp:term":[{"taxonomy":"category","embeddable":true,"href":"https:\/\/www.ladislavjakl.cz\/index.php?rest_route=%2Fwp%2Fv2%2Fcategories&post=11974"},{"taxonomy":"post_tag","embeddable":true,"href":"https:\/\/www.ladislavjakl.cz\/index.php?rest_route=%2Fwp%2Fv2%2Ftags&post=11974"}],"curies":[{"name":"wp","href":"https:\/\/api.w.org\/{rel}","templated":true}]}}