{"id":11977,"date":"2021-05-10T13:26:01","date_gmt":"2021-05-10T11:26:01","guid":{"rendered":"http:\/\/www.ladislavjakl.cz\/?p=11977"},"modified":"2021-05-10T13:26:01","modified_gmt":"2021-05-10T11:26:01","slug":"komentar-potrhle-televizni-kadrovani","status":"publish","type":"post","link":"https:\/\/www.ladislavjakl.cz\/?p=11977","title":{"rendered":"KOMENT\u00c1\u0158: Potrhl\u00e9 televizn\u00ed k\u00e1drov\u00e1n\u00ed"},"content":{"rendered":"<p>Sou\u010dasn\u00e9 d\u011bn\u00ed kolem \u010cesk\u00e9 televize lze popsat jednoduch\u00fdmi slovy. S\u00edly a z\u00e1jmov\u00e9 skupiny, kter\u00e9 onu instituci monopoln\u011b dr\u017e\u00ed po cel\u00e9 v\u011bky jako svou hra\u010dku, jsou zvykl\u00ed vyhr\u00e1vat pouze deset nula. Pokud zni\u010dehonic vyhraj\u00ed \u201ejenom\u201c dev\u011bt jedna, pova\u017euj\u00ed to za poru\u0161en\u00ed pravidel a po\u017eaduj\u00ed anulov\u00e1n\u00ed v\u00fdsledku z\u00e1pasu, p\u00ed\u0161e ve sv\u00e9m koment\u00e1\u0159i publicista Ladislav Jakl.<\/p>\n<p><!--more--><\/p>\n<div id=\"space-a\" class=\"col-h\">\n<div class=\"art-full\">\n<div class=\"opener\"><img loading=\"lazy\" decoding=\"async\" class=\"block\" title=\"\u010cesk\u00e1 televize slavnostn\u011b otev\u0159ela nov\u00e9 studio v brn\u011bnsk\u00e9 L\u00ed\u0161ni. Investice do...\" src=\"https:\/\/1gr.cz\/fotky\/idnes\/16\/101\/cl5\/KRU666226_130244_6823997.jpg\" alt=\"\u010cesk\u00e1 televize slavnostn\u011b otev\u0159ela nov\u00e9 studio v brn\u011bnsk\u00e9 L\u00ed\u0161ni. Investice do...\" width=\"560\" height=\"334\"><\/div>\n<\/div>\n<\/div>\n<div id=\"space-b\" class=\"col-a\">\n<div class=\"art-full\">\n<div data-io-article-url=\"https:\/\/www.idnes.cz\/zpravy\/mediahub\/ceska-televize-jakl-komentar-boj-vlada-rada-radni-verejnopravni.A210507_150327_mediahub_maka\" data-article=\"A210507_150327_mediahub_maka\">\n<div id=\"opener-foto\" class=\"opener-foto not4bbtext\">\n<p class=\"opener-foto-info\">\u010cesk\u00e1 televize slavnostn\u011b otev\u0159ela nov\u00e9 studio v brn\u011bnsk\u00e9 L\u00ed\u0161ni. Investice do n\u011bj dos\u00e1hla zhruba 350 milion\u016f korun. (3.10.2016)&nbsp;<span class=\"autor\">| foto:&nbsp;Anna Vavr\u00edkov\u00e1,&nbsp;<a href=\"http:\/\/www.mafra.cz\/\" target=\"_blank\" rel=\"noopener\">MAFRA<\/a><\/span><\/p>\n<\/div>\n<div id=\"art-text\" class=\"text\">\n<div class=\"bbtext\">\n<p>K\u0159i\u010deli ve v\u0161ech p\u0159\u00edpadech, kdy se zjevila sebemen\u0161\u00ed nad\u011bje, \u017ee by do jejich secvi\u010den\u00e9 harmonie mohl zazn\u00edt n\u011bjak\u00fd odli\u0161n\u00fd hl\u00e1sek. Ale to, co zkou\u0161ej\u00ed nyn\u00ed, je u\u017e projevem naprost\u00e9ho zoufalstv\u00ed. To n\u00e1s v\u0161echny maj\u00ed za nesv\u00e9pr\u00e1vn\u00e9 negramoty? N\u011bjak\u00fd advok\u00e1t jm\u00e9nem Ku\u010dera, kter\u00e9ho si najali ti politici, jim\u017e dosud \u010cesk\u00e1 televize slou\u017e\u00ed, tvrd\u00ed, \u017ee n\u011bkte\u0159\u00ed kandid\u00e1ti na \u010dlena Rady \u010desk\u00e9 televize nespl\u0148uj\u00ed po\u017eadavky dan\u00e9 z\u00e1konem o \u010cT.<\/p>\n<div class=\"imagelist imagelist-sp5 imagelist-fl\">\n<div class=\"cell cell-first\"><a href=\"https:\/\/www.idnes.cz\/zpravy\/mediahub\/ceska-televize-jakl-komentar-boj-vlada-rada-radni-verejnopravni.A210507_150327_mediahub_maka\/foto\/JB7a6648_11.jpg\"><samp class=\"imagespace\"><img decoding=\"async\" src=\"https:\/\/1gr.cz\/fotky\/idnes\/19\/041\/sp5\/JB7a6648_11.jpg\" alt=\"Hudebn\u00edk a publicista Ladislav Jakl v diskusn\u00edm po\u0159adu Rozst\u0159el. (2. dubna 2019)\"><\/samp><\/a>Hudebn\u00edk a publicista Ladislav Jakl v diskusn\u00edm po\u0159adu Rozst\u0159el. (2. dubna 2019)<\/p>\n<\/div>\n<div class=\"fc0\">Probl\u00e9mem je toti\u017e to, \u017ee pr\u00fd nejsou navr\u017eeni dostate\u010dn\u011b prok\u00e1drovan\u00fdmi organizacemi a sdru\u017een\u00edmi, proto\u017ee navrhuj\u00edc\u00ed sdru\u017een\u00ed \u00fadajn\u011b nereprezentuj\u00ed v\u00fdznamn\u00e9 n\u00e1zorov\u00e9 proudy ve spole\u010dnosti. V\u016fbec nejde o tahanici, kter\u00fd spolek reprezentuje \u010di nereprezentuje v\u00fdznamnou \u010d\u00e1st ve\u0159ejnosti. Ka\u017ed\u00fd, kdo um\u00ed \u010d\u00edst a nen\u00ed l\u00edn\u00fd si naj\u00edt p\u0159\u00edslu\u0161nou pas\u00e1\u017e z\u00e1kona, zjist\u00ed, jak se v\u011bci ve skute\u010dnosti maj\u00ed.<\/div>\n<\/div>\n<p>Druh\u00fd odstavec \u010dtvrt\u00e9ho paragrafu Z\u00e1kona o \u010cesk\u00e9 televizi zn\u00ed: \u201eN\u00e1vrhy kandid\u00e1t\u016f na \u010dleny Rady p\u0159edkl\u00e1daj\u00ed Poslaneck\u00e9 sn\u011bmovn\u011b organizace a sdru\u017een\u00ed p\u0159edstavuj\u00edc\u00ed kulturn\u00ed, region\u00e1ln\u00ed, soci\u00e1ln\u00ed, odborov\u00e9, zam\u011bstnavatelsk\u00e9, n\u00e1bo\u017eensk\u00e9, vzd\u011bl\u00e1vac\u00ed, v\u011bdeck\u00e9, ekologick\u00e9 a n\u00e1rodnostn\u00ed z\u00e1jmy.\u201c Nikde se nep\u00ed\u0161e, \u017ee tyto organizace maj\u00ed reprezentovat v\u00fdznamn\u00e9 n\u00e1zorov\u00e9 a jin\u00e9 proudy, ale pouze r\u016fzn\u00e9 z\u00e1jmy, co\u017e reprezentuje \u00fapln\u011b ka\u017ed\u00e1 registrovan\u00e1 organizace.<\/p>\n<\/div>\n<\/div>\n<\/div>\n<\/div>\n<\/div>\n<p>Novodob\u00ed k\u00e1drov\u00e1ci n\u00e1s naivn\u011b cht\u011bj\u00ed spl\u00e9st zn\u011bn\u00edm prvn\u00edho odstavce t\u00e9ho\u017e paragrafu, kde se o v\u00fdznamn\u00fdch proudech opravdu mluv\u00ed: \u201e\u2026\u010cleny Rady vol\u00ed a odvol\u00e1v\u00e1 Poslaneck\u00e1 sn\u011bmovna Parlamentu \u010cesk\u00e9 republiky \u2026 tak, aby v n\u00ed byly zastoupeny v\u00fdznamn\u00e9 region\u00e1ln\u00ed, politick\u00e9, soci\u00e1ln\u00ed a kulturn\u00ed n\u00e1zorov\u00e9 proudy.\u201c<\/p>\n<p>Z\u00e1kon ale nepo\u017eaduje, aby u\u017e navrhuj\u00edc\u00ed organizace a sdru\u017een\u00ed zastupovaly v\u00fdznamn\u00e9 proudy. Nepo\u017eaduje po nich v\u016fbec nic. Snad krom\u011b toho, \u017ee maj\u00ed p\u0159edstavovat nejr\u016fzn\u011bj\u0161\u00ed z\u00e1jmy. Po\u017eaduje v\u0161ak po Poslaneck\u00e9 sn\u011bmovn\u011b, aby ona sama volila slo\u017een\u00ed Rady tak, aby v n\u00ed (nikoli u\u017e v navrhuj\u00edc\u00edch organizac\u00edch) byly ony v\u00fdznamn\u00e9 proudy zastoupeny. Jedin\u00fdm suver\u00e9nem, kter\u00fd rozhodne o tom, \u017ee Rada \u010cT bude m\u00edt takov\u00e9 slo\u017een\u00ed, aby v n\u00ed byly zastoupeny v\u00fdznamn\u00e9 spole\u010densk\u00e9 proudy, je tedy sama Poslaneck\u00e1 sn\u011bmovna svou volbou.<\/p>\n<p>Z\u00e1kon ne\u0159\u00edk\u00e1, \u017ee u\u017e jen kandid\u00e1tem na \u010dlenstv\u00ed v Rad\u011b se m\u016f\u017ee st\u00e1t pouze ten, koho navrhne organizace, kter\u00e1 zastupuje v\u00fdznamn\u00fd spole\u010densk\u00fd proud. M\u016f\u017ee ho navrhnout kdokoli. Z\u00e1kon \u0159\u00edk\u00e1, \u017ee z takov\u00fdch kandid\u00e1t\u016f Poslaneck\u00e1 sn\u011bmovna&nbsp;<b>vol\u00ed&nbsp;<\/b>tak<b>,&nbsp;<\/b>aby ve v\u00fdsledku rada tyto v\u00fdznamn\u00e9 proudy reprezentovala. To, \u017ee jist\u00e9 slo\u017een\u00ed rady reflektuje v\u00fdznamn\u00e9 n\u00e1zorov\u00e9 a jin\u00e9 proudy, se prost\u011b pozn\u00e1 podle toho, \u017ee bylo zvoleno. Proto\u017ee Poslaneck\u00e1 sn\u011bmovna takto Radu zvolila. To chce n\u011bkdo tvrdit, \u017ee pokud z\u00e1konod\u00e1rce, kter\u00fd m\u00e1 mand\u00e1t od v\u0161ech voli\u010d\u016f, navol\u00ed to \u010di ono slo\u017een\u00ed Rady, pak tato Rada dostate\u010dn\u011b nereprezentuje spole\u010dnost? Kdo zastupuje spole\u010dnost l\u00e9pe, ne\u017e zvolen\u00ed poslanci? A kdo je jimi volen, reprezentuje i jejich voli\u010de, to je snad jasn\u00e9.<\/p>\n<p>Pokud n\u011bkter\u00e9ho kandid\u00e1ta navrhne kup\u0159\u00edkladu Sdru\u017een\u00ed k\u0159es\u0165ansk\u00fdch myslivc\u016f obce B\u00edlsko, v\u016fbec to p\u0159ece nemus\u00ed znamenat, \u017ee takov\u00fd kandid\u00e1t bude reprezentovat jen p\u011bt \u010dlen\u016f onoho sdru\u017een\u00ed. Mo\u017en\u00e1 bude p\u0159edstavitelem \u0161irok\u00e9ho venkovsk\u00e9ho konzervativn\u00edho proudu. A kdo o tom rozhodn\u011b, zda takov\u00fdm p\u0159edstavitelem je? Poslaneck\u00e1 sn\u011bmovna svou volbou.<\/p>\n<p>Krkolomn\u00e1 pr\u00e1vn\u00ed argumentace, nehodn\u00e1 dosp\u011bl\u00fdch lid\u00ed, prozrazuje, co v\u0161echno jsou schopni pou\u017e\u00edt ti, jejich\u017e prsty po cel\u00e1 desetilet\u00ed tahaly za dr\u00e1tky, ti, kter\u00e9 vys\u00edl\u00e1n\u00ed \u010cesk\u00e9 televize v\u017edy hladilo po srsti, ti kte\u0159\u00ed p\u0159\u00edmo \u010di nep\u0159\u00edmo \u017eili z miliardov\u00e9ho rozpo\u010dtu t\u00e9to nekontrolovan\u00e9 pevnosti.<\/p>\n<p>Po cel\u00e1 l\u00e9ta zobala Rada managementu \u010cesk\u00e9 televize z ruky. Nechala se j\u00edm zv\u00e1t na r\u016fzn\u00e9 akce, televize si ji chovala jak v bavlnce. A takov\u00ed radn\u00ed pak m\u00edsto toho, aby zastupovali ve\u0159ejnost, div\u00e1ky i pl\u00e1tce televizn\u00edho poplatku, a kontrolovali, zda management televize tyto z\u00e1jmy dostate\u010dn\u011b napl\u0148uje, naopak televizn\u00ed management zu\u0159iv\u011b br\u00e1nili p\u0159ed kritikou ve\u0159ejnosti. A n\u011bkdo si mysl\u00ed, \u017ee to tak mus\u00ed b\u00fdt na v\u011bky. A ten n\u011bkdo se nyn\u00ed m\u016f\u017ee pominout, kdy\u017e n\u011bkolik radn\u00edch skute\u010dn\u011b d\u011bl\u00e1 svou kontroln\u00ed pr\u00e1ci.<\/p>\n<p>A kdo te\u010f nejhlasit\u011bji k\u0159i\u010d\u00ed, \u017ee je ohro\u017eena \u201enez\u00e1vislost \u010cesk\u00e9 televize\u201c? P\u0159eci ten, na kom je tato \u201enez\u00e1visl\u00e1\u201c televize z\u00e1visl\u00e1 nyn\u00ed. Sv\u00fdm pok\u0159ikem \u0159\u00edkaj\u00ed: tato televize je v\u00fdhradn\u011b na\u0161e a pouze na\u0161e mus\u00ed z\u016fstat. Vy ostatn\u00ed ji jen pla\u0165te, ne \u017ee n\u00e1m do toho budete mluvit.<\/p>\n<p><a href=\"https:\/\/www.idnes.cz\/zpravy\/mediahub\/ceska-televize-jakl-komentar-boj-vlada-rada-radni-verejnopravni.A210507_150327_mediahub_maka\">Zdroj<\/a><\/p>\n","protected":false},"excerpt":{"rendered":"<p>Sou\u010dasn\u00e9 d\u011bn\u00ed kolem \u010cesk\u00e9 televize lze popsat jednoduch\u00fdmi slovy. S\u00edly a z\u00e1jmov\u00e9 skupiny, kter\u00e9 onu instituci monopoln\u011b dr\u017e\u00ed po cel\u00e9 v\u011bky jako svou hra\u010dku, jsou zvykl\u00ed vyhr\u00e1vat pouze deset nula. Pokud zni\u010dehonic vyhraj\u00ed \u201ejenom\u201c dev\u011bt jedna, pova\u017euj\u00ed to za poru\u0161en\u00ed pravidel a po\u017eaduj\u00ed anulov\u00e1n\u00ed v\u00fdsledku z\u00e1pasu, p\u00ed\u0161e ve sv\u00e9m koment\u00e1\u0159i publicista Ladislav Jakl.<\/p>\n","protected":false},"author":1,"featured_media":0,"comment_status":"open","ping_status":"open","sticky":false,"template":"","format":"standard","meta":{"ngg_post_thumbnail":0,"footnotes":""},"categories":[1],"tags":[],"class_list":["post-11977","post","type-post","status-publish","format-standard","hentry","category-publikovane-clanky"],"_links":{"self":[{"href":"https:\/\/www.ladislavjakl.cz\/index.php?rest_route=\/wp\/v2\/posts\/11977","targetHints":{"allow":["GET"]}}],"collection":[{"href":"https:\/\/www.ladislavjakl.cz\/index.php?rest_route=\/wp\/v2\/posts"}],"about":[{"href":"https:\/\/www.ladislavjakl.cz\/index.php?rest_route=\/wp\/v2\/types\/post"}],"author":[{"embeddable":true,"href":"https:\/\/www.ladislavjakl.cz\/index.php?rest_route=\/wp\/v2\/users\/1"}],"replies":[{"embeddable":true,"href":"https:\/\/www.ladislavjakl.cz\/index.php?rest_route=%2Fwp%2Fv2%2Fcomments&post=11977"}],"version-history":[{"count":1,"href":"https:\/\/www.ladislavjakl.cz\/index.php?rest_route=\/wp\/v2\/posts\/11977\/revisions"}],"predecessor-version":[{"id":11978,"href":"https:\/\/www.ladislavjakl.cz\/index.php?rest_route=\/wp\/v2\/posts\/11977\/revisions\/11978"}],"wp:attachment":[{"href":"https:\/\/www.ladislavjakl.cz\/index.php?rest_route=%2Fwp%2Fv2%2Fmedia&parent=11977"}],"wp:term":[{"taxonomy":"category","embeddable":true,"href":"https:\/\/www.ladislavjakl.cz\/index.php?rest_route=%2Fwp%2Fv2%2Fcategories&post=11977"},{"taxonomy":"post_tag","embeddable":true,"href":"https:\/\/www.ladislavjakl.cz\/index.php?rest_route=%2Fwp%2Fv2%2Ftags&post=11977"}],"curies":[{"name":"wp","href":"https:\/\/api.w.org\/{rel}","templated":true}]}}