{"id":120,"date":"2009-12-10T16:31:31","date_gmt":"2009-12-10T15:31:31","guid":{"rendered":"http:\/\/www.ladislavjakl.cz\/?p=120"},"modified":"2009-12-10T16:31:31","modified_gmt":"2009-12-10T15:31:31","slug":"na-pivo-do-postrizinskeho-raje","status":"publish","type":"post","link":"https:\/\/www.ladislavjakl.cz\/?p=120","title":{"rendered":"Na pivo do post\u0159i\u017einsk\u00e9ho r\u00e1je!"},"content":{"rendered":"<p>Jak to \u017eije v pivovaru v Dale\u0161ic\u00edch, hlavn\u011b o festivalu Jazz v pivov\u00e1\u0159e.<br \/>\nHodn\u011b lid\u00ed si mysl\u00ed, \u017ee pivovar z filmu Post\u0159i\u017einy le\u017e\u00ed tak v Nymburku, prost\u011b n\u011bkde ve st\u0159edu \u010cech.<\/p>\n<p><!--more-->V kn\u00ed\u017ece ano, ale filma\u0159i p\u0159ed t\u011bma t\u0159iceti lety kolem Prahy \u017e\u00e1dn\u00fd u\u017e nepou\u017e\u00edvan\u00fd a z\u00e1rove\u0148 fotogenick\u00fd a je\u0161t\u011b nezhuntovan\u00fd pivovar nena\u0161li. Hledali d\u00e1l a objevili ho a\u017e v jihomoravsk\u00fdch Dale\u0161ic\u00edch. Podle vsi se jmenuje bl\u00edzk\u00e1 p\u0159ehrada, kter\u00e1 dod\u00e1v\u00e1 vodu pro jadern\u00e9 Dukovany.<\/p>\n<p>V posledn\u00edch letech se tenhle malebn\u00fd pivov\u00e1rek do\u010dkal nov\u00e9 sl\u00e1vy. Ne \u017ee by v n\u011bm \u00fapln\u011b obnovili pr\u016fmyslovou v\u00fdrobu piva, sp\u00ed\u0161 by se dalo \u0159\u00edct, \u017ee v \u201ekulis\u00e1ch\u201c b\u00fdval\u00e9ho pivovaru zalo\u017eili nov\u00fd mikropivovar. Takov\u00fd mikropivovar se vejde t\u0159eba do gar\u00e1\u017ee nebo do v\u011bt\u0161\u00ed d\u00edlny, ale v b\u00fdval\u00e9m pivovaru mu to p\u0159ece jen slu\u0161\u00ed nejv\u00edc. Pivo je dobr\u00e9, dob\u0159e se prod\u00e1v\u00e1, a tak se i ty kulisy pomalu zlep\u0161uj\u00ed: st\u0159echa, fas\u00e1dy, uvnit\u0159 nov\u00e1 moc p\u011bkn\u00e1 hospoda, p\u011bkn\u00fd s\u00e1l z b\u00fdval\u00e9ho skladu.<\/p>\n<p>A taky to tu \u017eije. Majitel\u00e9 na tom slavn\u00e9m dvorku, kde po\u0159v\u00e1val Pepin a \u010dlenov\u00e9 spr\u00e1vn\u00ed rady \u010cepek a Hru\u0161\u00ednsk\u00fd debu\u017e\u00edrovali dobroty od kr\u00e1sn\u00e9 Va\u0161\u00e1ryov\u00e9, nyn\u00ed po\u0159\u00e1daj\u00ed r\u016fzn\u00e9 akce, t\u0159eba mezin\u00e1rodn\u00ed slet d\u0159evo\u0159ezb\u00e1\u0159\u016f. Pijou pivo, pe\u010dou maso a motorovou pilou a dl\u00e1ty d\u011blaj\u00ed z kl\u00e1d a fo\u0161en r\u016fzn\u00e9 bizarnosti.<\/p>\n<p>Hlavn\u011b tam ale majitel\u00e9 po\u0159\u00e1daj\u00ed sympatick\u00fd festival Jazz v pivov\u00e1\u0159e. P\u0159edloni byl hlavn\u00edm mottem festivalu k\u0159est nov\u00e9ho piva \u2013 polotmav\u00e9 dvan\u00e1ctky s kouzeln\u00fdm n\u00e1zvem Kou\u0159\u00edc\u00ed kr\u00e1l\u00edk. Jedin\u011b po\u0159adatel\u00e9 trochu vym\u011bkli. B\u00e1li se de\u0161t\u011b a tak koncerty p\u0159esunuli z dvorku dovnit\u0159 do s\u00e1lu, ale i tam to bylo moc mil\u00e9. Nejmilej\u0161\u00ed v\u0161ak byla m\u00edstn\u00ed t\u0159in\u00e1cte\u010dka sv\u011btl\u00fd le\u017e\u00e1k. Do n\u00ed jsme se zamilovali takovou v\u00e1\u0161n\u00ed, \u017ee jsme najednou zjistili, \u017ee kolem u\u017e nikdo nen\u00ed a obsluha sp\u00ed.<\/p>\n<p>Loni bylo proti p\u0159edlo\u0148sku hned n\u011bkolik zm\u011bn k lep\u0161\u00edmu. U\u017e nen\u00ed t\u0159eba trm\u00e1cet se v noci po vsi a hledat zem\u011bd\u011blskou svobod\u00e1rnu, pivovar si postavil vlastn\u00ed mil\u00fd penzi\u00f3nek p\u0159\u00edmo v are\u00e1lu. Taky ten z filmu slavn\u00fd dvorek m\u00e1 novou dla\u017ebu, ukotven\u00e9 lavice, kolem nov\u00e9 fas\u00e1dy. Jedna v\u011bc ale bohu\u017eel k lep\u0161\u00edmu ani loni nebyla: po\u010das\u00ed. Na dvorku p\u0159ipraven\u00e9 p\u011bkn\u00e9 p\u00f3dium, stovky m\u00edst k sezen\u00ed, ob\u010derstven\u00ed, to v\u0161e bylo k ni\u010demu. Stejn\u011b jako p\u0159ed rokem p\u0159i\u0161el d\u00e9\u0161\u0165 a a\u017e mi bylo po\u0159adatel\u016f l\u00edto, kdy\u017e v\u0161echnu aparaturu rozeb\u00edrali a st\u011bhovali dovnit\u0159 do s\u00e1lu. Ke vzteku nejv\u00edc bylo to, \u017ee sotva akce za\u010dala, bylo po slejv\u00e1ku a ve\u010der u\u017e bylo mo\u017en\u00e9 po\u010d\u00edtat hv\u011bzdi\u010dky.<\/p>\n<p>Ale k tomu hlavn\u00edmu: proti p\u0159edlo\u0148sku byl loni asi nejv\u011bt\u0161\u00edm favoritem Kou\u0159\u00edc\u00ed kr\u00e1l\u00edk. Za ten rok u\u017e usadil a za\u00fato\u010dil na n\u00e1s paletou pln\u00fdch a ostr\u00fdch chut\u00ed. T\u0159in\u00e1cte\u010dka se tentokr\u00e1t zd\u00e1la mo\u017en\u00e1 v\u00edc chlazen\u00e1 ne\u017e bylo nutno, i t\u011bch bublinek by se dalo sn\u00e9st m\u00ed\u0148. Ale i tak moc dobr\u00e9. Velice proti zabodovaly i ob\u011b jeden\u00e1ctky: filtrovan\u00e1 i kvasnicov\u00e1.<\/p>\n<p>Barmanky se po skon\u010den\u00ed programu u\u017eu\u017e chystaly na kut\u011b, pozav\u00edraly p\u00edpy, n\u00e1\u010deln\u00edk podniku ale p\u0159ib\u011bhl v\u010das a tyhle sp\u00e1dy r\u00e1zn\u011b zarazil. Jedin\u00fdm temn\u00fdm bodem ve\u010dera bylo, \u017ee ne\u017e jsme se propili k temn\u00e9 t\u0159in\u00e1ctce, u\u017e ji n\u011bkdo jin\u00fd dopil. A pak \u017ee i mal\u00fd \u010dlov\u011bk nem\u016f\u017ee za\u017e\u00edt velk\u00e9 ne\u0161t\u011bst\u00ed. Byl to v\u0161ak op\u011bt kr\u00e1l\u00edk, kter\u00fd nasadil v\u0161echny sv\u00e9 s\u00edly a temnotu zas rozsv\u00edtil.<\/p>\n<p>A do t\u0159etice letos kone\u010dn\u011b po\u010das\u00ed nic nenam\u00edtalo a festival se mohl uskute\u010dnit na slavn\u00e9m post\u0159i\u017einsk\u00e9m dvore\u010dku. Velkolep\u00e9 p\u00f3dium, p\u011bkn\u00fd zvuk. Jen s tou propagac\u00ed nic moc, um\u011bleck\u00e9 plak\u00e1ty moc ne\u0161lo p\u0159e\u010d\u00edst, n\u00e1zev akce myln\u011b napov\u00eddal, \u017ee jde o festival tradi\u010dn\u00edho jazzu (my\u0161leno bylo ale, \u017ee jde o tradi\u010dn\u00ed akci).<\/p>\n<p>Piva se ale letos d\u00edky po\u010das\u00ed vypilo mo\u017en\u00e1 je\u0161t\u011b v\u00edce ne\u017e loni a p\u0159edloni, ale tentokr\u00e1t byla obsluha na baru r\u00e1zn\u011bj\u0161\u00ed. Cel\u00fd sortiment v\u010detn\u011b tmav\u00e9 velmi dobr\u00e9 dvan\u00e1ctky tak byl k dispozici sotva do jedn\u00e9 v noci a pak u\u017e jen venku na dvore\u010dku jedin\u00fd druh, slu\u0161n\u00e1, ale p\u0159eci jen trochu slab\u0161\u00ed sv\u011btl\u00e1 jeden\u00e1ctka. Dale\u0161ick\u00e9 pivo se voz\u00ed hlavn\u011b do Brna, vlajkovou lod\u00ed je pochopiteln\u011b hospoda Kou\u0159\u00edc\u00ed kr\u00e1l\u00edk. A pr\u00fd se chyst\u00e1 i expanze do Prahy. Ale stejn\u011b je nejlep\u0161\u00ed je ho pop\u00edt p\u0159\u00edmo na m\u00edst\u011b. A nemus\u00ed k tomu ani hr\u00e1t muzika.<\/p>\n","protected":false},"excerpt":{"rendered":"<p>Jak to \u017eije v pivovaru v Dale\u0161ic\u00edch, hlavn\u011b o festivalu Jazz v pivov\u00e1\u0159e. Hodn\u011b lid\u00ed si mysl\u00ed, \u017ee pivovar z filmu Post\u0159i\u017einy le\u017e\u00ed tak v Nymburku, prost\u011b n\u011bkde ve st\u0159edu \u010cech.<\/p>\n","protected":false},"author":1,"featured_media":0,"comment_status":"open","ping_status":"open","sticky":false,"template":"","format":"standard","meta":{"ngg_post_thumbnail":0,"footnotes":""},"categories":[10],"tags":[],"class_list":["post-120","post","type-post","status-publish","format-standard","hentry","category-zlehka"],"_links":{"self":[{"href":"https:\/\/www.ladislavjakl.cz\/index.php?rest_route=\/wp\/v2\/posts\/120","targetHints":{"allow":["GET"]}}],"collection":[{"href":"https:\/\/www.ladislavjakl.cz\/index.php?rest_route=\/wp\/v2\/posts"}],"about":[{"href":"https:\/\/www.ladislavjakl.cz\/index.php?rest_route=\/wp\/v2\/types\/post"}],"author":[{"embeddable":true,"href":"https:\/\/www.ladislavjakl.cz\/index.php?rest_route=\/wp\/v2\/users\/1"}],"replies":[{"embeddable":true,"href":"https:\/\/www.ladislavjakl.cz\/index.php?rest_route=%2Fwp%2Fv2%2Fcomments&post=120"}],"version-history":[{"count":1,"href":"https:\/\/www.ladislavjakl.cz\/index.php?rest_route=\/wp\/v2\/posts\/120\/revisions"}],"predecessor-version":[{"id":121,"href":"https:\/\/www.ladislavjakl.cz\/index.php?rest_route=\/wp\/v2\/posts\/120\/revisions\/121"}],"wp:attachment":[{"href":"https:\/\/www.ladislavjakl.cz\/index.php?rest_route=%2Fwp%2Fv2%2Fmedia&parent=120"}],"wp:term":[{"taxonomy":"category","embeddable":true,"href":"https:\/\/www.ladislavjakl.cz\/index.php?rest_route=%2Fwp%2Fv2%2Fcategories&post=120"},{"taxonomy":"post_tag","embeddable":true,"href":"https:\/\/www.ladislavjakl.cz\/index.php?rest_route=%2Fwp%2Fv2%2Ftags&post=120"}],"curies":[{"name":"wp","href":"https:\/\/api.w.org\/{rel}","templated":true}]}}