{"id":12034,"date":"2021-06-17T11:42:59","date_gmt":"2021-06-17T09:42:59","guid":{"rendered":"http:\/\/www.ladislavjakl.cz\/?p=12034"},"modified":"2021-06-17T11:42:59","modified_gmt":"2021-06-17T09:42:59","slug":"tiskova-zprava-z-11-zasedani-2021-konaneho-dne-14-6-2021","status":"publish","type":"post","link":"https:\/\/www.ladislavjakl.cz\/?p=12034","title":{"rendered":"Tiskov\u00e1 zpr\u00e1va z 11. zased\u00e1n\u00ed 2021, konan\u00e9ho dne 14. 6. 2021"},"content":{"rendered":"<p>Rada pro rozhlasov\u00e9 a televizn\u00ed vys\u00edl\u00e1n\u00ed na sv\u00e9m 11. zased\u00e1n\u00ed 2021 zvolila za sv\u00e9ho p\u0159edsedu Ing. arch. V\u00e1clava Mencla.<br \/>\nD\u00e1le zvolila za sv\u00e9 m\u00edstop\u0159edsedy Mgr. Milana Bou\u0161ku a Ing. Ji\u0159\u00edho Mace\u0161ku.<\/p>\n<p><!--more--><br \/>\nV Praze dne 15. 6. 2021<br \/>\nIng. arch. V\u00e1clav Mencl<br \/>\np\u0159edseda Rady pro rozhlasov\u00e9<br \/>\na televizn\u00ed vys\u00edl\u00e1n\u00ed<br \/>\nkontakt: podatelna@rrtv.cz<br \/>\n274 813 830<\/p>\n","protected":false},"excerpt":{"rendered":"<p>Rada pro rozhlasov\u00e9 a televizn\u00ed vys\u00edl\u00e1n\u00ed na sv\u00e9m 11. zased\u00e1n\u00ed 2021 zvolila za sv\u00e9ho p\u0159edsedu Ing. arch. V\u00e1clava Mencla. D\u00e1le zvolila za sv\u00e9 m\u00edstop\u0159edsedy Mgr. Milana Bou\u0161ku a Ing. Ji\u0159\u00edho Mace\u0161ku.<\/p>\n","protected":false},"author":1,"featured_media":0,"comment_status":"open","ping_status":"open","sticky":false,"template":"","format":"standard","meta":{"ngg_post_thumbnail":0,"footnotes":""},"categories":[11],"tags":[],"class_list":["post-12034","post","type-post","status-publish","format-standard","hentry","category-ozvena"],"_links":{"self":[{"href":"https:\/\/www.ladislavjakl.cz\/index.php?rest_route=\/wp\/v2\/posts\/12034","targetHints":{"allow":["GET"]}}],"collection":[{"href":"https:\/\/www.ladislavjakl.cz\/index.php?rest_route=\/wp\/v2\/posts"}],"about":[{"href":"https:\/\/www.ladislavjakl.cz\/index.php?rest_route=\/wp\/v2\/types\/post"}],"author":[{"embeddable":true,"href":"https:\/\/www.ladislavjakl.cz\/index.php?rest_route=\/wp\/v2\/users\/1"}],"replies":[{"embeddable":true,"href":"https:\/\/www.ladislavjakl.cz\/index.php?rest_route=%2Fwp%2Fv2%2Fcomments&post=12034"}],"version-history":[{"count":1,"href":"https:\/\/www.ladislavjakl.cz\/index.php?rest_route=\/wp\/v2\/posts\/12034\/revisions"}],"predecessor-version":[{"id":12035,"href":"https:\/\/www.ladislavjakl.cz\/index.php?rest_route=\/wp\/v2\/posts\/12034\/revisions\/12035"}],"wp:attachment":[{"href":"https:\/\/www.ladislavjakl.cz\/index.php?rest_route=%2Fwp%2Fv2%2Fmedia&parent=12034"}],"wp:term":[{"taxonomy":"category","embeddable":true,"href":"https:\/\/www.ladislavjakl.cz\/index.php?rest_route=%2Fwp%2Fv2%2Fcategories&post=12034"},{"taxonomy":"post_tag","embeddable":true,"href":"https:\/\/www.ladislavjakl.cz\/index.php?rest_route=%2Fwp%2Fv2%2Ftags&post=12034"}],"curies":[{"name":"wp","href":"https:\/\/api.w.org\/{rel}","templated":true}]}}