{"id":12043,"date":"2021-06-30T14:37:59","date_gmt":"2021-06-30T12:37:59","guid":{"rendered":"http:\/\/www.ladislavjakl.cz\/?p=12043"},"modified":"2021-06-30T14:37:59","modified_gmt":"2021-06-30T12:37:59","slug":"vaclav-klaus-jako-prezident-nelibilo-by-se-mi-to-prace-uz-ma-moc-rika-jakl","status":"publish","type":"post","link":"https:\/\/www.ladislavjakl.cz\/?p=12043","title":{"rendered":"V\u00e1clav Klaus jako prezident? Nel\u00edbilo by se mi to, pr\u00e1ce u\u017e m\u00e1 moc, \u0159\u00edk\u00e1 Jakl"},"content":{"rendered":"<p class=\"lead\">V\u00e1clav Klaus aktivn\u00ed politiku nepl\u00e1nuje, u\u017e tak m\u00e1 p\u0159\u00edli\u0161 hodn\u011b pr\u00e1ce a m\u011bl by naopak zvolnit. Mysl\u00ed si to Ladislav Jakl, jeho letit\u00fd spolupracovn\u00edk a sou\u010dasn\u00fd \u0159editel Centra spole\u010densk\u00fdch studi\u00ed Institutu V\u00e1clava Klause. P\u0159edstava, \u017ee by se exprezident znovu stal hlavou \u010desk\u00e9ho st\u00e1tu, by se mu \u201easi moc nel\u00edbila\u201c, \u0159ekl v po\u0159adu K v\u011bci na CNN Prima NEWS.<\/p>\n<p><!--more--><\/p>\n<p>Jakl nem\u00e1 pocit, \u017ee by n\u011bkdej\u0161\u00ed prezident i premi\u00e9r pl\u00e1noval velkolep\u00fd n\u00e1vrat do aktivn\u00ed politiky. V jist\u00e9m ohledu toti\u017e st\u00e1le je sou\u010d\u00e1st\u00ed politick\u00e9ho \u017eivota. \u201eC\u00edt\u00ed se b\u00fdt \u00fa\u010dastn\u00edkem ve\u0159ejn\u00e9ho d\u011bn\u00ed \u2013 mluv\u00ed, p\u0159edn\u00e1\u0161\u00ed, jezd\u00ed po sv\u011bt\u011b, vyd\u00e1v\u00e1 knihy. V\u010dera vydal p\u011bt knih, to se mi nezd\u00e1 jako role glos\u00e1tora,\u201c vysv\u011btlil sv\u016fj pohled Klaus\u016fv dlouholet\u00fd spolupracovn\u00edk. Podle n\u011bj opravdu aktivn\u00ed politika nen\u00ed na po\u0159adu dne a p\u0159inejmen\u0161\u00edm nebyl sv\u011bdkem \u017e\u00e1dn\u00e9ho pl\u00e1nov\u00e1n\u00ed \u010di hlasit\u00fdch \u00favah.<\/p>\n<div class=\"embed-article embed-article-related\">\n<article class=\"has-image-link article-bg-image\">\n<div class=\"article-info\">\n<p>\u201eJe tak\u00e9 mo\u017en\u00e9, \u017ee se stane n\u011bco stra\u0161liv\u00e9ho s touto zem\u00ed a zm\u011bn\u00ed se pl\u00e1ny va\u0161e, moje, mo\u017en\u00e1 i jeho,\u201c p\u0159ipustil posl\u00e9ze Jakl.<\/p>\n<\/div>\n<\/article>\n<\/div>\n<p>Jako p\u0159\u00edklad, co by se mohlo st\u00e1t impulsem pro n\u00e1vrat do politiky, uvedl z\u00e1sadn\u00ed zm\u011bnu ve spole\u010densk\u00e9m uspo\u0159\u00e1d\u00e1n\u00ed nebo \u201ev\u011bdom\u00ed v\u00e1\u017en\u00e9ho ohro\u017een\u00ed\u201c. Na n\u011bco takov\u00e9ho m\u00e1 ale Klaus a\u017e p\u0159\u00edli\u0161 hodn\u011b pr\u00e1ce.<\/p>\n<p><strong><a href=\"https:\/\/cnn.iprima.cz\/jakl-vaclav-klaus-jako-prezident-asi-by-se-mi-to-nelibilo-prace-ma-uz-moc-27755\">VIDEOROZHOVOR ZDE<\/a><\/strong><\/p>\n<p>\u201eU\u017e m\u011bl d\u00e1vno zvolnit, tro\u0161ku v\u00edc se nadechnout a porozhl\u00e9dnout, u\u017e\u00edt si \u017eivota. Po\u0159\u00e1d je zasa\u017een svoj\u00ed hyperaktivitou, po\u0159\u00e1d m\u00e1 pocit, jako kdyby byl pades\u00e1tilet\u00fd,\u201c pokra\u010doval v&nbsp;po\u0159adu K&nbsp;v\u011bci. M\u00edra pracovn\u00edho nasazen\u00ed tak n\u011bkdej\u0161\u00edho pracovn\u00edka Kancel\u00e1\u0159e prezidenta republiky nen\u00ed p\u0159\u00edli\u0161 v souladu s t\u00edm, jak\u00e9 mo\u017enosti mu nab\u00edz\u00ed sou\u010dasn\u00e1 politick\u00e1 sc\u00e9na.<\/p>\n<p>\u201eM\u00e1m pocit, \u017ee d\u011bl\u00e1 d\u016fle\u017eit\u011bj\u0161\u00ed v\u011bci, ne\u017e aby se sna\u017eil vecpat do Poslaneck\u00e9 sn\u011bmovny a jako \u010dlov\u011bk, kter\u00fd u\u017e v politice dos\u00e1hl v\u0161eho, se ze \u0161est\u00e9 \u0159ady hl\u00e1sil o slovo. To si neum\u00edm moc p\u0159edstavit,\u201c rozvedl d\u00e1le Jakl na CNN Prima NEWS, \u010d\u00edm\u017e tak\u00e9 vyj\u00e1d\u0159il pochybnosti nad spekulacemi, \u017ee by exprezident pl\u00e1noval kandidovat do podzimn\u00edch voleb za hnut\u00ed Trikol\u00f3ra.<\/p>\n<p>Stejn\u011b tak si nemysl\u00ed, \u017ee by byla v pl\u00e1nu \u00fa\u010dast v nadch\u00e1zej\u00edc\u00edch prezidentsk\u00fdch volb\u00e1ch. Na ot\u00e1zku, zda by r\u00e1d vid\u011bl V\u00e1clava Klause jako staronovou hlavu st\u00e1tu, odpov\u011bd\u011bl po chvilce p\u0159em\u00fd\u0161len\u00ed.&nbsp;\u201eAsi by se mi to moc nel\u00edbilo,\u201c \u0159ekl nakonec Jakl.<\/p>\n<h2>S Havlem si ned\u011blali naschv\u00e1ly, byli pragmati\u010dt\u00ed<\/h2>\n<p>Jakl s V\u00e1clavem Klausem dle sv\u00fdch slov aktivn\u011b spolupracoval a\u017e od konce roku 1997, chvilku po tzv. sarajevsk\u00e9m atent\u00e1tu. Coby p\u0159edseda doln\u00ed komory m\u011bl mo\u017enost sed\u011bt v L\u00e1nech jak s Klausem, tak s tehdej\u0161\u00edm prezidentem V\u00e1clavem Havlem.<\/p>\n<p>\u201eJejich n\u00e1zory byly diametr\u00e1ln\u011b odli\u0161n\u00e9. V\u00e1clav Havel byl klasick\u00fd levicov\u011b-liber\u00e1ln\u00ed intelektu\u00e1l, kter\u00fd m\u011bl pocit, \u017ee je spole\u010dnost t\u0159eba \u0159\u00eddit sm\u011brem k n\u011bjak\u00e9mu ide\u00e1lu. V\u00e1clav Klaus v\u017edycky vs\u00e1zel na lidskou svobodu,\u201c zavzpom\u00ednal v po\u0159adu K v\u011bci.<\/p>\n<div class=\"image-wrapper full-width-image responsive-ratio\"><a href=\"https:\/\/cnn.iprima.cz\/jakl-vaclav-klaus-jako-prezident-asi-by-se-mi-to-nelibilo-prace-ma-uz-moc-27755#gallery-carousel-497875\" rel=\"modal:open\"><img loading=\"lazy\" decoding=\"async\" class=\"\" src=\"https:\/\/cdn.administrace.tv\/2021\/06\/18\/62e9d4af8890e16c25dee13080fcc0ed.jpg\" srcset=\"https:\/\/cdn.administrace.tv\/2021\/06\/18\/mini_21\/62e9d4af8890e16c25dee13080fcc0ed.jpg 350w, https:\/\/cdn.administrace.tv\/2021\/06\/18\/small_21\/62e9d4af8890e16c25dee13080fcc0ed.jpg 800w, https:\/\/cdn.administrace.tv\/2021\/06\/18\/medium_21\/62e9d4af8890e16c25dee13080fcc0ed.jpg 1200w, https:\/\/cdn.administrace.tv\/2021\/06\/18\/hd_21\/62e9d4af8890e16c25dee13080fcc0ed.jpg 1920w\" alt=\"Ladislav Jakl, \u0159editel Centra spole\u010densk\u00fdch studi\u00ed Institutu V\u00e1clava Klause\" width=\"352\" height=\"176\" data-srcset=\"https:\/\/cdn.administrace.tv\/2021\/06\/18\/mini_21\/62e9d4af8890e16c25dee13080fcc0ed.jpg 350w, https:\/\/cdn.administrace.tv\/2021\/06\/18\/small_21\/62e9d4af8890e16c25dee13080fcc0ed.jpg 800w, https:\/\/cdn.administrace.tv\/2021\/06\/18\/medium_21\/62e9d4af8890e16c25dee13080fcc0ed.jpg 1200w, https:\/\/cdn.administrace.tv\/2021\/06\/18\/hd_21\/62e9d4af8890e16c25dee13080fcc0ed.jpg 1920w\" data-loaded=\"true\"><\/a><i class=\"icon i-image-info i-blue\"><\/i><\/p>\n<div class=\"image-caption\">Ladislav Jakl, \u0159editel Centra spole\u010densk\u00fdch studi\u00ed Institutu V\u00e1clava Klause<br \/>\nZdroj: CNN Prima NEWS<\/div>\n<\/div>\n<p>Odm\u00edtl, \u017ee by Havel zast\u00e1val stejnou ideu o svobod\u011b ve spole\u010dnosti. \u201eOdjak\u017eiva se vymezoval v\u016f\u010di soukrom\u00e9mu vlastnictv\u00ed a soukrom\u00e9 iniciativ\u011b. M\u011bl sv\u00e9 ideje o spole\u010dnosti \u0159\u00edzen\u00e9 a regulovan\u00e9, vych\u00e1z\u00ed to i ze v\u0161ech jeho projev\u016f,\u201c pokra\u010doval Jakl. I p\u0159es r\u016fzn\u00e9 pohledy na sv\u011bt ale dok\u00e1zali oba politici spolupracovat v z\u00e1jmu \u010cesk\u00e9 republiky a ned\u011blali si \u017e\u00e1dn\u00e9 naschv\u00e1ly.<\/p>\n<p>\u201eTa ideologie byla velmi odli\u0161n\u00e1, ale nebr\u00e1nila tomu \u2013 a v tom je t\u0159eba pod\u011bkovat ob\u011bma \u2013 aby prob\u00edhala pragmatick\u00e1 spolupr\u00e1ce. Oba si byli v\u011bdomi, \u017ee nebyli Venca a Venca, ale p\u0159edstavitel\u00e9 \u00fastavn\u00edch instituc\u00ed, a \u017ee by v z\u00e1jmu zem\u011b nebylo spr\u00e1vn\u00e9 nap\u011bt\u00ed mezi nimi. Mysl\u00edm, \u017ee po jejich odchodu jsme mnohokr\u00e1t byli sv\u011bdky mnohem vyhrocen\u011bj\u0161\u00edch vztah\u016f nejvy\u0161\u0161\u00edch \u00fastavn\u00edch instituc\u00ed, ne\u017e to bylo za t\u011bchto dvou V\u00e1clav\u016f,\u201c konstatoval ve vys\u00edl\u00e1n\u00ed CNN Prima NEWS.<\/p>\n<p>https:\/\/cnn.iprima.cz\/jakl-vaclav-klaus-jako-prezident-asi-by-se-mi-to-nelibilo-prace-ma-uz-moc-27755<\/p>\n","protected":false},"excerpt":{"rendered":"<p>V\u00e1clav Klaus aktivn\u00ed politiku nepl\u00e1nuje, u\u017e tak m\u00e1 p\u0159\u00edli\u0161 hodn\u011b pr\u00e1ce a m\u011bl by naopak zvolnit. Mysl\u00ed si to Ladislav Jakl, jeho letit\u00fd spolupracovn\u00edk a sou\u010dasn\u00fd \u0159editel Centra spole\u010densk\u00fdch studi\u00ed Institutu V\u00e1clava Klause. P\u0159edstava, \u017ee by se exprezident znovu stal hlavou \u010desk\u00e9ho st\u00e1tu, by se mu \u201easi moc nel\u00edbila\u201c, \u0159ekl v po\u0159adu K v\u011bci na [&hellip;]<\/p>\n","protected":false},"author":1,"featured_media":0,"comment_status":"open","ping_status":"open","sticky":false,"template":"","format":"standard","meta":{"ngg_post_thumbnail":0,"footnotes":""},"categories":[11,13,12],"tags":[],"class_list":["post-12043","post","type-post","status-publish","format-standard","hentry","category-ozvena","category-rozhovory","category-video"],"_links":{"self":[{"href":"https:\/\/www.ladislavjakl.cz\/index.php?rest_route=\/wp\/v2\/posts\/12043","targetHints":{"allow":["GET"]}}],"collection":[{"href":"https:\/\/www.ladislavjakl.cz\/index.php?rest_route=\/wp\/v2\/posts"}],"about":[{"href":"https:\/\/www.ladislavjakl.cz\/index.php?rest_route=\/wp\/v2\/types\/post"}],"author":[{"embeddable":true,"href":"https:\/\/www.ladislavjakl.cz\/index.php?rest_route=\/wp\/v2\/users\/1"}],"replies":[{"embeddable":true,"href":"https:\/\/www.ladislavjakl.cz\/index.php?rest_route=%2Fwp%2Fv2%2Fcomments&post=12043"}],"version-history":[{"count":1,"href":"https:\/\/www.ladislavjakl.cz\/index.php?rest_route=\/wp\/v2\/posts\/12043\/revisions"}],"predecessor-version":[{"id":12044,"href":"https:\/\/www.ladislavjakl.cz\/index.php?rest_route=\/wp\/v2\/posts\/12043\/revisions\/12044"}],"wp:attachment":[{"href":"https:\/\/www.ladislavjakl.cz\/index.php?rest_route=%2Fwp%2Fv2%2Fmedia&parent=12043"}],"wp:term":[{"taxonomy":"category","embeddable":true,"href":"https:\/\/www.ladislavjakl.cz\/index.php?rest_route=%2Fwp%2Fv2%2Fcategories&post=12043"},{"taxonomy":"post_tag","embeddable":true,"href":"https:\/\/www.ladislavjakl.cz\/index.php?rest_route=%2Fwp%2Fv2%2Ftags&post=12043"}],"curies":[{"name":"wp","href":"https:\/\/api.w.org\/{rel}","templated":true}]}}