{"id":12046,"date":"2021-07-02T13:57:48","date_gmt":"2021-07-02T11:57:48","guid":{"rendered":"http:\/\/www.ladislavjakl.cz\/?p=12046"},"modified":"2021-07-02T13:57:48","modified_gmt":"2021-07-02T11:57:48","slug":"tiskova-zprava-ze-12-zasedani-2021-konaneho-dne-29-6-2021","status":"publish","type":"post","link":"https:\/\/www.ladislavjakl.cz\/?p=12046","title":{"rendered":"Tiskov\u00e1 zpr\u00e1va ze 12. zased\u00e1n\u00ed 2021, konan\u00e9ho dne 29. 6. 2021"},"content":{"rendered":"<p>Rada pro rozhlasov\u00e9 a televizn\u00ed vys\u00edl\u00e1n\u00ed (d\u00e1le jen &#8222;Rada&#8220;) na sv\u00e9m 12. zased\u00e1n\u00ed projednala 63 bod\u016f programu. Vyhodnotila 35 st\u00ed\u017enost\u00ed div\u00e1k\u016f a poslucha\u010d\u016f, vydala 13 upozorn\u011bn\u00ed na poru\u0161en\u00ed z\u00e1kona, rozhodla o zah\u00e1jen\u00ed dvou \u0159\u00edzen\u00ed o p\u0159estupku.<\/p>\n<p><!--more--><\/p>\n<p>Rada ud\u011blila provozovateli TV Nova s.r.o. dv\u011b licence k provozov\u00e1n\u00ed televizn\u00edho vys\u00edl\u00e1n\u00ed program\u016f Nova sport 3 a Nova sport 4 \u0161\u00ed\u0159en\u00fdch prost\u0159ednictv\u00edm zvl\u00e1\u0161tn\u00edch p\u0159enosov\u00fdch syst\u00e9m\u016f.<br \/>\nNa 12. zased\u00e1n\u00ed prob\u011bhlo ve\u0159ejn\u00e9 sly\u0161en\u00ed v \u0159\u00edzen\u00ed o ud\u011blen\u00ed licence k provozov\u00e1n\u00ed rozhlasov\u00e9ho vys\u00edl\u00e1n\u00ed \u0161\u00ed\u0159en\u00e9ho prost\u0159ednictv\u00edm vys\u00edla\u010d\u016f se soubory Broumov 87,6 MHz \/ 50 W, Trutnov m\u011bsto 87,6 MHz \/ 100 W, N\u00e1chod 3 87,6 MHz \/ 50 W, Mlad\u00e1 Boleslav m\u011bsto 87,6 MHz \/ 100 W, Ji\u010d\u00edn m\u011bsto 87,6 MHz \/100 W a Liberec V 87,6 MHz \/ 200 W.<\/p>\n<p>Podrobn\u011bj\u0161\u00ed informace naleznete v p\u0159episech usnesen\u00ed Rady:<\/p>\n<p><strong>ROZHLASOV\u00c9 VYS\u00cdL\u00c1N\u00cd<\/strong><br \/>\n&#8211; Rada na ve\u0159ejn\u00e9m sly\u0161en\u00ed v \u0159\u00edzen\u00ed o ud\u011blen\u00ed licence k provozov\u00e1n\u00ed rozhlasov\u00e9ho vys\u00edl\u00e1n\u00ed \u0161\u00ed\u0159en\u00e9ho prost\u0159ednictv\u00edm vys\u00edla\u010d\u016f se soubory technick\u00fdch parametr\u016f Broumov 87,6 MHz \/ 50 W, sou\u0159adnice WGS 84: 16 19 52 \/ 50 35 15, Trutnov m\u011bsto 87,6 MHz \/ 100 W, sou\u0159adnice WGS 84: 15 54 26 \/ 50 33 23, N\u00e1chod 3 87,6 MHz \/ 50 W, sou\u0159adnice WGS 84: 16 10 02 \/ 50 24 55, Mlad\u00e1 Boleslav m\u011bsto 87,6 MHz \/ 100 W, sou\u0159adnice WGS 84: 14 54 47 \/ 50 25 26, Ji\u010d\u00edn m\u011bsto 87,6 MHz \/100 W, sou\u0159adnice WGS 84: 15 21 36 \/ 50 26 07, Liberec V 87,6 MHz \/ 200 W, sou\u0159adnice WGS 84: 15 03 17 \/ 50 46 57 projednala se \u017eadatelem ot\u00e1zky t\u00fdkaj\u00edc\u00ed se programov\u00e9 skladby navrhovan\u00e9 \u00fa\u010dastn\u00edkem licen\u010dn\u00edho \u0159\u00edzen\u00ed.<\/p>\n<p>&#8211; Rada v r\u00e1mci \u0159\u00edzen\u00ed o p\u0159estupku sp.zn. 2021\/84\/blu provedla d\u016fkaz vyslechnut\u00edm reklamy, kter\u00e1 byla odvys\u00edl\u00e1na dne 23. z\u00e1\u0159\u00ed 2020 v \u010dase 09:45:03 hod na programu R\u00c1DIO IMPULS (Praha 96,6 MHz) provozovatele LONDA spol. s r.o.- Rada vyhl\u00e1sila licen\u010dn\u00ed \u0159\u00edzen\u00ed k provozov\u00e1n\u00ed rozhlasov\u00e9ho vys\u00edl\u00e1n\u00ed prost\u0159ednictv\u00edm vys\u00edla\u010d\u016f se soubory technick\u00fdch parametr\u016f Brunt\u00e1l m\u011bsto 94,6 MHz \/ 200 W sou\u0159adnice WGS 84: 17 28 14 \/ 49 59 55, Mari\u00e1nsk\u00e9 L\u00e1zn\u011b m\u011bsto 97,2 MHz \/ 200 W sou\u0159adnice WGS 84: 12 42 32 \/ 49 56 53, Prachatice m\u011bsto 88,2 MHz \/ 100 W sou\u0159adnice WGS 84: 14 00 11 \/ 49 00 51, Litomy\u0161l Nedo\u0161\u00edn 103,7 MHz \/ 200 W sou\u0159adnice WGS 84: 16 16 45 \/ 49 53 18 se lh\u016ftou pro doru\u010den\u00ed \u017e\u00e1dost\u00ed do 29. \u010dervence 2021.<\/p>\n<p>&#8211; Rada v souladu s ustanoven\u00edm \u00a7 5 p\u00edsm. b), \u00a7 21 odst. 1 p\u00edsm. a) a d) a \u00a7 21 odst. 3 z\u00e1kona \u010d. 231\/2001 Sb., o provozov\u00e1n\u00ed rozhlasov\u00e9ho a televizn\u00edho vys\u00edl\u00e1n\u00ed a o zm\u011bn\u011b dal\u0161\u00edch z\u00e1kon\u016f, v platn\u00e9m zn\u011bn\u00ed (d\u00e1le jen \u201ez\u00e1kon \u010d. 231\/2001 Sb.\u201c), a ustanoven\u00edm \u00a7 67 a n\u00e1sl. z\u00e1kona \u010d. 500\/2004 Sb., spr\u00e1vn\u00edho \u0159\u00e1du, v platn\u00e9m zn\u011bn\u00ed (d\u00e1le jen \u201ez\u00e1kon \u010d. 500\/2004 Sb.\u201c), vydala toto rozhodnut\u00ed: Rada ud\u011bluje provozovateli AZ Media a.s., I\u010c: 256 48 837, se s\u00eddlem Palack\u00e9ho t\u0159\u00edda 908\/119, PS\u010c 612 00 Brno, souhlas se zm\u011bnou skute\u010dnost\u00ed uveden\u00fdch v \u017e\u00e1dosti o licenci k provozov\u00e1n\u00ed rozhlasov\u00e9ho vys\u00edl\u00e1n\u00ed programu ROCK MAX (licence sp. zn. 2013\/1000\/zab) podle ustanoven\u00ed \u00a7 21 odst. 1 p\u00edsm. a) a d) z\u00e1kona \u010d. 231\/2001 Sb., spo\u010d\u00edvaj\u00edc\u00ed ve zm\u011bn\u011b n\u00e1zvu programu na nov\u00fd n\u00e1zev Rock Radio a ve zm\u011bn\u011b licen\u010dn\u00edch podm\u00ednek programu, nebo\u0165 tato zm\u011bna by nevedla k neud\u011blen\u00ed licence na z\u00e1klad\u011b ve\u0159ejn\u00e9ho sly\u0161en\u00ed. Aktu\u00e1ln\u00ed a platn\u00e9 zn\u011bn\u00ed licen\u010dn\u00edch podm\u00ednek tvo\u0159\u00ed ned\u00edlnou p\u0159\u00edlohu rozhodnut\u00ed.<\/p>\n<p>&#8211; Rada v souladu s ustanoven\u00edm \u00a7 5 p\u00edsm. b), \u00a7 21 odst. 1 p\u00edsm. a) a \u00a7 21 odst. 3 z\u00e1kona \u010d. 231\/2001 Sb., o provozov\u00e1n\u00ed rozhlasov\u00e9ho a televizn\u00edho vys\u00edl\u00e1n\u00ed a o zm\u011bn\u011b dal\u0161\u00edch z\u00e1kon\u016f, v platn\u00e9m zn\u011bn\u00ed (d\u00e1le jen \u201ez\u00e1kon \u010d. 231\/2001 Sb.\u201c), a ustanoven\u00edm \u00a7 67 a n\u00e1sl. z\u00e1kona \u010d. 500\/2004 Sb., spr\u00e1vn\u00edho \u0159\u00e1du, v platn\u00e9m zn\u011bn\u00ed (d\u00e1le jen \u201ez\u00e1kon \u010d. 500\/2004 Sb.\u201c), vydala toto rozhodnut\u00ed: Rada ud\u011bluje provozovateli AZ Media a.s., I\u010c: 256 48 837, se s\u00eddlem Palack\u00e9ho t\u0159\u00edda 908\/119, PS\u010c 612 00 Brno, souhlas se zm\u011bnou skute\u010dnost\u00ed uveden\u00fdch v \u017e\u00e1dosti o licenci k provozov\u00e1n\u00ed rozhlasov\u00e9ho vys\u00edl\u00e1n\u00ed programu ROCK MAX (licence sp. zn. 2013\/784\/zab) podle ustanoven\u00ed \u00a7 21 odst. 1 p\u00edsm. a) z\u00e1kona \u010d. 231\/2001 Sb., spo\u010d\u00edvaj\u00edc\u00ed ve zm\u011bn\u011b n\u00e1zvu programu na nov\u00fd n\u00e1zev Rock Radio, nebo\u0165 tato zm\u011bna by nevedla k neud\u011blen\u00ed licence na z\u00e1klad\u011b ve\u0159ejn\u00e9ho sly\u0161en\u00ed.<\/p>\n<p>&#8211; Rada v souladu s ustanoven\u00edm \u00a7 5 p\u00edsm. b), \u00a7 21 odst. 1 p\u00edsm. a) a d) a \u00a7 21 odst. 3 z\u00e1kona \u010d. 231\/2001 Sb., o provozov\u00e1n\u00ed rozhlasov\u00e9ho a televizn\u00edho vys\u00edl\u00e1n\u00ed a o zm\u011bn\u011b dal\u0161\u00edch z\u00e1kon\u016f, v platn\u00e9m zn\u011bn\u00ed (d\u00e1le jen \u201ez\u00e1kon \u010d. 231\/2001 Sb.\u201c), a ustanoven\u00edm \u00a7 67 a n\u00e1sl. z\u00e1kona \u010d. 500\/2004 Sb., spr\u00e1vn\u00edho \u0159\u00e1du, v platn\u00e9m zn\u011bn\u00ed (d\u00e1le jen \u201ez\u00e1kon \u010d. 500\/2004 Sb.\u201c), vydala toto rozhodnut\u00ed: Rada ud\u011bluje provozovateli AZ Media a.s., I\u010c: 256 48 837, se s\u00eddlem Palack\u00e9ho t\u0159\u00edda 908\/119, PS\u010c 612 00 Brno, souhlas se zm\u011bnou skute\u010dnost\u00ed uveden\u00fdch v \u017e\u00e1dosti o licenci k provozov\u00e1n\u00ed rozhlasov\u00e9ho vys\u00edl\u00e1n\u00ed programu ROCK MAX (licence \u010d.j. Ru\/46\/99) podle ustanoven\u00ed \u00a7 21 odst. 1 p\u00edsm. a) a d) z\u00e1kona \u010d. 231\/2001 Sb., spo\u010d\u00edvaj\u00edc\u00ed ve zm\u011bn\u011b n\u00e1zvu programu na nov\u00fd n\u00e1zev Rock Radio a ve zm\u011bn\u011b licen\u010dn\u00edch podm\u00ednek programu, nebo\u0165 tato zm\u011bna by nevedla k neud\u011blen\u00ed licence na z\u00e1klad\u011b ve\u0159ejn\u00e9ho sly\u0161en\u00ed. Aktu\u00e1ln\u00ed a platn\u00e9 zn\u011bn\u00ed licen\u010dn\u00edch podm\u00ednek tvo\u0159\u00ed ned\u00edlnou p\u0159\u00edlohu rozhodnut\u00ed.<\/p>\n<p>&#8211; Rada v souladu s ustanoven\u00edm \u00a7 5 p\u00edsm. b), \u00a7 21 odst. 1 p\u00edsm. a) a \u00a7 21 odst. 3 z\u00e1kona \u010d. 231\/2001 Sb., o provozov\u00e1n\u00ed rozhlasov\u00e9ho a televizn\u00edho vys\u00edl\u00e1n\u00ed a o zm\u011bn\u011b dal\u0161\u00edch z\u00e1kon\u016f, v platn\u00e9m zn\u011bn\u00ed (d\u00e1le jen \u201ez\u00e1kon \u010d. 231\/2001 Sb.\u201c), a ustanoven\u00edm \u00a7 67 a n\u00e1sl. z\u00e1kona \u010d. 500\/2004 Sb., spr\u00e1vn\u00edho \u0159\u00e1du, v platn\u00e9m zn\u011bn\u00ed (d\u00e1le jen \u201ez\u00e1kon \u010d. 500\/2004 Sb.\u201c), vydala toto rozhodnut\u00ed: Rada ud\u011bluje provozovateli AZ Media a.s., I\u010c: 256 48 837, se s\u00eddlem Palack\u00e9ho t\u0159\u00edda 908\/119, PS\u010c 612 00 Brno, souhlas se zm\u011bnou skute\u010dnost\u00ed uveden\u00fdch v \u017e\u00e1dosti o licenci k provozov\u00e1n\u00ed rozhlasov\u00e9ho vys\u00edl\u00e1n\u00ed programu ROCK MAX (licence sp. zn. 2014\/4\/zab) podle ustanoven\u00ed \u00a7 21 odst. 1 p\u00edsm. a) z\u00e1kona \u010d. 231\/2001 Sb., spo\u010d\u00edvaj\u00edc\u00ed ve zm\u011bn\u011b n\u00e1zvu programu na nov\u00fd n\u00e1zev Rock Radio, nebo\u0165 tato zm\u011bna by nevedla k neud\u011blen\u00ed licence na z\u00e1klad\u011b ve\u0159ejn\u00e9ho sly\u0161en\u00ed.<\/p>\n<p>&#8211; Rada v souladu s ustanoven\u00edm \u00a7 5 p\u00edsm. b), \u00a7 21 odst. 1 p\u00edsm. e) a \u00a7 21 odst. 3 z\u00e1kona \u010d. 231\/2001 Sb., o provozov\u00e1n\u00ed rozhlasov\u00e9ho a televizn\u00edho vys\u00edl\u00e1n\u00ed a o zm\u011bn\u011b dal\u0161\u00edch z\u00e1kon\u016f, v platn\u00e9m zn\u011bn\u00ed (d\u00e1le jen \u201ez\u00e1kon \u010d. 231\/2001 Sb.\u201c), a ustanoven\u00edm \u00a7 67 a n\u00e1sl. z\u00e1kona \u010d. 500\/2004 Sb., spr\u00e1vn\u00edho \u0159\u00e1du, v platn\u00e9m zn\u011bn\u00ed (d\u00e1le jen \u201ez\u00e1kon \u010d. 500\/2004 Sb.\u201c), vydala toto rozhodnut\u00ed: Rada ud\u011bluje provozovateli Radio Contact Liberec spol. s r.o., I\u010c: 148 66 285, se s\u00eddlem Na Okruhu 872\/10, PS\u010c 460 01 Liberec, souhlas se zm\u011bnou skute\u010dnost\u00ed uveden\u00fdch v \u017e\u00e1dosti o licenci k provozov\u00e1n\u00ed rozhlasov\u00e9ho vys\u00edl\u00e1n\u00ed dle \u00a7 21 odst. 1 p\u00edsm. e) a \u00a7 21 odst. 3 z\u00e1kona \u010d. 231\/2001 Sb., spo\u010d\u00edvaj\u00edc\u00ed ve zm\u011bn\u011b spole\u010densk\u00e9 smlouvy spole\u010dnosti provozovatele, nebo\u0165 tato zm\u011bna by nevedla k neud\u011blen\u00ed licence na z\u00e1klad\u011b ve\u0159ejn\u00e9ho sly\u0161en\u00ed. Nov\u00e9 zn\u011bn\u00ed spole\u010densk\u00e9 smlouvy tvo\u0159\u00ed ned\u00edlnou p\u0159\u00edlohu tohoto rozhodnut\u00ed.<\/p>\n<p>&#8211; Rada na z\u00e1klad\u011b ustanoven\u00ed \u00a7 7 p\u00edsm. a) z\u00e1kona \u010d. 40\/1995 Sb., o regulaci reklamy a o zm\u011bn\u011b a dopln\u011bn\u00ed z\u00e1kona \u010d. 468\/1991 Sb., o provozov\u00e1n\u00ed rozhlasov\u00e9ho a televizn\u00edho vys\u00edl\u00e1n\u00ed, ve zn\u011bn\u00ed platn\u00fdch p\u0159edpis\u016f, (d\u00e1le jen \u201ez\u00e1kon \u010d. 40\/1995 Sb.\u201c) a podle ustanoven\u00ed \u00a7 86 odst. 1 p\u00edsm. c) z\u00e1kona \u010d. 250\/2016 Sb., o odpov\u011bdnosti za p\u0159estupky a \u0159\u00edzen\u00ed o nich, vydala toto usnesen\u00ed: Rada zastavuje \u0159\u00edzen\u00ed o p\u0159estupku s obvin\u011bnou spole\u010dnost\u00ed Eviso Czech Republic, s.r.o., I\u010c: 24202215, se s\u00eddlem Th\u00e1mova 681\/32, Karl\u00edn, 186 00 Praha 8, veden\u00e9 pro mo\u017en\u00e9 poru\u0161en\u00ed ustanoven\u00ed \u00a7 2 odst. 1 p\u00edsm. b) z\u00e1kona \u010d. 40\/1995 Sb., o regulaci reklamy, kter\u00fd zakazuje reklamu, kter\u00e1 je nekalou obchodn\u00ed praktikou, podle zvl\u00e1\u0161tn\u00edho pr\u00e1vn\u00edho p\u0159edpisu (z\u00e1kon \u010d. 634\/1992 Sb., o ochran\u011b spot\u0159ebitele), nebo\u0165 je zp\u016fsobil\u00e1 podstatn\u011b naru\u0161it ekonomick\u00e9 chov\u00e1n\u00ed spot\u0159ebitele, kter\u00e9mu je ur\u010dena, nebo kter\u00fd je jej\u00edmu p\u016fsoben\u00ed vystaven, ve vztahu k v\u00fdrobku nebo slu\u017eb\u011b, kter\u00e9ho se mohl dopustit zad\u00e1n\u00edm reklamy, kter\u00e1 byla odvys\u00edl\u00e1na dne 29. listopadu 2018 v \u010dase 07:00:32 na programu FREKVENCE 1 (Praha 102,5 MHz), nebo\u0165 sp\u00e1ch\u00e1n\u00ed skutku, o n\u011bm\u017e se vede \u0159\u00edzen\u00ed, nebylo obvin\u011bn\u00e9mu prok\u00e1z\u00e1no.<\/p>\n<p>&#8211; Rada na z\u00e1klad\u011b ustanoven\u00ed \u00a7 7 p\u00edsm. a) z\u00e1kona \u010d. 40\/1995 Sb., o regulaci reklamy a o zm\u011bn\u011b a dopln\u011bn\u00ed z\u00e1kona \u010d. 468\/1991 Sb., o provozov\u00e1n\u00ed rozhlasov\u00e9ho a televizn\u00edho vys\u00edl\u00e1n\u00ed, ve zn\u011bn\u00ed platn\u00fdch p\u0159edpis\u016f, (d\u00e1le jen \u201ez\u00e1kon \u010d. 40\/1995 Sb.\u201c) a podle ustanoven\u00ed \u00a7 86 odst. 1 p\u00edsm. c) z\u00e1kona \u010d. 250\/2016 Sb., o odpov\u011bdnosti za p\u0159estupky a \u0159\u00edzen\u00ed o nich, vydala toto usnesen\u00ed: Rada zastavuje \u0159\u00edzen\u00ed o p\u0159estupku s obvin\u011bnou spole\u010dnost\u00ed Canal + Luxembourg S.a r.l., registra\u010dn\u00ed \u010d\u00edslo: B87905 (EUID: LURCSL.B87905), se s\u00eddlem 1246 Luxembourg, 2 rue Albert Borschette, Lucembursk\u00e9 velkov\u00e9vodstv\u00ed, jako\u017eto pr\u00e1vn\u00edm n\u00e1stupcem spole\u010dnosti M7 Group SA, veden\u00e9 pro mo\u017en\u00e9 poru\u0161en\u00ed ustanoven\u00ed \u00a7 2 odst. 1 p\u00edsm. b) z\u00e1kona \u010d. 40\/1995 Sb., o regulaci reklamy, kter\u00fd zakazuje reklamu, kter\u00e1 je nekalou obchodn\u00ed praktikou, podle zvl\u00e1\u0161tn\u00edho pr\u00e1vn\u00edho p\u0159edpisu (z\u00e1kon \u010d. 634\/1992 Sb., o ochran\u011b spot\u0159ebitele), nebo\u0165 je zp\u016fsobil\u00e1 podstatn\u011b naru\u0161it ekonomick\u00e9 chov\u00e1n\u00ed spot\u0159ebitele, kter\u00e9mu je ur\u010dena, nebo kter\u00fd je jej\u00edmu p\u016fsoben\u00ed vystaven, ve vztahu k v\u00fdrobku nebo slu\u017eb\u011b, kter\u00e9ho se mohl dopustit zad\u00e1n\u00edm reklamy, kter\u00e1 byla odvys\u00edl\u00e1na dne 29. listopadu 2018 v \u010dase 07:00:32 na programu FREKVENCE 1 (Praha 102,5 MHz), nebo\u0165 sp\u00e1ch\u00e1n\u00ed skutku, o n\u011bm\u017e se vede \u0159\u00edzen\u00ed, nebylo obvin\u011bn\u00e9mu prok\u00e1z\u00e1no.<\/p>\n<p>&#8211; Rada se sezn\u00e1mila se srovn\u00e1vac\u00ed anal\u00fdzou program\u016f Hitr\u00e1dio na vybran\u00fdch souborech technick\u00fdch parametr\u016f Hitr\u00e1dio City 93.7 FM (93.7 MHz), Hitr\u00e1dio \u010cern\u00e1 Hora (92.6 MHz) a Hitr\u00e1dio Zl\u00edn (91.7 MHz) provozovatele MEDIA BOHEMIA, a.s. ze dne 4. 6. 2021, v \u010dasech od 08:00 do 09:00 hodin, od 13:00 do 14:00 hodin a od 18:00 do 19:00 hodin.<\/p>\n<p>&#8211; Rada se sezn\u00e1mila s anal\u00fdzami obchodn\u00edch sd\u011blen\u00ed odvys\u00edlan\u00fdch provozovateli MEDIA BOHEMIA a.s. (program Hitr\u00e1dio \u010cern\u00e1 Hora, Trutnov 105,3 MHz) dne 15. \u010dervna 2021, LONDA spol. s r.o. (program Rock Zone 105,9; Praha 105,9 MHz) dne 15. \u010dervna 2021, RADIO UNITED BROADCASTING s.r.o. (program SIGN\u00c1L R\u00c1DIO; Liberec m\u011bsto 94,1 MHz) dne 15. \u010dervna 2021, JUKE BOX, spol. s r.o. (program RADIO \u010cAS-FM; Olomouc 101,3 MHz) dne 15. \u010dervna 2021, MEDIA BOHEMIA a.s. (program R\u00e1dio BLAN\u00cdK; Ostrava 93,7 MHz) dne 15. \u010dervna 2021 a RADIO UNITED BROADCASTING s.r.o. (program KISS; Plze\u0148 90,0 MHz) dne 15. \u010dervna 2021.<\/p>\n<p>&#8211; Rada vy\u017e\u00e1dala od provozovatele vys\u00edl\u00e1n\u00ed, spole\u010dnosti LONDA spol. s r.o., I\u010c: 49241931, se s\u00eddlem Na p\u0159\u00edkop\u011b 859\/22, Nov\u00e9 M\u011bsto, 110 00 Praha 1, informace o zadavateli reklamy na internetov\u00fd obchod l\u00e9k\u00e1rna.cz, kter\u00e1 byla odvys\u00edl\u00e1na na programu Rock Zone 105,9 (Praha 105,9 MHz) dne 15. \u010dervna 2021 v \u010dase 07:25:29 hod.<\/p>\n<p>&#8211; Rada se sezn\u00e1mila s informacemi \u010cesk\u00e9ho telekomunika\u010dn\u00edho \u00fa\u0159adu o vyd\u00e1n\u00ed kr\u00e1tkodob\u00fdch opr\u00e1vn\u011bn\u00ed k vyu\u017e\u00edv\u00e1n\u00ed r\u00e1diov\u00fdch kmito\u010dt\u016f rozhlasov\u00e9 slu\u017eby na provoz VKV vys\u00edla\u010d\u016f.<\/p>\n<p>&#8211; Rada se sezn\u00e1mila s ozn\u00e1men\u00edm provozovatele RADIO PROGLAS s.r.o., I\u010c: 49435001, doru\u010den\u00fdm Rad\u011b dne 7. \u010dervna 2021 pod \u010d.j. RRTV\/7526\/2021-vra, spo\u010d\u00edvaj\u00edc\u00edm ve v\u00fdluk\u00e1ch vys\u00edl\u00e1n\u00ed programu Radio Proglas za m\u011bs\u00edc kv\u011bten 2021 dle uveden\u00e9ho p\u0159ehledu. Rada se sezn\u00e1mila s ozn\u00e1men\u00edm provozovatele Josefa T\u00fdce, I\u010c: 03299805, doru\u010den\u00fdm Rad\u011b dne 3. \u010dervna 2021 pod \u010d.j. RRTV\/7137\/2021-vra, spo\u010d\u00edvaj\u00edc\u00edm ve zm\u011bn\u011b n\u00e1zvu programu RADIO BLATN\u00c1 (licence sp.zn. 2019\/775\/zab a sp.zn. 2016\/687\/zab) na nov\u00fd n\u00e1zev R\u00c1DIO OTAVA dle rozhodnut\u00ed Rady o ud\u011blen\u00ed souhlasu ze dne 18. kv\u011btna 2021 (sp.zn. 2021\/376\/blu a sp.zn. 2021\/377\/blu). Rada pro rozhlasov\u00e9 a televizn\u00ed vys\u00edl\u00e1n\u00ed se sezn\u00e1mila s ozn\u00e1men\u00edm provozovatele MEDIA BOHEMIA a.s., I\u010c: 26765586, doru\u010den\u00fdm Rad\u011b dne 9. \u010dervna 2021 pod \u010d.j. RRTV\/7609\/2021-vra, o v\u00fdpadku vys\u00edl\u00e1n\u00ed programu Rock Radio (licence sp.zn. 2015\/852\/zab) \u0161\u00ed\u0159en\u00e9ho prost\u0159ednictv\u00edm vys\u00edla\u010d\u016f, a to od od 7. \u010dervna 2021 13:00 hod. do 8. \u010dervna 2021 09:00 hod. na vys\u00edla\u010d\u00edch Cheb 105,8 MHz \/ 200 W a Cheb 91,8 MHz \/ 50 W.<\/p>\n<p>&#8211; Rada se sezn\u00e1mila se st\u00ed\u017enost\u00ed \u010d. j. RRTV\/7678\/2021-vra ohledn\u011b rozhovoru s Ladislavem Du\u0161kem na \u010cRo a zp\u016fsobu, jak\u00fdm \u010cRo informuje o o\u010dkov\u00e1n\u00ed proti nemoci covid-19 na programu \u010cRo Radio\u017eurn\u00e1l. Rada se sezn\u00e1mila se st\u00ed\u017enost\u00ed na zpravodajstv\u00ed \u010cesk\u00e9ho rozhlasu o o\u010dkov\u00e1n\u00ed proti covid-19, reklamn\u00ed kampa\u0148 Ud\u011blejme te\u010dku. Rada se sezn\u00e1mila s pod\u00e1n\u00edmi \u010d. j. RRTV\/7536\/2021-vra a RRTV\/7524\/2021-vra ohledn\u011b vystoupen\u00ed V\u00e1clava Klause coby hosta v po\u0159adu Dvacet minut Radio\u017eurn\u00e1lu na programu \u010cRo Radio\u017eurn\u00e1l. Rada se sezn\u00e1mila se st\u00ed\u017enost\u00ed \u010d. j. RRTV\/7595\/2021-vra ohledn\u011b ukon\u010den\u00ed rozhovoru s V\u00e1clavem Klausem v po\u0159adu Dvacet minut Radio\u017eurn\u00e1lu na programu \u010cRo Radio\u017eurn\u00e1l. Rada se sezn\u00e1mila se st\u00ed\u017enostmi \u010d. j. RRTV\/7543\/2021-vra a RRTV\/7552\/2021-vra ohledn\u011b p\u0159\u00edstupu \u010cRo a moder\u00e1tora Vladim\u00edra Kroce k hostu V\u00e1clavu Klausovi a t\u00e9mat\u016fm s n\u00edm spjat\u00fdm v epizod\u011b po\u0159adu Dvacet minut Radio\u017eurn\u00e1lu na programu \u010cRo Radio\u017eurn\u00e1l.<\/p>\n<p>&#8211; Rada v r\u00e1mci sv\u00e9 kompetence dan\u00e9 ustanoven\u00edm \u00a7 5 p\u00edsm. a) z\u00e1kona \u010d. 231\/2001 Sb., o provozov\u00e1n\u00ed rozhlasov\u00e9ho a televizn\u00edho vys\u00edl\u00e1n\u00ed a o zm\u011bn\u011b dal\u0161\u00edch z\u00e1kon\u016f (d\u00e1le jen z\u00e1kon \u010d. 231\/2001 Sb.), rozhodla v souladu s ustanoven\u00edm \u00a7 76 odst. 1 p\u00edsm. a) z\u00e1kona \u010d. 250\/2016 Sb., o odpov\u011bdnosti za p\u0159estupky a \u0159\u00edzen\u00ed o nich, v platn\u00e9m zn\u011bn\u00ed, ohledn\u011b rozhovoru s Ladislavem Du\u0161kem na \u010cRo a zp\u016fsobu, jak\u00fdm \u010cRo informuje o o\u010dkov\u00e1n\u00ed proti nemoci covid-19 na programu \u010cRo Radio\u017eurn\u00e1l (RRTV\/7678\/2021-vra), \u017ee v\u011bc odkl\u00e1d\u00e1.<\/p>\n<p>&#8211; Rada v r\u00e1mci sv\u00e9 kompetence dan\u00e9 \u00a7 5 p\u00edsm. a) z\u00e1kona \u010d. 231\/2001 Sb., o provozov\u00e1n\u00ed rozhlasov\u00e9ho a televizn\u00edho vys\u00edl\u00e1n\u00ed a o zm\u011bn\u011b dal\u0161\u00edch z\u00e1kon\u016f, v platn\u00e9m zn\u011bn\u00ed (d\u00e1le jen \u201ez\u00e1kon \u010d. 231\/2001 Sb.\u201c) a v souladu s ustanoven\u00edm \u00a7 137 odst. 1 z\u00e1kona \u010d. 500\/2004 Sb., spr\u00e1vn\u00ed \u0159\u00e1d, (d\u00e1le jen \u201ez\u00e1kon \u010d. 500\/2004 Sb.\u201c) \u017e\u00e1d\u00e1 provozovatele vys\u00edl\u00e1n\u00ed \u010cesk\u00fd rozhlas, I\u010c 45245053, s\u00eddlem Vinohradsk\u00e1 1409\/12, Praha 2, PS\u010c 120 00, o pod\u00e1n\u00ed vysv\u011btlen\u00ed, kdy a v jak\u00fdch po\u0159adech dal v obdob\u00ed p\u011bti m\u011bs\u00edc\u016f zp\u011btn\u011b ve zpravodajstv\u00ed na sv\u00fdch programech prostor odborn\u00edk\u016fm, kte\u0159\u00ed vysv\u011btluj\u00ed rizika o\u010dkov\u00e1n\u00ed proti covid-19, hlas\u016fm, kter\u00e9 poukazuj\u00ed na negativa o\u010dkov\u00e1n\u00ed (v\u010detn\u011b potenci\u00e1ln\u00edch ni\u017e\u0161\u00edch standard\u016f p\u0159i schvalov\u00e1n\u00ed vakc\u00edn) a zpr\u00e1v\u00e1m, kter\u00e9 informuj\u00ed o v\u00e1\u017en\u00fdch d\u016fsledc\u00edch, je\u017e o\u010dkov\u00e1n\u00ed m\u011blo na jednotlivce u n\u00e1s i v zahrani\u010d\u00ed. Rada stanovuje lh\u016ftu k pod\u00e1n\u00ed vysv\u011btlen\u00ed 30 dn\u00ed ode dne doru\u010den\u00ed t\u00e9to v\u00fdzvy.<\/p>\n<p>&#8211; Rada v r\u00e1mci sv\u00e9 kompetence dan\u00e9 ustanoven\u00edm \u00a7 5 p\u00edsm. a) z\u00e1kona \u010d. 231\/2001 Sb., o provozov\u00e1n\u00ed rozhlasov\u00e9ho a televizn\u00edho vys\u00edl\u00e1n\u00ed a o zm\u011bn\u011b dal\u0161\u00edch z\u00e1kon\u016f (d\u00e1le jen z\u00e1kon \u010d. 231\/2001 Sb.), rozhodla v souladu s ustanoven\u00edm \u00a7 76 odst. 1 p\u00edsm. a) z\u00e1kona \u010d. 250\/2016 Sb., o odpov\u011bdnosti za p\u0159estupky a \u0159\u00edzen\u00ed o nich, v platn\u00e9m zn\u011bn\u00ed ohledn\u011b ukon\u010den\u00ed rozhovoru s V\u00e1clavem Klausem v po\u0159adu Dvacet minut Radio\u017eurn\u00e1lu (RRTV\/7595\/2021-vra), \u017ee v\u011bc odkl\u00e1d\u00e1.<\/p>\n<p><strong>TELEVIZN\u00cd VYS\u00cdL\u00c1N\u00cd<\/strong><br \/>\n&#8211; Rada ud\u011bluje pr\u00e1vnick\u00e9 osob\u011b TV Nova s.r.o., I\u010cO: 45800456, se s\u00eddlem K\u0159\u00ed\u017eeneck\u00e9ho n\u00e1m\u011bst\u00ed 1078\/5a, Praha, 15200, podle \u00a7 25 z\u00e1kona \u010d. 231\/2001 licenci k provozov\u00e1n\u00ed televizn\u00edho vys\u00edl\u00e1n\u00ed \u0161\u00ed\u0159en\u00e9ho prost\u0159ednictv\u00edm zvl\u00e1\u0161tn\u00edch p\u0159enosov\u00fdch syst\u00e9m\u016f na dobu 12 let, ozna\u010den\u00ed (n\u00e1zev) programu: Nova sport 3; z\u00e1kladn\u00ed programov\u00e1 specifikace: sportovn\u00ed televizn\u00ed program; \u010dasov\u00fd rozsah vys\u00edl\u00e1n\u00ed: 24 h denn\u011b; v\u00fd\u010det st\u00e1t\u016f, na jejich\u017e \u00fazem\u00ed bude vys\u00edl\u00e1n\u00ed zcela nebo p\u0159ev\u00e1\u017en\u011b sm\u011b\u0159ov\u00e1no: \u010cesk\u00e1 republika, Slovensk\u00e1 republika; hlavn\u00ed jazyk vys\u00edl\u00e1n\u00ed: \u010desk\u00fd jazyk; identifikace p\u0159enosov\u00e9ho syst\u00e9mu: vys\u00edl\u00e1n\u00ed prost\u0159ednictv\u00edm d\u00e1lkov\u00e9ho p\u0159\u00edstupu &#8211; internet; informace o p\u0159\u00edstupu k vys\u00edl\u00e1n\u00ed: Voyo.cz nebo voyo.nova.cz; v rozsahu dle \u017e\u00e1dosti doru\u010den\u00e9 dne 21. 6. 2021, RRTV\/8006\/2021-vac.<\/p>\n<p>&#8211; Rada informuje podle \u00a7 18 odst. 6 z\u00e1kona \u010d. 231\/2001 Sb., regula\u010dn\u00ed org\u00e1n \u010dlensk\u00e9ho st\u00e1tu Evropsk\u00e9 unie, na jeho\u017e \u00fazem\u00ed je televizn\u00ed vys\u00edl\u00e1n\u00ed zcela nebo p\u0159ev\u00e1\u017en\u011b sm\u011b\u0159ov\u00e1no, tj. Slovenskou republiku, o ud\u011blen\u00ed licence spole\u010dnosti TV Nova s.r.o., I\u010cO: 45800456, se s\u00eddlem K\u0159\u00ed\u017eeneck\u00e9ho n\u00e1m\u011bst\u00ed 1078\/5a, Praha, 15200, k televizn\u00edmu vys\u00edl\u00e1n\u00ed programu Nova sport 3 \u0161\u00ed\u0159en\u00e9m prost\u0159ednictv\u00edm zvl\u00e1\u0161tn\u00edch p\u0159enosov\u00fdch syst\u00e9m\u016f se z\u00e1kladn\u00ed programovou specifikac\u00ed: sportovn\u00ed televizn\u00ed program.<\/p>\n<p>&#8211; Rada ud\u011bluje pr\u00e1vnick\u00e9 osob\u011b TV Nova s.r.o., I\u010cO: 45800456, se s\u00eddlem K\u0159\u00ed\u017eeneck\u00e9ho n\u00e1m\u011bst\u00ed 1078\/5a, Praha, 15200, podle \u00a7 25 z\u00e1kona \u010d. 231\/2001 licenci k provozov\u00e1n\u00ed televizn\u00edho vys\u00edl\u00e1n\u00ed \u0161\u00ed\u0159en\u00e9ho prost\u0159ednictv\u00edm zvl\u00e1\u0161tn\u00edch p\u0159enosov\u00fdch syst\u00e9m\u016f na dobu 12 let, ozna\u010den\u00ed (n\u00e1zev) programu: Nova sport 4; z\u00e1kladn\u00ed programov\u00e1 specifikace: sportovn\u00ed televizn\u00ed program; \u010dasov\u00fd rozsah vys\u00edl\u00e1n\u00ed: 24 h denn\u011b; v\u00fd\u010det st\u00e1t\u016f, na jejich\u017e \u00fazem\u00ed bude vys\u00edl\u00e1n\u00ed zcela nebo p\u0159ev\u00e1\u017en\u011b sm\u011b\u0159ov\u00e1no: \u010cesk\u00e1 republika, Slovensk\u00e1 republika; hlavn\u00ed jazyk vys\u00edl\u00e1n\u00ed: \u010desk\u00fd jazyk; identifikace p\u0159enosov\u00e9ho syst\u00e9mu: vys\u00edl\u00e1n\u00ed prost\u0159ednictv\u00edm d\u00e1lkov\u00e9ho p\u0159\u00edstupu &#8211; internet; informace o p\u0159\u00edstupu k vys\u00edl\u00e1n\u00ed: Voyo.cz nebo voyo.nova.cz; v rozsahu dle \u017e\u00e1dosti doru\u010den\u00e9 dne 21. 6. 2021, RRTV\/8010\/2021-vac.<\/p>\n<p>&#8211; Rada informuje podle \u00a7 18 odst. 6 z\u00e1kona \u010d. 231\/2001 Sb., regula\u010dn\u00ed org\u00e1n \u010dlensk\u00e9ho st\u00e1tu Evropsk\u00e9 unie, na jeho\u017e \u00fazem\u00ed je televizn\u00ed vys\u00edl\u00e1n\u00ed zcela nebo p\u0159ev\u00e1\u017en\u011b sm\u011b\u0159ov\u00e1no, tj. Slovenskou republiku, o ud\u011blen\u00ed licence spole\u010dnosti TV Nova s.r.o., I\u010cO: 45800456, se s\u00eddlem K\u0159\u00ed\u017eeneck\u00e9ho n\u00e1m\u011bst\u00ed 1078\/5a, Praha, 15200, k televizn\u00edmu vys\u00edl\u00e1n\u00ed programu Nova sport 4 \u0161\u00ed\u0159en\u00e9m prost\u0159ednictv\u00edm zvl\u00e1\u0161tn\u00edch p\u0159enosov\u00fdch syst\u00e9m\u016f se z\u00e1kladn\u00ed programovou specifikac\u00ed: sportovn\u00ed televizn\u00ed program.<\/p>\n<p>&#8211; Rada prodlu\u017euje provozovateli ATV CZ, s.r.o., I\u010c: 276 47 234, se s\u00eddlem Olbrachtova 1980\/5, Kr\u010d, 140 00 Praha 4, podle \u00a7 12 odst. 8 z\u00e1kona \u010d. 231\/2001 Sb., dobu platnosti licence, sp. zn.: 2010\/1271\/KOZ\/ATV, \u010d.j.: KOZ\/4479\/2010, ze dne 7. prosince 2010, ve zn\u011bn\u00ed pozd\u011bj\u0161\u00edch zm\u011bn, k provozov\u00e1n\u00ed televizn\u00edho vys\u00edl\u00e1n\u00ed programu GOLF CHANNEL, \u0161\u00ed\u0159en\u00e9ho prost\u0159ednictv\u00edm kabelov\u00fdch syst\u00e9m\u016f a dru\u017eice, o dobu 12 let, tzn. do 2. ledna 2035 na z\u00e1klad\u011b \u017e\u00e1dosti doru\u010den\u00e9 dne 31. kv\u011btna 2021, \u010d.j.: RRTV\/7048\/2021-vra, ve zn\u011bn\u00ed up\u0159esn\u011bn\u00ed \u017e\u00e1dosti ze dne 17. \u010dervna 2021, \u010d.j.: RRTV\/7850\/2021-vra.<\/p>\n<p>&#8211; Rada ud\u011bluje podle ustanoven\u00ed \u00a7 21 odst. 1 p\u00edsm. e) z\u00e1k. \u010d. 231\/2001 Sb. provozovateli televizn\u00edho vys\u00edl\u00e1n\u00ed Krajsk\u00e1 nemocnice Liberec, a.s., I\u010c: 27283933, se s\u00eddlem: Husova 357\/10, Liberec I-Star\u00e9 M\u011bsto, 460 01 Liberec, souhlas se zm\u011bnou skute\u010dnost\u00ed uveden\u00fdch v \u017e\u00e1dosti o licenci sp. zn. 2016\/827\/SMU\/Kra, \u010d.j. RRTV\/3515\/2016-smu ze dne 22. listopadu 2016, spo\u010d\u00edvaj\u00edc\u00ed ve zm\u011bn\u011b stanov, a to v rozsahu pod\u00e1n\u00ed doru\u010den\u00e9ho dne 18. \u010dervna 2021 pod \u010d.j. RRTV\/7937\/2021-vra.<\/p>\n<p>&#8211; Rada se sezn\u00e1mila se \u017e\u00e1dost\u00ed provozovatele GRAPE SC, a.s., I\u010c 257 08 783, se s\u00eddlem \u0160t\u011bp\u00e1nsk\u00e1 621\/34, Nov\u00e9 M\u011bsto, 110 00 Praha 1, o prodlou\u017een\u00ed lh\u016fty pro odstran\u011bn\u00ed nedostatk\u016f \u017e\u00e1dosti o zm\u011bnu skute\u010dnost\u00ed uv\u00e1d\u011bn\u00fdch v p\u0159ihl\u00e1\u0161ce k registraci dle ustanoven\u00ed \u00a7 29 odst. 1, p\u00edsm. c) z\u00e1kona \u010d. 231\/2001 Sb., k provozov\u00e1n\u00ed p\u0159evzat\u00e9ho rozhlasov\u00e9ho a televizn\u00edho vys\u00edl\u00e1n\u00ed \u0161\u00ed\u0159en\u00e9ho prost\u0159ednictv\u00edm kabelov\u00fdch syst\u00e9m\u016f, \u010d.j.: sve\/8158\/08, sp. zn.: 2008\/1358\/sve\/GRA, ze dne 16. prosince 2008, dle \u017e\u00e1dosti ze dne 15. \u010dervna 2021, \u010d.j.: RRTV\/7792\/2021-vra.<\/p>\n<p>&#8211; Rada v souladu s ustanoven\u00edm \u00a7 39 odst. 2 z\u00e1kona \u010d. 500\/2004 Sb., prodlu\u017euje provozovateli GRAPE SC, a.s., I\u010c 257 08 783, se s\u00eddlem \u0160t\u011bp\u00e1nsk\u00e1 621\/34, Nov\u00e9 M\u011bsto, 110 00 Praha 1, lh\u016ftu pro odstran\u011bn\u00ed nedostatk\u016f \u017e\u00e1dosti o zm\u011bnu skute\u010dnost\u00ed uv\u00e1d\u011bn\u00fdch v p\u0159ihl\u00e1\u0161ce k registraci dle ustanoven\u00ed \u00a7 29 odst. 1, p\u00edsm. c) z\u00e1kona \u010d. 231\/2001 Sb., k provozov\u00e1n\u00ed p\u0159evzat\u00e9ho rozhlasov\u00e9ho a televizn\u00edho vys\u00edl\u00e1n\u00ed \u0161\u00ed\u0159en\u00e9ho prost\u0159ednictv\u00edm kabelov\u00fdch syst\u00e9m\u016f, \u010d.j.: sve\/8158\/08, sp. zn.: 2008\/1358\/sve\/GRA, ze dne 16. prosince 2008, o 30 dn\u00ed, tj. do 15. \u010dervence 2021, na z\u00e1klad\u011b \u017e\u00e1dosti doru\u010den\u00e9 dne 15. \u010dervna 2021, \u010d.j.: RRTV\/7792\/2021-vra.<\/p>\n<p>&#8211; Rada se dle ustanoven\u00ed \u00a7 29 odst. 3 z\u00e1kona \u010d. 231\/2001 Sb., sezn\u00e1mila s ozn\u00e1men\u00edm provozovatele p\u0159evzat\u00e9ho vys\u00edl\u00e1n\u00ed \u0161\u00ed\u0159en\u00e9ho prost\u0159ednictv\u00edm kabelov\u00fdch syst\u00e9m\u016f, Vodafone Czech Republic a.s., I\u010c: 257 88 001, se s\u00eddlem: n\u00e1m\u011bst\u00ed Junkov\u00fdch 2802\/2, Stod\u016flky, 155 00 Praha 5, o zm\u011bn\u011b ostatn\u00edch skute\u010dnost\u00ed uveden\u00fdch v p\u0159ihl\u00e1\u0161ce k registraci sp. zn.: RRTV\/2019\/395\/smu, \u010d.j.: RRTV\/8190\/2019-smu, ze dne 25. \u010dervna 2019, spo\u010d\u00edvaj\u00edc\u00edm v roz\u0161\u00ed\u0159en\u00ed programov\u00e9 nab\u00eddky o zahrani\u010dn\u00ed televizn\u00ed programy: Chuck TV, Lala TV a \u010desk\u00fd ve\u0159ejnopr\u00e1vn\u00ed rozhlasov\u00fd program: Radio\u017eurn\u00e1l Sport, dle ozn\u00e1men\u00ed ze dne 9. \u010dervna 2021, \u010d.j.: RRTV\/7619\/2021-vra.<\/p>\n<p>&#8211; Rada se dle ustanoven\u00ed \u00a7 29 odst. 3 z\u00e1kona \u010d. 231\/2001 Sb., sezn\u00e1mila s ozn\u00e1men\u00edm provozovatele p\u0159evzat\u00e9ho vys\u00edl\u00e1n\u00ed \u0161\u00ed\u0159en\u00e9ho prost\u0159ednictv\u00edm zvl\u00e1\u0161tn\u00edch p\u0159enosov\u00fdch syst\u00e9m\u016f, Vodafone Czech Republic a.s., I\u010c: 257 88 001, se s\u00eddlem: n\u00e1m\u011bst\u00ed Junkov\u00fdch 2802\/2, Stod\u016flky, 155 00 Praha 5, o zm\u011bn\u011b ostatn\u00edch skute\u010dnost\u00ed uveden\u00fdch v p\u0159ihl\u00e1\u0161ce k registraci sp. zn.: RRTV\/2019\/419\/smu, \u010d.j.: RRTV\/8188\/2019-smu, ze dne 25. \u010dervna 2019, spo\u010d\u00edvaj\u00edc\u00edm v roz\u0161\u00ed\u0159en\u00ed programov\u00e9 nab\u00eddky o zahrani\u010dn\u00ed televizn\u00ed programy: Chuck TV a Lala TV, dle ozn\u00e1men\u00ed ze dne 9. \u010dervna 2021, \u010d.j.: RRTV\/7619\/2021-vra.<\/p>\n<p>&#8211; Rada se dle \u00a7 29 odst. 3 z\u00e1kona \u010d. 231\/2001 Sb., sezn\u00e1mila s ozn\u00e1men\u00edm provozovatele Progress Digital s.r.o., I\u010c 294 50 420, se s\u00eddlem: Stavebn\u00ed 992\/1, Poruba, 708 00 Ostrava, o zm\u011bn\u011b skute\u010dnost\u00ed uveden\u00fdch v p\u0159ihl\u00e1\u0161ce k registraci p\u0159evzat\u00e9ho vys\u00edl\u00e1n\u00ed \u0161\u00ed\u0159en\u00e9ho prost\u0159ednictv\u00edm vys\u00edla\u010d\u016f, registrace \u010d.j.: FIA\/2607\/2013, sp. zn.: 2013\/460\/FIA\/Pro, ze dne 11. \u010dervna 2013, spo\u010d\u00edvaj\u00edc\u00ed ve zm\u011bn\u011b programov\u00e9 nab\u00eddky, a to ukon\u010den\u00ed vys\u00edl\u00e1n\u00ed \u010desk\u00fdch televizn\u00edch program\u016f: kinoSv\u011bt, REBEL 2 SLU\u0160NEJ KAN\u00c1L, regionalnitelevize.cz, LTV PLUS a \u0160L\u00c1GR TV, v rozsahu ozn\u00e1men\u00ed ze dne 9. \u010dervna 2021, \u010d.j.: RRTV\/7602\/2021-vra.<\/p>\n<p>&#8211; Rada se dle \u00a7 29 odst. 3 z\u00e1kona \u010d. 231\/2001 Sb., sezn\u00e1mila s ozn\u00e1men\u00edm provozovatele Digital Broadcasting s.r.o., I\u010c 268 39 407, se s\u00eddlem: Stavebn\u00ed 992\/1, Poruba, 708 00 Ostrava, o zm\u011bn\u011b skute\u010dnost\u00ed uveden\u00fdch v p\u0159ihl\u00e1\u0161ce k registraci p\u0159evzat\u00e9ho vys\u00edl\u00e1n\u00ed \u0161\u00ed\u0159en\u00e9ho prost\u0159ednictv\u00edm vys\u00edla\u010d\u016f, registrace \u010d.j.: zem\/2623\/2012, sp. zn.: 2012\/503\/zem\/Dig, ze dne 31. \u010dervence 2012, spo\u010d\u00edvaj\u00edc\u00ed ve zm\u011bn\u011b programov\u00e9 nab\u00eddky, a to ukon\u010den\u00ed vys\u00edl\u00e1n\u00ed \u010desk\u00fdch televizn\u00edch program\u016f: POLAR, V1, regionalnitelevize.cz, Region\u00e1ln\u00ed televize TVS, Televize ZAK (TV ZAK), Jiho\u010desk\u00e1 televize (&#8222;JTV&#8220;), Retro Music Television, dle ozn\u00e1men\u00ed ze dne 9. \u010dervna 2021, \u010d.j.: RRTV\/7603\/2021-vra.<\/p>\n<p>&#8211; Rada se dle \u00a7 29 odst. 3 z\u00e1kona \u010d. 231\/2001 Sb., sezn\u00e1mila s ozn\u00e1men\u00edm provozovatele Prague Digital TV s.r.o., I\u010c 289 91 800, se s\u00eddlem Ortenovo n\u00e1m\u011bst\u00ed 1571\/15a, Hole\u0161ovice, 170 00 Praha 7, o zm\u011bn\u011b skute\u010dnost\u00ed uveden\u00fdch v p\u0159ihl\u00e1\u0161ce k registraci p\u0159evzat\u00e9ho vys\u00edl\u00e1n\u00ed \u0161\u00ed\u0159en\u00e9ho prost\u0159ednictv\u00edm vys\u00edla\u010d\u016f, registrace \u010d.j.: sve\/4200\/2012, sp. zn.: 2012\/767\/sve\/adm, ze dne 30. \u0159\u00edjna 2012, spo\u010d\u00edvaj\u00edc\u00ed ve zm\u011bn\u011b programov\u00e9 nab\u00eddky, a to dnem 15. \u010dervna 2021 doch\u00e1z\u00ed v Region\u00e1ln\u00ed s\u00edti 4 vys\u00edlaj\u00edc\u00ed na kan\u00e1le 46 v Praze a okol\u00ed k roz\u0161\u00ed\u0159en\u00ed programov\u00e9 nab\u00eddky o zahrani\u010dn\u00ed televizn\u00ed program Disney Channel. Nad\u00e1le budou v Region\u00e1ln\u00ed s\u00edti 4 vys\u00edl\u00e1ny voln\u011b (FTA) programy Praha TV a rozhlasov\u00e9 stanice R\u00e1dio Dechovka a \u010cesk\u00fd Impuls, v rozsahu ozn\u00e1men\u00ed ze dne 15. \u010dervna 2021, \u010d.j.: RRTV\/7798\/2021-vra.<\/p>\n<p>&#8211; Rada se sezn\u00e1mila s ozn\u00e1men\u00edm provozovatele FTV Prima, spol. s r.o., I\u010c: 48115908, doru\u010den\u00fdm Rad\u011b dne 14. \u010dervna 2021 pod \u010d.j. RRTV\/7752\/2021-vra, spo\u010d\u00edvaj\u00edc\u00edm v zah\u00e1jen\u00ed vys\u00edl\u00e1n\u00ed programu Prima STAR, vys\u00edlan\u00e9ho v DVB-T2 v s\u00edti 22 (oper\u00e1tor \u010cesk\u00e9 Radiokomunikace a.s.) na z\u00e1klad\u011b rozhodnut\u00ed o ud\u011blen\u00ed licence spis. zn. RRTV\/2021\/276\/fia, \u010d.j. RRTV\/6046\/2021-fia ze dne 4. kv\u011btna 20201.<\/p>\n<p>&#8211; Rada se sezn\u00e1mila s obsahem 15. plen\u00e1rn\u00ed setk\u00e1n\u00ed Evropsk\u00e9 skupiny regul\u00e1tor\u016f pro audiovizu\u00e1ln\u00ed medi\u00e1ln\u00ed slu\u017eby.<\/p>\n<p>&#8211; Rada se sezn\u00e1mila s Pokyny Evropsk\u00e9 komise k pos\u00edlen\u00ed Kodexu z\u00e1sad boje proti dezinformac\u00edm.<\/p>\n<p>&#8211; Rada se sezn\u00e1mila s obsahem 53. plen\u00e1rn\u00edho zased\u00e1n\u00ed EPRA.<\/p>\n<p>&#8211; Rada se sezn\u00e1mila se Zpr\u00e1vou skupiny ERGA &#8222;Improving the relationships between Code of practice signatories and researchers&#8220;<\/p>\n<p>&#8211; Rada v r\u00e1mci \u0159\u00edzen\u00ed o p\u0159estupku sp.zn. RRTV\/2019\/817\/rud provedla d\u016fkaz zhl\u00e9dnut\u00edm reklamn\u00edho spotu s motivem \u201eAudisin\u201c, kter\u00fd byl odvys\u00edl\u00e1n dne 5. srpna 2019 v \u010dase od 12:53:05 hodin na programu Televize Barrandov.<\/p>\n<p>&#8211; Rada v r\u00e1mci \u0159\u00edzen\u00ed o p\u0159estupku veden\u00e9m pod sp.zn. RRTV\/2021\/382\/rud provedla d\u016fkaz zhl\u00e9dnut\u00edm po\u0159adu Tescoma s chut\u00ed odvys\u00edlan\u00e9ho dne 11. b\u0159ezna 2021 od 15:00 hodin na programu Nova Gold.<\/p>\n<p>&#8211; Rada se sezn\u00e1mila s n\u00e1sleduj\u00edc\u00edmi pod\u00e1n\u00edmi k obsahu televizn\u00edch program\u016f doru\u010den\u00fdmi od 28. kv\u011btna do 17. \u010dervna 2021: TV Nova s.r.o. \/ NOVA &#8211; Medv\u00eddek, 30. 5. 2021 od 17:20 hod; R\u016fzn\u00ed provozovatel\u00e9 \/ zpravodajstv\u00ed o o\u010dkov\u00e1n\u00ed proti covid-19, reklamn\u00ed kampa\u0148 Ud\u011blejme te\u010dku (5 pod\u00e1n\u00ed); ABC TV broadcasting s.r.o. \/ ABC TV &#8211; Luxusstore &#8211; nab\u00eddka bezkontaktn\u00edho teplom\u011bru; \u010cesk\u00e1 televize \/ \u010cT2 &#8211; Tribun\u00e1l, 25. 5. 2021 od 20:59 hod; \u010cesk\u00e1 televize \/ \u010cT sport &#8211; hlasitost obchodn\u00edch sd\u011blen\u00ed o p\u0159est\u00e1vk\u00e1ch p\u0159enos\u016f MS v hokeji (3 pod\u00e1n\u00ed); \u010cesk\u00e1 televize \/ \u010cT2 &#8211; Nedej se! &#8211; Mysliveck\u00e1 praxe a obnova krajiny, 30. 5. 2021 od 10:28 hod; \u010cesk\u00e1 televize \/ \u010cT1 &#8211; Ud\u00e1losti &#8211; Rychlej\u0161\u00ed ne\u017e z\u00e1chran\u00e1\u0159i, 25. 5. 2021 od 19:28 hod; TV Nova s.r.o. \/ NOVA &#8211; Sportovn\u00ed noviny &#8211; Dal\u0161\u00ed v\u00fdhra! Kincl soupe\u0159e ukon\u010dil ve 2. kole, 6. 6. 2021 od 20:18 hod; FTV Prima, spol. s r.o. \/ Prima &#8211; LIKE HOUSE, 2. 6. 2021 od 16:17 hod; \u010cesk\u00e1 televize \/ \u010dl\u00e1nek na webu \u010cT24 &#8211; Za boje na v\u00fdchod\u011b Ukrajiny ulo\u017eil soud uprchl\u00e9mu Martinu Kantorovi nepravomocn\u011b 20 let v\u011bzen\u00ed; \u010cesk\u00e1 televize \/ \u010cT sport &#8211; reklamy na alkohol, hazard a p\u0159\u00edpravky na pos\u00edlen\u00ed potence, 3. 6. 2021 od 21:10 hod; Seznam.cz, a.s. \/ www.stream.cz &#8211; Kokoti na ned\u011bli, 6. 6. 2021; \u010cesk\u00e1 televize \/ \u010cT1 &#8211; Ud\u00e1losti &#8211; Omezen\u00ed leteck\u00e9ho spojen\u00ed s B\u011bloruskem, 26. 5. 2021 od 19:12 hod; \u010cesk\u00e1 televize \/ video na Facebooku \u010cT24 &#8211; D\u011bti z Gazy trp\u00ed psychick\u00fdmi probl\u00e9my; Barrandov Televizn\u00ed Studio a.s. \/ Televize Barrandov &#8211; programov\u00e9 sch\u00e9ma; FTV Prima, spol. s r.o. \/ Prima MAX &#8211; upout\u00e1vka na film Vych\u00e1zej\u00edc\u00ed slunce, 10. 6. 2021 od 20:35 hod; \u010cesk\u00e1 televize \/ \u010cT24 &#8211; Studio \u010cT24 &#8211; Agrofert z\u00edskal loni na dotac\u00edch p\u0159es miliardu, 11. 6. 2021 od 12:31 hod; \u010cesk\u00e1 televize &#8211; zpravodajstv\u00ed s tematikou sv\u011btov\u00fdch velmoc\u00ed; \u010cesk\u00e1 televize \/ \u010cT1 &#8211; 168 hodin &#8211; Kdo si po\u010dk\u00e1, 18. 11. 2018 od 21:35 hod.<\/p>\n<p>&#8211; Rada v r\u00e1mci sv\u00e9 kompetence dan\u00e9 \u00a7 5 p\u00edsm. a) a f) z\u00e1kona \u010d. 231\/2001 Sb., o provozov\u00e1n\u00ed rozhlasov\u00e9ho a televizn\u00edho vys\u00edl\u00e1n\u00ed a o zm\u011bn\u011b dal\u0161\u00edch z\u00e1kon\u016f, v platn\u00e9m zn\u011bn\u00ed (d\u00e1le jen \u201ez\u00e1kon \u010d. 231\/2001 Sb.\u201c) a v souladu s ustanoven\u00edm \u00a7 137 odst. 1 z\u00e1kona \u010d. 500\/2004 Sb., spr\u00e1vn\u00ed \u0159\u00e1d, (d\u00e1le jen \u201ez\u00e1kon \u010d. 500\/2004 Sb.\u201c) \u017e\u00e1d\u00e1 provozovatele \u010cESK\u00c1 TELEVIZE, I\u010c 00027383, s\u00eddlem Na h\u0159ebenech II 1132\/4, Praha 4, PS\u010c 14700, o pod\u00e1n\u00ed vysv\u011btlen\u00ed, kdy a jak\u00fdm zp\u016fsobem ve vys\u00edl\u00e1n\u00ed programu \u010cT24 dne 29. 4. 2021 informoval o ve\u0159ejn\u00e9m shrom\u00e1\u017ed\u011bn\u00ed organizace Aliance pro rodinu, z.s. na Kl\u00e1rov\u011b, \u010d\u00edm\u017e by poskytl adekv\u00e1tn\u00ed prostor pro vyj\u00e1d\u0159en\u00ed podporovatel\u016f n\u00e1vrhu po\u017eaduj\u00edc\u00edho \u00fastavn\u00ed definici man\u017eelstv\u00ed jako svazku mu\u017ee a \u017eeny vzhledem k odvys\u00edlan\u00e9mu rozhovoru s \u0159editelem iniciativy \u201eJsme f\u00e9r\u201c Czeslawem Walkem z ve\u0159ejn\u00e9ho shrom\u00e1\u017ed\u011bn\u00ed na podporu n\u00e1vrhu uz\u00e1kon\u011bn\u00ed man\u017eelstv\u00ed pro homosexu\u00e1ly, kter\u00fd se objevil ve vys\u00edl\u00e1n\u00ed tohoto programu dne 29. 4. 2021 od 10:20 hod. Rada stanovuje lh\u016ftu k pod\u00e1n\u00ed vysv\u011btlen\u00ed 30 dn\u00ed ode dne doru\u010den\u00ed t\u00e9to v\u00fdzvy.<\/p>\n<p>&#8211; Rada v r\u00e1mci sv\u00e9 kompetence dan\u00e9 \u00a7 5 p\u00edsm. a) z\u00e1kona \u010d. 231\/2001 Sb., o provozov\u00e1n\u00ed rozhlasov\u00e9ho a televizn\u00edho vys\u00edl\u00e1n\u00ed a o zm\u011bn\u011b dal\u0161\u00edch z\u00e1kon\u016f, v platn\u00e9m zn\u011bn\u00ed (d\u00e1le jen \u201ez\u00e1kon \u010d. 231\/2001 Sb.\u201c) a v souladu s ustanoven\u00edm \u00a7 137 odst. 1 z\u00e1kona \u010d. 500\/2004 Sb., spr\u00e1vn\u00ed \u0159\u00e1d, (d\u00e1le jen \u201ez\u00e1kon \u010d. 500\/2004 Sb.\u201c) \u017e\u00e1d\u00e1 provozovatele vys\u00edl\u00e1n\u00ed \u010cesk\u00e1 televize, I\u010c: 00027383, s\u00eddlem: Kav\u010d\u00ed hory, Praha 4, PS\u010c 140 70, o pod\u00e1n\u00ed vysv\u011btlen\u00ed, kdy a v jak\u00fdch po\u0159adech v obdob\u00ed p\u011bti m\u011bs\u00edc\u016f zp\u011btn\u011b dal ve zpravodajstv\u00ed na sv\u00fdch programech prostor odborn\u00edk\u016fm, kte\u0159\u00ed vysv\u011btluj\u00ed rizika o\u010dkov\u00e1n\u00ed proti covid-19, hlas\u016fm, kter\u00e9 poukazuj\u00ed na negativa o\u010dkov\u00e1n\u00ed (v\u010detn\u011b potenci\u00e1ln\u00edch ni\u017e\u0161\u00edch standard\u016f p\u0159i schvalov\u00e1n\u00ed vakc\u00edn) a zpr\u00e1v\u00e1m, kter\u00e9 informuj\u00ed o v\u00e1\u017en\u00fdch d\u016fsledc\u00edch, je\u017e o\u010dkov\u00e1n\u00ed m\u011blo na jednotlivce u n\u00e1s i v zahrani\u010d\u00ed. Rada stanovuje lh\u016ftu k pod\u00e1n\u00ed vysv\u011btlen\u00ed 30 dn\u00ed ode dne doru\u010den\u00ed t\u00e9to v\u00fdzvy.<\/p>\n<p>&#8211; Rada v r\u00e1mci sv\u00e9 kompetence dan\u00e9 \u00a7 5 p\u00edsm. a) z\u00e1kona \u010d. 231\/2001 Sb., o provozov\u00e1n\u00ed rozhlasov\u00e9ho a televizn\u00edho vys\u00edl\u00e1n\u00ed a o zm\u011bn\u011b dal\u0161\u00edch z\u00e1kon\u016f, v platn\u00e9m zn\u011bn\u00ed (d\u00e1le jen \u201ez\u00e1kon \u010d. 231\/2001 Sb.\u201c) a v souladu s ustanoven\u00edm \u00a7 137 odst. 1 z\u00e1kona \u010d. 500\/2004 Sb., spr\u00e1vn\u00ed \u0159\u00e1d, (d\u00e1le jen \u201ez\u00e1kon \u010d. 500\/2004 Sb.\u201c) \u017e\u00e1d\u00e1 provozovatele vys\u00edl\u00e1n\u00ed TV Nova s.r.o., I\u010c 45800456, s\u00eddlem K\u0159\u00ed\u017eeneck\u00e9ho n\u00e1m. 1078\/5, Praha 5, 15200, o pod\u00e1n\u00ed vysv\u011btlen\u00ed, kdy a v jak\u00fdch po\u0159adech dal v obdob\u00ed p\u011bti m\u011bs\u00edc\u016f zp\u011btn\u011b ve zpravodajstv\u00ed na sv\u00fdch programech prostor odborn\u00edk\u016fm, kte\u0159\u00ed vysv\u011btluj\u00ed rizika o\u010dkov\u00e1n\u00ed proti covid-19, hlas\u016fm, kter\u00e9 poukazuj\u00ed na negativa o\u010dkov\u00e1n\u00ed (v\u010detn\u011b potenci\u00e1ln\u00edch ni\u017e\u0161\u00edch standard\u016f p\u0159i schvalov\u00e1n\u00ed vakc\u00edn) a zpr\u00e1v\u00e1m, kter\u00e9 informuj\u00ed o v\u00e1\u017en\u00fdch d\u016fsledc\u00edch, je\u017e o\u010dkov\u00e1n\u00ed m\u011blo na jednotlivce u n\u00e1s i v zahrani\u010d\u00ed. Rada stanovuje lh\u016ftu k pod\u00e1n\u00ed vysv\u011btlen\u00ed 30 dn\u00ed ode dne doru\u010den\u00ed t\u00e9to v\u00fdzvy.<\/p>\n<p>&#8211; Rada v r\u00e1mci sv\u00e9 kompetence dan\u00e9 \u00a7 5 p\u00edsm. a) z\u00e1kona \u010d. 231\/2001 Sb., o provozov\u00e1n\u00ed rozhlasov\u00e9ho a televizn\u00edho vys\u00edl\u00e1n\u00ed a o zm\u011bn\u011b dal\u0161\u00edch z\u00e1kon\u016f, v platn\u00e9m zn\u011bn\u00ed (d\u00e1le jen \u201ez\u00e1kon \u010d. 231\/2001 Sb.\u201c) a v souladu s ustanoven\u00edm \u00a7 137 odst. 1 z\u00e1kona \u010d. 500\/2004 Sb., spr\u00e1vn\u00ed \u0159\u00e1d, (d\u00e1le jen \u201ez\u00e1kon \u010d. 500\/2004 Sb.\u201c) \u017e\u00e1d\u00e1 provozovatele vys\u00edl\u00e1n\u00ed FTV Prima spol. s r.o., I\u010c 48115908, s\u00eddlem Vinohradsk\u00e1 3217\/167, Praha 10, PS\u010c 100 00, o pod\u00e1n\u00ed vysv\u011btlen\u00ed, kdy a v jak\u00fdch po\u0159adech dal v obdob\u00ed p\u011bti m\u011bs\u00edc\u016f zp\u011btn\u011b ve zpravodajstv\u00ed na sv\u00fdch programech prostor odborn\u00edk\u016fm, kte\u0159\u00ed vysv\u011btluj\u00ed rizika o\u010dkov\u00e1n\u00ed proti covid-19, hlas\u016fm, kter\u00e9 poukazuj\u00ed na negativa o\u010dkov\u00e1n\u00ed (v\u010detn\u011b potenci\u00e1ln\u00edch ni\u017e\u0161\u00edch standard\u016f p\u0159i schvalov\u00e1n\u00ed vakc\u00edn) a zpr\u00e1v\u00e1m, kter\u00e9 informuj\u00ed o v\u00e1\u017en\u00fdch d\u016fsledc\u00edch, je\u017e o\u010dkov\u00e1n\u00ed m\u011blo na jednotlivce u n\u00e1s i v zahrani\u010d\u00ed. Rada stanovuje lh\u016ftu k pod\u00e1n\u00ed vysv\u011btlen\u00ed 30 dn\u00ed ode dne doru\u010den\u00ed t\u00e9to v\u00fdzvy.<\/p>\n<p>&#8211; Rada v r\u00e1mci sv\u00e9 kompetence dan\u00e9 \u00a7 5 p\u00edsm. a) z\u00e1kona \u010d. 231\/2001 Sb., o provozov\u00e1n\u00ed rozhlasov\u00e9ho a televizn\u00edho vys\u00edl\u00e1n\u00ed a o zm\u011bn\u011b dal\u0161\u00edch z\u00e1kon\u016f, v platn\u00e9m zn\u011bn\u00ed (d\u00e1le jen \u201ez\u00e1kon \u010d. 231\/2001 Sb.\u201c) a v souladu s ustanoven\u00edm \u00a7 137 odst. 1 z\u00e1kona \u010d. 500\/2004 Sb., spr\u00e1vn\u00ed \u0159\u00e1d, (d\u00e1le jen \u201ez\u00e1kon \u010d. 500\/2004 Sb.\u201c) \u017e\u00e1d\u00e1 provozovatele vys\u00edl\u00e1n\u00ed Barrandov Televizn\u00ed Studio a.s., I\u010c 41693311, s\u00eddlem K\u0159\u00ed\u017eeneck\u00e9ho n\u00e1m\u011bst\u00ed 322\/5, Praha 5, PS\u010c 152 00, o pod\u00e1n\u00ed vysv\u011btlen\u00ed, kdy a v jak\u00fdch po\u0159adech dal v obdob\u00ed p\u011bti m\u011bs\u00edc\u016f zp\u011btn\u011b ve zpravodajstv\u00ed na sv\u00fdch programech prostor odborn\u00edk\u016fm, kte\u0159\u00ed vysv\u011btluj\u00ed rizika o\u010dkov\u00e1n\u00ed proti covid-19, hlas\u016fm, kter\u00e9 poukazuj\u00ed na negativa o\u010dkov\u00e1n\u00ed (v\u010detn\u011b potenci\u00e1ln\u00edch ni\u017e\u0161\u00edch standard\u016f p\u0159i schvalov\u00e1n\u00ed vakc\u00edn) a zpr\u00e1v\u00e1m, kter\u00e9 informuj\u00ed o v\u00e1\u017en\u00fdch d\u016fsledc\u00edch, je\u017e o\u010dkov\u00e1n\u00ed m\u011blo na jednotlivce u n\u00e1s i v zahrani\u010d\u00ed. Rada stanovuje lh\u016ftu k pod\u00e1n\u00ed vysv\u011btlen\u00ed 30 dn\u00ed ode dne doru\u010den\u00ed t\u00e9to v\u00fdzvy.<\/p>\n<p>&#8211; Rada jako org\u00e1n dozoru pro oblast regulace reklamy dle \u00a7 7 p\u00edsm. a) z\u00e1kona \u010d. 40\/1995 Sb., o regulaci reklamy a o zm\u011bn\u011b a dopln\u011bn\u00ed z\u00e1kona \u010d. 468\/1991 Sb., o provozov\u00e1n\u00ed rozhlasov\u00e9ho a televizn\u00edho vys\u00edl\u00e1n\u00ed, ve zn\u011bn\u00ed pozd\u011bj\u0161\u00edch p\u0159edpis\u016f (d\u00e1le jen z\u00e1kon \u010d. 40\/1995 Sb.), a na z\u00e1klad\u011b \u00a7 137 odst. 1 z\u00e1kona \u010d. 500\/2004 Sb., spr\u00e1vn\u00ed \u0159\u00e1d, \u017e\u00e1d\u00e1 spole\u010dnost LUXUSSTORE logistika s.r.o., I\u010c: 08062757, s\u00eddlem Podli\u0161ovsk\u00e1 1284, Praha 9, 198 00, o pod\u00e1n\u00ed vysv\u011btlen\u00ed k obsahu st\u00ed\u017enosti, kterou Rada obdr\u017eela, a kter\u00e1 souvisela s nab\u00eddkou bezkontaktn\u00edho teplom\u011bru v teleshoppingov\u00e9m bloku Luxusstore, odvys\u00edlanou nap\u0159. 4. 6. 2021 ve 22:00 hodin na programu ABC TV, \u010di formou injekt\u00e1\u017ee nap\u0159. 6. 6. 2021 ve 23:37 hodin na programu ABC TV. Rada zadavatele \u017e\u00e1d\u00e1 o pod\u00e1n\u00ed vysv\u011btlen\u00ed, na jak\u00fdch podkladech proklamuje nejni\u017e\u0161\u00ed cenu v \u010cesk\u00e9 republice, a k jak\u00fdm v\u00fdrobk\u016fm se tato proklamace vztahuje. Rada stanovuje lh\u016ftu k pod\u00e1n\u00ed vysv\u011btlen\u00ed 30 dn\u00ed ode dne doru\u010den\u00ed t\u00e9to v\u00fdzvy.<\/p>\n<p>&#8211; Rada v r\u00e1mci sv\u00e9 kompetence dan\u00e9 \u00a7 5 p\u00edsm. a) z\u00e1kona \u010d. 231\/2001 Sb., o provozov\u00e1n\u00ed rozhlasov\u00e9ho a televizn\u00edho vys\u00edl\u00e1n\u00ed a o zm\u011bn\u011b dal\u0161\u00edch z\u00e1kon\u016f, v platn\u00e9m zn\u011bn\u00ed (d\u00e1le jen \u201ez\u00e1kon \u010d. 231\/2001 Sb.\u201c) a v souladu s ustanoven\u00edm \u00a7 137 odst. 1 z\u00e1kona \u010d. 500\/2004 Sb., spr\u00e1vn\u00ed \u0159\u00e1d, (d\u00e1le jen \u201ez\u00e1kon \u010d. 500\/2004 Sb.\u201c) \u017e\u00e1d\u00e1 provozovatele vys\u00edl\u00e1n\u00ed \u010cesk\u00e1 televize, I\u010c: 00027383, s\u00eddlem: Kav\u010d\u00ed hory, Praha 4, PS\u010c 140 70, o pod\u00e1n\u00ed vysv\u011btlen\u00ed k report\u00e1\u017ei Mysliveck\u00e1 praxe a obnova krajiny, kter\u00e1 byla za\u0159azena v po\u0159adu Nedej se! odvys\u00edlan\u00e9m dne 30. kv\u011btna 2021 od 10:28 hodin na programu \u010cT2, resp. k ot\u00e1zce, jak\u00fdm zp\u016fsobem provozovatel zajistil vyv\u00e1\u017eenost dan\u00e9 report\u00e1\u017ee. Rada stanovuje lh\u016ftu k pod\u00e1n\u00ed vysv\u011btlen\u00ed 30 dn\u00ed ode dne doru\u010den\u00ed t\u00e9to v\u00fdzvy.<\/p>\n<p>&#8211; Rada v r\u00e1mci sv\u00e9 p\u016fsobnosti dan\u00e9 ustanoven\u00edm \u00a7 5 p\u00edsm. a) a f) a \u00a7 59 odst. 1\u20133 z\u00e1kona \u010d. 231\/2001 Sb., o provozov\u00e1n\u00ed rozhlasov\u00e9ho a televizn\u00edho vys\u00edl\u00e1n\u00ed a o zm\u011bn\u011b dal\u0161\u00edch z\u00e1kon\u016f (d\u00e1le jen \u201ez\u00e1kon \u010d. 231\/2001 Sb.\u201c), v platn\u00e9m zn\u011bn\u00ed, upozor\u0148uje provozovatele \u010cesk\u00e1 televize, I\u010c: 00027383, s\u00eddlem: Kav\u010d\u00ed hory, Praha 4, PS\u010c 140 70, na poru\u0161en\u00ed ustanoven\u00ed \u00a7 31 odst. 2 z\u00e1kona \u010d. 231\/2001 Sb., kter\u00e9ho se dopustil odvys\u00edl\u00e1n\u00edm report\u00e1\u017ee Omezen\u00ed leteck\u00e9ho spojen\u00ed s B\u011bloruskem, resp. po\u0159adu Ud\u00e1losti dne 26. kv\u011btna 2021 od 19:00 hodin na programu \u010cT1. Moder\u00e1tor v t\u00e9to report\u00e1\u017ei v souvislosti s prezidentem B\u011bloruska, Alexandrem Luka\u0161enkem, pou\u017eil ozna\u010den\u00ed samozvan\u00fd prezident. Toto ozna\u010den\u00ed m\u00e1 formu hodnot\u00edc\u00edho koment\u00e1\u0159e, kter\u00fd v\u0161ak nebyl odd\u011blen od informac\u00ed zpravodajsk\u00e9ho charakteru, jak vy\u017eaduje z\u00e1kon. Rada stanovuje lh\u016ftu k n\u00e1prav\u011b 7 dn\u00ed ode dne doru\u010den\u00ed upozorn\u011bn\u00ed.<\/p>\n<p>&#8211; Rada se sezn\u00e1mila s monitoringem obsahu vys\u00edl\u00e1n\u00ed programu AMC CHANNEL HUNGARY provozovatele AMC Networks Central Europe s. r. o. v \u00faseku 10:00-22:00 hodin dne 26. dubna 2021.<\/p>\n<p>&#8211; Rada se sezn\u00e1mila s anal\u00fdzou z\u00e1znamu vys\u00edl\u00e1n\u00ed programu HBO3 provozovatele HBO Europe, s.r.o. ze dne 26. dubna 2021 od 10:00 do 22:00 hod.<\/p>\n<p>&#8211; Rada v r\u00e1mci sv\u00e9 p\u016fsobnosti dan\u00e9 ustanoven\u00edm \u00a7 5 p\u00edsm. a) a f) a \u00a7 59 odst. 1-3 z\u00e1kona \u010d. 231\/2001 Sb., o provozov\u00e1n\u00ed rozhlasov\u00e9ho a televizn\u00edho vys\u00edl\u00e1n\u00ed a o zm\u011bn\u011b dal\u0161\u00edch z\u00e1kon\u016f (d\u00e1le jen \u201ez\u00e1kon \u010d. 231\/2001 Sb.\u201c), v platn\u00e9m zn\u011bn\u00ed, upozor\u0148uje provozovatele AMC Networks Central Europe s.r.o., I\u010c 27112501, s\u00eddlem Pob\u0159e\u017en\u00ed 620\/3, 186 00 Praha 8 &#8211; Karl\u00edn, na poru\u0161en\u00ed ustanoven\u00ed \u00a7 32 odst. 1 p\u00edsm. g) z\u00e1kona \u010d. 231\/2001 Sb., kter\u00e9ho se dopustil t\u00edm, \u017ee dne 14. prosince 2020 od 20:05 hodin na programu Film+ odvys\u00edlal po\u0159ad Na \u017eivot a na smrt, \u010d\u00edm\u017e poru\u0161il povinnost neza\u0159azovat v dob\u011b od 6.00 hodin do 22.00 hodin po\u0159ady a upout\u00e1vky, kter\u00e9 by mohly ohrozit fyzick\u00fd, psychick\u00fd nebo mravn\u00ed v\u00fdvoj d\u011bt\u00ed a mladistv\u00fdch, konkr\u00e9tn\u011b t\u00edm, \u017ee uveden\u00fd po\u0159ad obsahoval velk\u00e9 mno\u017estv\u00ed n\u00e1siln\u00fdch sc\u00e9n, kter\u00e9 maj\u00ed potenci\u00e1l vyvolat u d\u011btsk\u00e9ho div\u00e1ka psychick\u00fd ot\u0159es \u010di sn\u00ed\u017een\u00ed citlivosti p\u0159i vn\u00edm\u00e1n\u00ed n\u00e1sil\u00ed a jeho n\u00e1sledk\u016f. Neakceptovateln\u00fd obsah p\u0159edstavuje po\u0159ad jako celek s obsahem velk\u00e9ho mno\u017estv\u00ed n\u00e1sil\u00ed, rozs\u00e1hl\u00fdch a vizu\u00e1ln\u011b explicitn\u00edch pas\u00e1\u017e\u00ed bojov\u00fdch sc\u00e9n s d\u016frazem na vysok\u00fd po\u010det mrtv\u00fdch. Rada stanovuje lh\u016ftu k n\u00e1prav\u011b 7 dn\u00ed ode dne doru\u010den\u00ed upozorn\u011bn\u00ed.<\/p>\n<p>&#8211; Rada v r\u00e1mci sv\u00e9 p\u016fsobnosti dan\u00e9 ustanoven\u00edm \u00a7 5 p\u00edsm. a) a f) a \u00a7 59 odst. 1-3 z\u00e1kona \u010d. 231\/2001 Sb., o provozov\u00e1n\u00ed rozhlasov\u00e9ho a televizn\u00edho vys\u00edl\u00e1n\u00ed a o zm\u011bn\u011b dal\u0161\u00edch z\u00e1kon\u016f (d\u00e1le jen z\u00e1kon \u010d. 231\/2001 Sb.), v platn\u00e9m zn\u011bn\u00ed, upozor\u0148uje provozovatele Petr Uher, I\u010c: 67549799, J. Palacha 2522\/34, 690 02 B\u0159eclav, na poru\u0161en\u00ed \u00a7 32 odst. 1 p\u00edsm. l) z\u00e1kona \u010d. 231\/2001 Sb., kter\u00e9ho se dopustil t\u00edm, \u017ee neposkytl Rad\u011b na jej\u00ed vy\u017e\u00e1d\u00e1n\u00ed z\u00e1znam vys\u00edl\u00e1n\u00ed programu Fenix ze dn\u016f 24. b\u0159ezna 2021, 26. &#8211; 27. b\u0159ezna 2021 a 14. dubna 2021, v\u017edy v \u010dasov\u00e9m \u00faseku od 00.00 do 24.00 hodin. Rada stanovuje lh\u016ftu k n\u00e1prav\u011b, tedy k poskytnut\u00ed p\u016fvodn\u00edch z\u00e1znam\u016f, 7 dn\u00ed ode dne doru\u010den\u00ed tohoto upozorn\u011bn\u00ed. Pokud provozovatel ji\u017e z\u00e1znamy z uveden\u00e9ho data nedisponuje, lze alternativn\u011b v r\u00e1mci lh\u016fty k n\u00e1prav\u011b poskytnout z\u00e1znam vys\u00edl\u00e1n\u00ed programu Fenix ze dn\u016f 28. &#8211; 29. \u010dervna 2021 od 00.00 do 24.00 hodin.<\/p>\n<p>&#8211; Rada se sezn\u00e1mila se stanoviskem St\u00e1tn\u00edho \u00fastavu pro kontrolu l\u00e9\u010div ve v\u011bci obchodn\u00edch sd\u011blen\u00ed na produkty: Fytofontana ViroSTOP, FITCANN CBD, Panadol Novum a Golanil Junior.<\/p>\n<p>&#8211; Rada jako \u00fast\u0159edn\u00ed spr\u00e1vn\u00ed \u00fa\u0159ad v r\u00e1mci sv\u00e9 kompetence dan\u00e9 ustanoven\u00edm \u00a7 7 p\u00edsm. a) z\u00e1kona \u010d. 40\/1995 Sb., o provozov\u00e1n\u00ed rozhlasov\u00e9ho a televizn\u00edho vys\u00edl\u00e1n\u00ed a o zm\u011bn\u011b dal\u0161\u00edch z\u00e1kon\u016f (d\u00e1le jen \u201ez\u00e1kon \u010d. 231\/2001 Sb.\u201c), rozhodla v souladu s \u00a7 76 odst. 1 p\u00edsm. a) z\u00e1kona \u010d. 250\/2016 Sb., o odpov\u011bdnosti za p\u0159estupky a \u0159\u00edzen\u00ed o nich, v platn\u00e9m zn\u011bn\u00ed, ve v\u011bci mo\u017en\u00e9ho p\u0159estupku sp\u00e1chan\u00e9ho odvys\u00edl\u00e1n\u00edm reklamy Fytofontana ViroSTOP na programu CNN Prima News dne 9. 2. 2021 od 21:30:53 hodin, \u017ee v\u011bc odkl\u00e1d\u00e1.<\/p>\n<p>&#8211; Rada jako \u00fast\u0159edn\u00ed spr\u00e1vn\u00ed \u00fa\u0159ad v r\u00e1mci sv\u00e9 kompetence dan\u00e9 ustanoven\u00edm \u00a7 7 p\u00edsm. a) z\u00e1kona \u010d. 40\/1995 Sb., o provozov\u00e1n\u00ed rozhlasov\u00e9ho a televizn\u00edho vys\u00edl\u00e1n\u00ed a o zm\u011bn\u011b dal\u0161\u00edch z\u00e1kon\u016f (d\u00e1le jen \u201ez\u00e1kon \u010d. 231\/2001 Sb.\u201c), rozhodla v souladu s \u00a7 76 odst. 1 p\u00edsm. a) z\u00e1kona \u010d. 250\/2016 Sb., o odpov\u011bdnosti za p\u0159estupky a \u0159\u00edzen\u00ed o nich, v platn\u00e9m zn\u011bn\u00ed, ve v\u011bci mo\u017en\u00e9ho p\u0159estupku sp\u00e1chan\u00e9ho odvys\u00edl\u00e1n\u00edm reklamy Panadol Novum dne 18. 2. 2021 od 10:43:25 hodin na programu Nova, \u017ee v\u011bc odkl\u00e1d\u00e1.<\/p>\n<p>&#8211; Rada se sezn\u00e1mila s podan\u00fdm vysv\u011btlen\u00edm provozovatele \u010cESK\u00c1 TELEVIZE, I\u010c 00027383, s\u00eddlem Na h\u0159ebenech II 1132\/4, Praha 4, PS\u010c 14700, k obsahu zpravodajsk\u00e9ho p\u0159\u00edsp\u011bvku \u201eNovela ob\u010dansk\u00e9ho z\u00e1kon\u00edku\u201c, odvys\u00edlan\u00e9ho v r\u00e1mci po\u0159adu Ud\u00e1losti na programech \u010cT1 a \u010cT24 dne 14. b\u0159ezna 2021 od 19:00 hodin.<\/p>\n<p>&#8211; Rada coby \u00fast\u0159edn\u00ed spr\u00e1vn\u00ed \u00fa\u0159ad v r\u00e1mci sv\u00e9 p\u016fsobnosti dan\u00e9 \u00a7 5 p\u00edsm. a) a f) z\u00e1kona \u010d. 231\/2001 Sb., o provozov\u00e1n\u00ed rozhlasov\u00e9ho a televizn\u00edho vys\u00edl\u00e1n\u00ed a o zm\u011bn\u011b dal\u0161\u00edch z\u00e1kon\u016f, v platn\u00e9m zn\u011bn\u00ed (d\u00e1le jen z\u00e1kon \u010d. 231\/2001 Sb.), v souladu s ustanoven\u00edm \u00a7 78 odst. 1 z\u00e1kona \u010d. 250\/2016 Sb., z\u00e1kona o p\u0159estupc\u00edch a \u0159\u00edzen\u00edch o nich (d\u00e1le jen z\u00e1kon \u010d. 250\/2016 Sb.) rozhodla zah\u00e1jit s provozovatelem \u010cesk\u00e1 televize, I\u010c 00027383, s\u00eddlem Na h\u0159ebenech II 1132\/4, Praha 4, PS\u010c 14700 (d\u00e1le obvin\u011bn\u00fd), \u0159\u00edzen\u00ed o p\u0159estupku z moci \u00fa\u0159edn\u00ed pro mo\u017en\u00e9 poru\u0161en\u00ed ustanoven\u00ed \u00a7 31 odst. 3 z\u00e1kona \u010d. 231\/2001 Sb., kter\u00e9ho se mohl dopustit odvys\u00edl\u00e1n\u00edm zpravodajsk\u00e9ho p\u0159\u00edsp\u011bvku \u201eNovela ob\u010dansk\u00e9ho z\u00e1kon\u00edku\u201c v r\u00e1mci po\u0159adu Ud\u00e1losti na programech \u010cT1 a \u010cT24 dne 14. b\u0159ezna 2021 od 19:00 hodin, a to z n\u00e1sleduj\u00edc\u00edch d\u016fvod\u016f: p\u0159i popisu t\u00e9matu z redak\u010dn\u00ed pozice byl pou\u017eit term\u00edn \u201eman\u017eelstv\u00ed pro v\u0161echny\u201c, co\u017e je v\u00fdraz nastolen\u00fd v diskurzu iniciativou \u201eJsme f\u00e9r\u201c, kter\u00e1 se ve sporu aktivn\u011b anga\u017euje na jedn\u00e9 n\u00e1zorov\u00e9 stran\u011b a jde tedy o term\u00edn emo\u010dn\u011b z\u00e1m\u011brn\u011b p\u0159ednastaven\u00fd z pozice jedn\u00e9 n\u00e1zorov\u00e9 strany, jeho pou\u017eit\u00ed je v rozporu s pot\u0159ebou nezaujat\u00e9ho v\u011bcn\u00e9ho popisu probl\u00e9mu, nebo\u0165 ji\u017e automaticky pocitov\u011b nav\u00e1d\u00ed div\u00e1ka k p\u0159ijet\u00ed jednoho a odm\u00edtnut\u00ed druh\u00e9ho n\u00e1zoru; d\u00e1le v r\u00e1mci p\u0159\u00edsp\u011bvku zazn\u011bla informace o tom, \u017ee petici, kter\u00e1 novelu o stejnopohlavn\u00edm man\u017eelstv\u00ed podporuje, podepsalo na 140 000 lid\u00ed, a byla zaml\u010dena informace, \u017ee petici podporuj\u00edc\u00ed protin\u00e1vrh, tedy poslaneck\u00fd n\u00e1vrh po\u017eaduj\u00edc\u00ed \u00fastavn\u00ed definici man\u017eelstv\u00ed jako svazku mu\u017ee a \u017eeny, podepsalo p\u0159es 100 000 lid\u00ed; d\u00e1le byl v report\u00e1\u017ei poskytnut prostor k vyj\u00e1d\u0159en\u00ed podporovatel\u016fm novely, tj. Czeslawovi Walekovi z Iniciativy Jsme f\u00e9r a dal\u0161\u00edm dv\u011bma homosexu\u00e1ln\u00edm mu\u017e\u016fm, a nebyl poskytnut odpov\u00eddaj\u00edc\u00ed prostor k vyj\u00e1d\u0159en\u00ed zast\u00e1nc\u016fm oponentn\u00edho n\u00e1zoru; a kone\u010dn\u011b v report\u00e1\u017ei zazn\u011bla formulace \u201ea pr\u00e1v\u011b tuto definici man\u017eelstv\u00ed cht\u011bj\u00ed poslanci KDU-\u010cSL zakotvit i v Listin\u011b z\u00e1kladn\u00edch pr\u00e1v a svobod\u201c, kdy\u017e ve skute\u010dnosti spolup\u0159edkladateli n\u00e1vrhu jsou poslanci a poslankyn\u011b i z jin\u00fdch politick\u00fdch subjekt\u016f. Takov\u00fdmto zpracov\u00e1n\u00edm report\u00e1\u017ee se provozovatel mohl dopustit poru\u0161en\u00ed povinnosti zajistit, aby ve zpravodajsk\u00fdch a politicko-publicistick\u00fdch po\u0159adech bylo db\u00e1no z\u00e1sad objektivity a vyv\u00e1\u017eenosti.<br \/>\n&#8211; Rada se sezn\u00e1mila s podan\u00fdm vysv\u011btlen\u00edm provozovatele vys\u00edl\u00e1n\u00ed Jana Peterkov\u00e1, I\u010c: 16893085, bydli\u0161t\u011b: K\u0159enovice 106, 373 84 Dubn\u00e9, k obsahu z\u00e1znamu vys\u00edl\u00e1n\u00ed programu TELEVIZE NATURA ze dne 8. b\u0159ezna 2021 v \u010dasov\u00e9m \u00faseku od 10:00 do 12:00 hodin, tedy ze dvou hodin vys\u00edl\u00e1n\u00ed, kter\u00fd zap\u016fj\u010dil na p\u00edsemnou v\u00fdzvu Rady ve form\u011b sady deseti d\u00edl\u010d\u00edch z\u00e1znam\u016f v souhrnn\u00e9 d\u00e9lce 2:25:31 hodin. Konkr\u00e9tn\u011b s vysv\u011btlen\u00edm: 1) z jak\u00e9ho d\u016fvodu poskytnut\u00fd z\u00e1znam neodpov\u00edd\u00e1 po\u017eadavku na archivov\u00e1n\u00ed a poskytov\u00e1n\u00ed vy\u017e\u00e1dan\u00fdch z\u00e1znam\u016f dle \u00a7 32 odst. 1 p\u00edsm. l) z\u00e1kona \u010d. 231\/2001 Sb., o provozov\u00e1n\u00ed rozhlasov\u00e9ho a televizn\u00edho vys\u00edl\u00e1n\u00ed, jak jej vylo\u017eila Rada ve sv\u00e9m stanovisku ze dne 24. b\u0159ezna 2015, a tud\u00ed\u017e z podoby poskytnut\u00e9ho z\u00e1znamu nelze rekonstruovat, jak re\u00e1ln\u011b vys\u00edl\u00e1n\u00ed v dan\u00e9m dni a ur\u010den\u00e9m \u010dasov\u00e9m \u00faseku prob\u00edhalo; 2) jak\u00fd byl charakter programov\u00e9ho prvku uv\u00e1d\u011bn\u00e9ho s titulky \u201eProdukty a slu\u017eby\/Hygiena budoucnosti\/P\u0159\u00edrodn\u00ed cesta ke zdrav\u00ed na mikrobiologick\u00e9 \u00farovni\u201c, kter\u00fd byl obsa\u017een na poskytnut\u00e9m z\u00e1znamu, a kter\u00fd vykazoval zjevn\u00fd komer\u010dn\u00ed \u00fa\u010del, ani\u017e by bylo z\u0159ejm\u00e9, \u017ee byl jako takov\u00fd pro div\u00e1ka rozeznateln\u00fd; 3) z jak\u00e9ho d\u016fvodu mezi poskytnut\u00fdmi z\u00e1znamy nebyl z\u00e1znam po\u0159adu V\u00edra a d\u016fv\u011bra, kter\u00fd mel b\u00fdt dle dostupn\u00fdch informac\u00ed dne 8. b\u0159ezna 2021 v r\u00e1mci \u010dasov\u00e9ho \u00faseku 10.00-12.00 hod. vys\u00edl\u00e1n; 4) z jak\u00e9ho d\u016fvodu poskytnut\u00e9 z\u00e1znamy neobsahovaly logo programu.<\/p>\n<p>&#8211; Rada v r\u00e1mci sv\u00e9 p\u016fsobnosti dan\u00e9 ustanoven\u00edm \u00a7 5 p\u00edsm. a) a f) a \u00a7 59 odst. 1-3 z\u00e1kona \u010d. 231\/2001 Sb., o provozov\u00e1n\u00ed rozhlasov\u00e9ho a televizn\u00edho vys\u00edl\u00e1n\u00ed a o zm\u011bn\u011b dal\u0161\u00edch z\u00e1kon\u016f (d\u00e1le jen z\u00e1kon \u010d. 231\/2001 Sb.), v platn\u00e9m zn\u011bn\u00ed, upozor\u0148uje provozovatele Jana Peterkov\u00e1, I\u010c: 16893085, bydli\u0161t\u011b: K\u0159enovice 106, 373 84 Dubn\u00e9, na poru\u0161en\u00ed ustanoven\u00ed \u00a7 32 odst. 1 p\u00edsm. l) z\u00e1kona \u010d. 231\/2001 Sb., kter\u00e9ho se dopustil t\u00edm, \u017ee z\u00e1znamy j\u00edm provozovan\u00e9ho programu TELEVIZE NATURA ze dne 8. b\u0159ezna 2021 v \u010dasov\u00e9m \u00faseku od 10:00 do 12.00 hodin, dodan\u00e9 Rad\u011b pro \u00fa\u010dely monitoringu, nebyly z\u00e1znamy v p\u016fvodn\u00ed odvys\u00edlan\u00e9 podob\u011b. Provozovatel tak poru\u0161il povinnost uchov\u00e1vat z\u00e1znamy po dobu 30 dn\u016f ode dne jejich vys\u00edl\u00e1n\u00ed. Rada stanovuje lh\u016ftu k n\u00e1prav\u011b 7 dn\u00ed ode dne doru\u010den\u00ed tohoto upozorn\u011bn\u00ed.<\/p>\n<p>&#8211; Rada se sezn\u00e1mila s vysv\u011btlen\u00edm provozovatele TV PRODUKCE DAKR, s.r.o., \u010d.j. RRTV\/7517\/2021-vra, souvisej\u00edc\u00edm s jeho sd\u011blen\u00edm ze dne 23. 3. 2021, \u010d.j. RRTV\/4374\/2021, v n\u011bm\u017e uvedl, \u017ee v roce 2020 neza\u0159adil do vys\u00edl\u00e1n\u00ed programu TV DAKR \u017e\u00e1dnou evropskou tvorbu, a\u010dkoliv na tomto programu byla v roce 2020 za\u0159azov\u00e1na \u010desk\u00e1 d\u00edla, kter\u00e1 jsou vyhodnotiteln\u00e1 z hlediska \u00a7 42 a n\u00e1sleduj\u00edc\u00edch z\u00e1kona \u010d. 231\/2001 Sb.<\/p>\n<p>&#8211; Rada coby \u00fast\u0159edn\u00ed spr\u00e1vn\u00ed \u00fa\u0159ad v r\u00e1mci sv\u00e9 p\u016fsobnosti dan\u00e9 \u00a7 5 p\u00edsm. a) a f) z\u00e1kona \u010d. 231\/2001 Sb., o provozov\u00e1n\u00ed rozhlasov\u00e9ho a televizn\u00edho vys\u00edl\u00e1n\u00ed a o zm\u011bn\u011b dal\u0161\u00edch z\u00e1kon\u016f, v platn\u00e9m zn\u011bn\u00ed (d\u00e1le jen z\u00e1kon \u010d. 231\/2001 Sb.), v souladu s ustanoven\u00edm \u00a7 78 odst. 1 z\u00e1kona \u010d. 250\/2016 Sb., z\u00e1kona o p\u0159estupc\u00edch a \u0159\u00edzen\u00edch o nich, (d\u00e1le jen z\u00e1kon \u010d. 250\/2016 Sb.) rozhodla zah\u00e1jit s provozovatelem TV PRODUKCE DAKR, s.r.o., I\u010c 28696921, s\u00eddlem Obchodn\u00ed 41, 43401, Most &#8211; Velebudice, \u0159\u00edzen\u00ed o p\u0159estupku z moci \u00fa\u0159edn\u00ed pro mo\u017en\u00e9 poru\u0161en\u00ed \u00a7 47 odst. 1 p\u00edsm. a), b) a c) z\u00e1kona \u010d. 231\/2001 Sb., kter\u00e9ho se mohl dopustit t\u00edm, \u017ee z \u00fadaj\u016f, jimi\u017e provozovatel deklaroval data o po\u010dtu a d\u00e9lce vys\u00edlan\u00fdch evropsk\u00fdch d\u011bl v\u010detn\u011b identifikace t\u011bchto d\u011bl a jejich v\u00fdrobc\u016f, data o po\u010dtu a d\u00e9lce vys\u00edlan\u00fdch evropsk\u00fdch d\u011bl vyroben\u00fdch nez\u00e1visl\u00fdmi v\u00fdrobci, v\u010detn\u011b identifikace t\u011bchto d\u011bl a jejich v\u00fdrobc\u016f, a vys\u00edlan\u00fdch evropsk\u00fdch d\u00edlech vyroben\u00fdch nez\u00e1visl\u00fdmi v\u00fdrobci, od jejich\u017e v\u00fdroby neuplynulo v\u00edce ne\u017e 5 let, za rok 2020 na televizn\u00edm programu TV DAKR, nelze zjistit, jak\u00e9 bylo procentu\u00e1ln\u00ed zastoupen\u00ed evropsk\u00fdch d\u011bl, evropsk\u00fdch nez\u00e1visl\u00fdch d\u011bl a evropsk\u00fdch nez\u00e1visl\u00fdch d\u011bl mlad\u0161\u00edch 5 let ve vys\u00edl\u00e1n\u00ed programu TV DAKR v roce 2020.<\/p>\n<p>&#8211; Rada se sezn\u00e1mila s podan\u00fdm vysv\u011btlen\u00edm provozovatele vys\u00edl\u00e1n\u00ed O2 TV s.r.o., I\u010c 039 98 3801, se s\u00eddlem Za Brumlovkou 266\/2, Praha 4 Michle, PS\u010c 140 00, z jak\u00e9ho d\u016fvodu ozna\u010dil dne 7. \u00fanora 2021 v \u010dase od 15:54 do 21:01 hodin vys\u00edl\u00e1n\u00ed programu O2 Sport6 logem programu O2TV Fotbal.<\/p>\n<p>&#8211; Rada se sezn\u00e1mila s podan\u00fdm vysv\u011btlen\u00edm provozovatele O2 TV s.r.o., I\u010c 039 98 3801, se s\u00eddlem Za Brumlovkou 266\/2, Praha 4 Michle, PS\u010c 140 00, z jak\u00e9ho d\u016fvodu nezaslal na \u017e\u00e1dost Rady z\u00e1znam vys\u00edl\u00e1n\u00ed programu O2 Sport6 odpov\u00eddaj\u00edc\u00ed \u017e\u00e1dosti Rady \u010d. j. RRTV\/2597\/2021-bur.<\/p>\n<p>&#8211; Rada se sezn\u00e1mila s podan\u00fdm vysv\u011btlen\u00edm provozovatele vys\u00edl\u00e1n\u00ed O2 TV s.r.o., I\u010c 039 98 3801, se s\u00eddlem Za Brumlovkou 266\/2, Praha 4 Michle, PS\u010c 140 00, na z\u00e1klad\u011b jak\u00e9ho smluvn\u00edho ujedn\u00e1n\u00ed byla dne 7. \u00fanora 2021 v 15:55 hodin na programu O2 Sport4 zobrazena grafick\u00e1 sekvence informuj\u00edc\u00ed o bilanci vz\u00e1jemn\u00fdch z\u00e1pas\u016f 1.FK P\u0159\u00edbram-SK Slavia Praha, kter\u00e1 obsahovala logo Livesport.cz a v\u00fdzvu ke sta\u017een\u00ed p\u0159\u00edslu\u0161n\u00e9 aplikace.<\/p>\n<p>&#8211; Rada se sezn\u00e1mila s podan\u00fdm vysv\u011btlen\u00edm provozovatele vys\u00edl\u00e1n\u00ed O2 TV s.r.o., I\u010c 039 98 3801, se s\u00eddlem Za Brumlovkou 266\/2, Praha 4 Michle, PS\u010c 140 00, z jak\u00e9ho d\u016fvodu odvys\u00edlal dne 7. \u00fanora 2021 v \u010dase 16:55 hodin na programu O2 Sport4 sponzorsk\u00e9 ozn\u00e1men\u00ed Samsung Odyssey v r\u00e1mci reklamn\u00edho bloku.<\/p>\n<p>&#8211; Rada se sezn\u00e1mila s podan\u00fdm vysv\u011btlen\u00edm provozovatele vys\u00edl\u00e1n\u00ed O2 TV s.r.o., I\u010c 039 98 3801, se s\u00eddlem Za Brumlovkou 266\/2, Praha 4 Michle, PS\u010c 140 00, o jak\u00fd typ obchodn\u00edho sd\u011blen\u00ed se jednalo v p\u0159\u00edpad\u011b grafick\u00e9 \u00fapravy Live s\u00e1zek Fortuna, kterou byl dne 7. \u00fanora 2021 program O2 Sport4 opat\u0159en minim\u00e1ln\u011b v \u010dasov\u00e9m \u00faseku 14:00-18:00 hodin.<\/p>\n<p>&#8211; Rada v r\u00e1mci sv\u00e9 p\u016fsobnosti dan\u00e9 ustanoven\u00edm \u00a7 5 p\u00edsm. a) a f) a \u00a7 59 odst. 1-3 z\u00e1kona \u010d. 231\/2001 Sb., o provozov\u00e1n\u00ed rozhlasov\u00e9ho a televizn\u00edho vys\u00edl\u00e1n\u00ed a o zm\u011bn\u011b dal\u0161\u00edch z\u00e1kon\u016f (d\u00e1le jen \u201ez\u00e1kon \u010d. 231\/2001 Sb.\u201c), v platn\u00e9m zn\u011bn\u00ed, upozor\u0148uje provozovatele O2 TV s.r.o., I\u010c 039 98 3801, se s\u00eddlem Za Brumlovkou 266\/2, Praha 4 Michle, PS\u010c 140 00, na poru\u0161en\u00ed ustanoven\u00ed \u00a7 49 odst. 1 p\u00edsm. a) z\u00e1kona \u010d. 231\/2001 Sb., kter\u00e9ho se dopustil ve vys\u00edl\u00e1n\u00ed programu O2 Sport4 dne 7. \u00fanora 2021 v \u010dasov\u00e9m \u00faseku 14:00-18:00 hodin, kdy po celou dobu vys\u00edl\u00e1n\u00ed byl sou\u010d\u00e1st\u00ed obrazu \u017elut\u00fd r\u00e1me\u010dek s informac\u00ed o aktu\u00e1ln\u00edm s\u00e1zkov\u00e9m kurzu a n\u00e1vodem, jak p\u0159i s\u00e1zen\u00ed postupovat, kter\u00fd m\u011bl povahu p\u0159\u00edm\u00fdch v\u00fdzev k vyu\u017eit\u00ed s\u00e1zkov\u00e9 slu\u017eby: \u201eSt\u00e1hni si aplikaci Fortuna\u201c, Zaregistruj se\u201c a \u201eVsa\u010f si a u\u017eij si hru\u201c, \u201eBu\u010f ve h\u0159e cel\u00fd z\u00e1pas d\u00edky LIVE S\u00c1ZK\u00c1M od Fortuny!\u201c Dan\u00e9 sd\u011blen\u00ed tedy napl\u0148ovalo defini\u010dn\u00ed znaky reklamy, av\u0161ak ve vys\u00edl\u00e1n\u00ed nebylo rozeznateln\u00e9 jako reklama a nebylo z\u0159eteln\u011b zvukov\u011b, obrazov\u011b nebo zvukov\u011b-obrazov\u011b nebo prostorov\u00fdmi prost\u0159edky odd\u011bleno od ostatn\u00edch \u010d\u00e1st\u00ed vys\u00edl\u00e1n\u00ed. Rada stanovuje lh\u016ftu k n\u00e1prav\u011b 7 dn\u00ed ode dne doru\u010den\u00ed upozorn\u011bn\u00ed.<\/p>\n<p>&#8211; Rada v r\u00e1mci sv\u00e9 p\u016fsobnosti dan\u00e9 ustanoven\u00edm \u00a7 5 p\u00edsm. a) a f) a \u00a7 59 odst. 1-3 z\u00e1kona \u010d. 231\/2001 Sb., o provozov\u00e1n\u00ed rozhlasov\u00e9ho a televizn\u00edho vys\u00edl\u00e1n\u00ed a o zm\u011bn\u011b dal\u0161\u00edch z\u00e1kon\u016f (d\u00e1le jen \u201ez\u00e1kon \u010d. 231\/2001 Sb.\u201c), v platn\u00e9m zn\u011bn\u00ed, upozor\u0148uje provozovatele O2 TV s.r.o., I\u010c 039 98 3801, se s\u00eddlem Za Brumlovkou 266\/2, Praha 4 Michle, PS\u010c 140 00, na poru\u0161en\u00ed ustanoven\u00ed \u00a7 50 odst. 2 z\u00e1kona \u010d. 231\/2001 Sb., dle n\u011bho\u017e \u010das vyhrazen\u00fd reklam\u011b a teleshoppingov\u00fdm \u0161ot\u016fm v televizn\u00edm vys\u00edl\u00e1n\u00ed provozovatel\u016f vys\u00edl\u00e1n\u00ed nesm\u00ed p\u0159es\u00e1hnout v pr\u016fb\u011bhu 1 vys\u00edlac\u00ed hodiny 12 minut, kter\u00e9ho se provozovatel dopustil ve vys\u00edl\u00e1n\u00ed programu O2 Sport4 dne 7. \u00fanora 2021 v \u010dasov\u00e9m \u00faseku 14:00-15:00 hodin, kdy odvys\u00edlal 60 minut reklamy, \u010d\u00edm\u017e o 48 minut p\u0159ekro\u010dil p\u0159\u00edpustnou d\u00e9lku \u010dasu, kter\u00fd m\u016f\u017ee b\u00fdt v jedn\u00e9 hodin\u011b vyhrazen reklam\u011b a teleshoppingu. Rada stanovuje lh\u016ftu k n\u00e1prav\u011b 7 dn\u00ed ode dne doru\u010den\u00ed upozorn\u011bn\u00ed.<\/p>\n<p>&#8211; Rada se sezn\u00e1mila s podan\u00fdm vysv\u011btlen\u00edm provozovatele O2 TV s.r.o., I\u010c 039 98 3801, se s\u00eddlem Za Brumlovkou 266\/2, Praha 4 Michle, PS\u010c 140 00, z jak\u00e9ho d\u016fvodu nezaslal na \u017e\u00e1dost Rady z\u00e1znam vys\u00edl\u00e1n\u00ed programu O2 Sport3 odpov\u00eddaj\u00edc\u00ed \u017e\u00e1dosti Rady \u010d. j. RRTV\/2597\/2021-bur.<\/p>\n<p>&#8211; Rada v r\u00e1mci sv\u00e9 p\u016fsobnosti dan\u00e9 ustanoven\u00edm \u00a7 5 p\u00edsm. a) a f) a \u00a7 59 odst. 13 z\u00e1kona \u010d. 231\/2001 Sb., o provozov\u00e1n\u00ed rozhlasov\u00e9ho a televizn\u00edho vys\u00edl\u00e1n\u00ed a o zm\u011bn\u011b dal\u0161\u00edch z\u00e1kon\u016f (d\u00e1le jen \u201ez\u00e1kon \u010d. 231\/2001 Sb.\u201c), v platn\u00e9m zn\u011bn\u00ed, upozor\u0148uje provozovatele O2 TV s.r.o., I\u010c 039 98 3801, se s\u00eddlem Za Brumlovkou 266\/2, Praha 4 Michle, PS\u010c 140 00, na poru\u0161en\u00ed licen\u010dn\u00edch podm\u00ednek licence ze dne 21. \u010dervence 2015, \u010d. j. RRTV\/2608\/2015-zem, spis. zn. 2015\/528\/zem\/O2, k provozov\u00e1n\u00ed televizn\u00edho vys\u00edl\u00e1n\u00ed programu O2 Sport3, kter\u00e9ho se dopustil t\u00edm, \u017ee dne 7. \u00fanora 2021 minim\u00e1ln\u011b v \u010dasov\u00e9m \u00faseku od 12:00 do 15:50 hodin nebylo na programu nic vys\u00edl\u00e1no, a\u010dkoli dle platn\u00e9ho zn\u011bn\u00ed licen\u010dn\u00edch podm\u00ednek je \u010dasov\u00fd rozsah programu stanoven na 24 hodin denn\u011b. Rada stanovuje lh\u016ftu k n\u00e1prav\u011b 60 dn\u00ed ode dne doru\u010den\u00ed tohoto upozorn\u011bn\u00ed.<\/p>\n<p>&#8211; Rada se sezn\u00e1mila s podan\u00fdm vysv\u011btlen\u00edm provozovatele O2 TV s.r.o., I\u010c 039 98 3801, se s\u00eddlem Za Brumlovkou 266\/2, Praha 4 Michle, PS\u010c 140 00, na z\u00e1klad\u011b jak\u00e9ho smluvn\u00edho ujedn\u00e1n\u00ed se spole\u010dnost\u00ed Livesport Media Ltd. byly dne 7. \u00fanora 2021 odvys\u00edl\u00e1ny na programu O2 Sport3 obrazov\u00e9 sekvence obsahuj\u00edc\u00ed logo Livesport.cz a v\u00fdzva ke sta\u017een\u00ed mobiln\u00ed aplikace Livesport.cz.<\/p>\n<p>&#8211; Rada v r\u00e1mci sv\u00e9 p\u016fsobnosti dan\u00e9 ustanoven\u00edm \u00a7 5 p\u00edsm. a) a f) a \u00a7 59 odst. 1-3 z\u00e1kona \u010d. 231\/2001 Sb., o provozov\u00e1n\u00ed rozhlasov\u00e9ho a televizn\u00edho vys\u00edl\u00e1n\u00ed a o zm\u011bn\u011b dal\u0161\u00edch z\u00e1kon\u016f (d\u00e1le jen \u201ez\u00e1kon \u010d. 231\/2001 Sb.\u201c), v platn\u00e9m zn\u011bn\u00ed, upozor\u0148uje provozovatele O2 TV s.r.o., I\u010c 039 98 3801, se s\u00eddlem Za Brumlovkou 266\/2, Praha 4 Michle, PS\u010c 140 00, na poru\u0161en\u00ed ustanoven\u00ed \u00a7 49 odst. 1 p\u00edsm. a) z\u00e1kona \u010d. 231\/2001 Sb., kter\u00e9ho se dopustil ve vys\u00edl\u00e1n\u00ed programu O2 Sport3 dne 7. \u00fanora 2021 v \u010dasov\u00e9m \u00faseku 16:00 a\u017e 18:30 hodin, kdy\u017e po celou dobou bylo na obrazovce p\u0159\u00edtomn\u00e9 logo Livesport.cz, respektive odkaz na internetov\u00e9 str\u00e1nky Livesport.cz (v n\u011bkter\u00fdch \u00fasec\u00edch bylo dokonce jedin\u00fdm obsahem vys\u00edl\u00e1n\u00ed &#8211; 18:11:55-18:17:12) a rovn\u011b\u017e se zde objevovala tv\u00e1\u0159 reklamn\u00ed kampan\u011b Livesport.cz Petr \u010cech, ukazuj\u00edc\u00ed display mobiln\u00edho telefonu, na n\u011bm\u017e je viditeln\u00e1 p\u0159\u00edm\u00e1 v\u00fdzva \u201eSt\u00e1hni si na\u0161\u00ed mobiln\u00ed aplikaci na Google Play a App Store\u201c. Dan\u00e9 sd\u011blen\u00ed tedy napl\u0148ovalo defini\u010dn\u00ed znaky reklamy, av\u0161ak ve vys\u00edl\u00e1n\u00ed nebylo rozeznateln\u00e9 jako reklama a nebylo z\u0159eteln\u011b zvukov\u011b, obrazov\u011b nebo zvukov\u011b-obrazov\u011b nebo prostorov\u00fdmi prost\u0159edky odd\u011bleno od ostatn\u00edch \u010d\u00e1st\u00ed vys\u00edl\u00e1n\u00ed. Rada stanovuje lh\u016ftu k n\u00e1prav\u011b 7 dn\u00ed ode dne doru\u010den\u00ed upozorn\u011bn\u00ed.<\/p>\n<p>&#8211; Rada v r\u00e1mci sv\u00e9 p\u016fsobnosti dan\u00e9 ustanoven\u00edm \u00a7 5 p\u00edsm. a) a f) a \u00a7 59 odst. 1-3 z\u00e1kona \u010d. 231\/2001 Sb., o provozov\u00e1n\u00ed rozhlasov\u00e9ho a televizn\u00edho vys\u00edl\u00e1n\u00ed a o zm\u011bn\u011b dal\u0161\u00edch z\u00e1kon\u016f (d\u00e1le jen \u201ez\u00e1kon \u010d. 231\/2001 Sb.\u201c), v platn\u00e9m zn\u011bn\u00ed, upozor\u0148uje provozovatele O2 TV s.r.o., I\u010c 039 98 3801, se s\u00eddlem Za Brumlovkou 266\/2, Praha 4 Michle, PS\u010c 140 00, na poru\u0161en\u00ed ustanoven\u00ed \u00a7 50 odst. 2 z\u00e1kona \u010d. 231\/2001 Sb., dle n\u011bho\u017e \u010das vyhrazen\u00fd reklam\u011b a teleshoppingov\u00fdm \u0161ot\u016fm v televizn\u00edm vys\u00edl\u00e1n\u00ed provozovatel\u016f vys\u00edl\u00e1n\u00ed nesm\u00ed p\u0159es\u00e1hnout v pr\u016fb\u011bhu 1 vys\u00edlac\u00ed hodiny 12 minut, kter\u00e9ho se provozovatel dopustil ve vys\u00edl\u00e1n\u00ed programu O2 Sport3 dne 7. \u00fanora 2021 v \u010dasov\u00e9m \u00faseku 16:00-17:00 hodin, kdy odvys\u00edlal 60 minut reklamy, \u010d\u00edm\u017e o 48 minut p\u0159ekro\u010dil p\u0159\u00edpustnou d\u00e9lku \u010dasu, kter\u00fd m\u016f\u017ee b\u00fdt v jedn\u00e9 hodin\u011b vyhrazen reklam\u011b a teleshoppingu. Rada stanovuje lh\u016ftu k n\u00e1prav\u011b 7 dn\u00ed ode dne doru\u010den\u00ed upozorn\u011bn\u00ed.<\/p>\n<p>&#8211; Rada se sezn\u00e1mila s podan\u00fdm vysv\u011btlen\u00edm provozovatele vys\u00edl\u00e1n\u00ed O2 TV s.r.o., I\u010c 039 98 3801, se s\u00eddlem Za Brumlovkou 266\/2, Praha 4 Michle, PS\u010c 140 00, zda se v p\u0159\u00edpad\u011b sponzorsk\u00e9ho ozn\u00e1men\u00ed AAA Auto, odvys\u00edlan\u00e9ho dne 7. \u00fanora 2021 v 15:28 hodin na programu O2 Sport, v 15:57 hodin na programu O2 Sport2, v 15:28 a 16:56 hodin na programu O2 Sport4, v 15:57 hodin na programu O2 Sport5 a v 19:24 hodin na programu O2 Sport6, jednalo o sponzora programu, \u010di po\u0159adu.<\/p>\n<p>&#8211; Rada se sezn\u00e1mila s podan\u00fdm vysv\u011btlen\u00edm vys\u00edl\u00e1n\u00ed provozovatele vys\u00edl\u00e1n\u00ed O2 TV s.r.o., I\u010c 039 98 3801, se s\u00eddlem Za Brumlovkou 266\/2, Praha 4 Michle, PS\u010c 140 00, o jak\u00fd typ obchodn\u00edho sd\u011blen\u00ed se jednalo v p\u0159\u00edpad\u011b grafiky odvys\u00edlan\u00e9 dne 7. \u00fanora 2021 v \u010dase 16:02 na programu O2 Sport, kter\u00e1 informovala o s\u00e1zkov\u00fdch kurzech spole\u010dnosti Fortuna na dan\u00fd z\u00e1pas, p\u0159i\u010dem\u017e obsahovala v\u00fdzvu \u201eVSA\u010e SI\u201c.<\/p>\n<p>&#8211; Rada se sezn\u00e1mila s reakc\u00ed provozovatele O2 TV s.r.o., I\u010c 039 98 3801, se s\u00eddlem Za Brumlovkou 266\/2, Praha 4 Michle, PS\u010c 140 00, na ulo\u017een\u00e9 upozorn\u011bn\u00ed na poru\u0161en\u00ed ustanoven\u00ed \u00a7 53 odst. 5 z\u00e1kona \u010d. 231\/2001 Sb., kter\u00e9ho se dopustil odvys\u00edl\u00e1n\u00edm ozn\u00e1men\u00ed sponzora programu ATT INVESTMENTS dne 11. \u00fanora 2021 v 13:04 a 14:50 hodin na programu O2TV Fotbal, je\u017e postr\u00e1dalo z\u0159eteln\u00e9 ozna\u010den\u00ed jm\u00e9na nebo n\u00e1zvu sponzora a neuv\u00e1d\u011blo hlavn\u00ed p\u0159edm\u011bt jeho \u010dinnosti.<\/p>\n<p>&#8211; Rada se sezn\u00e1mila s reakc\u00ed provozovatele O2 TV s.r.o., I\u010c 039 98 3801, se s\u00eddlem Za Brumlovkou 266\/2, Praha 4 Michle, PS\u010c 140 00, na ulo\u017een\u00e9 upozorn\u011bn\u00ed na poru\u0161en\u00ed ustanoven\u00ed \u00a7 49 odst. 1 p\u00edsm. c) z\u00e1kona \u010d. 231\/2001 Sb., jeho\u017e se dopustil odvys\u00edl\u00e1n\u00edm ozn\u00e1men\u00ed sponzora po\u0159adu Clavin Collection dne 7. \u00fanora 2021 v 16:36 a 17:51 hodin na programu O2 Sport4 a 18:57 a 19:58 hodin na programu O2 Sport6 a dne 11. \u00fanora 2021 v 12:21 hodin na programu O2TV Fotbal.<\/p>\n<p>&#8211; Rada se sezn\u00e1mila s vysv\u011btlen\u00edm provozovatele Jiho\u010desk\u00e1 telekomunika\u010dn\u00ed s.r.o (\u010d.j . RRTV\/7511\/2021-vra) na \u017e\u00e1dost Rady, \u010d.j. RRTV\/5625\/2021-loj, o pod\u00e1n\u00ed vysv\u011btlen\u00ed, jak\u00fdm zp\u016fsobem div\u00e1k\u016fm programu Da\u010dick\u00e1 televize umo\u017e\u0148uje snadn\u00fd, p\u0159\u00edm\u00fd a trval\u00fd p\u0159\u00edstup k informac\u00edm dle \u00a7 32 odst. 7 p\u00edsm. a) &#8211; c) z\u00e1kona \u010d. 231\/2001 Sb.<\/p>\n<p>&#8211; Rada v r\u00e1mci sv\u00e9 p\u016fsobnosti dan\u00e9 ustanoven\u00edm \u00a7 5 p\u00edsm. a) a f) a \u00a7 59 odst. 1-3 z\u00e1kona \u010d. 231\/2001 Sb., o provozov\u00e1n\u00ed rozhlasov\u00e9ho a televizn\u00edho vys\u00edl\u00e1n\u00ed a o zm\u011bn\u011b dal\u0161\u00edch z\u00e1kon\u016f (d\u00e1le jen z\u00e1kon \u010d. 231\/2001 Sb.), v platn\u00e9m zn\u011bn\u00ed, upozor\u0148uje provozovatele Jiho\u010desk\u00e1 telekomunika\u010dn\u00ed s.r.o., I\u010c 24311243, s\u00eddlem s\u00eddl. Vajgar 585, Jind\u0159ich\u016fv Hradec, PS\u010c 37701, na poru\u0161en\u00ed ustanoven\u00ed \u00a7 32 odst. 7 p\u00edsm. a) &#8211; c) z\u00e1kona \u010d. 231\/2001 Sb., kter\u00e9ho se dopustil t\u00edm, \u017ee neumo\u017e\u0148uje div\u00e1k\u016fm programu Da\u010dick\u00e1 televize snadn\u00fd a p\u0159\u00edm\u00fd p\u0159\u00edstup k z\u00e1kladn\u00edm \u00fadaj\u016fm o provozovateli televizn\u00edho vys\u00edl\u00e1n\u00ed, jimi\u017e jsou n\u00e1zev nebo jm\u00e9no a identifika\u010dn\u00ed \u010d\u00edslo, bylo-li p\u0159id\u011bleno, adresa s\u00eddla v p\u0159\u00edpad\u011b pr\u00e1vnick\u00e9 osoby nebo bydli\u0161t\u011b v p\u0159\u00edpad\u011b fyzick\u00e9 osoby a u zahrani\u010dn\u00ed osoby rovn\u011b\u017e adresa podniku nebo organiza\u010dn\u00ed slo\u017eky na \u00fazem\u00ed \u010cesk\u00e9 republiky, byly-li z\u0159\u00edzeny, \u00fadaj\u016fm, kter\u00e9 umo\u017e\u0148uj\u00ed rychl\u00e9, p\u0159\u00edm\u00e9 a \u00fa\u010dinn\u00e9 nav\u00e1z\u00e1n\u00ed kontaktu s provozovatelem televizn\u00edho vys\u00edl\u00e1n\u00ed, zejm\u00e9na k po\u0161tovn\u00ed adrese pro doru\u010dov\u00e1n\u00ed, telefonn\u00edmu \u010d\u00edslu, pop\u0159\u00edpad\u011b k adrese pro doru\u010dov\u00e1n\u00ed elektronick\u00e9 po\u0161ty, a informaci o tom, \u017ee org\u00e1nem dohledu nad provozov\u00e1n\u00edm televizn\u00edho vys\u00edl\u00e1n\u00ed je Rada. Rada stanovuje lh\u016ftu k n\u00e1prav\u011b 30 dn\u016f ode dne doru\u010den\u00ed tohoto upozorn\u011bn\u00ed.<\/p>\n<p>&#8211; Rada se sezn\u00e1mila s vysv\u011btlen\u00edm provozovatele Jiho\u010desk\u00e1 telekomunika\u010dn\u00ed s.r.o., \u010d.j. RRTV\/7511\/2021-vra, zda v souladu s podm\u00ednkami licence (licence ud\u011blen\u00e1 rozhodnut\u00edm Rady \u010d. j. FIA\/3372\/2013 ze dne 30. \u010dervence 2013, sp. zn. 2013\/585\/FIA\/Jih) sest\u00e1v\u00e1 vys\u00edl\u00e1n\u00ed programu Da\u010dick\u00e1 televize ze dvou st\u0159\u00eddaj\u00edc\u00edch se smy\u010dek o stop\u00e1\u017ei 60 minut, a zda denn\u011b aktualizuje zpravodajskou \u010d\u00e1st vys\u00edl\u00e1n\u00ed programu, resp. z jak\u00e9ho d\u016fvodu ve dnech 7. a 8. \u00fanora 2021 v \u010dasov\u00e9m \u00faseku od 00:00 do 24:00 hodin vys\u00edlal pouze jedinou 60minutovou smy\u010dku a neza\u0159adil \u017e\u00e1dn\u00e9 aktu\u00e1ln\u00ed zpravodajsk\u00e9 report\u00e1\u017ee z p\u0159\u00edslu\u0161n\u00fdch dn\u016f.<\/p>\n<p>&#8211; Rada v r\u00e1mci sv\u00e9 p\u016fsobnosti dan\u00e9 ustanoven\u00edm \u00a7 5 p\u00edsm. a) a f) a \u00a7 59 odst. 1-3 z\u00e1kona \u010d. 231\/2001 Sb., o provozov\u00e1n\u00ed rozhlasov\u00e9ho a televizn\u00edho vys\u00edl\u00e1n\u00ed a o zm\u011bn\u011b dal\u0161\u00edch z\u00e1kon\u016f (d\u00e1le jen z\u00e1kon \u010d. 231\/2001 Sb.), v platn\u00e9m zn\u011bn\u00ed, upozor\u0148uje provozovatele Jiho\u010desk\u00e1 telekomunika\u010dn\u00ed s.r.o., I\u010c 24311243, s\u00eddlem s\u00eddl. Vajgar 585, Jind\u0159ich\u016fv Hradec, PS\u010c 37701, na poru\u0161en\u00ed licen\u010dn\u00edch podm\u00ednek, kter\u00e9ho se dopustil t\u00edm, \u017ee 7. a 8. \u00fanora 2021 v \u010dasov\u00e9m \u00faseku od 00:00 do 24:00 hodin vys\u00edlal pouze jedinou 60minutovou smy\u010dku a neza\u0159adil \u017e\u00e1dn\u00e9 aktu\u00e1ln\u00ed zpravodajsk\u00e9 report\u00e1\u017ee z p\u0159\u00edslu\u0161n\u00fdch dn\u016f, p\u0159esto\u017ee dle podm\u00ednek licence m\u00e1 sest\u00e1vat vys\u00edl\u00e1n\u00ed programu Da\u010dick\u00e1 televize ze dvou st\u0159\u00eddaj\u00edc\u00edch se smy\u010dek o stop\u00e1\u017ei 60 minut a zpravodajsk\u00e1 \u010d\u00e1st vys\u00edl\u00e1n\u00ed m\u00e1 b\u00fdt denn\u011b aktualizov\u00e1na. Rada stanovuje lh\u016ftu k n\u00e1prav\u011b 60 dn\u00ed ode dne doru\u010den\u00ed tohoto upozorn\u011bn\u00ed.<\/p>\n<p>&#8211; Rada se sezn\u00e1mila s vysv\u011btlen\u00edm provozovatele Jiho\u010desk\u00e1 telekomunika\u010dn\u00ed s.r.o., \u010d.j. RRTV\/7511\/2021-vra, z jak\u00e9ho d\u016fvodu neposkytl Rad\u011b na jej\u00ed vy\u017e\u00e1d\u00e1n\u00ed (\u017e\u00e1dost \u010d. j. RRTV\/2596\/2021-bur) z\u00e1znam vys\u00edl\u00e1n\u00ed programu T\u0159ebo\u0148sk\u00e1 l\u00e1ze\u0148sk\u00e1 televize ze dn\u016f 7. &#8211; 8. \u00fanora 2021 v \u010dasov\u00e9m \u00faseku od 00:00 do 24:00 hodin.<\/p>\n<p>&#8211; Rada v r\u00e1mci sv\u00e9 p\u016fsobnosti dan\u00e9 ustanoven\u00edm \u00a7 5 p\u00edsm. a) a f) a \u00a7 59 odst. 1-3 z\u00e1kona \u010d. 231\/2001 Sb., o provozov\u00e1n\u00ed rozhlasov\u00e9ho a televizn\u00edho vys\u00edl\u00e1n\u00ed a o zm\u011bn\u011b dal\u0161\u00edch z\u00e1kon\u016f (d\u00e1le jen z\u00e1kon \u010d. 231\/2001 Sb.), v platn\u00e9m zn\u011bn\u00ed, upozor\u0148uje provozovatele Jiho\u010desk\u00e1 telekomunika\u010dn\u00ed s.r.o., I\u010c 24311243, s\u00eddlem s\u00eddl. Vajgar 585, Jind\u0159ich\u016fv Hradec, PS\u010c 37701, na poru\u0161en\u00ed \u00a7 32 odst. 1 p\u00edsm. p) z\u00e1kona \u010d. 231\/2001 Sb., kter\u00e9ho se dopustil t\u00edm, \u017ee neozn\u00e1mil Rad\u011b, \u017ee do\u0161lo k technick\u00fdm p\u0159ek\u00e1\u017ek\u00e1m, kter\u00e9 mu br\u00e1nily ve vys\u00edl\u00e1n\u00ed programu T\u0159ebo\u0148sk\u00e1 l\u00e1ze\u0148sk\u00e1 televize. Rada stanovuje lh\u016ftu k n\u00e1prav\u011b 7 dn\u00ed ode dne doru\u010den\u00ed tohoto upozorn\u011bn\u00ed.<\/p>\n<p>&#8211; Rada se sezn\u00e1mila s vysv\u011btlen\u00edm provozovatele Jiho\u010desk\u00e1 telekomunika\u010dn\u00ed s.r.o., \u010d.j. RRTV\/7511\/2021-vra, zda z\u00e1znamy vys\u00edl\u00e1n\u00ed programu Da\u010dick\u00e1 televize ze dn\u016f 7. a 8. \u00fanora 2021 v \u010dasov\u00e9m \u00faseku od 00:00 do 24:00 hodin zap\u016fj\u010den\u00e9 na \u017e\u00e1dost Rady (\u017e\u00e1dost \u010d. j. RRTV\/2596\/2021-bur) prost\u0159ednictv\u00edm ve\u0159ejn\u00e9 datov\u00e9 s\u00edt\u011b ve form\u011b jednoho 60minutov\u00e9ho videoz\u00e1znamu form\u00e1tu mp4, p\u0159edstavuj\u00ed z\u00e1znamy v\u0161ech po\u0159ad\u016f v\u010detn\u011b dal\u0161\u00edch \u010d\u00e1st\u00ed vys\u00edl\u00e1n\u00ed programu Da\u010dick\u00e1 televize v podob\u011b, v jak\u00e9 byly za\u0159azeny do vys\u00edl\u00e1n\u00ed.<\/p>\n<p>&#8211; Rada se sezn\u00e1mila s reakc\u00ed provozovatele AMC Networks Central Europe s.r.o., (RRTV\/7049\/2021-vra) na vydan\u00e9 upozorn\u011bn\u00ed \u010d.j. RRTV\/6792\/2021-loj na poru\u0161en\u00ed ustanoven\u00ed \u00a7 32 odst. 1 p\u00edsm. g) z\u00e1kona \u010d. 231\/2001 Sb., kter\u00e9ho se provozovatel dopustil t\u00edm, \u017ee dne 9. \u00fanora 2021 od 19:10 hodin odvys\u00edlal na programu FILM CAFE film A szem (The Eye). Sn\u00edmek, kter\u00fd spad\u00e1 do \u017e\u00e1nru hororu, vytv\u00e1\u0159el permanentn\u00ed atmosf\u00e9ru strachu a nap\u011bt\u00ed, kdy byla hlavn\u00ed hrdinka neust\u00e1le konfrontov\u00e1na se zneklid\u0148uj\u00edc\u00edmi zjeven\u00edmi p\u0159\u00edzra\u010dn\u00fdch postav duch\u016f zem\u0159el\u00fdch a s d\u011bsiv\u00fdmi vizemi lid\u00ed um\u00edraj\u00edc\u00edch v plamenech p\u0159i hroziv\u00fdch trag\u00e9di\u00edch. Film byl odvys\u00edl\u00e1n v \u010dase, kdy mohou b\u00fdt u obrazovky d\u011bti i bez p\u0159\u00edm\u00e9ho dohledu rodi\u010d\u016f. Sn\u00edmek mohl v d\u011btsk\u00fdch div\u00e1c\u00edch vyvolat siln\u00e9 pocity strachu a ohro\u017een\u00ed, a zp\u016fsobit nap\u0159. i trvalej\u0161\u00ed stavy \u00fazkost\u00ed \u010di poruchy sp\u00e1nku, a ohrozit tak jejich psychick\u00fd v\u00fdvoj. Provozovatel se tak odvys\u00edl\u00e1n\u00edm po\u0159adu dopustil poru\u0161en\u00ed povinnosti neza\u0159azovat v dob\u011b od 6:00 hodin do 22:00 hodin po\u0159ady a upout\u00e1vky, kter\u00e9 by mohly ohrozit fyzick\u00fd, psychick\u00fd nebo mravn\u00ed v\u00fdvoj d\u011bt\u00ed a mladistv\u00fdch.<\/p>\n<p>&#8211; Rada se sezn\u00e1mila s reakc\u00ed provozovatele ViacomCBS Networks International Czech s.r.o. \u010d.j. RRTV\/6933\/2021-vra na v\u00fdzvu Rady \u010d.j. RRTV\/4681\/2021-loj k dodr\u017eov\u00e1n\u00ed p\u0159\u00edsn\u011bj\u0161\u00edch pravidel obecn\u00e9ho ve\u0159ejn\u00e9ho z\u00e1jmu formulovan\u00fdch pr\u00e1vn\u00edm \u0159\u00e1dem Ma\u010farska, konkr\u00e9tn\u011b ve v\u011bci za\u0159azov\u00e1n\u00ed ma\u010farsk\u00fdch symbol\u016f v\u011bkov\u00e9 klasifikace, k \u010demu\u017e nedo\u0161lo v souvislosti s odvys\u00edl\u00e1n\u00edm po\u0159adu Family Guy (epizoda Christmas Guy) dne 19. listopadu 2020 od 18:32 hodin na programu Comedy Central Hungary.<\/p>\n<p>&#8211; Rada informuje Media Council of the National Media and Infocommunications Authority o vyj\u00e1d\u0159en\u00ed provozovatele ViacomCBS Networks International Czech s.r.o. k v\u00fdzv\u011b Rady k dodr\u017eov\u00e1n\u00ed p\u0159\u00edsn\u011bj\u0161\u00edch pravidel obecn\u00e9ho ve\u0159ejn\u00e9ho z\u00e1jmu formulovan\u00fdch pr\u00e1vn\u00edm \u0159\u00e1dem Ma\u010farska, konkr\u00e9tn\u011b ve v\u011bci za\u0159azov\u00e1n\u00ed ma\u010farsk\u00fdch symbol\u016f v\u011bkov\u00e9 klasifikace, k \u010demu\u017e nedo\u0161lo v souvislosti s odvys\u00edl\u00e1n\u00edm po\u0159adu Family Guy (epizoda Christmas Guy) dne 19. listopadu 2020 od 18:32 hodin na programu Comedy Central Hungary.<\/p>\n<p>&#8211; Rada se sezn\u00e1mila s v\u00fdzvou z\u00e1stupkyn\u011b ve\u0159ejn\u00e9ho ochr\u00e1nce pr\u00e1v k vyj\u00e1d\u0159en\u00ed Rady ke stanovisku z\u00e1stupkyn\u011b ve\u0159ejn\u00e9ho ochr\u00e1nce pr\u00e1v k vl\u00e1dn\u00edmu n\u00e1vrhu z\u00e1kona o slu\u017eb\u00e1ch platforem pro sd\u00edlen\u00ed videonahr\u00e1vek.<\/p>\n<p>&#8211; Rada souhlas\u00ed s n\u00e1vrhem odpov\u011bdi na v\u00fdzvu z\u00e1stupkyn\u011b ve\u0159ejn\u00e9ho ochr\u00e1nce pr\u00e1v k vyj\u00e1d\u0159en\u00ed Rady ke stanovisku z\u00e1stupkyn\u011b ve\u0159ejn\u00e9ho ochr\u00e1nce pr\u00e1v k vl\u00e1dn\u00edmu n\u00e1vrhu z\u00e1kona o slu\u017eb\u00e1ch platforem pro sd\u00edlen\u00ed videonahr\u00e1vek.<\/p>\n<p>&#8211; Rada se sezn\u00e1mila s prob\u00edhaj\u00edc\u00edm hodnocen\u00edm dopad\u016f regulace dle z\u00e1kona o hazardn\u00edch hr\u00e1ch a souvisej\u00edc\u00edch pr\u00e1vn\u00edch p\u0159edpis\u016f.<\/p>\n<p><strong>AUDIOVIZU\u00c1LN\u00cd MEDI\u00c1LN\u00cd SLU\u017dBY NA VY\u017d\u00c1D\u00c1N\u00cd<\/strong><br \/>\n&#8211; Rada se sezn\u00e1mila se zpr\u00e1vou o kontrole audiovizu\u00e1ln\u00edch medi\u00e1ln\u00edch slu\u017eeb na vy\u017e\u00e1d\u00e1n\u00ed ve smyslu z\u00e1kona \u010d. 132\/2010 Sb., prost\u0159ednictv\u00edm screeningu, za obdob\u00ed z\u00e1\u0159\u00ed a \u0159\u00edjen 2020, se zam\u011b\u0159en\u00edm na v\u00fdskyt obsahu souvisej\u00edc\u00edho s volbami do zastupitelstev kraj\u016f a Sen\u00e1tu P\u010cR, konan\u00fdch ve dnech 2. a 3. \u0159\u00edjna 2020.<\/p>\n<p>&#8211; Rada bere na v\u011bdom\u00ed ukon\u010den\u00ed poskytov\u00e1n\u00ed audiovizu\u00e1ln\u00ed medi\u00e1ln\u00ed slu\u017eby na vy\u017e\u00e1d\u00e1n\u00ed Nickelodeon Hungary On Demand, um\u00edst\u011bn\u00e9 na internetov\u00e9 adrese http:\/\/www.nickelodeon.hu, poskytovatele ViacomCBS Networks International Czech s.r.o., I\u010c 28970438, s\u00eddlem Perlov\u00e1 371\/5, Praha 1, PS\u010c 110 00.<\/p>\n<p>&#8211; Rada prov\u00e1d\u00ed v\u00fdmaz poskytovatele ViacomCBS Networks International Czech s.r.o., I\u010c 28970438, s\u00eddlem Perlov\u00e1 371\/5, Praha 1, PS\u010c 110 00, z Evidence poskytovatel\u016f audiovizu\u00e1ln\u00edch medi\u00e1ln\u00edch slu\u017eeb na vy\u017e\u00e1d\u00e1n\u00ed, v souvislosti s ukon\u010den\u00edm poskytov\u00e1n\u00ed slu\u017eby Nickelodeon Hungary On Demand, dostupn\u00e9 na internetov\u00e9 adrese http:\/\/www.nickelodeon.hu.<br \/>\n&#8211; Rada bere na v\u011bdom\u00ed ukon\u010den\u00ed poskytov\u00e1n\u00ed audiovizu\u00e1ln\u00ed medi\u00e1ln\u00ed slu\u017eby na vy\u017e\u00e1d\u00e1n\u00ed Comedy Central Hungary On Demand, um\u00edst\u011bn\u00e9 na internetov\u00e9 adrese<br \/>\n&nbsp;www.comedycentral.hu, poskytovatele ViacomCBS Networks International Czech s.r.o., I\u010c 28970438, s\u00eddlem Perlov\u00e1 371\/5, Praha 1, PS\u010c 110 00.<\/p>\n<p>&#8211; Rada prov\u00e1d\u00ed v\u00fdmaz poskytovatele ViacomCBS Networks International Czech s.r.o., I\u010c 28970438, s\u00eddlem Perlov\u00e1 371\/5, Praha 1, PS\u010c 110 00, z Evidence poskytovatel\u016f audiovizu\u00e1ln\u00edch medi\u00e1ln\u00edch slu\u017eeb na vy\u017e\u00e1d\u00e1n\u00ed, v souvislosti s ukon\u010den\u00edm poskytov\u00e1n\u00ed slu\u017eby Comedy Central Hungary On Demand, dostupn\u00e9 na internetov\u00e9 adrese www.comedycentral.hu.<\/p>\n<p>&#8211; Rada bere na v\u011bdom\u00ed zm\u011bnu n\u00e1zvu poskytovatele z p\u016fvodn\u00edho \u010ceskokrumlovsk\u00e1 CKTV na J\u010c1 z.s., I\u010c: 1438921, se s\u00eddlem Doln\u00ed Svince 4, Doln\u00ed T\u0159ebon\u00edn, PS\u010c 382 32.<\/p>\n<p>V Praze dne 1. 7. 2021<\/p>\n<p>Ing. arch. V\u00e1clav Mencl<br \/>\np\u0159edseda Rady pro rozhlasov\u00e9<br \/>\na televizn\u00ed vys\u00edl\u00e1n\u00ed<br \/>\nkontakt: podatelna@rrtv.cz<br \/>\n274 813 830<\/p>\n","protected":false},"excerpt":{"rendered":"<p>Rada pro rozhlasov\u00e9 a televizn\u00ed vys\u00edl\u00e1n\u00ed (d\u00e1le jen &#8222;Rada&#8220;) na sv\u00e9m 12. zased\u00e1n\u00ed projednala 63 bod\u016f programu. Vyhodnotila 35 st\u00ed\u017enost\u00ed div\u00e1k\u016f a poslucha\u010d\u016f, vydala 13 upozorn\u011bn\u00ed na poru\u0161en\u00ed z\u00e1kona, rozhodla o zah\u00e1jen\u00ed dvou \u0159\u00edzen\u00ed o p\u0159estupku.<\/p>\n","protected":false},"author":1,"featured_media":0,"comment_status":"open","ping_status":"open","sticky":false,"template":"","format":"standard","meta":{"ngg_post_thumbnail":0,"footnotes":""},"categories":[11],"tags":[],"class_list":["post-12046","post","type-post","status-publish","format-standard","hentry","category-ozvena"],"_links":{"self":[{"href":"https:\/\/www.ladislavjakl.cz\/index.php?rest_route=\/wp\/v2\/posts\/12046","targetHints":{"allow":["GET"]}}],"collection":[{"href":"https:\/\/www.ladislavjakl.cz\/index.php?rest_route=\/wp\/v2\/posts"}],"about":[{"href":"https:\/\/www.ladislavjakl.cz\/index.php?rest_route=\/wp\/v2\/types\/post"}],"author":[{"embeddable":true,"href":"https:\/\/www.ladislavjakl.cz\/index.php?rest_route=\/wp\/v2\/users\/1"}],"replies":[{"embeddable":true,"href":"https:\/\/www.ladislavjakl.cz\/index.php?rest_route=%2Fwp%2Fv2%2Fcomments&post=12046"}],"version-history":[{"count":1,"href":"https:\/\/www.ladislavjakl.cz\/index.php?rest_route=\/wp\/v2\/posts\/12046\/revisions"}],"predecessor-version":[{"id":12047,"href":"https:\/\/www.ladislavjakl.cz\/index.php?rest_route=\/wp\/v2\/posts\/12046\/revisions\/12047"}],"wp:attachment":[{"href":"https:\/\/www.ladislavjakl.cz\/index.php?rest_route=%2Fwp%2Fv2%2Fmedia&parent=12046"}],"wp:term":[{"taxonomy":"category","embeddable":true,"href":"https:\/\/www.ladislavjakl.cz\/index.php?rest_route=%2Fwp%2Fv2%2Fcategories&post=12046"},{"taxonomy":"post_tag","embeddable":true,"href":"https:\/\/www.ladislavjakl.cz\/index.php?rest_route=%2Fwp%2Fv2%2Ftags&post=12046"}],"curies":[{"name":"wp","href":"https:\/\/api.w.org\/{rel}","templated":true}]}}