{"id":1205,"date":"2011-08-23T09:07:31","date_gmt":"2011-08-23T08:07:31","guid":{"rendered":"http:\/\/www.ladislavjakl.cz\/?p=1205"},"modified":"2011-08-23T09:07:31","modified_gmt":"2011-08-23T08:07:31","slug":"zeleni-chteji-aby-nbu-proveril-jaklovu-proverku","status":"publish","type":"post","link":"https:\/\/www.ladislavjakl.cz\/?p=1205","title":{"rendered":"Zelen\u00ed cht\u011bj\u00ed, aby NB\u00da prov\u011b\u0159il Jaklovu prov\u011brku"},"content":{"rendered":"<p>Praha \u2013 Tajemn\u00edk prezidenta Ladislav Jakl se neob\u00e1v\u00e1, \u017ee by mohl p\u0159ij\u00edt o  bezpe\u010dnostn\u00ed prov\u011brku kv\u016fli tomu, \u017ee poskytl rozhovor do knihy Deset  tis\u00edc extremist\u016f.<\/p>\n<p><!--more--><\/p>\n<div>\n<p>Je podle n\u011bj naopak t\u0159eba m\u00edt se na pozoru p\u0159ed  \u201ezelen\u00fdmi extremisty\u201c. Jakl to \u0159ekl v reakci na prohl\u00e1\u0161en\u00ed Strany  zelen\u00fdch, kter\u00e1 se chce kv\u016fli Jaklovi obr\u00e1tit na N\u00e1rodn\u00ed bezpe\u010dnostn\u00ed  \u00fa\u0159ad (NB\u00da).<\/p>\n<p>Podle zelen\u00fdch by m\u011bl \u00fa\u0159ad prov\u011b\u0159it Jaklovu prov\u011brku kv\u016fli tomu, \u017ee  se pod\u00edlel na knize, jej\u00edmi\u017e spoluautory jsou \u00fadajn\u011b i lid\u00e9 s vazbami na  radik\u00e1ln\u00ed extremisty. \u201eNem\u00e1m strach z prov\u011brky. Na kontakty se zelen\u00fdmi  extremisty si d\u00e1v\u00e1m pozor,\u201c uvedl Jakl na dotaz, co soud\u00ed o po\u017eadavku  Strany zelen\u00fdch.<\/p>\n<p>Informace o tom, \u017ee Jakl poskytl rozhovor do knihy, jej\u00edm\u017e  spoluautorem je mana\u017eer neonacistick\u00e9 hudebn\u00ed skupiny Conflict 88 Robert  F\u00fcrych, zve\u0159ejnila Mlad\u00e1 fronta Dnes. Podle zelen\u00fdch t\u00edm Jakl ztratil  bezpe\u010dnostn\u00ed zp\u016fsobilost, proto\u017ee \u201epodpo\u0159il skupiny vystupuj\u00edc\u00ed proti  \u00fastavn\u00edmu z\u0159\u00edzen\u00ed \u010cR, jeho\u017e sou\u010d\u00e1st\u00ed je z\u00e1kaz diskriminace a Listina  z\u00e1kladn\u00edch prav a svobod\u201c. Zelen\u00ed to uvedli v tiskov\u00e9m prohl\u00e1\u0161en\u00ed. Jakl  na dotaz MfD, jak rozhovor vznikl, odpov\u011bd\u011bl, \u017ee takovou knihu nezn\u00e1. V  rozhovoru uv\u00e1d\u00ed, \u017ee svobodu projevu maj\u00ed m\u00edt v\u0161echny hudebn\u00ed skupiny \u2013  \u201epunk\u00e1\u010di\u201c i \u201en\u00e1ckov\u00e9\u201c.<\/p>\n<h3>Zastal se B\u00e1tory<\/h3>\n<p>Jakl se v posledn\u00edch dnech dostal do pozornosti m\u00e9di\u00ed tak\u00e9 proto, \u017ee  jako jedin\u00fd p\u0159edstavitel Hradu komentoval koali\u010dn\u00ed spor o p\u016fsoben\u00ed  p\u0159edsedy konzervativn\u00ed iniciativy D.O.S.T. Ladislava B\u00e1tory ve st\u00e1tn\u00ed  spr\u00e1v\u011b. \u201ePan B\u00e1tora je u\u017e p\u016fl roku ter\u010dem sprost\u00fdch \u00fatok\u016f, l\u017e\u00ed, ur\u00e1\u017eek,  zesm\u011b\u0161\u0148ov\u00e1n\u00ed, pomluv a n\u00e1tlaku. S\u00e1m se ale, zd\u00e1 se, br\u00e1nit nesm\u00ed,\u201c  zastal se Jakl \u00fa\u0159edn\u00edka, jeho\u017e odchod po\u017eaduje TOP 09 kv\u016fli ur\u00e1\u017eliv\u00fdm  v\u00fdrok\u016fm na adresu ministra zahrani\u010d\u00ed a l\u00eddra TOP 09 Karla  Schwarzenberga.<\/p>\n<p>Prezident\u016fv tajemn\u00edk tak\u00e9 na sv\u00e9 webov\u00e9 str\u00e1nce zve\u0159ejnil b\u00e1se\u0148  v\u011bnovanou ministru financ\u00ed Miroslavu Kalouskovi (TOP 09). \u201eSp\u00edlat ve v\u0161\u00ed  par\u00e1d\u011b, sm\u00ed\u0161 jenom, kdy\u017e jsi ve vl\u00e1d\u011b,\u201c komentoval v textu spor o  B\u00e1toru. \u201eKdy\u017e od plic mluv\u00ed Kalousek. M\u011bl by si vz\u00edt ubrousek. Sliny od  n\u011bj l\u00e9taj\u00ed, \u017ee jemn\u00fd typ by sebou sek,\u201c napsal tak\u00e9 Jakl v r\u00fdmova\u010dce  v\u011bnovan\u00e9 ministru financ\u00ed.<\/p>\n<p>Klaus se zat\u00edm k nejnov\u011bj\u0161\u00ed roztr\u017ece kolem B\u00e1tory nevyj\u00e1d\u0159il. Kdy\u017e se  poprv\u00e9 spekulovalo o jeho anga\u017em\u00e1 na ministerstvu \u0161kolstv\u00ed v pozici  n\u00e1m\u011bstka, B\u00e1tory se zastal a jeho kritiku ozna\u010dil za \u201ediktaturu  politick\u00e9 korektnosti\u201c. Prezident se s B\u00e1torou, kter\u00fd d\u0159\u00edve kandidoval  za krajn\u011b pravicovou N\u00e1rodn\u00ed stranu a \u00fa\u010dastnil se i p\u0159edn\u00e1\u0161ek  extremistick\u00e9 Vlasteneck\u00e9 fronty, ned\u00e1vno setkal na Hrad\u011b. Vyslou\u017eil si  za to kritiku n\u011bkter\u00fdch organizac\u00ed a m\u00e9di\u00ed, podle nich\u017e podobn\u00fdmi kroky  Hrad nahr\u00e1v\u00e1 pravicov\u00e9mu extremismu.<\/p>\n<p>Klaus a B\u00e1torou veden\u00e1 iniciativa D.O.S.T. souzn\u00ed v kritice  lisabonsk\u00e9 smlouvy, sou\u010dasn\u00e9 podoby EU a shodnou se i v obhajob\u011b  konzervativn\u00edch hodnot. Klaus i B\u00e1tora se nap\u0159\u00edklad minul\u00fd t\u00fdden shodli v  kritice pra\u017esk\u00e9ho prim\u00e1tora za to, \u017ee ud\u011blil z\u00e1\u0161titu karnevalu  homosexu\u00e1l\u016f. Prezident i jeho tajemn\u00edk Jakl ale zd\u016fraz\u0148uj\u00ed, \u017ee obhajuj\u00ed  p\u0159edev\u0161\u00edm svobodu vyjad\u0159ov\u00e1n\u00ed, nikoliv extr\u00e9mn\u00ed pravicov\u00e9 n\u00e1zory.<\/p>\n<p><a href=\"http:\/\/rakovnicky.denik.cz\/z_domova\/zeleni-chteji-aby-nbu-20110819.html\" target=\"_blank\">Zdroj<\/a><\/div>\n","protected":false},"excerpt":{"rendered":"<p>Praha \u2013 Tajemn\u00edk prezidenta Ladislav Jakl se neob\u00e1v\u00e1, \u017ee by mohl p\u0159ij\u00edt o bezpe\u010dnostn\u00ed prov\u011brku kv\u016fli tomu, \u017ee poskytl rozhovor do knihy Deset tis\u00edc extremist\u016f.<\/p>\n","protected":false},"author":1,"featured_media":0,"comment_status":"open","ping_status":"open","sticky":false,"template":"","format":"standard","meta":{"ngg_post_thumbnail":0,"footnotes":""},"categories":[11],"tags":[],"class_list":["post-1205","post","type-post","status-publish","format-standard","hentry","category-ozvena"],"_links":{"self":[{"href":"https:\/\/www.ladislavjakl.cz\/index.php?rest_route=\/wp\/v2\/posts\/1205","targetHints":{"allow":["GET"]}}],"collection":[{"href":"https:\/\/www.ladislavjakl.cz\/index.php?rest_route=\/wp\/v2\/posts"}],"about":[{"href":"https:\/\/www.ladislavjakl.cz\/index.php?rest_route=\/wp\/v2\/types\/post"}],"author":[{"embeddable":true,"href":"https:\/\/www.ladislavjakl.cz\/index.php?rest_route=\/wp\/v2\/users\/1"}],"replies":[{"embeddable":true,"href":"https:\/\/www.ladislavjakl.cz\/index.php?rest_route=%2Fwp%2Fv2%2Fcomments&post=1205"}],"version-history":[{"count":1,"href":"https:\/\/www.ladislavjakl.cz\/index.php?rest_route=\/wp\/v2\/posts\/1205\/revisions"}],"predecessor-version":[{"id":1206,"href":"https:\/\/www.ladislavjakl.cz\/index.php?rest_route=\/wp\/v2\/posts\/1205\/revisions\/1206"}],"wp:attachment":[{"href":"https:\/\/www.ladislavjakl.cz\/index.php?rest_route=%2Fwp%2Fv2%2Fmedia&parent=1205"}],"wp:term":[{"taxonomy":"category","embeddable":true,"href":"https:\/\/www.ladislavjakl.cz\/index.php?rest_route=%2Fwp%2Fv2%2Fcategories&post=1205"},{"taxonomy":"post_tag","embeddable":true,"href":"https:\/\/www.ladislavjakl.cz\/index.php?rest_route=%2Fwp%2Fv2%2Ftags&post=1205"}],"curies":[{"name":"wp","href":"https:\/\/api.w.org\/{rel}","templated":true}]}}