{"id":12061,"date":"2021-07-19T12:54:24","date_gmt":"2021-07-19T10:54:24","guid":{"rendered":"http:\/\/www.ladislavjakl.cz\/?p=12061"},"modified":"2021-07-19T12:54:24","modified_gmt":"2021-07-19T10:54:24","slug":"rozhovor-s-ladislavem-jaklem-clenem-rrtv","status":"publish","type":"post","link":"https:\/\/www.ladislavjakl.cz\/?p=12061","title":{"rendered":"Rozhovor s Ladislavem Jaklem, \u010dlenem RRTV"},"content":{"rendered":"<p>P\u0159\u00edb\u011bh Ladislava Jakla, \u010dlena Rady pro rozhlasov\u00e9 a televizn\u00ed vys\u00edl\u00e1n\u00ed.&nbsp;V\u00fdrazn\u00e1 postava ve\u0159ejn\u00e9ho \u017eivota. Novin\u00e1\u0159, politik, poradce, zakladatel a radn\u00ed Rady pro rozhlasov\u00e9 a televizn\u00ed vys\u00edl\u00e1n\u00ed, aktivn\u00ed ob\u010dan. Mu\u017e mnoha d\u016fle\u017eit\u00fdch spole\u010densk\u00fdch rol\u00ed, kter\u00e9 si dle sv\u00fdch vlastn\u00edch slov nepl\u00e1noval, ale jaksi se v&nbsp;nich v\u00fdvojem ud\u00e1lost\u00ed a n\u00e1sledkem sv\u00fdch postoj\u016f a \u010din\u016f ocitl. Ve voln\u00e9m \u010dase v\u00e1\u0161niv\u00fd piva\u0159 a obh\u00e1jce unik\u00e1tn\u00ed \u010desk\u00e9 hospodsk\u00e9 kultury, obdivovatel kr\u00e1s \u010cesk\u00e9 republiky. Otec dosp\u011bl\u00e9ho syna Mat\u011bje.<\/p>\n<p><!--more--><\/p>\n<p>Ladislav Jakl vystudoval \u017eurnalistiku a dodnes aktivn\u011b publikuje mno\u017estv\u00ed \u010dl\u00e1nk\u016f na r\u016fzn\u00e1 t\u00e9mata. Po roce 1989 byl poslancem \u010cesk\u00e9 n\u00e1rodn\u00ed rady a zakladatelem Rady pro rozhlasov\u00e9 a televizn\u00ed vys\u00edl\u00e1n\u00ed. Je bl\u00edzk\u00fdm spolupracovn\u00edkem b\u00fdval\u00e9ho prezidenta V\u00e1clava Klause, po dobu jeho prezidentsk\u00e9ho p\u016fsoben\u00ed byl jeho tajemn\u00edkem a dnes pracuje v&nbsp;Institutu V\u00e1clava Klause. V&nbsp;roce 2019 byl zvolen radn\u00edm Rady pro rozhlasov\u00e9 a televizn\u00ed vys\u00edl\u00e1n\u00ed a v&nbsp;ur\u010dit\u00e9m ohledu se tak po 30 letech \u201evr\u00e1til na m\u00edsto \u010dinu\u201c.<\/p>\n<p>Ladislav Jakl \u0159\u00edk\u00e1, \u017ee v\u017edy ct\u00ed ka\u017edou svou spole\u010denskou roli. Z\u00e1rove\u0148 v\u017edy z\u016fst\u00e1v\u00e1 s\u00e1m sebou a neboj\u00ed se \u0159\u00edci ve\u0159ejn\u011b sv\u016fj n\u00e1zor. Jeho okol\u00ed si podle n\u011bj za ta l\u00e9ta u\u017e zvyklo, co od n\u011bj m\u00e1 \u010dekat a s&nbsp;\u010d\u00edm u n\u011bj nehne. Jak se tento medi\u00e1ln\u00ed a politick\u00fd matador d\u00edv\u00e1 na stav v\u011bc\u00ed ve\u0159ejn\u00fdch a svobod na\u0161\u00ed zemi? Na roli m\u00e9di\u00ed, na \u010ceskou televizi? O co se sna\u017e\u00ed v Rad\u011b pro rozhlasov\u00e9 a televizn\u00ed vys\u00edl\u00e1n\u00ed? Jak\u00e9 ot\u00e1zky by si m\u011bl ka\u017ed\u00fd \u010dlov\u011bk polo\u017eit, ne\u017e se pust\u00ed do konzumace jak\u00e9hokoli medi\u00e1ln\u00edho obsahu? Co vzkazuje sou\u010dasn\u00e9 vl\u00e1d\u011b a co ob\u010dan\u016fm \u010cR? To a mnoho dal\u0161\u00edch zaj\u00edmva\u00fdch informac\u00ed se dozv\u00edte v&nbsp;na\u0161em videorozhovoru.<\/p>\n<p><iframe loading=\"lazy\" title=\"ROZHOVOR S LADISLAVEM JAKLEM\" width=\"500\" height=\"281\" src=\"https:\/\/www.youtube.com\/embed\/KVtzpuz72EI?feature=oembed\" frameborder=\"0\" allow=\"accelerometer; autoplay; clipboard-write; encrypted-media; gyroscope; picture-in-picture; web-share\" referrerpolicy=\"strict-origin-when-cross-origin\" allowfullscreen><\/iframe><\/p>\n<p>Zdroj videa: <a href=\"https:\/\/www.svedomi-naroda.cz\/2021\/07\/18\/rozhovor-s-ladislavem-jaklem-clenem-rrtv\/\">https:\/\/www.svedomi-naroda.cz\/2021\/07\/18\/rozhovor-s-ladislavem-jaklem-clenem-rrtv\/<\/a><\/p>\n","protected":false},"excerpt":{"rendered":"<p>P\u0159\u00edb\u011bh Ladislava Jakla, \u010dlena Rady pro rozhlasov\u00e9 a televizn\u00ed vys\u00edl\u00e1n\u00ed.&nbsp;V\u00fdrazn\u00e1 postava ve\u0159ejn\u00e9ho \u017eivota. Novin\u00e1\u0159, politik, poradce, zakladatel a radn\u00ed Rady pro rozhlasov\u00e9 a televizn\u00ed vys\u00edl\u00e1n\u00ed, aktivn\u00ed ob\u010dan. Mu\u017e mnoha d\u016fle\u017eit\u00fdch spole\u010densk\u00fdch rol\u00ed, kter\u00e9 si dle sv\u00fdch vlastn\u00edch slov nepl\u00e1noval, ale jaksi se v&nbsp;nich v\u00fdvojem ud\u00e1lost\u00ed a n\u00e1sledkem sv\u00fdch postoj\u016f a \u010din\u016f ocitl. Ve voln\u00e9m \u010dase [&hellip;]<\/p>\n","protected":false},"author":1,"featured_media":0,"comment_status":"open","ping_status":"open","sticky":false,"template":"","format":"standard","meta":{"ngg_post_thumbnail":0,"footnotes":""},"categories":[13,12],"tags":[],"class_list":["post-12061","post","type-post","status-publish","format-standard","hentry","category-rozhovory","category-video"],"_links":{"self":[{"href":"https:\/\/www.ladislavjakl.cz\/index.php?rest_route=\/wp\/v2\/posts\/12061","targetHints":{"allow":["GET"]}}],"collection":[{"href":"https:\/\/www.ladislavjakl.cz\/index.php?rest_route=\/wp\/v2\/posts"}],"about":[{"href":"https:\/\/www.ladislavjakl.cz\/index.php?rest_route=\/wp\/v2\/types\/post"}],"author":[{"embeddable":true,"href":"https:\/\/www.ladislavjakl.cz\/index.php?rest_route=\/wp\/v2\/users\/1"}],"replies":[{"embeddable":true,"href":"https:\/\/www.ladislavjakl.cz\/index.php?rest_route=%2Fwp%2Fv2%2Fcomments&post=12061"}],"version-history":[{"count":1,"href":"https:\/\/www.ladislavjakl.cz\/index.php?rest_route=\/wp\/v2\/posts\/12061\/revisions"}],"predecessor-version":[{"id":12062,"href":"https:\/\/www.ladislavjakl.cz\/index.php?rest_route=\/wp\/v2\/posts\/12061\/revisions\/12062"}],"wp:attachment":[{"href":"https:\/\/www.ladislavjakl.cz\/index.php?rest_route=%2Fwp%2Fv2%2Fmedia&parent=12061"}],"wp:term":[{"taxonomy":"category","embeddable":true,"href":"https:\/\/www.ladislavjakl.cz\/index.php?rest_route=%2Fwp%2Fv2%2Fcategories&post=12061"},{"taxonomy":"post_tag","embeddable":true,"href":"https:\/\/www.ladislavjakl.cz\/index.php?rest_route=%2Fwp%2Fv2%2Ftags&post=12061"}],"curies":[{"name":"wp","href":"https:\/\/api.w.org\/{rel}","templated":true}]}}