{"id":1207,"date":"2011-08-23T12:15:50","date_gmt":"2011-08-23T11:15:50","guid":{"rendered":"http:\/\/www.ladislavjakl.cz\/?p=1207"},"modified":"2011-08-23T12:23:14","modified_gmt":"2011-08-23T11:23:14","slug":"vy-jste-dusi-nacista-pane-fendrychu","status":"publish","type":"post","link":"https:\/\/www.ladislavjakl.cz\/?p=1207","title":{"rendered":"Vy jste du\u0161\u00ed nacista, pane Fendrychu"},"content":{"rendered":"<p><em>(Tento \u010dl\u00e1nek je reakc\u00ed na glosu, kter\u00e1 je uve\u0159ejn\u011bna pod \u010dl\u00e1nkem samotn\u00fdm.<\/em>)<\/p>\n<p>V\u00edce hnusu na tak m\u00e1lo \u0159\u00e1dc\u00edch jsem u\u017e dlouho ne\u010detl. Vy jste jen osoba, kter\u00e1 zkrachovala v politice a te\u010f se mst\u00ed. D\u011bl\u00e1 v\u00e1m dob\u0159e, kdy\u017e l\u017eete, kdy\u017e ozna\u010dujete \u017eiv\u00e9ho \u010dlov\u011bka za &#8222;tlampa\u010de&#8220;, vym\u00fd\u0161l\u00edte si, ur\u00e1\u017e\u00edte? Jste s\u00e1m sebou pobaven? A p\u0159itom o v\u011bci sam\u00e9 v\u016fbec nic nev\u00edte? R\u00e1d ubli\u017eujete, o\u010der\u0148ujete, pomlouv\u00e1te?<\/p>\n<p><!--more-->Mysl\u00edte si, \u017ee jste mor\u00e1ln\u011b \u010di intelektu\u00e1ln\u011b nad\u0159azen nad lidmi, kter\u00fdm sp\u00edl\u00e1te? Ze mne \u017ee se stal \u010dlov\u011bk, kter\u00fd obhajuje svobodu slova &#8222;najednou&#8220;? A kdy tedy se ze m\u011b tak najednou stal? Kter\u00fdm v\u00fdrokem, ze kter\u00e9ho dne? A \u010d\u00edm se li\u0161il od jin\u00fdch m\u00fdch v\u00fdrok\u016f z kter\u00e9koli doby? Vy stoj\u00edte jen za hlubok\u00e9 opovr\u017een\u00ed. Nemyslet, ne\u010d\u00edst, nep\u0159ipravit se. Nem\u00edt zodpov\u011bdnost, jen si tak pobaven\u011b plkat.<\/p>\n<p>P\u00ed\u0161ete o \u017eiv\u00fdch lidech. Ne o sv\u00fdch hra\u010dk\u00e1ch.<\/p>\n<p>Nikdy v \u017eivot\u011b jsem se nezast\u00e1val \u017e\u00e1dn\u00fdch nacist\u016f a d\u00e1vat m\u011b s nimi dohromady je odporn\u00e1 \u0161pinavost. Va\u0161e \u0161pinavost. Jen si cel\u00fd \u017eivot mysl\u00edm, \u017ee se nemaj\u00ed kriminalizovat kapely, s\u00e1m jsem to za\u017eil. P\u0159ed dv\u011bma lety jsem na toto t\u00e9ma napsal blog. A t\u011bsn\u011b pot\u00e9 na stejn\u00e9 t\u00e9ma dal rozhvor pro knihu, jej\u00edm\u017e t\u00e9matem m\u011blo b\u00fdt n\u011bco podobn\u00e9ho. Nev\u00edm, kdo je autorem, a ani m\u011b to moc nezaj\u00edm\u00e1, za sv\u00fdmi slovy si stoj\u00edm a mohu je \u0159\u00edkat komukoli. Knihu jsem nikdy nevid\u011bl. Jen jsem se v\u010dera do\u010detl, \u017ee v n\u00ed nen\u00ed nic \u0161patn\u00e9ho. L\u017eete, kdy\u017e p\u00ed\u0161ete, \u017ee jsem poskytl rozhovor neonacistovi a pak za\u010dal n\u011bco vysv\u011btlovat. Nic jsem &#8222;pak&#8220; neza\u010dal vysv\u011btlovat. Na \u0161p\u00ednu podobnou t\u00e9 va\u0161\u00ed jsem reagoval jedinou v\u011btou: je zaj\u00edmav\u00e9, kolik lid\u00ed je ochotno trestat \u010dlov\u011bka za n\u00e1zor, \u017ee nen\u00ed spr\u00e1vn\u00e9 trestat \u010dlov\u011bka za n\u00e1zor.<\/p>\n<p>V\u00e1m nejde o v\u011bc. K politice se chov\u00e1te jako zpit\u00fd fanou\u0161ek fotbalov\u00e9ho klubu. V\u00edte jen, komu fand\u00edte a koho nenavid\u00edte. U idol\u016f faul p\u0159ehl\u00e9dnete, u protivn\u00edka si ho vymysl\u00edte. Ne, to nen\u00ed poctiv\u00e1 \u017eurnalistika. To je \u0161p\u00edna bez kontrolky, bez pocitu, \u017ee m\u00e9 \u0159\u00e1dky mohou n\u011bkomu ubl\u00ed\u017eit.<\/p>\n<p>Necho\u010fte mi na o\u010di.<\/p>\n<p>L. Jakl<br \/>\n<strong>Glosa<\/strong><br \/>\nKlausova svobodn\u00e1 pr\u00e1zdnota<\/p>\n<p>19.08.2011 19:32 Glosa<\/p>\n<p>Skoro denn\u011b se do\u010dteme n\u011bco nov\u00e9ho o na\u0161em Hradu a jeho bizarn\u00edch, do\u010dasn\u00fdch obyvatel\u00edch. P\u00e1te\u010dn\u00ed MF Dnes p\u00ed\u0161e o tom, \u017ee prezident\u016fv tajemn\u00edk a tlampa\u010d Ladislav Jakl poskytl rozhovor do knihy Deset tis\u00edc extremist\u016f, jej\u00edm\u017e spoluautorem je mana\u017eer neonacistick\u00e9 hudebn\u00ed skupiny Conflict 88 Robert F\u00fcrych. Na t\u00e9to &#8222;ud\u00e1losti&#8220; m\u016f\u017eeme velmi dob\u0159e sledovat metodu, jakou V\u00e1clav Klaus a jeho dru\u017eina pracuje.<\/p>\n<p>Jakl d\u00e1 rozhovor neonacistovi. A pak za\u010dne vysv\u011btlovat, \u017ee i pank\u00e1\u010di a n\u00e1ckov\u00e9 maj\u00ed pr\u00e1vo na svobodu slova. Tak\u017ee se najednou z \u010dlov\u011bka, kter\u00fd klidn\u011b pe\u010de s neonacisty, st\u00e1v\u00e1 dokonce obh\u00e1jce svobody slova. A policie, kter\u00e1 hl\u00edd\u00e1, aby neonacisti ve sv\u00fdch textech nenav\u00e1d\u011bli k n\u00e1sil\u00ed, aby nepou\u017e\u00edvali nacistick\u00e9 symboly atd., se chov\u00e1 &#8222;t\u00e9m\u011b\u0159 skand\u00e1ln\u011b&#8220;.<\/p>\n<p>Klaus to d\u011bl\u00e1 podobn\u011b. Zast\u00e1v\u00e1 se Ladislava B\u00e1tory (aby ne, kdy\u017e ho Hrad dosadil ochotn\u00e9mu ministru Dobe\u0161ovi do resortu), kter\u00fd je spojen a krajn\u00ed pravic\u00ed. Zase jde o svobodu projevu a svobodu slova. Tot\u00e9\u017e nastane, kdy\u017e si vyv\u011btr\u00e1 \u00fasta vicekancl\u00e9\u0159 Petr H\u00e1jek a sd\u011bl\u00ed, \u017ee gayov\u00e9 jsou devianti: m\u00e1 p\u0159ece pr\u00e1vo na sv\u016fj n\u00e1zor. Zkr\u00e1tka i n\u00e1ckov\u00e9 maj\u00ed pr\u00e1vo na sv\u016fj n\u00e1zor. A samoz\u0159ejm\u011b i komunisti.<\/p>\n<p>P\u011bkn\u00e9, jak se Hrad bere za &#8222;uml\u010dovan\u00e9&#8220; neonacisty. Z\u0159ejm\u011b u n\u00e1s nutn\u011b pot\u0159ebuj\u00ed ochranu, jsou to nov\u00ed disidenti. Ani nem\u00e1 cenu dod\u00e1vat, \u017ee za komunist\u016f tihle hrdinn\u00ed ochr\u00e1nci utla\u010dovan\u00fdch ml\u010deli, o svobodu slova se ve\u0159ejn\u011b nebrali, byli zalezl\u00ed ve sv\u00fdch bank\u00e1ch a jin\u00fdch nor\u00e1ch. Tehdy dleli v ni\u017e\u0161\u00edch pozic\u00edch. Dnes jsou na Hrad\u011b. Naho\u0159e. Nejv\u00fd\u0161. Jsou prakticky nedotknuteln\u00ed. A n\u00e1hle d\u00e1vaj\u00ed lekce ze svobody slova. Opravdu odv\u00e1\u017en\u00e9. Asi tak stejn\u011b odv\u00e1\u017en\u00e9, jako kdy\u017e hlava na\u0161\u00ed zem\u011b bou\u0159\u00ed, \u017ee se \u017e\u00e1dn\u00e9 glob\u00e1ln\u00ed oteplov\u00e1n\u00ed neodehr\u00e1v\u00e1. Nebo \u017ee EU je byrokratick\u00fd moloch.<\/p>\n<p>\u017dijeme v zemi, kde panuje svoboda slova a projevu. Co\u017e Klaus velmi dob\u0159e v\u00ed i vyu\u017e\u00edv\u00e1. T\u011b\u017eko si myslet, \u017ee n\u00e1\u0161 prezident je n\u00e1cek; snad nen\u00ed. Ale tudy na sebe um\u00ed upozornit, v\u00ed, \u017ee toto je supercitliv\u00e9 t\u00e9ma. Jakmile n\u011bkdo ok\u0159ikne B\u00e1toru, Jakla, H\u00e1jka, hned se st\u00e1v\u00e1 nep\u0159\u00edtelem klausovsk\u00e9 svobody. Je to d\u011bsiv\u011b levn\u00e9. Je to podvod, kter\u00fd se vyd\u00e1v\u00e1 za ochranu svobody.<\/p>\n<p>Co je svobodn\u00e9ho na nacismu \u010di neonacismu? Co je svobodn\u00e9ho na obdivu k Hitlerovi? K hakenkrajcu? Co je svobodn\u00e9ho na napad\u00e1n\u00ed lid\u00ed jin\u00e9 barvy pleti, touze je od n\u00e1s vyst\u011bhovat? Na v\u00fdsm\u011bchu homosexu\u00e1l\u016fm? Nic. Naprosto nic.<\/p>\n<p>Je to obhajoba dut\u00e9, pr\u00e1zdn\u00e9, Klausovy svobody. Klausovy svobodn\u00e9 pr\u00e1zdnoty.<\/p>\n<p><a href=\"http:\/\/www.tyden.cz\/rubriky\/nazory\/glosar\/klausova-svobodna-prazdnota_209955.html\" target=\"_blank\">Zdroj<\/a><\/p>\n","protected":false},"excerpt":{"rendered":"<p>(Tento \u010dl\u00e1nek je reakc\u00ed na glosu, kter\u00e1 je uve\u0159ejn\u011bna pod \u010dl\u00e1nkem samotn\u00fdm.) V\u00edce hnusu na tak m\u00e1lo \u0159\u00e1dc\u00edch jsem u\u017e dlouho ne\u010detl. Vy jste jen osoba, kter\u00e1 zkrachovala v politice a te\u010f se mst\u00ed. D\u011bl\u00e1 v\u00e1m dob\u0159e, kdy\u017e l\u017eete, kdy\u017e ozna\u010dujete \u017eiv\u00e9ho \u010dlov\u011bka za &#8222;tlampa\u010de&#8220;, vym\u00fd\u0161l\u00edte si, ur\u00e1\u017e\u00edte? Jste s\u00e1m sebou pobaven? A p\u0159itom o [&hellip;]<\/p>\n","protected":false},"author":1,"featured_media":0,"comment_status":"open","ping_status":"open","sticky":false,"template":"","format":"standard","meta":{"ngg_post_thumbnail":0,"footnotes":""},"categories":[6],"tags":[],"class_list":["post-1207","post","type-post","status-publish","format-standard","hentry","category-co-jsem-nerekl"],"_links":{"self":[{"href":"https:\/\/www.ladislavjakl.cz\/index.php?rest_route=\/wp\/v2\/posts\/1207","targetHints":{"allow":["GET"]}}],"collection":[{"href":"https:\/\/www.ladislavjakl.cz\/index.php?rest_route=\/wp\/v2\/posts"}],"about":[{"href":"https:\/\/www.ladislavjakl.cz\/index.php?rest_route=\/wp\/v2\/types\/post"}],"author":[{"embeddable":true,"href":"https:\/\/www.ladislavjakl.cz\/index.php?rest_route=\/wp\/v2\/users\/1"}],"replies":[{"embeddable":true,"href":"https:\/\/www.ladislavjakl.cz\/index.php?rest_route=%2Fwp%2Fv2%2Fcomments&post=1207"}],"version-history":[{"count":3,"href":"https:\/\/www.ladislavjakl.cz\/index.php?rest_route=\/wp\/v2\/posts\/1207\/revisions"}],"predecessor-version":[{"id":1209,"href":"https:\/\/www.ladislavjakl.cz\/index.php?rest_route=\/wp\/v2\/posts\/1207\/revisions\/1209"}],"wp:attachment":[{"href":"https:\/\/www.ladislavjakl.cz\/index.php?rest_route=%2Fwp%2Fv2%2Fmedia&parent=1207"}],"wp:term":[{"taxonomy":"category","embeddable":true,"href":"https:\/\/www.ladislavjakl.cz\/index.php?rest_route=%2Fwp%2Fv2%2Fcategories&post=1207"},{"taxonomy":"post_tag","embeddable":true,"href":"https:\/\/www.ladislavjakl.cz\/index.php?rest_route=%2Fwp%2Fv2%2Ftags&post=1207"}],"curies":[{"name":"wp","href":"https:\/\/api.w.org\/{rel}","templated":true}]}}