{"id":12070,"date":"2021-07-30T10:06:26","date_gmt":"2021-07-30T08:06:26","guid":{"rendered":"http:\/\/www.ladislavjakl.cz\/?p=12070"},"modified":"2021-07-30T10:06:26","modified_gmt":"2021-07-30T08:06:26","slug":"nemci-mohli-obetem-zaplav-zabranit-misto-toho-se-mele-o-klimatickych-zmenach-rika-jakl","status":"publish","type":"post","link":"https:\/\/www.ladislavjakl.cz\/?p=12070","title":{"rendered":"N\u011bmci mohli ob\u011btem z\u00e1plav zabr\u00e1nit. M\u00edsto toho se mele o klimatick\u00fdch zm\u011bn\u00e1ch, \u0159\u00edk\u00e1 Jakl"},"content":{"rendered":"<p>Podle \u0159editele Centra spole\u010densk\u00fdch studi\u00ed Institutu V\u00e1clava Klause Ladislava Jakla nejsou torn\u00e1da, z\u00e1plavy v Evrop\u011b nebo extr\u00e9mn\u011b vysok\u00e9 teploty v Kanad\u011b ni\u010d\u00edm neobvykl\u00fdm. Ve vys\u00edl\u00e1n\u00ed CNN Prima NEWS je\u0161t\u011b prohl\u00e1sil, \u017ee kdy\u017e ekologick\u00fdm aktivist\u016fm doch\u00e1zej\u00ed argumenty, za\u010dnou stra\u0161it a hr\u00e1t na emoce. Naopak Mikol\u00e1\u0161 Opletal z hnut\u00ed Extinction Rebellion v\u0161ak tvrd\u00ed, \u017ee krizi \u017eivotn\u00edho prost\u0159ed\u00ed je nutn\u00e9 \u0159e\u0161it okam\u017eit\u011b.<\/p>\n<p><!--more--><\/p>\n<p>Torn\u00e1do v&nbsp;\u010cesku, masivn\u00ed z\u00e1plavy v&nbsp;N\u011bmecku nebo extr\u00e9mn\u00ed vlna veder v&nbsp;Kanad\u011b dosahuj\u00edc\u00ed a\u017e 50 \u00b0C. P\u0159\u00edrodn\u00ed \u017eivly z&nbsp;posledn\u00edch t\u00fddn\u016f op\u011bt rozpoutaly debatu o stavu \u017eivotn\u00edho prost\u0159ed\u00ed a probl\u00e9mech spojen\u00fdch s&nbsp;glob\u00e1ln\u00edm oteplov\u00e1n\u00edm.<\/p>\n<p><strong>Kdo v\u011bd\u011bl o vyho\u0159en\u00ed Dobru\u0161ky?<\/strong><\/p>\n<p>\u201eV\u00fdkyvy po\u010das\u00ed m\u011b nep\u0159ekvapuj\u00ed. Sv\u011bt je propojen\u00fd a ka\u017edou chv\u00edli se n\u011bco d\u011bje. V\u017edy\u0165 skoro v&nbsp;p\u0159\u00edm\u00e9m p\u0159enosu sledujeme, jak koni v Americe uv\u00edzne kopyto v&nbsp;kan\u00e1le. Ale kdy\u017e na za\u010d\u00e1tku 19. stolet\u00ed vyho\u0159ela Dobru\u0161ka, nev\u011bd\u011bli to ani 200 kilometr\u016f daleko. Nav\u00edc studie, \u017ee je \u010detnost takov\u00fdch jev\u016f v\u011bt\u0161\u00ed, neexistuje. Museli bychom m\u00edt data,\u201c \u0159ekl v&nbsp;po\u0159adu Zpr\u00e1vy PLUS \u0159editel Centra spole\u010densk\u00fdch studi\u00ed Institutu V\u00e1clava Klause Ladislav Jakl.<\/p>\n<p>Je p\u0159esv\u011bd\u010den\u00fd, \u017ee t\u00e9m\u011b\u0159 dv\u011bma stovk\u00e1m ob\u011bt\u00ed p\u0159i z\u00e1plav\u00e1ch v&nbsp;N\u011bmecku se dalo zabr\u00e1nit. \u201eKdyby se po\u0159\u00e1d nemlelo o klimatick\u00fdch zm\u011bn\u00e1ch a ne\u0159\u00edkalo se, kdo m\u00e1 \u010d\u00edm jezdit. N\u011bmci se m\u011bli v\u00edce zam\u011b\u0159it na integrovan\u00fd syst\u00e9m,\u201c prohl\u00e1sil.<\/p>\n<p><strong>Lid\u00e9 um\u00edraj\u00ed na vedra, kter\u00e1 organismus nep\u0159e\u017eije<\/strong><\/p>\n<p>Mikol\u00e1\u0161e Opletala z hnut\u00ed Extinction Rebellion, kter\u00e9 se sna\u017e\u00ed zabr\u00e1nit rozpadu klimatu, p\u0159\u00edrodn\u00ed jevy rovn\u011b\u017e nep\u0159ekvapuj\u00ed, ale z&nbsp;odli\u0161n\u00e9ho d\u016fvodu ne\u017e Jakla. \u201eV\u011bdci p\u0159ed nimi varuj\u00ed u\u017e n\u011bkolik let. Klimatick\u00e1 krize nen\u00ed n\u011bco, co bychom \u0159e\u0161ili pro dal\u0161\u00ed generaci. Nen\u00ed to o ko\u0148sk\u00e9m kopytu, jak \u0159\u00edkal pan Jakl, ale lid\u00e9 um\u00edraj\u00ed na historicky nejv\u011bt\u0161\u00ed vedra, kter\u00e1 n\u00e1\u0161 organismus nem\u016f\u017ee p\u0159e\u017e\u00edt. V ka\u017ed\u00fdch zpr\u00e1v\u00e1ch vid\u00edme ka\u017ed\u00fd den n\u011bjakou katastrofu. A to p\u0159ed p\u011bti lety nebylo,\u201c argumentoval<\/p>\n<p><a href=\"https:\/\/www.irozhlas.cz\/zpravy-domov\/co2-uhlikova-stopa-letani-tridy-rozdeleni-klimatem-svobodou-kalkulacka-spocitat_2105100500_cib?_ga=2.33415998.140001664.1626860476-70229503.1626860475\" target=\"_blank\" rel=\"noopener\">Z v\u00fdzkumu pro \u010cesk\u00fd rozhlas vypl\u00fdv\u00e1<\/a>, \u017ee drtiv\u00e1 v\u011bt\u0161ina \u010cech\u016f pova\u017euje \u0159e\u0161en\u00ed klimatick\u00e9 krize za neodkladn\u00e9. \u201eV\u0161echny st\u00e1ty vym\u00fd\u0161lej\u00ed, jak v\u0161e vy\u0159e\u0161it. Nesm\u00edme couvat p\u0159ed t\u00edm, \u017ee je to sv\u011bt, kter\u00fd je norm\u00e1ln\u00ed. Pan Jakl reprezentuje p\u011bt procent okrajov\u00fdch a konspira\u010dn\u011b schovan\u00fdch lid\u00ed,\u201c ohradil se Opletal.<\/p>\n<p><strong>Modern\u00ed je stra\u0161it a pla\u0161it<\/strong><\/p>\n<p>Jakl oponoval t\u00edm, \u017ee p\u0159ed des\u00edtkami let nebylo na Zemi tolik teplotn\u00edch \u010didel jako v&nbsp;sou\u010dasnosti. \u201eExtr\u00e9mn\u00ed tepla jsou n\u011bkde nam\u011b\u0159ena ka\u017edou chv\u00edli. Existuje obor historick\u00e1 klimatologie, kde se odborn\u00edci zab\u00fdvaj\u00ed \u010dten\u00edm kronik a jin\u00fdch poz\u016fstatk\u016f, ze kter\u00fdch jde odvodit, \u017ee kdysi klidn\u011b sn\u011b\u017e\u00edvalo v&nbsp;\u010dervenci,\u201c podotkl.<\/p>\n<p>\u201eDnes je modern\u00ed se pla\u0161it a stra\u0161it. Argumenty doch\u00e1zej\u00ed a z\u00e1jmov\u00e9 skupiny za\u010d\u00ednaj\u00ed hr\u00e1t na emoce a vys\u00edlaj\u00ed do prvn\u00ed \u0159ady d\u011bti. To je jako kmenov\u00e9 arm\u00e1dy v&nbsp;Africe. V\u011bd\u00ed, \u017ee d\u011bti se nad ni\u010d\u00edm moc nepozastavuj\u00ed. Ml\u00e1de\u017e nem\u00e1 zodpov\u011bdnost a snadno se nadchne,\u201c prohl\u00e1sil Jakl. Opletalovi vmetl, \u017ee a\u017e vedra p\u0159estanou a spole\u010dnost bude su\u017eovat zima, bude se op\u011bt \u0159\u00edkat, \u017ee jde o n\u011bjak\u00fd extr\u00e9m.<\/p>\n<p><strong>Star\u00e1me se o \u017eivotn\u00ed prost\u0159ed\u00ed spr\u00e1vn\u011b?<\/strong><\/p>\n<p>Jak celou situaci kolem klimatick\u00e9 zm\u011bny vy\u0159e\u0161it? \u201eChceme roz\u0161\u00ed\u0159en\u00ed demokracie. Sedmdes\u00e1t procent populace chce klima \u0159e\u0161it, ale brzd\u00ed je zkostnat\u011bl\u00e1 struktura a lid\u00e9, kte\u0159\u00ed h\u00e1j\u00ed sv\u00e9 z\u00e1jmy. Lid\u00e9 by se ale mohli vyj\u00e1d\u0159it a v\u0161e urychlit. Je to praxe z&nbsp;N\u011bmecka nebo Polska,\u201c navrhuje Opletal.<\/p>\n<p>Podle Jakla se v\u0161ak spole\u010dnost chov\u00e1 p\u0159esn\u011b tak, jak by m\u011bla. \u201eCelou dobu se ub\u00edr\u00e1me spr\u00e1vn\u00fdm sm\u011brem. P\u00e9\u010de o na\u0161e prost\u0159ed\u00ed je v po\u0159\u00e1dku. Ale je lep\u0161\u00ed se zaj\u00edmat o po\u017e\u00e1ry v&nbsp;Austr\u00e1lii a demonstrovat, ne\u017e za vesnic\u00ed \u010distit potok,\u201c dodal ironicky.<\/p>\n<div class=\"asset-image asset-gallery-type\"><a href=\"https:\/\/cnn.iprima.cz\/nemci-mohli-obetem-zaplav-zabranit-prohlasil-jakl-vykyvy-pocasi-ho-neprekvapuji-29921#gallery-carousel-689926\" rel=\"modal:open\"><img loading=\"lazy\" decoding=\"async\" class=\"main-image\" src=\"https:\/\/cdn.administrace.tv\/2021\/07\/21\/medium_169\/dae43cc2ac4cabf1446702ffb5ffba0c.jpg\" srcset=\"https:\/\/cdn.administrace.tv\/2021\/07\/21\/mini_169\/dae43cc2ac4cabf1446702ffb5ffba0c.jpg 350w,https:\/\/cdn.administrace.tv\/2021\/07\/21\/small_169\/dae43cc2ac4cabf1446702ffb5ffba0c.jpg 800w,https:\/\/cdn.administrace.tv\/2021\/07\/21\/medium_169\/dae43cc2ac4cabf1446702ffb5ffba0c.jpg 1200w,https:\/\/cdn.administrace.tv\/2021\/07\/21\/hd_169\/dae43cc2ac4cabf1446702ffb5ffba0c.jpg 1920w\" alt=\"Hostem Zpr\u00e1v PLUS na CNN Prima NEWS byl Ladislav Jakl. \" width=\"338\" height=\"190\" data-srcset=\"https:\/\/cdn.administrace.tv\/2021\/07\/21\/mini_169\/dae43cc2ac4cabf1446702ffb5ffba0c.jpg 350w,https:\/\/cdn.administrace.tv\/2021\/07\/21\/small_169\/dae43cc2ac4cabf1446702ffb5ffba0c.jpg 800w,https:\/\/cdn.administrace.tv\/2021\/07\/21\/medium_169\/dae43cc2ac4cabf1446702ffb5ffba0c.jpg 1200w,https:\/\/cdn.administrace.tv\/2021\/07\/21\/hd_169\/dae43cc2ac4cabf1446702ffb5ffba0c.jpg 1920w\" data-loaded=\"true\"><\/a><\/div>\n<div><a href=\"https:\/\/cnn.iprima.cz\/nemci-mohli-obetem-zaplav-zabranit-prohlasil-jakl-vykyvy-pocasi-ho-neprekvapuji-29921\">Zdroj<\/a><\/div>\n","protected":false},"excerpt":{"rendered":"<p>Podle \u0159editele Centra spole\u010densk\u00fdch studi\u00ed Institutu V\u00e1clava Klause Ladislava Jakla nejsou torn\u00e1da, z\u00e1plavy v Evrop\u011b nebo extr\u00e9mn\u011b vysok\u00e9 teploty v Kanad\u011b ni\u010d\u00edm neobvykl\u00fdm. Ve vys\u00edl\u00e1n\u00ed CNN Prima NEWS je\u0161t\u011b prohl\u00e1sil, \u017ee kdy\u017e ekologick\u00fdm aktivist\u016fm doch\u00e1zej\u00ed argumenty, za\u010dnou stra\u0161it a hr\u00e1t na emoce. Naopak Mikol\u00e1\u0161 Opletal z hnut\u00ed Extinction Rebellion v\u0161ak tvrd\u00ed, \u017ee krizi \u017eivotn\u00edho prost\u0159ed\u00ed [&hellip;]<\/p>\n","protected":false},"author":1,"featured_media":0,"comment_status":"open","ping_status":"open","sticky":false,"template":"","format":"standard","meta":{"ngg_post_thumbnail":0,"footnotes":""},"categories":[11],"tags":[],"class_list":["post-12070","post","type-post","status-publish","format-standard","hentry","category-ozvena"],"_links":{"self":[{"href":"https:\/\/www.ladislavjakl.cz\/index.php?rest_route=\/wp\/v2\/posts\/12070","targetHints":{"allow":["GET"]}}],"collection":[{"href":"https:\/\/www.ladislavjakl.cz\/index.php?rest_route=\/wp\/v2\/posts"}],"about":[{"href":"https:\/\/www.ladislavjakl.cz\/index.php?rest_route=\/wp\/v2\/types\/post"}],"author":[{"embeddable":true,"href":"https:\/\/www.ladislavjakl.cz\/index.php?rest_route=\/wp\/v2\/users\/1"}],"replies":[{"embeddable":true,"href":"https:\/\/www.ladislavjakl.cz\/index.php?rest_route=%2Fwp%2Fv2%2Fcomments&post=12070"}],"version-history":[{"count":1,"href":"https:\/\/www.ladislavjakl.cz\/index.php?rest_route=\/wp\/v2\/posts\/12070\/revisions"}],"predecessor-version":[{"id":12071,"href":"https:\/\/www.ladislavjakl.cz\/index.php?rest_route=\/wp\/v2\/posts\/12070\/revisions\/12071"}],"wp:attachment":[{"href":"https:\/\/www.ladislavjakl.cz\/index.php?rest_route=%2Fwp%2Fv2%2Fmedia&parent=12070"}],"wp:term":[{"taxonomy":"category","embeddable":true,"href":"https:\/\/www.ladislavjakl.cz\/index.php?rest_route=%2Fwp%2Fv2%2Fcategories&post=12070"},{"taxonomy":"post_tag","embeddable":true,"href":"https:\/\/www.ladislavjakl.cz\/index.php?rest_route=%2Fwp%2Fv2%2Ftags&post=12070"}],"curies":[{"name":"wp","href":"https:\/\/api.w.org\/{rel}","templated":true}]}}