{"id":12072,"date":"2021-07-30T10:09:25","date_gmt":"2021-07-30T08:09:25","guid":{"rendered":"http:\/\/www.ladislavjakl.cz\/?p=12072"},"modified":"2021-07-30T10:09:25","modified_gmt":"2021-07-30T08:09:25","slug":"dalsi-umlcovaci-zasahy-u-nasich-videi-nadacniho-fondu-svedomi-naroda","status":"publish","type":"post","link":"https:\/\/www.ladislavjakl.cz\/?p=12072","title":{"rendered":"Dal\u0161\u00ed uml\u010dovac\u00ed z\u00e1sahy u na\u0161ich vide\u00ed Nada\u010dn\u00edho fondu Sv\u011bdom\u00ed n\u00e1roda"},"content":{"rendered":"<p>Dobr\u00fd den, v\u00e1\u017een\u00ed podporovatel\u00e9,<\/p>\n<p>P\u00ed\u0161i V\u00e1m, jeliko\u017e jste mne bu\u010f kontaktovali s \u017e\u00e1dost\u00ed o mo\u017enost sd\u00edlen\u00ed rozhovoru s pan\u00ed MUDr. So\u0148ou Pekovou, \u010di jste n\u00e1m vyj\u00e1d\u0159ili podporu, tak\u017ee p\u0159edpokl\u00e1d\u00e1m, \u017ee by V\u00e1s n\u00e1sleduj\u00edc\u00ed informace mohla zaj\u00edmat.<\/p>\n<p><!--more--><\/p>\n<p>Po banu tohoto videa, je\u017e m\u011blo 550.000 shl\u00e9dnut\u00ed za 5 dn\u00ed, se stala tato v\u011bc. O v\u00edkendu jsme cht\u011bli publikovat rozhovor s panem Ladislavem Jaklem, \u010dlenem Rady pro rozhlasov\u00e9 a televizn\u00ed vys\u00edl\u00e1n\u00ed, b\u00fdval\u00fdm poradcem prezidenta V\u00e1clava Klause, kter\u00fd n\u00e1m na kameru popisoval sv\u016fj p\u0159\u00edb\u011bh v rad\u011b, sv\u00e9 n\u00e1zory na dne\u0161n\u00ed \u017eurnalistiku a vyv\u00e1\u017een\u00e9 zpravodajstv\u00ed. Norm\u00e1ln\u011b postupujeme tak, \u017ee rozhovor nahrajeme na kan\u00e1l youtube jako neve\u0159ejn\u00fd \u2013 tedy Unlisted \u2013 tzn. Maj\u00ed k n\u011bmu p\u0159\u00edstup jen lid\u00e9 s odkazem, maj\u00edc\u00ed speci\u00e1ln\u00ed link kter\u00fd vygeneruje youtube. U po\u010d\u00edtadla shl\u00e9dnut\u00ed bylo 2 lid\u00e9, kdy\u017e byl p\u0159\u00edsp\u011bvek v tomto neve\u0159ejn\u00e9m m\u00f3du smaz\u00e1n a ozna\u010den, \u017ee poru\u0161il pravidla komunity z d\u016fvod\u016f \u201eMedical desinformation\u201c. Viz p\u0159\u00edloha.<\/p>\n<p>My p\u0159ece netvrd\u00edme \u2013 \u017ee m\u00e1me pravdu jen my \u2013 jen d\u00e1v\u00e1me prostor k diskuzi odborn\u00edk\u016fm nap\u0159\u00ed\u010d spole\u010dnost\u00ed. To \u017ee Video bude zablokov\u00e1no je\u0161t\u011b p\u0159ed jeho zve\u0159ejn\u011bn\u00edm mne nenapadlo ani ve snu. P\u0159itom pan Ladislav Jakl je \u010dlenem rady pro rozhlasov\u00e9 a televizn\u00ed vys\u00edl\u00e1n\u00ed, tedy kontrolor m\u00e9di\u00ed a ve videu ne\u0159\u00edk\u00e1 nic stra\u0161n\u00e9ho. Lid\u00e9 stejn\u011b tato videa \u0161\u00ed\u0159\u00ed organicky, jako samizdat v dob\u00e1ch totality. Opravdu se tam vrac\u00edme?! P\u0159itom nikdo z n\u00e1s netvrd\u00ed, \u017ee v\u011bci jsou jen takto, d\u00e1v\u00e1me prostor pluralit\u011b n\u00e1zor\u016f, lidem, kter\u00e9 do televize nezvou&#8230;Nemus\u00ed s n\u00e1mi souhlasit, ale vypnout n\u00e1s znamen\u00e1 b\u00e1t se diskuze = nediskutovat = cenzurovat a to je bytostn\u011b \u0161patn\u011b.<\/p>\n<p>P\u0159ehodnotili jsme tedy taktiku, dali na radu odborn\u00e9 ve\u0159ejnosti, videa zmen\u0161ili a dali k dispozici ke sta\u017een\u00ed v\u0161em p\u0159i zachov\u00e1n\u00ed podm\u00ednek, \u017ee budeme viditeln\u011b ozna\u010deni jako auto\u0159i Videa, sou\u010d\u00e1sti p\u0159\u00edsp\u011bvku na s\u00edt\u00edch bude odkaz na na\u0161e str\u00e1nky a video nebude nijak kr\u00e1ceno a upravov\u00e1no. Upload na soci\u00e1ln\u00ed s\u00edt\u011b je mo\u017en\u00fd na kan\u00e1l youtube, odysee a nastub, pop\u0159\u00edpad\u011b jin\u00e9 mimo s\u00edt\u011b Vimeo, a to na takov\u00fd soci\u00e1ln\u00ed kan\u00e1l, na kter\u00e9m nebude vyd\u011bl\u00e1v\u00e1no, nebo bychom sd\u00edlen\u00edm videa p\u0159i\u0161li o exkluzivitu na dan\u00e9m kan\u00e1le v p\u0159\u00edpad\u011b na\u0161eho rozhodnut\u00ed vstoupit na danou s\u00ed\u0165 s na\u0161\u00edm obsahem a vytvo\u0159it zde kan\u00e1l na\u0161ich p\u0159\u00edsp\u011bvk\u016f. Tud\u00ed\u017e toto povolen\u00ed kdykoliv m\u016f\u017eeme odvolat, dle na\u0161eho uv\u00e1\u017een\u00ed, p\u0159\u00edpad od p\u0159\u00edpadu.<\/p>\n<p>Odkaz na video + linky ke sta\u017een\u00ed na na\u0161ich str\u00e1nk\u00e1ch jsou zde:<\/p>\n<p>Ladislav Jakl:<\/p>\n<p><a href=\"https:\/\/www.svedomi-naroda.cz\/%E2%80%A6tv\/\">https:\/\/www.svedomi-naroda.cz\/\u2026tv\/<\/a><\/p>\n<p>MUDr.So\u0148aPekov\u00e1:<\/p>\n<p><a href=\"https:\/\/www.svedomi-naroda.cz\/2021\/07\/08\/rozhovor-s-vedkyni-mudr-sonou-pekovou-phd\/\">https:\/\/www.svedomi-naroda.cz\/2021\/07\/08\/rozhovor-s-vedkyni-mudr-sonou-pekovou-phd\/<\/a><\/p>\n<p>Zalo\u017eili jsme tak\u00e9 dal\u0161\u00ed kan\u00e1l p\u0159\u00edmo na YouTube:&nbsp;<a href=\"https:\/\/www.youtube.com\/channel\/UCOtI22Sy1NRKRcImQYpESIA\">https:\/\/www.youtube.com\/channel\/UCOtI22Sy1NRKRcImQYpESIA<\/a>&nbsp;<\/p>\n<p>S pozdravem a p\u0159\u00e1n\u00edm hezk\u00e9ho dne<\/p>\n<p>Viktor Baro\u0161<\/p>\n<p><a href=\"https:\/\/www.czechfreepress.cz\/vase-free-zona\/dalsi-umlcovaci-zasahy-u-nasich-videi-nadacniho-fondu-svedomi-naroda.html\">Zdroj<\/a><\/p>\n","protected":false},"excerpt":{"rendered":"<p>Dobr\u00fd den, v\u00e1\u017een\u00ed podporovatel\u00e9, P\u00ed\u0161i V\u00e1m, jeliko\u017e jste mne bu\u010f kontaktovali s \u017e\u00e1dost\u00ed o mo\u017enost sd\u00edlen\u00ed rozhovoru s pan\u00ed MUDr. So\u0148ou Pekovou, \u010di jste n\u00e1m vyj\u00e1d\u0159ili podporu, tak\u017ee p\u0159edpokl\u00e1d\u00e1m, \u017ee by V\u00e1s n\u00e1sleduj\u00edc\u00ed informace mohla zaj\u00edmat.<\/p>\n","protected":false},"author":1,"featured_media":0,"comment_status":"open","ping_status":"open","sticky":false,"template":"","format":"standard","meta":{"ngg_post_thumbnail":0,"footnotes":""},"categories":[11],"tags":[],"class_list":["post-12072","post","type-post","status-publish","format-standard","hentry","category-ozvena"],"_links":{"self":[{"href":"https:\/\/www.ladislavjakl.cz\/index.php?rest_route=\/wp\/v2\/posts\/12072","targetHints":{"allow":["GET"]}}],"collection":[{"href":"https:\/\/www.ladislavjakl.cz\/index.php?rest_route=\/wp\/v2\/posts"}],"about":[{"href":"https:\/\/www.ladislavjakl.cz\/index.php?rest_route=\/wp\/v2\/types\/post"}],"author":[{"embeddable":true,"href":"https:\/\/www.ladislavjakl.cz\/index.php?rest_route=\/wp\/v2\/users\/1"}],"replies":[{"embeddable":true,"href":"https:\/\/www.ladislavjakl.cz\/index.php?rest_route=%2Fwp%2Fv2%2Fcomments&post=12072"}],"version-history":[{"count":1,"href":"https:\/\/www.ladislavjakl.cz\/index.php?rest_route=\/wp\/v2\/posts\/12072\/revisions"}],"predecessor-version":[{"id":12073,"href":"https:\/\/www.ladislavjakl.cz\/index.php?rest_route=\/wp\/v2\/posts\/12072\/revisions\/12073"}],"wp:attachment":[{"href":"https:\/\/www.ladislavjakl.cz\/index.php?rest_route=%2Fwp%2Fv2%2Fmedia&parent=12072"}],"wp:term":[{"taxonomy":"category","embeddable":true,"href":"https:\/\/www.ladislavjakl.cz\/index.php?rest_route=%2Fwp%2Fv2%2Fcategories&post=12072"},{"taxonomy":"post_tag","embeddable":true,"href":"https:\/\/www.ladislavjakl.cz\/index.php?rest_route=%2Fwp%2Fv2%2Ftags&post=12072"}],"curies":[{"name":"wp","href":"https:\/\/api.w.org\/{rel}","templated":true}]}}