{"id":12076,"date":"2021-07-30T10:17:22","date_gmt":"2021-07-30T08:17:22","guid":{"rendered":"http:\/\/www.ladislavjakl.cz\/?p=12076"},"modified":"2021-07-30T10:17:22","modified_gmt":"2021-07-30T08:17:22","slug":"tiskova-zprava-z-13-zasedani-2021-konaneho-dne-20-7-2021","status":"publish","type":"post","link":"https:\/\/www.ladislavjakl.cz\/?p=12076","title":{"rendered":"Tiskov\u00e1 zpr\u00e1va z 13. zased\u00e1n\u00ed 2021, konan\u00e9ho dne 20. 7. 2021"},"content":{"rendered":"<p>Rada pro rozhlasov\u00e9 a televizn\u00ed vys\u00edl\u00e1n\u00ed (d\u00e1le jen &#8222;Rada&#8220;) na sv\u00e9m 13. zased\u00e1n\u00ed projednala 40 bod\u016f programu. Vyhodnotila 43 st\u00ed\u017enost\u00ed div\u00e1k\u016f a poslucha\u010d\u016f, vydala \u0161est upozorn\u011bn\u00ed na poru\u0161en\u00ed z\u00e1kona, rozhodla o zah\u00e1jen\u00ed deseti \u0159\u00edzen\u00ed o p\u0159estupku.<\/p>\n<p><!--more-->Rada ud\u011blila jednu licenci spole\u010dnosti MEDIA BOHEMIA a.s. k provozov\u00e1n\u00ed rozhlasov\u00e9ho vys\u00edl\u00e1n\u00ed prost\u0159ednictv\u00edm vys\u00edla\u010d\u016f se soubory technick\u00fdch parametr\u016f Broumov 87,6 MHz \/ 50 W, Trutnov 87,6 MHz \/100 W, N\u00e1chod 87,6 MHz \/ 50 W, Mlad\u00e1 Boleslav 87,6 MHz \/ 100 W, Ji\u010d\u00edn 87,6 MHz \/100 W a Liberec 87,6 MHz \/ 200 W, pro program Fajn radio.<br \/>\nRada ur\u010dila term\u00edn volby m\u00edstop\u0159edsedkyn\u011b \/ m\u00edstop\u0159edsedy Rady na 31. 8. 2021.<br \/>\nPodrobn\u011bj\u0161\u00ed informace naleznete v p\u0159episech usnesen\u00ed Rady:<\/p>\n<p><strong>ROZHLASOV\u00c9 VYS\u00cdL\u00c1N\u00cd<\/strong><br \/>\n&#8211; Rada ud\u011bluje spole\u010dnosti MEDIA BOHEMIA a.s., I\u010c: 26765586, se s\u00eddlem B\u011blehradsk\u00e1 299\/132, Vinohrady, 120 00 Praha 2, podle \u00a7 18 z\u00e1kona \u010d. 231\/2001 Sb. licenci k provozov\u00e1n\u00ed rozhlasov\u00e9ho vys\u00edl\u00e1n\u00ed prost\u0159ednictv\u00edm vys\u00edla\u010d\u016f se soubory technick\u00fdch parametr\u016f Broumov 87,6 MHz \/ 50 W, sou\u0159adnice stanovi\u0161t\u011b WGS 84: 16 19 52 \/ 50 35 15, Trutnov 87,6 MHz \/100 W, sou\u0159adnice stanovi\u0161t\u011b WGS 84: 15 54 26 \/ 50 33 23, N\u00e1chod 87,6 MHz \/ 50 W, sou\u0159adnice stanovi\u0161t\u011b WGS 84: 16 10 02 \/ 50 24 55, Mlad\u00e1 Boleslav 87,6 MHz \/ 100 W, sou\u0159adnice stanovi\u0161t\u011b WGS 84: 14 54 47 \/ 50 25 26, Ji\u010d\u00edn 87,6 MHz \/100 W, sou\u0159adnice stanovi\u0161t\u011b WGS 84: 15 21 36 \/ 50 26 07, Liberec 87,6 MHz \/ 200 W, sou\u0159adnice stanovi\u0161t\u011b WGS 84: 15 03 17 \/ 50 46 57, pro program Fajn radio do 10. \u0159\u00edjna 2025.<\/p>\n<p>&#8211; Rada se sezn\u00e1mila se st\u00ed\u017enost\u00ed \u010d. j. RRTV\/8050\/2021-vra ohledn\u011b vystupov\u00e1n\u00ed tiskov\u00e9ho mluv\u010d\u00edho \u0158SD Jana R\u00fddla v po\u0159adech Obchvaty s Honzou R\u00fddlem a \u010cesk\u00e9 silnice a d\u00e1lnice z prvn\u00ed ruky na programu R\u00e1dio BLAN\u00cdK. Rada se sezn\u00e1mila se st\u00ed\u017enost\u00ed \u010d. j. RRTV\/7853\/2021-vra ohledn\u011b toho, \u017ee se na programu \u010cRo Radio\u017eurn\u00e1l \u201eobjevuj\u00ed neust\u00e1le 2 lid\u00e9 dokola\u201c. Rada se sezn\u00e1mila se st\u00ed\u017enost\u00ed \u010d. j. RRTV\/8582\/2021-vra ohledn\u011b toho, \u017ee v rozhovoru s Michalem Kl\u00edmou v po\u0159adu Osobnost Plus na programu \u010cRo Plus dne 3. 7. 2021 od 10:34 zazn\u011bly \u00fadajn\u011b nepravdiv\u00e9 informace. Rada se sezn\u00e1mila se st\u00ed\u017enost\u00ed \u010d. j. RRTV\/7553\/2021-vra ohledn\u011b mo\u017en\u00e9ho po\u0161kozen\u00ed sout\u011b\u017e\u00edc\u00ed v sout\u011b\u017ei \u201eHal\u00f3 tady Impulsovi\u201c na programu R\u00c1DIO IMPULS.<\/p>\n<p>&#8211; V souladu s posl\u00e1n\u00edm Rady dle \u00a7 4 odst. 2 z\u00e1kona \u010d. 231\/2001 Sb., o provozov\u00e1n\u00ed rozhlasov\u00e9ho a televizn\u00edho vys\u00edl\u00e1n\u00ed a na z\u00e1klad\u011b povinnosti provozovatele dle \u00a7 32 odst. 1 p\u00edsm. l) t\u00e9ho\u017e z\u00e1kona Rada vyzvala provozovatele MEDIA BOHEMIA a.s. k zap\u016fj\u010den\u00ed z\u00e1znam\u016f vybran\u00fdch \u010d\u00e1st\u00ed vys\u00edl\u00e1n\u00ed programu R\u00e1dio BLAN\u00cdK ze dne 10. 2. 2020, 14. 5. 2020, 21. 5. 2020, 28. 5. 2020, 4. 6. 2020, 24. 9. 2020, 1. 10. 2020, 13. 10. 2020, 22. 10. 2020, 5. 11. 2020 a 10. 12. 2020.<\/p>\n<p>&#8211; Rada podle ustanoven\u00ed \u00a7 5 p\u00edsm. b) a \u00a7 12 z\u00e1kona \u010d. 231\/2001 Sb., o provozov\u00e1n\u00ed rozhlasov\u00e9ho a televizn\u00edho vys\u00edl\u00e1n\u00ed a v souladu s ustanoven\u00edm \u00a7 67 a n\u00e1sl. z\u00e1kona \u010d. 500\/2004 Sb. spr\u00e1vn\u00edho \u0159\u00e1du, vydala toto rozhodnut\u00ed: Rada prodlu\u017euje provozovateli ULTRAVOX s.r.o., I\u010c: 49702785, se s\u00eddlem Ra\u0161\u00ednovo n\u00e1b\u0159e\u017e\u00ed 409\/34, Nov\u00e9 M\u011bsto, 128 00 Praha 2, dobu platnosti licence sp.zn. 2015\/405\/zab k vys\u00edl\u00e1n\u00ed programu Radio COLOR prost\u0159ednictv\u00edm vys\u00edla\u010d\u016f na kmito\u010dtu \u010cesk\u00fd Krumlov 92,5 MHz \/ 0,05 kW do 10. \u0159\u00edjna 2025.<\/p>\n<p>&#8211; Rada podle ustanoven\u00ed \u00a7 5 p\u00edsm. b) a \u00a7 12 z\u00e1kona \u010d. 231\/2001 Sb., o provozov\u00e1n\u00ed rozhlasov\u00e9ho a televizn\u00edho vys\u00edl\u00e1n\u00ed a v souladu s ustanoven\u00edm \u00a7 67 a n\u00e1sl. z\u00e1kona \u010d. 500\/2004 Sb. spr\u00e1vn\u00edho \u0159\u00e1du, vydala toto rozhodnut\u00ed: Rada prodlu\u017euje provozovateli ULTRAVOX s.r.o., I\u010c: 49702785, se s\u00eddlem Ra\u0161\u00ednovo n\u00e1b\u0159e\u017e\u00ed 409\/34, Nov\u00e9 M\u011bsto, 128 00 Praha 2, dobu platnosti licence sp.zn. 2015\/751\/zab k vys\u00edl\u00e1n\u00ed programu Radio COLOR prost\u0159ednictv\u00edm vys\u00edla\u010d\u016f na kmito\u010dtu Znojmo 92,4 MHz \/ 1 kW do 10. \u0159\u00edjna 2025.<\/p>\n<p>&#8211; Rada podle ustanoven\u00ed \u00a7 5 p\u00edsm. b) a \u00a7 12 z\u00e1kona \u010d. 231\/2001 Sb., o provozov\u00e1n\u00ed rozhlasov\u00e9ho a televizn\u00edho vys\u00edl\u00e1n\u00ed a v souladu s ustanoven\u00edm \u00a7 67 a n\u00e1sl. z\u00e1kona \u010d. 500\/2004 Sb. spr\u00e1vn\u00edho \u0159\u00e1du, vydala toto rozhodnut\u00ed: Rada prodlu\u017euje provozovateli JOE Media s.r.o., I\u010c: 26152002, se s\u00eddlem Praha 4, Brani\u0161ovsk\u00e1 187\/16, dobu platnosti licence sp.zn. 2015\/416\/zab k vys\u00edl\u00e1n\u00ed programu HEY Radio prost\u0159ednictv\u00edm vys\u00edla\u010d\u016f na kmito\u010dtu Brno 97,6 MHz \/ 0,1 kW do 10. \u0159\u00edjna 2025.<\/p>\n<p>&#8211; Rada podle ustanoven\u00ed \u00a7 5 p\u00edsm. b) a \u00a7 12 z\u00e1kona \u010d. 231\/2001 Sb., o provozov\u00e1n\u00ed rozhlasov\u00e9ho a televizn\u00edho vys\u00edl\u00e1n\u00ed a v souladu s ustanoven\u00edm \u00a7 67 a n\u00e1sl. z\u00e1kona \u010d. 500\/2004 Sb. spr\u00e1vn\u00edho \u0159\u00e1du, vydala toto rozhodnut\u00ed: Rada prodlu\u017euje provozovateli JOE Media s.r.o., I\u010c: 26152002, se s\u00eddlem Praha 4, Brani\u0161ovsk\u00e1 187\/16, dobu platnosti licence sp.zn. 2015\/988\/zab k vys\u00edl\u00e1n\u00ed programu HEY Radio prost\u0159ednictv\u00edm vys\u00edla\u010d\u016f na kmito\u010dtu \u010cesk\u00fd Krumlov 100,0 MHz \/ 0,05 kW do 10. \u0159\u00edjna 2025.<\/p>\n<p>&#8211; Rada podle ustanoven\u00ed \u00a7 5 p\u00edsm. b) a \u00a7 12 z\u00e1kona \u010d. 231\/2001 Sb., o provozov\u00e1n\u00ed rozhlasov\u00e9ho a televizn\u00edho vys\u00edl\u00e1n\u00ed a v souladu s ustanoven\u00edm \u00a7 67 a n\u00e1sl. z\u00e1kona \u010d. 500\/2004 Sb. spr\u00e1vn\u00edho \u0159\u00e1du, vydala toto rozhodnut\u00ed: Rada prodlu\u017euje provozovateli JOE Media s.r.o., I\u010c: 26152002, se s\u00eddlem Praha 4, Brani\u0161ovsk\u00e1 187\/16, dobu platnosti licence sp.zn. 2015\/352\/zab k vys\u00edl\u00e1n\u00ed programu HEY Radio prost\u0159ednictv\u00edm vys\u00edla\u010d\u016f na kmito\u010dtu \u010cesk\u00e9 Bud\u011bjovice 91,6 MHz \/ 0,2 kW do 10. \u0159\u00edjna 2025.<\/p>\n<p>&#8211; Rada podle ustanoven\u00ed \u00a7 5 p\u00edsm. b) a \u00a7 12 z\u00e1kona \u010d. 231\/2001 Sb., o provozov\u00e1n\u00ed rozhlasov\u00e9ho a televizn\u00edho vys\u00edl\u00e1n\u00ed a v souladu s ustanoven\u00edm \u00a7 67 a n\u00e1sl. z\u00e1kona \u010d. 500\/2004 Sb. spr\u00e1vn\u00edho \u0159\u00e1du, vydala toto rozhodnut\u00ed: Rada prodlu\u017euje provozovateli JOE Media s.r.o., I\u010c: 26152002, se s\u00eddlem Praha 4, Brani\u0161ovsk\u00e1 187\/16, dobu platnosti licence sp.zn. 2015\/117\/zab k vys\u00edl\u00e1n\u00ed programu HEY Radio prost\u0159ednictv\u00edm vys\u00edla\u010d\u016f na kmito\u010dtu Znojmo 88,0 MHz \/ 0,1 kW do 10. \u0159\u00edjna 2025.<\/p>\n<p>&#8211; Rada podle ustanoven\u00ed \u00a7 5 p\u00edsm. b) a \u00a7 12 z\u00e1kona \u010d. 231\/2001 Sb., o provozov\u00e1n\u00ed rozhlasov\u00e9ho a televizn\u00edho vys\u00edl\u00e1n\u00ed a v souladu s ustanoven\u00edm \u00a7 67 a n\u00e1sl. z\u00e1kona \u010d. 500\/2004 Sb. spr\u00e1vn\u00edho \u0159\u00e1du, vydala toto rozhodnut\u00ed: Rada prodlu\u017euje provozovateli JOE Media s.r.o., I\u010c: 26152002, se s\u00eddlem Praha 4, Brani\u0161ovsk\u00e1 187\/16, dobu platnosti licence sp.zn. 2015\/117\/zab k vys\u00edl\u00e1n\u00ed programu HEY Radio prost\u0159ednictv\u00edm vys\u00edla\u010d\u016f na kmito\u010dtu Znojmo 88,0 MHz \/ 0,1 kW do 10. \u0159\u00edjna 2025.<\/p>\n<p>&#8211; Rada v souladu s ustanoven\u00edm \u00a7 5 p\u00edsm. b), \u00a7 21 odst. 1 p\u00edsm. a) a \u00a7 21 odst. 3 z\u00e1kona \u010d. 231\/2001 Sb., o provozov\u00e1n\u00ed rozhlasov\u00e9ho a televizn\u00edho vys\u00edl\u00e1n\u00ed a o zm\u011bn\u011b dal\u0161\u00edch z\u00e1kon\u016f, v platn\u00e9m zn\u011bn\u00ed (d\u00e1le jen \u201ez\u00e1kon \u010d. 231\/2001 Sb.\u201c), a ustanoven\u00edm \u00a7 67 a n\u00e1sl. z\u00e1kona \u010d. 500\/2004 Sb., spr\u00e1vn\u00ed \u0159\u00e1d, v platn\u00e9m zn\u011bn\u00ed (d\u00e1le jen \u201ez\u00e1kon \u010d. 500\/2004 Sb.\u201c), vydala toto rozhodnut\u00ed: Rada ud\u011bluje provozovateli Radio Contact Liberec, spol. s r.o., I\u010c: 14866285, se s\u00eddlem Na Okruhu 872\/10, Liberec I-Star\u00e9 M\u011bsto, 460 01 Liberec, souhlas se zm\u011bnou skute\u010dnost\u00ed uveden\u00fdch v \u017e\u00e1dosti o licenci k provozov\u00e1n\u00ed rozhlasov\u00e9ho vys\u00edl\u00e1n\u00ed programu Radio Contact Liberec (licence \u010d.j. Ru\/105\/01) podle \u00a7 21 odst. 1 p\u00edsm. a) a odst. 3 z\u00e1kona \u010d. 231\/2001 Sb., spo\u010d\u00edvaj\u00edc\u00ed ve zm\u011bn\u011b nov\u00fd n\u00e1zev R\u00e1dio BLAN\u00cdK Liberec, nebo\u0165 tato zm\u011bna by nevedla k neud\u011blen\u00ed licence na z\u00e1klad\u011b ve\u0159ejn\u00e9ho sly\u0161en\u00ed.<\/p>\n<p>&#8211; Rada v r\u00e1mci sv\u00e9 kompetence dan\u00e9 ustanoven\u00edm \u00a7 5 p\u00edsm. b) a v souladu s \u00a7 21 odst. 1 p\u00edsm. b) a odst. 3 z\u00e1kona \u010d. 231\/2001 Sb. p\u0159ijala ve v\u011bci \u017e\u00e1dosti provozovatele Frekvence 1 a.s., I\u010c: 49240226 se s\u00eddlem Praha 2, Wenzigova 4\/1872, PS\u010c 12000, o zm\u011bnu skute\u010dnost\u00ed uveden\u00fdch v \u017e\u00e1dosti o licenci k provozov\u00e1n\u00ed rozhlasov\u00e9ho vys\u00edl\u00e1n\u00ed programu FREKVENCE 1 (licence \u010d.j.: Ru\/249\/98), a to o zm\u011bn\u011b \u00fazemn\u00edho rozsahu vys\u00edl\u00e1n\u00ed a souboru technick\u00fdch parametr\u016f spo\u010d\u00edvaj\u00edc\u00ed ve zm\u011bn\u011b stanovi\u0161t\u011b, kmito\u010dtu a v\u00fdkonu P\u0159\u00edbram 104,1 MHz \/ 50 W, toto rozhodnut\u00ed: Rada ud\u011bluje provozovateli Frekvence 1 a.s., I\u010c: 49240226 se s\u00eddlem Praha 2, Wenzigova 4\/1872, PS\u010c 12000, souhlas se zm\u011bnou skute\u010dnost\u00ed uveden\u00fdch v \u017e\u00e1dosti o licenci k provozov\u00e1n\u00ed rozhlasov\u00e9ho vys\u00edl\u00e1n\u00ed prost\u0159ednictv\u00edm vys\u00edla\u010d\u016f programu FREKVENCE 1 (licence \u010d.j.: Ru\/249\/98), a to o zm\u011bn\u011b \u00fazemn\u00edho rozsahu vys\u00edl\u00e1n\u00ed a souboru technick\u00fdch parametr\u016f spo\u010d\u00edvaj\u00edc\u00ed ve zm\u011bn\u011b kmito\u010dtu a v\u00fdkonu P\u0159\u00edbram 104,1 MHz \/ 50 W na stanovi\u0161t\u011b P\u0159\u00edbram m\u011bsto 91,6 MHz \/ 100 W, sou\u0159adnice WGS 84: 13 59 06 \/ 49 40 26.<\/p>\n<p>&#8211; Rada jako\u017eto \u00fast\u0159edn\u00ed spr\u00e1vn\u00ed \u00fa\u0159ad na z\u00e1klad\u011b ustanoven\u00ed \u00a7 7 p\u00edsm. a) z\u00e1kona \u010d. 40\/1995 Sb., o regulaci reklamy a o zm\u011bn\u011b a dopln\u011bn\u00ed z\u00e1kona \u010d. 468\/1991 Sb., o provozov\u00e1n\u00ed rozhlasov\u00e9ho a televizn\u00edho vys\u00edl\u00e1n\u00ed, ve zn\u011bn\u00ed platn\u00fdch p\u0159edpis\u016f, (d\u00e1le jen \u201ez\u00e1kon \u010d. 40\/1995 Sb.\u201c) a podle ustanoven\u00ed \u00a7 86 odst. 1 p\u00edsm. b) z\u00e1kona \u010d. 250\/2016 Sb., o odpov\u011bdnosti za p\u0159estupky a \u0159\u00edzen\u00ed o nich, vydala dne 20. \u010dervence 2021 toto usnesen\u00ed: Rada zastavuje \u0159\u00edzen\u00ed o p\u0159estupku s obvin\u011bn\u00fdm, spole\u010dnost\u00ed MEDIA CLUB, s.r.o., I\u010c: 29413982, se s\u00eddlem Vinohradsk\u00e1 3217\/167, Stra\u0161nice, 100 00 Praha 10, veden\u00e9 ve v\u011bci mo\u017en\u00e9ho poru\u0161en\u00ed ustanoven\u00ed \u00a7 5a odst. 5 z\u00e1kona \u010d. 40\/1995 Sb., kter\u00e9ho se mohla dopustit zad\u00e1n\u00edm reklamy na on-line l\u00e9k\u00e1rnu l\u00e9k\u00e1rna.cz a p\u0159\u00edpravek Essentiale, kter\u00e1 byla odvys\u00edl\u00e1na dne 7. kv\u011btna 2021 v \u010dase 08:28:19 hod. na programu Radio Spin (Praha 96,2 MHz) provozovatele RADIO UNITED BROADCASTING s.r.o., nebo\u0165 skutek, o n\u011bm\u017e se vede \u0159\u00edzen\u00ed, nesp\u00e1chal obvin\u011bn\u00fd.<\/p>\n<p>&#8211; Rada v r\u00e1mci sv\u00e9 kompetence dan\u00e9 \u00a7 7 p\u00edsm. a) z\u00e1kona \u010d. 40\/1995 Sb., o regulaci reklamy a o zm\u011bn\u011b a dopln\u011bn\u00ed z\u00e1kona \u010d. 468\/1991 Sb., o provozov\u00e1n\u00ed rozhlasov\u00e9ho a televizn\u00edho vys\u00edl\u00e1n\u00ed, ve zn\u011bn\u00ed platn\u00fdch p\u0159edpis\u016f (d\u00e1le jen \u201ez\u00e1kon \u010d. 40\/1995 Sb.\u201c), v souladu s ustanoven\u00edm \u00a7 78 odst. 1 z\u00e1kona \u010d. 250\/2016 Sb., z\u00e1kona o p\u0159estupc\u00edch a \u0159\u00edzen\u00edch o nich (d\u00e1le jen \u201ez\u00e1kona \u010d. 250\/2016 Sb.\u201c) rozhodla zah\u00e1jit se spole\u010dnost\u00ed NeoMedia-Czech s.r.o., I\u010c: 24687804, se s\u00eddlem Pernerova 635\/57, Karl\u00edn, 186 00 Praha 8, \u0159\u00edzen\u00ed o p\u0159estupku z moci \u00fa\u0159edn\u00ed pro mo\u017en\u00e9 poru\u0161en\u00ed ustanoven\u00ed \u00a7 5a odst. 5 z\u00e1kona \u010d. 40\/1995 Sb., kter\u00e9ho se mohla dopustit zad\u00e1n\u00edm reklamy na on-line l\u00e9k\u00e1rnu l\u00e9k\u00e1rna.cz a p\u0159\u00edpravek Essentiale, kter\u00e1 byla odvys\u00edl\u00e1na dne 7. kv\u011btna 2021 v \u010dase 08:28:19 hod. na programu Radio Spin (Praha 96,2 MHz) provozovatele RADIO UNITED BROADCASTING s.r.o<\/p>\n<p>&#8211; Rada se sezn\u00e1mila s anal\u00fdzami obchodn\u00edch sd\u011blen\u00ed odvys\u00edlan\u00fdch provozovateli MEDIA BOHEMIA a.s. (program Hitr\u00e1dio Orion; Jesen\u00edk 88,1 MHz) dne 8. \u010dervence 2021, Radio Contact Liberec spol. s r.o. (program Radio Contact Liberec; Liberec 101,4 MHz) dne 8. \u010dervence 2021, NONSTOP s.r.o. (program R\u00c1DIO JIHLAVA; Jihlava-Hosov 101,1 MHz) dne 8. \u010dervence 2021, MAX LOYD, s.r.o. (program DANCE RADIO; Praha-Jinonice 102,9 MHz) dne 8. \u010dervence 2021, RADIO UNITED BROADCASTING s.r.o. (program Radio Beat; Ostrava 90,4 MHz) dne 8. \u010dervence 2021 a MEDIA BOHEMIA a.s. (program Rock Radio; \u00dast\u00ed nad Labem-St\u0159\u00edbrn\u00edky 90,2 MHz) dne 8. \u010dervence 2021.<\/p>\n<p>&#8211; Rada se sezn\u00e1mila s ozn\u00e1men\u00edm provozovatele RKR s.r.o., I\u010c: 60198184, doru\u010den\u00fdm Rad\u011b dne 1. \u010dervence 2021 pod \u010d.j. RRTV\/8549\/2021-vra o v\u00fdpadku vys\u00edl\u00e1n\u00ed programu CLASSIC PRAHA (licence \u010d.j. Ru\/140\/01) \u0161\u00ed\u0159en\u00e9ho prost\u0159ednictv\u00edm vys\u00edla\u010d\u016f, a to ve dnech 30. \u010dervna a 1. \u010dervence 2021. Rada se sezn\u00e1mila s ozn\u00e1men\u00edm provozovatele 4S PRODUCTION, a.s., I\u010c: 25113054, doru\u010den\u00fdm Rad\u011b dne 1. \u010dervence 2021 pod \u010d.j. RRTV\/8548\/2021-vra o v\u00fdpadku vys\u00edl\u00e1n\u00ed programu EXPRES FM (licence \u010d.j. Ru\/137\/01) \u0161\u00ed\u0159en\u00e9ho prost\u0159ednictv\u00edm vys\u00edla\u010d\u016f, a to ve dnech 30. \u010dervna a 1. \u010dervence 2021. Rada se sezn\u00e1mila s ozn\u00e1men\u00edm provozovatele HAMCO, s.r.o., I\u010c: 47668962, doru\u010den\u00fdm Rad\u011b dne 30. \u010dervna 2021 pod \u010d.j. RRTV\/8509\/2021-vra o v\u00fdpadku vys\u00edl\u00e1n\u00ed programu RADIO HAN\u00c1 (licence \u010d.j. Ru\/101\/01) \u0161\u00ed\u0159en\u00e9ho prost\u0159ednictv\u00edm vys\u00edla\u010d\u016f, a to dne 30. \u010dervna 2021.<\/p>\n<p>&#8211; Rada se sezn\u00e1mila s p\u0159edlo\u017een\u00fdm v\u00fdpo\u010dtem pokryt\u00ed obyvatel \u010cesk\u00e9 republiky sign\u00e1lem rozhlasov\u00e9ho vys\u00edl\u00e1n\u00ed n\u011bkter\u00fdch provozovatel\u016f, majetkov\u011b propojen\u00fdch subjekt\u016f, programov\u00fdch s\u00edt\u00ed a program\u016f, kter\u00fd byl proveden \u010cesk\u00fdm telekomunika\u010dn\u00edm \u00fa\u0159adem ve dnech 20. z\u00e1\u0159\u00ed a\u017e 17. \u0159\u00edjna 2019, a shledala, \u017ee ve zkouman\u00fdch p\u0159\u00edpadech nedo\u0161lo k poru\u0161en\u00ed ustanoven\u00ed \u00a7 56 odst. 2, \u00a7 56 odst. 3 ani \u00a7 57 odst. 1 z\u00e1kona \u010d. 231\/2001 Sb.<\/p>\n<p><strong>TELEVIZN\u00cd VYS\u00cdL\u00c1N\u00cd<\/strong><br \/>\n&#8211; Rada podle ustanoven\u00ed \u00a7 32 odst. 1 p\u00edsm. r) z\u00e1kona \u010d. 231\/2001 Sb., ud\u011bluje provozovateli O2 TV s.r.o., I\u010c 039 98 380, se s\u00eddlem Za Brumlovkou 266\/2, Michle, 140 00 Praha 4, souhlas s p\u0159eru\u0161en\u00edm vys\u00edl\u00e1n\u00ed televizn\u00edho programu Orange Sport \u0161\u00ed\u0159en\u00e9ho prost\u0159ednictv\u00edm dru\u017eice, na z\u00e1klad\u011b licence \u010d.j. RRTV\/14202\/2018-zem, spis. zn.: RRTV\/2018\/541\/zem, ze dne 17. \u010dervence 2018, v rozsahu dle \u017e\u00e1dosti ze dne 28. \u010dervna 2021, \u010d.j. RRTV\/8133\/2021-vra, ve zn\u011bn\u00ed up\u0159esn\u011bn\u00ed a dopln\u011bn\u00ed ze dne 12. \u010dervence 2021, \u010d.j. RRTV\/8711\/2021-vra.<\/p>\n<p>&#8211; Rada podle ustanoven\u00ed \u00a7 32 odst. 1 p\u00edsm. r) z\u00e1kona \u010d. 231\/2001 Sb., ud\u011bluje provozovateli O2 TV s.r.o., I\u010c 039 98 380, se s\u00eddlem Za Brumlovkou 266\/2, Michle, 140 00 Praha 4, souhlas s p\u0159eru\u0161en\u00edm vys\u00edl\u00e1n\u00ed televizn\u00edho programu Orange Sport 2 \u0161\u00ed\u0159en\u00e9ho prost\u0159ednictv\u00edm dru\u017eice, na z\u00e1klad\u011b licence \u010d.j. RRTV\/14207\/2018-zem, spis. zn.: RRTV\/2018\/542\/zem, ze dne 17. \u010dervence 2018, v rozsahu dle \u017e\u00e1dosti ze dne 28. \u010dervna 2021, \u010d.j. RRTV\/8133\/2021-vra, ve zn\u011bn\u00ed up\u0159esn\u011bn\u00ed a dopln\u011bn\u00ed ze dne 12. \u010dervence 2021, \u010d.j. RRTV\/8711\/2021-vra.<\/p>\n<p>&#8211; Rada podle ustanoven\u00ed \u00a7 32 odst. 1 p\u00edsm. r) z\u00e1kona \u010d. 231\/2001 Sb., ud\u011bluje provozovateli O2 TV s.r.o., I\u010c 039 98 380, se s\u00eddlem Za Brumlovkou 266\/2, Michle, 140 00 Praha 4, souhlas s p\u0159eru\u0161en\u00edm vys\u00edl\u00e1n\u00ed televizn\u00edho programu Orange Sport 3 \u0161\u00ed\u0159en\u00e9ho prost\u0159ednictv\u00edm dru\u017eice, na z\u00e1klad\u011b licence \u010d.j. RRTV\/14208\/2018-zem, spis. zn.: RRTV\/2018\/543\/zem, ze dne 17. \u010dervence 2018, v rozsahu dle \u017e\u00e1dosti ze dne 28. \u010dervna 2021, \u010d.j. RRTV\/8133\/2021-vra, ve zn\u011bn\u00ed up\u0159esn\u011bn\u00ed a dopln\u011bn\u00ed ze dne 12. \u010dervence 2021, \u010d.j. RRTV\/8711\/2021-vra.<\/p>\n<p>&#8211; Rada podle ustanoven\u00ed \u00a7 32 odst. 1 p\u00edsm. r) z\u00e1kona \u010d. 231\/2001 Sb., ud\u011bluje provozovateli O2 TV s.r.o., I\u010c 039 98 380, se s\u00eddlem Za Brumlovkou 266\/2, Michle, 140 00 Praha 4, souhlas s p\u0159eru\u0161en\u00edm vys\u00edl\u00e1n\u00ed televizn\u00edho programu Orange Sport 4 \u0161\u00ed\u0159en\u00e9ho prost\u0159ednictv\u00edm dru\u017eice, na z\u00e1klad\u011b licence \u010d.j. RRTV\/14209\/2018-zem, spis. zn.: RRTV\/2018\/544\/zem, ze dne 17. \u010dervence 2018, v rozsahu dle \u017e\u00e1dosti ze dne 28. \u010dervna 2021, \u010d.j. RRTV\/8133\/2021-vra, ve zn\u011bn\u00ed up\u0159esn\u011bn\u00ed a dopln\u011bn\u00ed ze dne 12. \u010dervence 2021, \u010d.j. RRTV\/8711\/2021-vra.<\/p>\n<p>&#8211; Rada zahajuje s provozovatelem \u0160L\u00c1GR TV, spol. s r.o. v likvidaci, I\u010c 261 02 293, se s\u00eddlem \u010d.p. 158, 373 84 Dubn\u00e9, spr\u00e1vn\u00ed \u0159\u00edzen\u00ed podle ustanoven\u00ed \u00a7 63 odst. 2 p\u00edsm. b) z\u00e1kona \u010d. 231\/2001 Sb., o odn\u011bt\u00ed licence \u010d.j. RRTV\/13637\/2017-zem, spis. zn.: 2017\/661\/zem, 26. z\u00e1\u0159\u00ed 2017, k provozov\u00e1n\u00ed zemsk\u00e9ho digit\u00e1ln\u00edho televizn\u00edho vys\u00edl\u00e1n\u00ed programu \u0160L\u00c1GR 2 \u0161\u00ed\u0159en\u00e9ho prost\u0159ednictv\u00edm vys\u00edla\u010d\u016f, nebo\u0165 provozovatel po zah\u00e1jen\u00ed vys\u00edl\u00e1n\u00ed v pr\u016fb\u011bhu kalend\u00e1\u0159n\u00edho roku od 31. kv\u011btna 2021 nevys\u00edl\u00e1 d\u00e9le ne\u017e 30 dn\u016f. Rada stanovuje lh\u016ftu k vyj\u00e1d\u0159en\u00ed do 15 dn\u016f od doru\u010den\u00ed ozn\u00e1men\u00ed o zah\u00e1jen\u00ed \u0159\u00edzen\u00ed.<\/p>\n<p>&#8211; Rada zru\u0161uje podle \u00a7 30 odst. 1 p\u00edsm. d) z\u00e1kona \u010d. 231\/2001 Sb., provozovateli EDERA Group a.s., I\u010c: 27461254, se s\u00eddlem Arno\u0161ta z Pardubic 2789, 530 02 Pardubice registraci \u010d.j. sve\/5988\/09, sp. zn. 2009\/722\/sve\/Blu, ze dne 25. srpna 2009 k provozov\u00e1n\u00ed p\u0159evzat\u00e9ho vys\u00edl\u00e1n\u00ed \u0161\u00ed\u0159en\u00e9ho prost\u0159ednictv\u00edm kabelov\u00fdch syst\u00e9m\u016f, na \u017e\u00e1dost provozovatele doru\u010den\u00e9 dne 2. \u010dervence 2021 pod \u010d.j. RRTV\/8573\/2021-vra, a to ke dni 30. \u010dervna 2021.<\/p>\n<p>&#8211; Rada se dle \u00a7 29 odst. 3 z\u00e1kona \u010d. 231\/2001 Sb., sezn\u00e1mila s ozn\u00e1men\u00edm provozovatele Prague Digital TV s.r.o., I\u010c 289 91 800, se s\u00eddlem Ortenovo n\u00e1m\u011bst\u00ed 1571\/15a, Hole\u0161ovice, 170 00 Praha 7, o zm\u011bn\u011b skute\u010dnost\u00ed uveden\u00fdch v p\u0159ihl\u00e1\u0161ce k registraci p\u0159evzat\u00e9ho vys\u00edl\u00e1n\u00ed \u0161\u00ed\u0159en\u00e9ho prost\u0159ednictv\u00edm vys\u00edla\u010d\u016f, registrace \u010d.j.: sve\/4200\/2012, sp. zn.: 2012\/767\/sve\/adm, ze dne 30. \u0159\u00edjna 2012, spo\u010d\u00edvaj\u00edc\u00ed ve zm\u011bn\u011b programov\u00e9 nab\u00eddky, a to vy\u0159azen\u00ed v Region\u00e1ln\u00ed s\u00edti 4 vys\u00edlaj\u00edc\u00ed na kan\u00e1le 46 v Praze a okol\u00ed ke dni 1. \u010dervence 2021 z programov\u00e9 nab\u00eddky voln\u011b (FTA) \u0161\u00ed\u0159en\u00fdch program\u016f rozhlasov\u00fd program \u010cesk\u00fd Impuls, dle ozn\u00e1men\u00ed ze dne 7. \u010dervence 2021, \u010d.j.: RRTV\/8656\/2021-vra.<\/p>\n<p>&#8211; Rada se sezn\u00e1mila s p\u0159ipom\u00ednkami ERGA k n\u00e1vrhu Evropsk\u00e9ho Aktu o digit\u00e1ln\u00edch slu\u017eb\u00e1ch (Proposals Aimed at Strengthening the Digital Services Act With Respect to Online Content Regulation).<\/p>\n<p>&#8211; Rada se sezn\u00e1mila s anal\u00fdzou vys\u00edl\u00e1n\u00ed programu CINEMAX provozovatele HBO Europe s.r.o. ze dne 26. dubna 2021, \u010dasov\u00e9ho \u00faseku 10 &#8211; 22 hodin.<\/p>\n<p>&#8211; Rada se sezn\u00e1mila s anal\u00fdzou vys\u00edl\u00e1n\u00ed programu CINEMAX 2 provozovatele HBO Europe s.r.o. ze dne 26. dubna 2021, \u010dasov\u00e9ho \u00faseku 10 &#8211; 22 hodin.<\/p>\n<p>&#8211; Rada se sezn\u00e1mila s anal\u00fdzou z\u00e1znamu vys\u00edl\u00e1n\u00ed programu Kru\u0161n\u00e1 provozovatele KABEL OSTROV, s.r.o. ze dne 16. a 17. kv\u011btna 2021 od 0:00 do 24:00 hod.<\/p>\n<p>&#8211; Rada coby \u00fast\u0159edn\u00ed spr\u00e1vn\u00ed \u00fa\u0159ad v r\u00e1mci sv\u00e9 p\u016fsobnosti dan\u00e9 \u00a7 5 p\u00edsm. a) a f) z\u00e1kona \u010d. 231\/2001 Sb., o provozov\u00e1n\u00ed rozhlasov\u00e9ho a televizn\u00edho vys\u00edl\u00e1n\u00ed a o zm\u011bn\u011b dal\u0161\u00edch z\u00e1kon\u016f, v platn\u00e9m zn\u011bn\u00ed (d\u00e1le jen z\u00e1kon \u010d. 231\/2001 Sb.), v souladu s ustanoven\u00edm \u00a7 78 odst. 1 z\u00e1kona \u010d. 250\/2016 Sb., z\u00e1kona o p\u0159estupc\u00edch a \u0159\u00edzen\u00edch o nich (d\u00e1le jen z\u00e1kon \u010d. 250\/2016 Sb.) rozhodla zah\u00e1jit s provozovatelem KABEL OSTROV, s.r.o., I\u010c: 63508834, s\u00eddlem M\u00edrov\u00e9 n\u00e1m\u011bst\u00ed 733, 363 01, Ostrov (d\u00e1le \u201eobvin\u011bn\u00fd\u201c), \u0159\u00edzen\u00ed o p\u0159estupku z moci \u00fa\u0159edn\u00ed pro mo\u017en\u00e9 poru\u0161en\u00ed ustanoven\u00ed \u00a7 32 odst. 1 p\u00edsm. l) z\u00e1kona \u010d. 231\/2001 Sb., kter\u00e9ho se mohl dopustit t\u00edm, \u017ee na p\u00edsemnou v\u00fdzvu Rady zap\u016fj\u010dil nekompletn\u00ed z\u00e1znam programu Kru\u0161n\u00e1 ze dn\u016f 16. a 17. kv\u011btna 2021, a poru\u0161il tak povinnost uchov\u00e1vat v odvys\u00edlan\u00e9 podob\u011b a v n\u00e1le\u017eit\u00e9 technick\u00e9 kvalit\u011b z\u00e1znamy v\u0161ech po\u0159ad\u016f v\u010detn\u011b dal\u0161\u00edch \u010d\u00e1st\u00ed vys\u00edl\u00e1n\u00ed alespo\u0148 po dobu 30 dn\u016f ode dne jejich vys\u00edl\u00e1n\u00ed a na p\u00edsemnou v\u00fdzvu je zap\u016fj\u010dit Rad\u011b.<\/p>\n<p>&#8211; Rada se sezn\u00e1mila s v\u00fdsledky anal\u00fdzy obchodn\u00edch sd\u011blen\u00ed za m\u011bs\u00edc b\u0159ezen 2021.<\/p>\n<p>&#8211; Rada informuje \u010cNB o v\u00fdskytu obchodn\u00edho sd\u011blen\u00ed s motivem Platon Finance v televizn\u00edm vys\u00edl\u00e1n\u00ed a z\u00e1rove\u0148 \u017e\u00e1d\u00e1 \u010cNB o stanovisko ve v\u011bci regulace tzv. kryptom\u011bn.<\/p>\n<p>&#8211; Rada v r\u00e1mci sv\u00e9 p\u016fsobnosti dan\u00e9 ustanoven\u00edm \u00a7 5 p\u00edsm. a) a f) a \u00a7 59 odst. 1-3 z\u00e1kona \u010d. 231\/2001 Sb., o provozov\u00e1n\u00ed rozhlasov\u00e9ho a televizn\u00edho vys\u00edl\u00e1n\u00ed a o zm\u011bn\u011b dal\u0161\u00edch z\u00e1kon\u016f (d\u00e1le jen \u201ez\u00e1kon \u010d. 231\/2001 Sb.\u201c), v platn\u00e9m zn\u011bn\u00ed, upozor\u0148uje provozovatele Stanice O, a.s., I\u010c 26509911, Karla Engli\u0161e 519\/11, Sm\u00edchov, 150 00 Praha 5, na poru\u0161en\u00ed \u00a7 49 odst. 1 p\u00edsm. c) z\u00e1kona \u010d. 231\/2001 Sb., kter\u00e9ho se dopustil t\u00edm, \u017ee dne 15. b\u0159ezna 2021 v \u010dase 21:19 hodin na programu O (\u00d3\u010dko) odvys\u00edlal obchodn\u00ed sd\u011blen\u00ed s motivem R\u016f\u017eov\u00fd slon, \u010d\u00edm\u017e poru\u0161il povinnost zajistit, aby obchodn\u00ed sd\u011blen\u00ed t\u00fdkaj\u00edc\u00ed se erotick\u00fdch slu\u017eeb, erotick\u00fdch v\u00fdrobk\u016f a hum\u00e1nn\u00edch l\u00e9\u010div\u00fdch p\u0159\u00edpravk\u016f nebo dopl\u0148k\u016f stravy na podporu sexu\u00e1ln\u00ed v\u00fdkonnosti nebyly za\u0159azov\u00e1ny do vys\u00edl\u00e1n\u00ed v dob\u011b od 06.00 hodin do 22.00 hodin. Rada stanovuje lh\u016ftu k n\u00e1prav\u011b 7 dn\u00ed ode dne doru\u010den\u00ed upozorn\u011bn\u00ed.<\/p>\n<p>&#8211; Rada se sezn\u00e1mila s reakc\u00ed provozovatele \u010cESK\u00c1 TELEVIZE, I\u010c 00027383, s\u00eddlem Na h\u0159ebenech II 1132\/4, Praha 4, PS\u010c 14700, na ulo\u017een\u00e9 upozorn\u011bn\u00ed na poru\u0161en\u00ed ustanoven\u00ed \u00a7 31 odst. 2 z\u00e1kona \u010d. 231\/2001 Sb., kter\u00e9ho se dopustil t\u00edm, \u017ee dne 5. dubna 2021 odvys\u00edlal od 22:10 hodin na programu \u010cT24 publicistick\u00fd po\u0159ad Newsroom \u010cT24, resp. p\u0159\u00edsp\u011bvek s n\u00e1zvem Nejv\u00fdrazn\u011bj\u0161\u00ed \u010de\u0161t\u00ed dezinform\u00e1to\u0159i v dob\u011b pandemie.<\/p>\n<p>&#8211; Rada nad\u00e1le trv\u00e1 na sv\u00e9m z\u00e1v\u011bru, \u017ee se provozovatel vys\u00edl\u00e1n\u00ed \u010cESK\u00c1 TELEVIZE, I\u010c 00027383, s\u00eddlem Na h\u0159ebenech II 1132\/4, Praha 4, PS\u010c 14700, dopustil poru\u0161en\u00ed ustanoven\u00ed \u00a7 31 odst. 2 z\u00e1kona \u010d. 231\/2001 Sb., t\u00edm, \u017ee dne 5. dubna 2021 odvys\u00edlal od 22:10 hodin na programu \u010cT24 publicistick\u00fd po\u0159ad Newsroom \u010cT24, resp. p\u0159\u00edsp\u011bvek s n\u00e1zvem Nejv\u00fdrazn\u011bj\u0161\u00ed \u010de\u0161t\u00ed dezinform\u00e1to\u0159i v dob\u011b pandemie, kter\u00fd se op\u00edral o anal\u00fdzy Bezpe\u010dnostn\u00edho centra Evropsk\u00e9 hodnoty a na jejich z\u00e1klad\u011b zve\u0159ejnil n\u011bkolik \u017eeb\u0159\u00ed\u010dk\u016f osob, ozna\u010den\u00fdch Evropsk\u00fdmi hodnotami za dezinform\u00e1tory, ani\u017e by zprost\u0159edkoval n\u00e1zory odborn\u00edk\u016f, kte\u0159\u00ed v dan\u00e9 ot\u00e1zce zast\u00e1vaj\u00ed odli\u0161n\u00e1 stanoviska, \u010d\u00edm\u017e provozovatel div\u00e1k\u016fm neposkytl objektivn\u00ed a vyv\u00e1\u017een\u00e9 informace nezbytn\u00e9 pro svobodn\u00e9 vytv\u00e1\u0159en\u00ed n\u00e1zor\u016f, a konstatuje, \u017ee provozovatel byl na poru\u0161en\u00ed \u00a7 31 odst. 2 z\u00e1kona \u010d. 231\/2001 Sb., upozorn\u011bn zcela v souladu se z\u00e1konem, a vydan\u00e9 upozorn\u011bn\u00ed \u010d. j. RRTV\/6632\/2021- rud, sp. zn. RRTV\/2021\/436\/rud, je tud\u00ed\u017e pro dal\u0161\u00ed rozhodovac\u00ed praxi Rady sm\u011brodatn\u00e9.<\/p>\n<p>&#8211; Rada se sezn\u00e1mila s podan\u00fdm vysv\u011btlen\u00edm provozovatele FTV Prima, spol. s r.o., I\u010c 48115908, s\u00eddlem Vinohradsk\u00e1 3217\/167, Praha 10, PS\u010c 100 00, na z\u00e1klad\u011b jak\u00fdch smluvn\u00edch ujedn\u00e1n\u00ed \u010di jin\u00fdch dohod byly v po\u0159adu Eva testuje (3), odvys\u00edlan\u00e9m na programu Prima dne 17. dubna 2021 od 18:40 hodin, prezentov\u00e1ny produkty, kter\u00e9 byly v po\u0159adu podrobeny testov\u00e1n\u00ed.<\/p>\n<p>&#8211; Rada v r\u00e1mci sv\u00e9 kompetence dan\u00e9 \u00a7 5 p\u00edsm. a) a f) z\u00e1kona \u010d. 231\/2001 Sb., o provozov\u00e1n\u00ed rozhlasov\u00e9ho a televizn\u00edho vys\u00edl\u00e1n\u00ed a o zm\u011bn\u011b dal\u0161\u00edch z\u00e1kon\u016f, v platn\u00e9m zn\u011bn\u00ed (d\u00e1le jen \u201ez\u00e1kon \u010d. 231\/2001 Sb.\u201c) a v souladu s ustanoven\u00edm \u00a7 137 odst. 1 z\u00e1kona \u010d. 500\/2004 Sb., spr\u00e1vn\u00ed \u0159\u00e1d, (d\u00e1le jen \u201ez\u00e1kon \u010d. 500\/2004 Sb.\u201c) \u017e\u00e1d\u00e1 provozovatele FTV Prima, spol. s r.o., I\u010c 48115908, s\u00eddlem Vinohradsk\u00e1 3217\/167, Praha 10, PS\u010c 100 00, o pod\u00e1n\u00ed vysv\u011btlen\u00ed, na z\u00e1klad\u011b jak\u00fdch skute\u010dnost\u00ed \u010di krit\u00e9ri\u00ed za\u0159adil do testov\u00e1n\u00ed v\u00fdrobk\u016f v r\u00e1mci po\u0159adu Eva testuje (3), odvys\u00edlan\u00e9ho na programu Prima dne 17. dubna 2021 od 18:40 hodin, v\u00fdrobky spole\u010dnosti LEIFHEIT a.s. (\u010disti\u010d oken a parn\u00ed mop) a DEXPORT s.r.o. (kuchy\u0148sk\u00fd odma\u0161\u0165ova\u010d GENOLL). Rada stanovuje lh\u016ftu k pod\u00e1n\u00ed vysv\u011btlen\u00ed 30 dn\u00ed ode dne doru\u010den\u00ed t\u00e9to v\u00fdzvy.<\/p>\n<p>&#8211; Rada se sezn\u00e1mila s podan\u00fdmi vysv\u011btlen\u00edmi poskytovatel\u016f audiovizu\u00e1ln\u00edch medi\u00e1ln\u00edch slu\u017eeb na vy\u017e\u00e1d\u00e1n\u00ed v souvislosti s p\u0159ijat\u00fdmi opat\u0159en\u00edmi na podporu medi\u00e1ln\u00ed gramotnosti za rok 2020 a rovn\u011b\u017e s informacemi o p\u0159ijat\u00fdch opat\u0159en\u00edch na podporu medi\u00e1ln\u00ed gramotnosti, kter\u00e9 poskytli provozovatel\u00e9 vys\u00edl\u00e1n\u00ed v reakci na ulo\u017een\u00e1 upozorn\u011bn\u00ed na poru\u0161en\u00ed \u00a7 32 odst. 6 z\u00e1kona \u010d. 231\/2001 Sb.<\/p>\n<p>&#8211; Rada se v r\u00e1mci sv\u00e9 p\u016fsobnosti dan\u00e9 ustanoven\u00edm \u00a7 5 p\u00edsm. a) a f) z\u00e1kona \u010d. 231\/2001 Sb., o provozov\u00e1n\u00ed rozhlasov\u00e9ho a televizn\u00edho vys\u00edl\u00e1n\u00ed a o zm\u011bn\u011b dal\u0161\u00edch z\u00e1kon\u016f (d\u00e1le jen z\u00e1kon \u010d. 231\/2001 Sb.), v platn\u00e9m zn\u011bn\u00ed a v souladu s ustanoven\u00edm \u00a7 78 odst. 1 z\u00e1kona \u010d. 250\/2016 Sb., z\u00e1kona o p\u0159estupc\u00edch a \u0159\u00edzen\u00edch o nich (d\u00e1le jen \u201ez\u00e1kona \u010d. 250\/2016 Sb.\u201c), rozhodla zah\u00e1jit s provozovatelem AIDEM &amp; Vy\u0161\u0161\u00ed odborn\u00e1 \u0161kola televizn\u00ed Brno a.s., I\u010c: 27695964, V\u00edde\u0148sk\u00e1, P\u0159\u00edz\u0159enice, Brno, \u010d.o.51, \u010d.p.122, 619 00, \u0159\u00edzen\u00ed o p\u0159estupku z moci \u00fa\u0159edn\u00ed pro mo\u017en\u00e9 poru\u0161en\u00ed \u00a7 32 odst. 6 z\u00e1kona \u010d. 231\/2001 Sb., nebo\u0165 na v\u00fdzvu Rady neposkytl informace o opat\u0159en\u00edch p\u0159ijat\u00fdch na podporu medi\u00e1ln\u00ed gramotnosti za rok 2020, \u010d\u00edm\u017e poru\u0161il povinnost na p\u00edsemnou v\u00fdzvu poskytnout Rad\u011b vyj\u00e1d\u0159en\u00ed a informace nezbytn\u00e9 k v\u00fdkonu jej\u00ed p\u016fsobnosti podle \u00a7 5 p\u00edsm. t) a\u017e w) nebo \u00a7 6 odst. 1 a 5 a tyto informace neposkytl ani v dodate\u010dn\u011b stanoven\u00e9 lh\u016ft\u011b k n\u00e1prav\u011b v r\u00e1mci vydan\u00e9ho upozorn\u011bn\u00ed na poru\u0161en\u00ed z\u00e1kona.<\/p>\n<p>&#8211; Rada se v r\u00e1mci sv\u00e9 p\u016fsobnosti dan\u00e9 ustanoven\u00edm \u00a7 5 p\u00edsm. a) a f) z\u00e1kona \u010d. 231\/2001 Sb., o provozov\u00e1n\u00ed rozhlasov\u00e9ho a televizn\u00edho vys\u00edl\u00e1n\u00ed a o zm\u011bn\u011b dal\u0161\u00edch z\u00e1kon\u016f (d\u00e1le jen z\u00e1kon \u010d. 231\/2001 Sb.), v platn\u00e9m zn\u011bn\u00ed a v souladu s ustanoven\u00edm \u00a7 78 odst. 1 z\u00e1kona \u010d. 250\/2016 Sb., z\u00e1kona o p\u0159estupc\u00edch a \u0159\u00edzen\u00edch o nich (d\u00e1le jen \u201ez\u00e1kona \u010d. 250\/2016 Sb.\u201c), rozhodla zah\u00e1jit s provozovatelem JAMES DEAN CO. s.r.o., I\u010c: 24229814, s\u00eddlem Charv\u00e1tova, \u010d.o.3, \u010d.p.1988, 11000, Hlavn\u00ed m\u011bsto Praha, \u010cesk\u00e1 republika, \u0159\u00edzen\u00ed o p\u0159estupku z moci \u00fa\u0159edn\u00ed pro mo\u017en\u00e9 poru\u0161en\u00ed \u00a7 32 odst. 6 z\u00e1kona \u010d. 231\/2001 Sb., nebo\u0165 na v\u00fdzvu Rady neposkytl informace o opat\u0159en\u00edch p\u0159ijat\u00fdch na podporu medi\u00e1ln\u00ed gramotnosti za rok 2020, \u010d\u00edm\u017e poru\u0161il povinnost na p\u00edsemnou v\u00fdzvu poskytnout Rad\u011b vyj\u00e1d\u0159en\u00ed a informace nezbytn\u00e9 k v\u00fdkonu jej\u00ed p\u016fsobnosti podle \u00a7 5 p\u00edsm. t) a\u017e w) nebo \u00a7 6 odst. 1 a 5 a tyto informace neposkytl ani v dodate\u010dn\u011b stanoven\u00e9 lh\u016ft\u011b k n\u00e1prav\u011b v r\u00e1mci vydan\u00e9ho upozorn\u011bn\u00ed na poru\u0161en\u00ed z\u00e1kona.<\/p>\n<p>&#8211; Rada se v r\u00e1mci sv\u00e9 p\u016fsobnosti dan\u00e9 ustanoven\u00edm \u00a7 5 p\u00edsm. a) a f) z\u00e1kona \u010d. 231\/2001 Sb., o provozov\u00e1n\u00ed rozhlasov\u00e9ho a televizn\u00edho vys\u00edl\u00e1n\u00ed a o zm\u011bn\u011b dal\u0161\u00edch z\u00e1kon\u016f (d\u00e1le jen z\u00e1kon \u010d. 231\/2001 Sb.), v platn\u00e9m zn\u011bn\u00ed a v souladu s ustanoven\u00edm \u00a7 78 odst. 1 z\u00e1kona \u010d. 250\/2016 Sb., z\u00e1kona o p\u0159estupc\u00edch a \u0159\u00edzen\u00edch o nich (d\u00e1le jen \u201ez\u00e1kona \u010d. 250\/2016 Sb.\u201c), rozhodla zah\u00e1jit s provozovatelem Meridi s.r.o., I\u010c 28147324, Husova t\u0159. 523, 370 05 \u010cesk\u00e9 Bud\u011bjovice, \u0159\u00edzen\u00ed o p\u0159estupku z moci \u00fa\u0159edn\u00ed pro mo\u017en\u00e9 poru\u0161en\u00ed \u00a7 32 odst. 6 z\u00e1kona \u010d. 231\/2001 Sb., nebo\u0165 na v\u00fdzvu Rady neposkytl informace o opat\u0159en\u00edch p\u0159ijat\u00fdch na podporu medi\u00e1ln\u00ed gramotnosti za rok 2020, \u010d\u00edm\u017e poru\u0161il povinnost na p\u00edsemnou v\u00fdzvu poskytnout Rad\u011b vyj\u00e1d\u0159en\u00ed a informace nezbytn\u00e9 k v\u00fdkonu jej\u00ed p\u016fsobnosti podle \u00a7 5 p\u00edsm. t) a\u017e w) nebo \u00a7 6 odst. 1 a 5 a tyto informace neposkytl ani v dodate\u010dn\u011b stanoven\u00e9 lh\u016ft\u011b k n\u00e1prav\u011b v r\u00e1mci vydan\u00e9ho upozorn\u011bn\u00ed na poru\u0161en\u00ed z\u00e1kona.<\/p>\n<p>&#8211; Rada se v r\u00e1mci sv\u00e9 p\u016fsobnosti dan\u00e9 ustanoven\u00edm \u00a7 5 p\u00edsm. a) a f) z\u00e1kona \u010d. 231\/2001 Sb., o provozov\u00e1n\u00ed rozhlasov\u00e9ho a televizn\u00edho vys\u00edl\u00e1n\u00ed a o zm\u011bn\u011b dal\u0161\u00edch z\u00e1kon\u016f (d\u00e1le jen z\u00e1kon \u010d. 231\/2001 Sb.), v platn\u00e9m zn\u011bn\u00ed a v souladu s ustanoven\u00edm \u00a7 78 odst. 1 z\u00e1kona \u010d. 250\/2016 Sb., z\u00e1kona o p\u0159estupc\u00edch a \u0159\u00edzen\u00edch o nich (d\u00e1le jen \u201ez\u00e1kona \u010d. 250\/2016 Sb.\u201c), rozhodla zah\u00e1jit s provozovatelem Petr Uher, I\u010c 67549799, J. Palacha 2522\/34, 690 02 B\u0159eclav, \u0159\u00edzen\u00ed o p\u0159estupku z moci \u00fa\u0159edn\u00ed pro mo\u017en\u00e9 poru\u0161en\u00ed \u00a7 32 odst. 6 z\u00e1kona \u010d. 231\/2001 Sb., nebo\u0165 na v\u00fdzvu Rady neposkytl informace o opat\u0159en\u00edch p\u0159ijat\u00fdch na podporu medi\u00e1ln\u00ed gramotnosti za rok 2020, \u010d\u00edm\u017e poru\u0161il povinnost na p\u00edsemnou v\u00fdzvu poskytnout Rad\u011b vyj\u00e1d\u0159en\u00ed a informace nezbytn\u00e9 k v\u00fdkonu jej\u00ed p\u016fsobnosti podle \u00a7 5 p\u00edsm. t) a\u017e w) nebo \u00a7 6 odst. 1 a 5 a tyto informace neposkytl ani v dodate\u010dn\u011b stanoven\u00e9 lh\u016ft\u011b k n\u00e1prav\u011b v r\u00e1mci vydan\u00e9ho upozorn\u011bn\u00ed na poru\u0161en\u00ed z\u00e1kona.<\/p>\n<p>&#8211; Rada se v r\u00e1mci sv\u00e9 p\u016fsobnosti dan\u00e9 ustanoven\u00edm \u00a7 5 p\u00edsm. a) a f) z\u00e1kona \u010d. 231\/2001 Sb., o provozov\u00e1n\u00ed rozhlasov\u00e9ho a televizn\u00edho vys\u00edl\u00e1n\u00ed a o zm\u011bn\u011b dal\u0161\u00edch z\u00e1kon\u016f (d\u00e1le jen z\u00e1kon \u010d. 231\/2001 Sb.), v platn\u00e9m zn\u011bn\u00ed a v souladu s ustanoven\u00edm \u00a7 78 odst. 1 z\u00e1kona \u010d. 250\/2016 Sb., z\u00e1kona o p\u0159estupc\u00edch a \u0159\u00edzen\u00edch o nich (d\u00e1le jen \u201ez\u00e1kona \u010d. 250\/2016 Sb.\u201c), rozhodla zah\u00e1jit s provozovatelem PROVIZI spol. s.r.o., I\u010c 25416952, \u0160kr\u00e9tova 1961, 412 01 Litom\u011b\u0159ice, \u0159\u00edzen\u00ed o p\u0159estupku z moci \u00fa\u0159edn\u00ed pro mo\u017en\u00e9 poru\u0161en\u00ed \u00a7 32 odst. 6 z\u00e1kona \u010d. 231\/2001 Sb., nebo\u0165 na v\u00fdzvu Rady neposkytl informace o opat\u0159en\u00edch p\u0159ijat\u00fdch na podporu medi\u00e1ln\u00ed gramotnosti za rok 2020, \u010d\u00edm\u017e poru\u0161il povinnost na p\u00edsemnou v\u00fdzvu poskytnout Rad\u011b vyj\u00e1d\u0159en\u00ed a informace nezbytn\u00e9 k v\u00fdkonu jej\u00ed p\u016fsobnosti podle \u00a7 5 p\u00edsm. t) a\u017e w) nebo \u00a7 6 odst. 1 a 5 a tyto informace neposkytl ani v dodate\u010dn\u011b stanoven\u00e9 lh\u016ft\u011b k n\u00e1prav\u011b v r\u00e1mci vydan\u00e9ho upozorn\u011bn\u00ed na poru\u0161en\u00ed z\u00e1kona.<\/p>\n<p>&#8211; Rada se v r\u00e1mci sv\u00e9 p\u016fsobnosti dan\u00e9 ustanoven\u00edm \u00a7 5 p\u00edsm. a) a f) z\u00e1kona \u010d. 231\/2001 Sb., o provozov\u00e1n\u00ed rozhlasov\u00e9ho a televizn\u00edho vys\u00edl\u00e1n\u00ed a o zm\u011bn\u011b dal\u0161\u00edch z\u00e1kon\u016f (d\u00e1le jen z\u00e1kon \u010d. 231\/2001 Sb.), v platn\u00e9m zn\u011bn\u00ed a v souladu s ustanoven\u00edm \u00a7 78 odst. 1 z\u00e1kona \u010d. 250\/2016 Sb., z\u00e1kona o p\u0159estupc\u00edch a \u0159\u00edzen\u00edch o nich (d\u00e1le jen \u201ez\u00e1kona \u010d. 250\/2016 Sb.\u201c), rozhodla zah\u00e1jit s provozovatelem V\u010cTV s.r.o., I\u010c 28846907, Semt\u00edn 80, 533 53 Pardubice, \u0159\u00edzen\u00ed o p\u0159estupku z moci \u00fa\u0159edn\u00ed pro mo\u017en\u00e9 poru\u0161en\u00ed \u00a7 32 odst. 6 z\u00e1kona \u010d. 231\/2001 Sb., nebo\u0165 na v\u00fdzvu Rady neposkytl informace o opat\u0159en\u00edch p\u0159ijat\u00fdch na podporu medi\u00e1ln\u00ed gramotnosti za rok 2020, \u010d\u00edm\u017e poru\u0161il povinnost na p\u00edsemnou v\u00fdzvu poskytnout Rad\u011b vyj\u00e1d\u0159en\u00ed a informace nezbytn\u00e9 k v\u00fdkonu jej\u00ed p\u016fsobnosti podle \u00a7 5 p\u00edsm. t) a\u017e w) nebo \u00a7 6 odst. 1 a 5 a tyto informace neposkytl ani v dodate\u010dn\u011b stanoven\u00e9 lh\u016ft\u011b k n\u00e1prav\u011b v r\u00e1mci vydan\u00e9ho upozorn\u011bn\u00ed na poru\u0161en\u00ed z\u00e1kona.<\/p>\n<p>&#8211; Rada se sezn\u00e1mila s podan\u00fdm vysv\u011btlen\u00edm provozovatele Jind\u0159ichohradeck\u00e1 televizn\u00ed s.r.o., I\u010c 28109503, s\u00eddlem s\u00eddl. Vajgar 532, Jind\u0159ich\u016fv Hradec, PS\u010c 37701, na z\u00e1klad\u011b jak\u00fdch krit\u00e9ri\u00ed byly v po\u0159adu Setk\u00e1n\u00ed se starostou, odvys\u00edlan\u00e9m v r\u00e1mci vys\u00edlac\u00ed smy\u010dky programu Jind\u0159ichohradeck\u00e1 televize ve dnech 7. a 8. \u00fanora 2021, vyb\u00edr\u00e1ny a prezentov\u00e1ny div\u00e1ck\u00e9 dotazy, resp. jak\u00fdm zp\u016fsobem provozovatel div\u00e1k\u016fm po\u0159adu zprost\u0159edkov\u00e1v\u00e1 n\u00e1zory opozi\u010dn\u00ed v\u016f\u010di stanovisk\u016fm starosty m\u011bsta na d\u011bn\u00ed v Jind\u0159ichov\u011b Hradci.<\/p>\n<p>&#8211; Rada v r\u00e1mci sv\u00e9 p\u016fsobnosti dan\u00e9 ustanoven\u00edm \u00a7 5 p\u00edsm. a) a f) a \u00a7 59 odst. 1-3 z\u00e1kona \u010d. 231\/2001 Sb., o provozov\u00e1n\u00ed rozhlasov\u00e9ho a televizn\u00edho vys\u00edl\u00e1n\u00ed a o zm\u011bn\u011b dal\u0161\u00edch z\u00e1kon\u016f (d\u00e1le jen z\u00e1kon \u010d. 231\/2001 Sb.), v platn\u00e9m zn\u011bn\u00ed, upozor\u0148uje provozovatele Jind\u0159ichohradeck\u00e1 televizn\u00ed s.r.o., I\u010c 28109503, s\u00eddlem s\u00eddl. Vajgar 532, Jind\u0159ich\u016fv Hradec, PS\u010c 37701, na poru\u0161en\u00ed licen\u010dn\u00edch podm\u00ednek, kter\u00e9ho se dopustil t\u00edm, \u017ee ve dnech 7. a 8. \u00fanora 2021 neza\u0159adil do vys\u00edl\u00e1n\u00ed programu Jind\u0159ichohradeck\u00e1 televize aktu\u00e1ln\u00ed denn\u00ed zpravodajstv\u00ed (minim\u00e1ln\u011b jednu aktu\u00e1ln\u00ed report\u00e1\u017e z dan\u00e9ho dne), jak stanovuj\u00ed podm\u00ednky licence (licence ud\u011blen\u00e1 rozhodnut\u00edm Rady \u010d. j. sve\/1985\/2010 ze dne 8. \u010dervna 2010, sp. zn. 2010\/477\/sve\/Jin, ve zn\u011bn\u00ed pozd\u011bj\u0161\u00edch zm\u011bn a licence ud\u011blen\u00e1 rozhodnut\u00edm Rady \u010d. j. FIA\/3369\/2013 ze dne 30. \u010dervence 2013, sp. zn. 2013\/583\/FIA\/Jin). Rada stanovuje lh\u016ftu k n\u00e1prav\u011b 60 dn\u00ed od doru\u010den\u00ed tohoto upozorn\u011bn\u00ed.<\/p>\n<p>&#8211; Rada se sezn\u00e1mila s v\u00fdzvou z\u00e1stupkyn\u011b ve\u0159ejn\u00e9ho ochr\u00e1nce pr\u00e1v ve v\u011bci report\u00e1\u017ee \u0160lechti\u010dna z bulv\u00e1ru odvys\u00edlan\u00e9 dne 2. b\u0159ezna 2020 na programu \u010cT1 v r\u00e1mci po\u0159adu Report\u00e9\u0159i \u010cT.<\/p>\n<p>&#8211; Rada souhlas\u00ed s n\u00e1vrhem odpov\u011bdi na v\u00fdzvu z\u00e1stupkyn\u011b ve\u0159ejn\u00e9ho ochr\u00e1nce pr\u00e1v ve v\u011bci report\u00e1\u017ee \u0160lechti\u010dna z bulv\u00e1ru odvys\u00edlan\u00e9 dne 2. b\u0159ezna 2020 na programu \u010cT1 v r\u00e1mci po\u0159adu Report\u00e9\u0159i \u010cT.<\/p>\n<p>&#8211; Rada p\u0159eb\u00edr\u00e1 z\u00e1\u0161titu nad medi\u00e1ln\u011b-v\u00fdchovn\u00fdm semin\u00e1\u0159em v r\u00e1mci D\u011btsk\u00e9ho televizn\u00edho a filmov\u00e9ho festivalu Oty Hofmana v Ostrov\u011b 2021.<\/p>\n<p>&#8211; Rada se sezn\u00e1mila s n\u00e1sleduj\u00edc\u00edmi pod\u00e1n\u00edmi k obsahu televizn\u00edch program\u016f doru\u010den\u00fdmi v obdob\u00ed od 18. \u010dervna 2021 do 9. \u010dervence 2021 (celkem 39 pod\u00e1n\u00ed): \u010cesk\u00e1 televize \/ \u010cT1 &#8211; 168 hodin, t\u00e9ma Hled\u00e1 se migrant, 20. \u010dervna 2021 od 21:35 hodin; AMC Networks Central Europe s. r. o. \/ AMC CHANNEL HUNGARY (Ma\u010farsko) &#8211; \u00c9n, Frankenstein (I, Frankenstein \/ J\u00e1, Frankenstein), 3. kv\u011btna 2021 v \u00faseku 15:50:10-17:32:00 hodin; AMC Networks Central Europe s. r. o. \/ AMC CHANNEL HUNGARY (Ma\u010farsko) &#8211; SAGA &#8211; A holtak atka (SAGA &#8211; Curse of the Shadow \/ S\u00e1ga: Proklet\u00ed St\u00ednu), 7. kv\u011btna 2021 v \u00faseku 12:20:11-14:23:04 hodin; FTV Prima, spol. s r.o. \/ Prima &#8211; um\u00edst\u011bn\u00ed produktu v po\u0159adu Nov\u00fd den, 22. \u010dervna 2021 od 7:00 hodin; TV Nova s.r.o. \/ NOVA &#8211; Sn\u00eddan\u011b s Novou, pas\u00e1\u017e v\u011bnovan\u00e1 filmu Ubal a zmiz, 1. \u010dervence 2021 kolem 8:24 hodin; TV Nova s.r.o. \/ Nova Cinema &#8211; Raf\u0165\u00e1ci, 28. \u010dervna 2021 od 20:00 hodin a 29. \u010dervna 2021 od 14:15 hodin; TV Nova s.r.o. \/ NOVA &#8211; D\u00edt\u011b Bridget Jonesov\u00e9, 4. \u010dervence 2021 od 20:20 hodin; Reklamn\u00ed kampa\u0148 Ud\u011blejme te\u010dku za koronavirem; FTV Prima, spol. s r.o. \/ Prima &#8211; sponzorov\u00e1n\u00ed po\u0159adu Nov\u00fd den, 21. \u010dervna 2021 od 7:00 hodin; \u010cesk\u00e1 televize \/ R\u016fzn\u00e9 programy &#8211; zp\u016fsob zobrazov\u00e1n\u00ed st\u00e1tn\u00ed vlajky ve vys\u00edl\u00e1n\u00ed; R\u016fzn\u00ed provozovatel\u00e9 \/ R\u016fzn\u00e9 programy &#8211; reklama ViroStop; \u010cesk\u00e1 televize \/ \u010cT1 &#8211; Ud\u00e1losti v regionech (Praha), zpr\u00e1va Koronavirus v domov\u011b pro seniory, 10. \u010dervna 2021 od 18:00 hodin; FTV Prima, spol. s r.o. \/ internetov\u00e1 str\u00e1nka cnn.iprima.cz &#8211; \u010dl\u00e1nky z 10. a 12. \u010dervna 2021 na t\u00e9ma n\u00e1kazy koronavirem v domov\u011b d\u016fchodc\u016f ve Velk\u00fdch Hamrech; TV Nova s.r.o. \/ internetov\u00e1 str\u00e1nka tn.nova.cz &#8211; \u010dl\u00e1nek z 10. \u010dervna 2021 na t\u00e9ma n\u00e1kazy koronavirem v domov\u011b d\u016fchodc\u016f ve Velk\u00fdch Hamrech; \u010cesk\u00fd rozhlas \/ \u010cesk\u00fd rozhlas Liberec &#8211; report\u00e1\u017e na t\u00e9ma n\u00e1kazy koronavirem v domov\u011b d\u016fchodc\u016f ve Velk\u00fdch Hamrech, 10. \u010dervna 2021; Digital Broadcasting s. r. o. \/ Televize p\u0159es ant\u00e9nu &#8211; neaktu\u00e1ln\u00ed obsah programov\u00e9 smy\u010dky; FTV Prima, spol. s r.o. \/ Prima &#8211; nevhodn\u00fd obsah diskuse k po\u0159adu Prost\u0159eno! na internetu; FTV Prima, spol. s r.o. \/ Prima &#8211; Partie Terezie Tom\u00e1nkov\u00e9, host prezident republiky Milo\u0161 Zeman, 27. \u010dervna 2021 od 11:00 hodin; \u010cesk\u00e1 televize \/ \u010cT2 &#8211; hlasitost reklamy po skon\u010den\u00ed po\u0159adu Filmov\u00fd dobrodruh Karel Zeman, 26. \u010dervna 2021 v \u00faseku 18:44:21-18:44:41 hodin a hlasitost reklam na r\u016fzn\u00fdch programech obecn\u011b; Seznam.cz, a.s. \/ internetov\u00e1 str\u00e1nka www.seznamzpravy.cz &#8211; report\u00e1\u017e Ksindl babi\u0161ovskej! Nato\u010dili jsme, jak \u0160lachta d\u011bl\u00e1 kampa\u0148 a \u010del\u00ed nad\u00e1vk\u00e1m, 29. \u010dervna 2021; \u010cesk\u00e1 televize \/ \u010cT24 &#8211; Interview \u010cT24, host Marie Bene\u0161ov\u00e1, 24. \u010dervna 2021 od 18:28 hodin; FORTUNA GAME a.s. (zadavatel obchodn\u00edho sd\u011blen\u00ed) &#8211; reklama Fortuna, 4. \u010dervence 2021 v \u00faseku 15:37:11-15:37:31 hodin na programu NOVA; R\u016fzn\u00ed provozovatel\u00e9 \/ R\u016fzn\u00e9 programy &#8211; vys\u00edl\u00e1n\u00ed boxu, MMA a podobn\u00fdch sport\u016f; SAZKA a.s. (zadavatel obchodn\u00edho sd\u011blen\u00ed) &#8211; reklama Sazka, 6. \u010dervence 2021 v \u00faseku 13:06:28-13:06:38 hodin na programu Nova 2; R\u016fzn\u00ed provozovatel\u00e9 \/ R\u016fzn\u00e9 programy &#8211; zpr\u00e1vy o o\u010dkov\u00e1n\u00ed d\u011bt\u00ed od 12 let; \u010cesk\u00e1 televize \/ R\u016fzn\u00e9 programy &#8211; hlasitost reklamy a p\u0159ed\u011bl\u016f; FTV Prima, spol. s r.o. \/ iprima.cz &#8211; \u0161\u00ed\u0159en\u00ed popla\u0161n\u00e9 zpr\u00e1vy o epidemii; FTV Prima, spol. s r.o. \/ CNN Prima News &#8211; informov\u00e1n\u00ed o n\u00e1zorech Prof. Jana Konvalinky na o\u010dkov\u00e1n\u00ed proti covidu-19; \u010cesk\u00e1 televize \/ \u010cT1 &#8211; p\u0159ehodnocen\u00ed rozhodnut\u00ed ohledn\u011b vys\u00edl\u00e1n\u00ed report\u00e1\u017e\u00ed po\u0159adu 168 hodin; \u010cesk\u00e1 televize \/ \u010cT24 &#8211; Ud\u00e1losti v regionech (Praha), report\u00e1\u017e Odvol\u00e1n\u00ed na Les\u00edch \u010cR, 12. kv\u011btna 2021 od 18:00 hodin; Barrandov Televizn\u00ed Studio a.s. \/ Televize Barrandov &#8211; vys\u00edl\u00e1n\u00ed zpravodajstv\u00ed 29. \u010dervna 2021; \u010cesk\u00e1 televize \/ \u010cT1 &#8211; Infiltrace: Obchod s nad\u011bj\u00ed, 12. dubna 2021 od 21:50 hodin; \u010cesk\u00e1 televize \/ \u010cT2 &#8211; Tribun\u00e1l, 25. kv\u011btna 2021 od 20:59 hodin; \u010cesk\u00e1 televize \/ \u010cT1 &#8211; 168 hodin, report\u00e1\u017e Kdo si po\u010dk\u00e1, 18. listopadu 2018 od 21:35 hodin; \u010cesk\u00e1 televize \/ \u010cT24 &#8211; Studio \u010cT24, p\u0159\u00edsp\u011bvek Agrofert z\u00edskal loni na dotac\u00edch p\u0159es miliardu, 11. \u010dervna 2021 od 12:31 hodin; \u010cesk\u00e1 televize \/ \u010cT sport &#8211; hlasitost reklamy p\u0159i z\u00e1pasech ME ve fotbalu a hlasit\u00e9 vys\u00edl\u00e1n\u00ed reklam \u010ceskou televiz\u00ed obecn\u011b; Telefonick\u00e9 hovory na linku uv\u00e1d\u011bnou v teleshoppingu.<\/p>\n<p>&#8211; Rada coby \u00fast\u0159edn\u00ed spr\u00e1vn\u00ed \u00fa\u0159ad v r\u00e1mci sv\u00e9 p\u016fsobnosti dan\u00e9 ustanoven\u00edm \u00a7 5 p\u00edsm. a) a f) z\u00e1kona \u010d. 231\/2001 Sb., o provozov\u00e1n\u00ed rozhlasov\u00e9ho a televizn\u00edho vys\u00edl\u00e1n\u00ed a o zm\u011bn\u011b dal\u0161\u00edch z\u00e1kon\u016f, v platn\u00e9m zn\u011bn\u00ed (d\u00e1le jen z\u00e1kon \u010d. 231\/2001 Sb.), v souladu s ustanoven\u00edm \u00a7 78 odst. 1 z\u00e1kona \u010d. 250\/2016 Sb., z\u00e1kona o p\u0159estupc\u00edch a \u0159\u00edzen\u00edch o nich (d\u00e1le jen z\u00e1kon \u010d. 250\/2016 Sb.) rozhodla zah\u00e1jit s provozovatelem vys\u00edl\u00e1n\u00ed \u010cesk\u00e1 televize, I\u010c: 00027383, s\u00eddlem: Kav\u010d\u00ed hory, Praha 4, PS\u010c 140 70, (d\u00e1le \u201eobvin\u011bn\u00fd\u201c), \u0159\u00edzen\u00ed o p\u0159estupku z moci \u00fa\u0159edn\u00ed pro mo\u017en\u00e9 poru\u0161en\u00ed \u00a7 31 odst. 2 z\u00e1kona \u010d. 231\/2001 Sb., kter\u00e9ho se mohl dopustit odvys\u00edl\u00e1n\u00edm po\u0159adu 168 hodin dne 20. \u010dervna 2021 od 21:35 hodin na programu \u010cT1, kde ve zpracov\u00e1n\u00ed t\u00e9matu Hled\u00e1 se migrant bylo z redak\u010dn\u00ed pozice prezentov\u00e1no sd\u011blen\u00ed \u201e\u010cesko m\u00e1 za sebou rok covidov\u00e9 krize. Vl\u00e1da ji dovedla k nejhor\u0161\u00edm \u010d\u00edsl\u016fm sv\u011bta &#8211; 30 275 lid\u00ed kv\u016fli covidu zem\u0159elo.\u201c, ve kter\u00e9m bylo vyj\u00e1d\u0159eno skutkov\u00e9 tvrzen\u00ed o tom, \u017ee to byla vl\u00e1da, kdo dovedl \u010cR k nejhor\u0161\u00edm \u010d\u00edsl\u016fm sv\u011bta v covidov\u00e9 krizi, kter\u00e9 nebylo ve zpracov\u00e1n\u00ed t\u00e9matu v\u011bcn\u011b a argumenta\u010dn\u011b dolo\u017eeno. Div\u00e1k tak nemusel dostat objektivn\u00ed a vyv\u00e1\u017een\u00e9 informace o dan\u00e9 v\u011bci, na z\u00e1klad\u011b kter\u00fdch by si mohl svobodn\u011b vytvo\u0159it na tuto v\u011bc vlastn\u00ed n\u00e1zor koresponduj\u00edc\u00ed s realitou.<\/p>\n<p>&#8211; Rada v r\u00e1mci sv\u00e9 kompetence dan\u00e9 ustanoven\u00edm \u00a7 5 p\u00edsm. a) z\u00e1kona \u010d. 231\/2001 Sb., o provozov\u00e1n\u00ed rozhlasov\u00e9ho a televizn\u00edho vys\u00edl\u00e1n\u00ed a o zm\u011bn\u011b dal\u0161\u00edch z\u00e1kon\u016f (d\u00e1le jen \u201ez\u00e1kon \u010d. 231\/2001 Sb.\u201c) a na z\u00e1klad\u011b \u010dl. 4 odst. 2 SM\u011aRNICE EVROPSK\u00c9HO PARLAMENTU A RADY (EU) 2018\/1808 ze dne 14. listopadu 2018, kterou se m\u011bn\u00ed sm\u011brnice 2010\/13\/EU o koordinaci n\u011bkter\u00fdch pr\u00e1vn\u00edch a spr\u00e1vn\u00edch p\u0159edpis\u016f \u010dlensk\u00fdch st\u00e1t\u016f upravuj\u00edc\u00edch poskytov\u00e1n\u00ed audiovizu\u00e1ln\u00edch medi\u00e1ln\u00edch slu\u017eeb (sm\u011brnice o audiovizu\u00e1ln\u00edch medi\u00e1ln\u00edch slu\u017eb\u00e1ch) vyz\u00fdv\u00e1 provozovatele AMC Networks Central Europe s.r.o., I\u010c 27112501, s\u00eddlem Pob\u0159e\u017en\u00ed 620\/3, Praha, PS\u010c 186 00, jako\u017eto provozovatele programu AMC CHANNEL HUNGARY sm\u011b\u0159ovan\u00e9ho na \u00fazem\u00ed Ma\u010farska, a vys\u00edlan\u00e9ho na z\u00e1klad\u011b rozhodnut\u00ed Rady ze dne 21. \u0159\u00edjna 2014 o ud\u011blen\u00ed licence k provozov\u00e1n\u00ed televizn\u00edho vys\u00edl\u00e1n\u00ed \u0161\u00ed\u0159en\u00e9ho prost\u0159ednictv\u00edm dru\u017eice (\u010d. j. FIA\/3744\/2014, spis. zn. 2014\/971\/FIA\/AMC), k dodr\u017eov\u00e1n\u00ed p\u0159\u00edsn\u011bj\u0161\u00edch pravidel obecn\u00e9ho ve\u0159ejn\u00e9ho z\u00e1jmu formulovan\u00fdch pr\u00e1vn\u00edm \u0159\u00e1dem Ma\u010farska, konkr\u00e9tn\u011b ve v\u011bci za\u0159azov\u00e1n\u00ed ma\u010farsk\u00fdch symbol\u016f v\u011bkov\u00e9 klasifikace, k \u010demu\u017e nedo\u0161lo v souvislosti s odvys\u00edl\u00e1n\u00edm po\u0159adu \u00c9n, Frankenstein (I, Frankenstein \/ J\u00e1, Frankenstein) dne 3. kv\u011btna 2021 v \u00faseku 15:50:10-17:32:00 hodin a po\u0159adu SAGA &#8211; A holtak atka (SAGA &#8211; Curse of the Shadow \/ S\u00e1ga: Proklet\u00ed St\u00ednu) dne 7. kv\u011btna 2021 v \u00faseku 12:20:11-14:23:04 hodin na programu AMC CHANNEL HUNGARY.<\/p>\n<p>&#8211; Rada v r\u00e1mci sv\u00e9 p\u016fsobnosti dan\u00e9 ustanoven\u00edm \u00a7 5 p\u00edsm. a) a f) a \u00a7 59 odst. 1-3 z\u00e1kona \u010d. 231\/2001 Sb., o provozov\u00e1n\u00ed rozhlasov\u00e9ho a televizn\u00edho vys\u00edl\u00e1n\u00ed a o zm\u011bn\u011b dal\u0161\u00edch z\u00e1kon\u016f (d\u00e1le jen \u201ez\u00e1kon \u010d. 231\/2001 Sb.\u201c), v platn\u00e9m zn\u011bn\u00ed, upozor\u0148uje provozovatele FTV Prima, spol. s r.o., I\u010c 48115908, s\u00eddlem Vinohradsk\u00e1 3217\/167, Praha 10, PS\u010c 100 00, na poru\u0161en\u00ed ustanoven\u00ed \u00a7 53 odst. 6 z\u00e1kona \u010d. 231\/2001 Sb., jeho\u017e se dopustil odvys\u00edl\u00e1n\u00edm zpravodajsk\u00e9ho po\u0159adu Nov\u00fd den dne 22. kv\u011btna 2021 od 7:00 hodin na programu Prima, kter\u00fd byl po\u0159adem sponzorovan\u00fdm, a\u010dkoliv z\u00e1kon stanov\u00ed, \u017ee \u201esponzorovat nelze zpravodajsk\u00e9 a politicko-publicistick\u00e9 po\u0159ady.\u201c P\u0159\u00edslu\u0161n\u00fd po\u0159ad je nutn\u00e9 pova\u017eovat za zpravodajsk\u00fd, proto\u017ee jeho dominantn\u00edm obsahem bylo zpravodajstv\u00ed &#8211; dvoje Zpr\u00e1vy a rozhovor s premi\u00e9rem Andrejem Babi\u0161em na t\u00e9ma Aktu\u00e1ln\u00ed situace v \u010cR. Rada stanovuje lh\u016ftu k n\u00e1prav\u011b 7 dn\u00ed ode dne doru\u010den\u00ed upozorn\u011bn\u00ed.<\/p>\n<p><strong>AUDIOVIZU\u00c1LN\u00cd MEDI\u00c1LN\u00cd SLU\u017dBY NA VY\u017d\u00c1D\u00c1N\u00cd<\/strong><br \/>\n&#8211; Rada se sezn\u00e1mila s monitoringem obsahu internetov\u00fdch str\u00e1nek https:\/\/tvminor.uscreen.io.<\/p>\n<p>&#8211; Rada v r\u00e1mci sv\u00e9 p\u016fsobnosti dan\u00e9 ustanoven\u00edm \u00a7 4 odst. 1 z\u00e1kona \u010d. 132\/2010 Sb., o audiovizu\u00e1ln\u00edch medi\u00e1ln\u00edch slu\u017eb\u00e1ch na vy\u017e\u00e1d\u00e1n\u00ed a o zm\u011bn\u011b dal\u0161\u00edch z\u00e1kon\u016f (d\u00e1le jen z\u00e1kon \u010d. 132\/2010 Sb.), v platn\u00e9m zn\u011bn\u00ed, a na z\u00e1klad\u011b \u00a7 137 z\u00e1kona \u010d. 500\/2004 Sb., spr\u00e1vn\u00ed \u0159\u00e1d, \u017e\u00e1d\u00e1 spole\u010dnost Minor, I\u010c 00064351, s\u00eddlem Vodi\u010dkova 674\/6, Nov\u00e9 m\u011bsto, Praha 1, PS\u010c 110 00, o pod\u00e1n\u00ed vysv\u011btlen\u00ed, z jak\u00e9ho d\u016fvodu Rad\u011b doposud neozn\u00e1mila poskytov\u00e1n\u00ed audiovizu\u00e1ln\u00ed medi\u00e1ln\u00ed slu\u017eby na vy\u017e\u00e1d\u00e1n\u00ed um\u00edst\u011bn\u00e9 na internetov\u00e9 adrese https:\/\/tvminor.uscreen.io\/. Rada stanovuje lh\u016ftu k pod\u00e1n\u00ed vysv\u011btlen\u00ed 30 dn\u00ed ode dne doru\u010den\u00ed v\u00fdzvy.<\/p>\n<p>V Praze dne 22. 7. 2021<br \/>\nIng. arch. V\u00e1clav Mencl<br \/>\np\u0159edseda Rady pro rozhlasov\u00e9<br \/>\na televizn\u00ed vys\u00edl\u00e1n\u00ed<br \/>\nkontakt: podatelna@rrtv.cz<br \/>\n274 813 830<\/p>\n","protected":false},"excerpt":{"rendered":"<p>Rada pro rozhlasov\u00e9 a televizn\u00ed vys\u00edl\u00e1n\u00ed (d\u00e1le jen &#8222;Rada&#8220;) na sv\u00e9m 13. zased\u00e1n\u00ed projednala 40 bod\u016f programu. Vyhodnotila 43 st\u00ed\u017enost\u00ed div\u00e1k\u016f a poslucha\u010d\u016f, vydala \u0161est upozorn\u011bn\u00ed na poru\u0161en\u00ed z\u00e1kona, rozhodla o zah\u00e1jen\u00ed deseti \u0159\u00edzen\u00ed o p\u0159estupku.<\/p>\n","protected":false},"author":1,"featured_media":0,"comment_status":"open","ping_status":"open","sticky":false,"template":"","format":"standard","meta":{"ngg_post_thumbnail":0,"footnotes":""},"categories":[11],"tags":[],"class_list":["post-12076","post","type-post","status-publish","format-standard","hentry","category-ozvena"],"_links":{"self":[{"href":"https:\/\/www.ladislavjakl.cz\/index.php?rest_route=\/wp\/v2\/posts\/12076","targetHints":{"allow":["GET"]}}],"collection":[{"href":"https:\/\/www.ladislavjakl.cz\/index.php?rest_route=\/wp\/v2\/posts"}],"about":[{"href":"https:\/\/www.ladislavjakl.cz\/index.php?rest_route=\/wp\/v2\/types\/post"}],"author":[{"embeddable":true,"href":"https:\/\/www.ladislavjakl.cz\/index.php?rest_route=\/wp\/v2\/users\/1"}],"replies":[{"embeddable":true,"href":"https:\/\/www.ladislavjakl.cz\/index.php?rest_route=%2Fwp%2Fv2%2Fcomments&post=12076"}],"version-history":[{"count":1,"href":"https:\/\/www.ladislavjakl.cz\/index.php?rest_route=\/wp\/v2\/posts\/12076\/revisions"}],"predecessor-version":[{"id":12077,"href":"https:\/\/www.ladislavjakl.cz\/index.php?rest_route=\/wp\/v2\/posts\/12076\/revisions\/12077"}],"wp:attachment":[{"href":"https:\/\/www.ladislavjakl.cz\/index.php?rest_route=%2Fwp%2Fv2%2Fmedia&parent=12076"}],"wp:term":[{"taxonomy":"category","embeddable":true,"href":"https:\/\/www.ladislavjakl.cz\/index.php?rest_route=%2Fwp%2Fv2%2Fcategories&post=12076"},{"taxonomy":"post_tag","embeddable":true,"href":"https:\/\/www.ladislavjakl.cz\/index.php?rest_route=%2Fwp%2Fv2%2Ftags&post=12076"}],"curies":[{"name":"wp","href":"https:\/\/api.w.org\/{rel}","templated":true}]}}