{"id":12078,"date":"2021-07-30T10:20:12","date_gmt":"2021-07-30T08:20:12","guid":{"rendered":"http:\/\/www.ladislavjakl.cz\/?p=12078"},"modified":"2021-07-30T10:20:12","modified_gmt":"2021-07-30T08:20:12","slug":"aktivista-se-usmival-posmival-kroutil-hlavou-marne-jakl-si-jel-to-svoje-ostra-debata-o-klimatu","status":"publish","type":"post","link":"https:\/\/www.ladislavjakl.cz\/?p=12078","title":{"rendered":"Aktivista se usm\u00edval, posm\u00edval, kroutil hlavou. Marn\u011b. Jakl si jel to svoje. Ostr\u00e1 debata o klimatu"},"content":{"rendered":"<p>V posledn\u00edch t\u00fddnech jsme sv\u011bdky extr\u00e9mn\u00edho po\u010das\u00ed, kter\u00e9 ohro\u017euje lidsk\u00e9 \u017eivoty, obydl\u00ed a infrastrukturu. Televize CNN Prima NEWS na toto t\u00e9ma nab\u00eddla zaj\u00edmav\u00fd duel. V n\u011bm se proti sob\u011b postavili \u0159editel Centra spole\u010densk\u00fdch studi\u00ed&nbsp;Institutu V\u00e1clava Klause Ladislav Jakl, podle kter\u00e9ho extr\u00e9mn\u00ed po\u010das\u00ed se zm\u011bnou klimatu nesouvis\u00ed, zmi\u0148uje snahy zav\u00e9st diktaturu a Mikol\u00e1\u0161 Opletal z Extinction Rebellion, kter\u00fd naopak bije na poplach, \u017ee ohro\u017euj\u00edc\u00ed zm\u011bny klimatu ji\u017e zapo\u010daly a lidem jde doslova o \u017eivot.<\/p>\n<p><!--more--><\/p>\n<p>V posledn\u00edch n\u011bkolika t\u00fddnech jsme byli sv\u011bdky ni\u010div\u00e9ho torn\u00e1da, velk\u00fdch veder, siln\u00fdch bou\u0159ek a de\u0161\u0165\u016f s n\u00e1sledn\u00fdmi povodn\u011bmi. Podle Jakla takov\u00e9 v\u00fdkyvy po\u010das\u00ed nejsou historicky v\u00fdjime\u010dn\u00e9. \u201eM\u011b to nep\u0159ekvapuje. Sv\u011bt je velik\u00fd a propojen\u00fd, ka\u017edou chv\u00edli se n\u011bkde n\u011bco d\u011bje,\u201c podotkl nezainteresovan\u011b.<\/p>\n<p>Jedn\u00edm dechem nazna\u010dil, \u017ee sp\u00ed\u0161e informa\u010dn\u00ed doba je p\u0159ehnan\u00e1. \u201e\u017dijeme v dob\u011b, kdy v Americe uv\u00edzne ko\u0148sk\u00e9 kopyto v kan\u00e1le, a hned sledujeme dojemnou report\u00e1\u017e m\u00e1lem v p\u0159\u00edm\u00e9m p\u0159enosu, jak ho zachra\u0148uj\u00ed. Na za\u010d\u00e1tku 19. stolet\u00ed, kdy\u017e vyho\u0159ela t\u00e9m\u011b\u0159 cel\u00e1 Dobru\u0161ka, nedozv\u011bd\u011bli se to lidi ani 200 km daleko,\u201c pouk\u00e1zal na paradoxy s t\u00edm, \u017ee dnes se o v\u0161em dozv\u00edd\u00e1me t\u00e9m\u011b\u0159 okam\u017eit\u011b.<\/p>\n<p>P\u0159ipom\u00edn\u00e1, \u017ee studie, kter\u00e9 by dokl\u00e1daly, \u017ee \u010detnost takov\u00fdch jev\u016f v podob\u011b v\u00fdkyvu po\u010das\u00ed je v\u011bt\u0161\u00ed ne\u017e v minulosti, neexistuj\u00ed. \u201eMuseli bychom m\u00edt data za dlouhou sb\u011brnou dobu, aby se z nich dalo n\u011bco vyvodit,\u201c zmi\u0148uje neprokazatelnost zm\u011bny klimatu.<\/p>\n<p>Zni\u010duj\u00edc\u00ed z\u00e1plavy v N\u011bmecku byly i p\u0159ed 110 lety t\u00e9m\u011b\u0159 na stejn\u00e9m m\u00edst\u011b jako dnes. \u201eTedy v dob\u011b, kdy tam bydlelo mnohem m\u00e9n\u011b lid\u00ed,\u201c d\u00e1v\u00e1 Jakl d\u00e1l za p\u0159\u00edklad. Je p\u0159esv\u011bd\u010den, \u017ee spousta lid\u00ed nemusela v N\u011bmecku dnes zem\u0159\u00edt, pokud by se ve\u0161ker\u00e1 energie ned\u00e1vala na ideologii, ale na ochranu lid\u00ed. \u201eJsem p\u0159esv\u011bd\u010den, \u017ee v N\u011bmecku by se ob\u011btem na \u017eivotech dalo zabr\u00e1nit, kdyby se po\u0159\u00e1d nemlelo o klimatick\u00fdch zm\u011bn\u00e1ch a o tom, co si m\u00e1 kdo kupovat a \u010d\u00edm se m\u00e1 jezdit. Kdyby se rad\u011bji v\u00edce zam\u00fd\u0161leli nad integrovan\u00fdm z\u00e1chrann\u00fdm syst\u00e9mem,\u201c konstatoval Jakl.<\/p>\n<p>Aktivista Mikol\u00e1\u0161 Opletal z Extinction Rebellion&nbsp;sed\u00edc\u00ed proti Jaklovi o\u010dividn\u011b nevych\u00e1zel z \u00fadivu, po dobu jeho \u0159e\u010dn\u011bn\u00ed se nep\u0159est\u00e1val usm\u00edvat, jeho slov\u016fm oponoval: \u201eP\u0159ed extr\u00e9mn\u00edmi v\u00fdkyvy v\u011bdci varuj\u00ed u\u017e hrozn\u011b moc let. Klimatick\u00e1 krize nen\u00ed n\u011bco, co bychom \u0159e\u0161ili a\u017e pro p\u0159\u00ed\u0161t\u00ed generaci,\u201c zd\u016fraznil.<\/p>\n<p>\u201eNen\u00ed to o uv\u00edznut\u00e9m ko\u0148sk\u00e9m kopytu, ale o tom, \u017ee um\u00edraj\u00ed lidi! Katastrofy vid\u00edme v\u0161ude ve zpr\u00e1v\u00e1ch. T\u0159eba v Kanad\u011b, ty extr\u00e9mn\u00ed teploty. Takov\u00e9 v\u00fdkyvy tu p\u0159ed p\u011bti lety nam\u011b\u0159eny nebyly,\u201c ohradil se Jaklovi, \u010d\u00edm\u017e mu z\u00e1rove\u0148 potvrdil, \u017ee doba je informacemi p\u0159esycena.<\/p>\n<p>Jakl jeho slov\u016fm kontroval: \u201eKa\u017edou chv\u00edli je n\u011bkde nam\u011b\u0159en\u00e1 extr\u00e9mn\u00ed teplota. T\u011bch \u010d\u00edsel je tis\u00edckr\u00e1t v\u00edce, ne\u017e jich bylo p\u0159ed sto lety. Nen\u00ed pravda, \u017ee extr\u00e9mn\u00ed teploty d\u0159\u00edve nebyly, existuj\u00ed i teplotn\u00ed ostrovy. Ze star\u00fdch kronik lze vy\u010d\u00edst, \u017ee r\u016fzn\u00e9 roky sn\u011b\u017e\u00edvalo v \u010dervenci a kvetly kv\u011btiny a stromy v lednu,\u201c vysv\u011btloval trp\u011bliv\u011b mlad\u00e9mu mu\u017ei.<\/p>\n<div id=\"carodaOutstream489821Container\" class=\"carodaContainer\">\n<div id=\"carodaOutstream489821\" class=\"carodaOutstream\">&nbsp;<\/div>\n<\/div>\n<p>Na to konstatoval, \u017ee lidi se zm\u011bnou klimatu akor\u00e1t stra\u0161\u00ed. \u201eDnes je modern\u00ed se pla\u0161it a stra\u0161it. Argumenty na to neexistuj\u00ed. Provalily se skand\u00e1ly ohledn\u011b fal\u0161ov\u00e1n\u00ed dat o \u00fadajn\u00e9m glob\u00e1ln\u00edm oteplov\u00e1n\u00ed, argumenty doch\u00e1zej\u00ed a sv\u011bd\u010d\u00ed to o tom, \u017ee z\u00e1jmov\u00e9 skupiny maj\u00ed z\u00e1jem na popla\u0161n\u00e9 n\u00e1lad\u011b, na alarmisus a vys\u00edlaj\u00ed do prvn\u00edch \u0159ad d\u011bti a za\u010d\u00ednaj\u00ed hr\u00e1t na emoce.<\/p>\n<p>To je n\u011bco jako kmenov\u00e9 arm\u00e1dy v Africe. Ty v\u011bd\u00ed, \u017ee se d\u011bti nad ni\u010d\u00edm moc nezam\u00fd\u0161lej\u00ed, postav\u00ed je do prvn\u00edch \u0159ad. Takov\u00e9 byly prov\u011brkov\u00e9 komise v padas\u00e1t\u00fdch letech. Ml\u00e1de\u017e nem\u00e1 \u017e\u00e1dnou zodpov\u011bdnost, nic nikdy nebudovala, o nic se neb\u00e1la a nem\u011bla o nikoho starost,\u201c poznamenal Jakl.<\/p>\n<p>Op\u011bt se aktivista pousm\u00e1l, p\u0159idal tak\u00e9 nesouhlasn\u00e9 kroucen\u00ed hlavou a spustil: \u201eM\u011b mrz\u00ed, \u017ee v\u016fbec vedeme debatu o tom, jestli je to norm\u00e1ln\u00ed nebo ne. Na sv\u011btov\u00e9 \u00farovni se u\u017e takov\u00e1 debata nevede,\u201c zd\u016fraznil, \u017ee t\u00e9me\u0159 v\u0161echny st\u00e1ty sv\u011bta se zab\u00fdvaj\u00ed aktivn\u011b t\u00edm, jak\u00fdm zp\u016fsobem klimatickou krizi \u0159e\u0161it.<\/p>\n<p>Spolu s t\u00edm zm\u00ednil ned\u00e1vn\u00fd v\u00fdzkum \u010cesk\u00e9ho rozhlasu, kter\u00fd pr\u00fd odhalil, \u017ee skoro 70 procent \u010cech\u016f vn\u00edm\u00e1 klimatickou zm\u011bnu jako probl\u00e9m, kter\u00fd je pot\u0159eba \u0159e\u0161it okam\u017eit\u011b. \u201ePan Jakl tu reprezentuje sotva p\u011bt procent, kter\u00fd jsou okrajov\u00fd a skoro a\u017e konspira\u010dn\u011b vlastn\u011b&#8230; jakoby&#8230; schovan\u00fd v tom, \u017ee se nic ned\u011bje a \u017ee \u010dlov\u011bk nem\u016f\u017ee p\u0159\u00edrodu ovliv\u0148ovat,\u201c uvedl Opletal<\/p>\n<p>Tentokr\u00e1t sv\u00fdmi argumenty rozesm\u00e1l naopak Jakla on. \u201eKonspirace par excellence \u2013 tohle co jste te\u010f \u0159ekl,\u201c reagoval \u0159editel Centra spole\u010densk\u00fdch studi\u00ed&nbsp;Institutu V\u00e1clava Klause pobaven\u011b na aktivistu.<\/p>\n<p>\u201eVy snad n\u011bjak v\u00edte, jak se va\u0159ily \u0161keble p\u0159ed 130 lety v Kanad\u011b, kdy\u017e tyto kon\u010diny objevil b\u00edl\u00fd \u010dlov\u011bk n\u011bkdy kolem roku 1890?\u201c t\u00e1zal se zamra\u010dn\u011b vz\u00e1p\u011bt\u00ed Jakl bojovn\u00edka za ochranu klimatu. \u201eMimochodem v tom roce 1890 zbo\u0159ila tak\u00e9 ob\u0159\u00ed povode\u0148 Karl\u016fv most! A v roce 1745 zaplavila povode\u0148 t\u00e9m\u011b\u0159 celou Prahu!\u201c \u0161el dosud klidn\u00fd Jakl do ot\u00e1\u010dek.<\/p>\n<p>\u201eMy se tv\u00e1\u0159\u00edme, jako by se tyto v\u011bci d\u011bly pr\u00e1v\u011b te\u010f a d\u011bly se naprosto v\u017edycky. Je nesmysl, \u017ee teploty jsou takov\u00e9 a takov\u00e9&#8230; A\u017e budou zase n\u00edzk\u00e9, tak budete \u0159\u00edkat, \u017ee to je zase projev n\u011bjak\u00e9ho extr\u00e9mu,\u201c m\u00e1vl Jakl nad podobn\u00fdmi v\u00fdmysly bezradn\u011b rukou.<\/p>\n<p>Cel\u00fd rozhovor najete&nbsp;<a href=\"https:\/\/cnn.iprima.cz\/porady\/zpravy-plus\/21072021-0?fbclid=IwAR0HMsdDY6X0nXAs6DEYEzH_EqkO45l0MCbr72skvJHO2stCvaVpXQF94FE\" target=\"_blank\" rel=\"nofollow noopener\">ZDE<\/a><\/p>\n<p>Podobn\u00e9 nesmysly podle n\u011bj padaj\u00ed bohu\u017eel i z \u00fast \u010dlen\u016f \u010desk\u00e9 vl\u00e1dy. \u201eP\u0159ed rokem a p\u016fl ministr \u017eivotn\u00edho prost\u0159ed\u00ed Brabec vystoupil s dramatick\u00fdm projevem, \u017ee za\u017e\u00edv\u00e1me nejv\u011bt\u0161\u00ed sucho za 500 let. Mo\u017en\u00e1 \u017ee bychom ho m\u011bli poslat do N\u011bmecka, aby m\u011bl p\u0159edn\u00e1\u0161kov\u00e9 turn\u00e9 v t\u011bch posti\u017een\u00fdch m\u011bstech a vysv\u011btloval tam, \u017ee to, co jim pad\u00e1 na hlavu nen\u00ed voda, ale Brabcovo p\u011btisetlet\u00e9 sucho. A mohl by jim vnutit dota\u010dn\u00ed program de\u0161\u0165ovka,\u201c r\u00fdpl si Jakl s poklep\u00e1n\u00edm na \u010delo.<\/p>\n<p>N\u00e1sledn\u011b objasnil d\u016fvod, pro\u010d alarmist\u00e9 a ti, co pot\u0159ebuj\u00ed pla\u0161it, ve v\u0161em budou vid\u011bt doklad sv\u00fdch teori\u00ed: \u201eV regulovan\u00e9m prost\u0159ed\u00ed usp\u011bj\u00ed toti\u017e nejl\u00e9pe lobbisti, kte\u0159\u00ed se p\u0159es politiky a z\u00e1jmov\u00e9 s\u00edly dostanou k pen\u011bz\u016fm daleko sn\u00e1z a ovl\u00e1dnou dota\u010dn\u00ed programy,\u201c sna\u017eil se Jakl vysv\u011btlovat Opletalovi \u0161ir\u0161\u00ed spojitosti, ten v\u0161ak slova odr\u00e1\u017eel obracen\u00edm o\u010d\u00ed v sloup.<\/p>\n<p>\u201eNep\u0159ijde mi to f\u00e9r v\u016f\u010di lidem, kte\u0159\u00ed jsou klimatickou kriz\u00ed zasa\u017eeni a v\u016f\u010di lidem, kte\u0159\u00ed t\u00edm zasa\u017een\u00ed je\u0161t\u011b budou. My jako hnut\u00ed chceme b\u00fdt sou\u010d\u00e1st\u00ed toho \u0159e\u0161en\u00ed,\u201c zopakoval aktivista z hnut\u00ed Extinction Rebellion, kter\u00e9 se sna\u017e\u00ed \u0161\u00ed\u0159it osv\u011btu o klimatick\u00e9 zm\u011bn\u011b, mnohdy i extr\u00e9mn\u00edmi zp\u016fsoby&#8230;<\/p>\n<p>Pot\u00e9 Jakl vyslovil n\u00e1zor, \u017ee ona klimatick\u00e1 politika a klimatick\u00e9 stra\u0161en\u00ed je p\u0159edev\u0161\u00edm asoci\u00e1ln\u00ed: \u201eJe hrub\u011b necitliv\u00e9 v\u016f\u010di lidem. Lid\u00e9, kte\u0159\u00ed nemaj\u00ed ani na drah\u00e9 auto, budou ze sv\u00fdch dan\u00ed dopl\u00e1cet dotovan\u00e1 elektroauta a dotovan\u00e9 dob\u00edjec\u00ed stanice,\u201c hrozil se nad pl\u00e1novan\u00fdm koncem spalovac\u00edch motor\u016f v Evrop\u011b v roce 2035. \u201eTo je nere\u00e1ln\u00fd nesmysl,\u201c doplnil.<\/p>\n<p>Mlad\u00fd aktivista se hlasit\u011b ozval: \u201eNen\u00ed pravda, \u017ee je to necitliv\u00e9, to jenom vy to zkreslujete,\u201c br\u00e1nil sv\u00e1 p\u0159esv\u011bd\u010den\u00ed.<\/p>\n<p>\u201eZab\u00fdv\u00e1me se hloupostmi, jeliko\u017e p\u0159em\u00edra oxidu uhli\u010dit\u00e9ho nen\u00ed nijak nebezpe\u010dn\u00e1,\u201c pokra\u010doval Jakl. \u201eMnohokr\u00e1t v historii byla hodnota oxidu uhli\u010dit\u00e9ho a\u017e osmkr\u00e1t vy\u0161\u0161\u00ed a kdy\u017e k tomu byly i vy\u0161\u0161\u00ed teploty, byl \u017eivot na zemi bohat\u0161\u00ed a vegetace bujn\u011bj\u0161\u00ed,\u201c zm\u00ednil Jakl. Opletalovi op\u011bt nezbylo nic, ne\u017e to na kameru zhluboka rozd\u00fdch\u00e1vat.<\/p>\n<p>Z\u00e1v\u011brem pak Jakl shrnul: \u201eV\u017edy, kdy\u017e se vymysl\u00ed n\u011bjak\u00fd velk\u00fd, kr\u00e1sn\u00fd a bohulib\u00fd c\u00edl ke zlep\u0161en\u00ed lidstva a z\u00e1chran\u011b planety, je zat\u00edm diktatura, demont\u00e1\u017e demokracie tak, jak ji zn\u00e1me, a zaveden\u00ed diktatury. Proto\u017ee lidi nebudou d\u011blat dobrovoln\u011b v\u011bci, kter\u00e9 vy chcete, vy jim mus\u00edte sebrat pen\u00edze a donutit je k chov\u00e1n\u00ed, jak\u00e9 si p\u0159ejete,\u201c dodal Jakl s t\u00edm, \u017ee pro lidi je dnes lep\u0161\u00ed se zaj\u00edmat o po\u017e\u00e1ry v Austr\u00e1lii a chodit na demonstrace, ne\u017e za vlastn\u00ed vesnic\u00ed vy\u010distit potok.<\/p>\n<p><a href=\"https:\/\/www.parlamentnilisty.cz\/arena\/monitor\/Aktivista-se-usmival-posmival-kroutil-hlavou-Marne-Jakl-si-jel-to-svoje-Ostra-debata-o-klimatu-671469\">Zdroj<\/a><\/p>\n","protected":false},"excerpt":{"rendered":"<p>V posledn\u00edch t\u00fddnech jsme sv\u011bdky extr\u00e9mn\u00edho po\u010das\u00ed, kter\u00e9 ohro\u017euje lidsk\u00e9 \u017eivoty, obydl\u00ed a infrastrukturu. Televize CNN Prima NEWS na toto t\u00e9ma nab\u00eddla zaj\u00edmav\u00fd duel. V n\u011bm se proti sob\u011b postavili \u0159editel Centra spole\u010densk\u00fdch studi\u00ed&nbsp;Institutu V\u00e1clava Klause Ladislav Jakl, podle kter\u00e9ho extr\u00e9mn\u00ed po\u010das\u00ed se zm\u011bnou klimatu nesouvis\u00ed, zmi\u0148uje snahy zav\u00e9st diktaturu a Mikol\u00e1\u0161 Opletal z Extinction [&hellip;]<\/p>\n","protected":false},"author":1,"featured_media":0,"comment_status":"open","ping_status":"open","sticky":false,"template":"","format":"standard","meta":{"ngg_post_thumbnail":0,"footnotes":""},"categories":[11],"tags":[],"class_list":["post-12078","post","type-post","status-publish","format-standard","hentry","category-ozvena"],"_links":{"self":[{"href":"https:\/\/www.ladislavjakl.cz\/index.php?rest_route=\/wp\/v2\/posts\/12078","targetHints":{"allow":["GET"]}}],"collection":[{"href":"https:\/\/www.ladislavjakl.cz\/index.php?rest_route=\/wp\/v2\/posts"}],"about":[{"href":"https:\/\/www.ladislavjakl.cz\/index.php?rest_route=\/wp\/v2\/types\/post"}],"author":[{"embeddable":true,"href":"https:\/\/www.ladislavjakl.cz\/index.php?rest_route=\/wp\/v2\/users\/1"}],"replies":[{"embeddable":true,"href":"https:\/\/www.ladislavjakl.cz\/index.php?rest_route=%2Fwp%2Fv2%2Fcomments&post=12078"}],"version-history":[{"count":1,"href":"https:\/\/www.ladislavjakl.cz\/index.php?rest_route=\/wp\/v2\/posts\/12078\/revisions"}],"predecessor-version":[{"id":12079,"href":"https:\/\/www.ladislavjakl.cz\/index.php?rest_route=\/wp\/v2\/posts\/12078\/revisions\/12079"}],"wp:attachment":[{"href":"https:\/\/www.ladislavjakl.cz\/index.php?rest_route=%2Fwp%2Fv2%2Fmedia&parent=12078"}],"wp:term":[{"taxonomy":"category","embeddable":true,"href":"https:\/\/www.ladislavjakl.cz\/index.php?rest_route=%2Fwp%2Fv2%2Fcategories&post=12078"},{"taxonomy":"post_tag","embeddable":true,"href":"https:\/\/www.ladislavjakl.cz\/index.php?rest_route=%2Fwp%2Fv2%2Ftags&post=12078"}],"curies":[{"name":"wp","href":"https:\/\/api.w.org\/{rel}","templated":true}]}}