{"id":12099,"date":"2021-08-05T12:51:43","date_gmt":"2021-08-05T10:51:43","guid":{"rendered":"http:\/\/www.ladislavjakl.cz\/?p=12099"},"modified":"2021-08-05T13:00:14","modified_gmt":"2021-08-05T11:00:14","slug":"zprava-z-vyjezdu-a-predani-diplomu-plzenskemu-prazdroji","status":"publish","type":"post","link":"https:\/\/www.ladislavjakl.cz\/?p=12099","title":{"rendered":"Zpr\u00e1va z v\u00fdjezdu a p\u0159ed\u00e1n\u00ed diplomu Plze\u0148sk\u00e9mu Prazdroji."},"content":{"rendered":"<p>Trnit\u00e1 byla cesta pivovaru Pilsner Urquell za celkov\u00fdm v\u00edt\u011bzstv\u00edm ve fin\u00e1le PPE. Nicm\u00e9n\u011b se to Plzni\u010dce, hned na pojeden\u00e1ct\u00e9, kone\u010dn\u011b dne 10. listopadu 2020 povedlo! Pilsner Urquell je naprostou v\u011bt\u0161inou \u010desk\u00fdch piva\u0159\u016f pova\u017eov\u00e1n za nekorunovan\u00e9ho kr\u00e1le le\u017e\u00e1k\u016f a tak je a\u017e s podivem, \u017ee v degustac\u00edch PPE p\u0159\u00edli\u0161 v minul\u00fdch letech nez\u00e1\u0159il. Zkr\u00e1tka, pokud je degustace anonymn\u00ed a vy m\u00e1te p\u0159ed sebou jen deset \u010di jeden\u00e1ct \u010d\u00edslovan\u00fdch sklenic, bez log pivovar\u016f a ani n\u00e1kup\u010d\u00ed netu\u0161\u00ed, co do kter\u00e9 sklenice na\u0161e pivono\u0161ky nalily a nav\u00edc k posouzen\u00ed m\u00e1te jen sv\u016fj zrak, \u010dich a sv\u00e9 chu\u0165ov\u00e9 poh\u00e1rky, tak&nbsp; pak je to, \u010demu se v hospod\u011b odjak\u017eiva \u0159\u00edk\u00e1: Uk\u00e1zan\u00e1 plat\u00ed, kecy nemaj cenu :-)\u2026<\/p>\n<p><!--more--><\/p>\n<p>Nicm\u00e9n\u011b se kone\u010dn\u011b zada\u0159ilo a my jsme se n\u011bkdy od ledna domlouvali s Plze\u0148sk\u00fdm pivovarem, kdy bychom mohli p\u0159ijet k nim na p\u0159ed\u00e1n\u00ed diplomu. Kdo do term\u00ednu mluvil, a\u010d n\u011bm\u00fd, byl logicky Covid :-(\u2026 No nakonec se term\u00edn na\u0161el a tak jsme 27. \u010dervence v sestav\u011b: L\u00e1\u010fa, Honza, Mik\u00e1do, Buri, Had\u017ei a j\u00e1 kone\u010dn\u011b vlakem do Plzn\u011b vyrazili. Je pravda, \u017ee j\u00e1 jsem byl, co se t\u00fd\u010de projevu i konzumace asi tak desetinov\u00fd, neb jsem byl \u017eivouc\u00edm d\u016fkazem zn\u00e1m\u00e9ho r\u010den\u00ed, \u017ee je lep\u0161\u00ed pivo v \u017ealudku, ne\u017eli voda na plic\u00edch\u2026 Nicm\u00e9n\u011b kolezi se sna\u017eili i za mne a tak douf\u00e1m, \u017ee jsme nezanechali \u0161patn\u00fd dojem.<\/p>\n<div id=\"attachment_12100\" style=\"width: 570px\" class=\"wp-caption alignnone\"><img loading=\"lazy\" decoding=\"async\" aria-describedby=\"caption-attachment-12100\" class=\"wp-image-12100\" src=\"https:\/\/www.ladislavjakl.cz\/wp-content\/uploads\/2021\/08\/prazdroj04.jpg\" alt=\"\" width=\"560\" height=\"389\" srcset=\"https:\/\/www.ladislavjakl.cz\/wp-content\/uploads\/2021\/08\/prazdroj04.jpg 1200w, https:\/\/www.ladislavjakl.cz\/wp-content\/uploads\/2021\/08\/prazdroj04-264x183.jpg 264w, https:\/\/www.ladislavjakl.cz\/wp-content\/uploads\/2021\/08\/prazdroj04-900x626.jpg 900w, https:\/\/www.ladislavjakl.cz\/wp-content\/uploads\/2021\/08\/prazdroj04-768x534.jpg 768w\" sizes=\"auto, (max-width: 560px) 100vw, 560px\" \/><p id=\"caption-attachment-12100\" class=\"wp-caption-text\">P\u0159ed\u00e1n\u00ed certifik\u00e1tu 12. ro\u010dn\u00edku Prvn\u00ed pivn\u00ed extraligy (PPE), kter\u00fd bude ud\u011blen lahvov\u00e9mu le\u017e\u00e1ku Pilsner Urquell. PPE je ob\u010dansk\u00e9 sdru\u017een\u00ed, kter\u00e9 se od roku 2010 zab\u00fdv\u00e1 odborn\u00fdmi anonymn\u00edmi degustacemi a propagac\u00ed kvality a rozmanitosti na \u010desk\u00e9m pivn\u00edm trhu, 28. \u010dervence 2021 v Plzni<\/p><\/div>\n<p>P\u0159iv\u00edt\u00e1n\u00ed bylo moc hezk\u00e9 a je vid\u011bt, \u017ee se ji\u017e v\u0161ichni l\u00e9ta zn\u00e1me, neb jsme jako PPE dvakr\u00e1t p\u0159ed\u00e1vali diplom jejich sestersk\u00e9m z\u00e1vodu, pivovaru Radegast a tak\u00e9 diplom t\u00e9\u017e sestersk\u00e9mu z\u00e1vodu Gambrinus, ne za celkov\u00e9 v\u00edt\u011bzstv\u00ed v PPE, ale za v\u00edt\u011bzstv\u00ed v \u010cesko-Slovensk\u00e9m federativn\u00edm super fin\u00e1le, ve kter\u00e9m se utkaj\u00ed piva, co se um\u00edst\u00ed na prvn\u00edch p\u011bti m\u00edstech, jak v \u010cR, tak i v SR.<\/p>\n<p>Plze\u0148sk\u00fd Prazdroj se na n\u00e1s nachystal jak se pat\u0159\u00ed. Jen z novin\u00e1\u0159\u016f tam byli V\u00e1clav Prok\u0161 \u2013 zpravodaj \u010cTK,&nbsp;M\u00edra Petr \u2013 novin\u00e1\u0159 DNES, Lenka Pro\u0161kov\u00e1 \u2013 fotografka a novin\u00e1\u0159ka Den\u00edku. No a pivovar zastupovali&nbsp;Ji\u0159\u00ed Fusek \u2013 sl\u00e1dek Prazdroje, Jan Enge \u2013 vrchn\u00ed sl\u00e1dek Prazdroje a ikona a tv\u00e1\u0159 Prazdroje V\u00e1clav Berka \u2013&nbsp;emeritn\u00ed vrchn\u00ed sl\u00e1dek. V neposledn\u00ed \u0159ad\u011b n\u00e1s doprov\u00e1zela je\u0161t\u011b Lenka Strakov\u00e1 \u2013 sl\u00e1dkov\u00e1 pivovaru Proud.<\/p>\n<p>Za\u0161li jsme hned do podzem\u00ed PU a dovedli n\u00e1s a\u017e na \u0161alandu, kde jsme popili Prazdroj z dubov\u00fdch sud\u016f, No l\u00e1bu\u017e velik\u00e1! Pot\u00e9 si n\u00e1\u0161 president L\u00e1\u010fa stoupl na lavici a pronesl projev. A to on um\u00ed. Zd\u016fraznil&nbsp; tam v\u0161e, co d\u011bl\u00e1 Prvn\u00ed Pivn\u00ed Extraligu, Prvn\u00ed Pivn\u00ed Extraligou. Od toho, \u017ee v degustac\u00edch pokra\u010dujeme dle stejn\u00e9ho degusta\u010dn\u00edho modelu ji\u017e dvan\u00e1ct\u00fdm rokem, \u017ee si V\u0160ECHNA piva sami plat\u00edme a kupujeme je, tak jako ka\u017ed\u00fd jin\u00fd v b\u011b\u017en\u00e9 maloobchodn\u00ed s\u00edti, a\u017e po zd\u016frazn\u011bn\u00ed naprost\u00e9 anonymity vzork\u016f.<\/p>\n<div id=\"attachment_12101\" style=\"width: 570px\" class=\"wp-caption alignnone\"><img loading=\"lazy\" decoding=\"async\" aria-describedby=\"caption-attachment-12101\" class=\"wp-image-12101\" src=\"https:\/\/www.ladislavjakl.cz\/wp-content\/uploads\/2021\/08\/prazdroj13.jpg\" alt=\"\" width=\"560\" height=\"373\" srcset=\"https:\/\/www.ladislavjakl.cz\/wp-content\/uploads\/2021\/08\/prazdroj13.jpg 1200w, https:\/\/www.ladislavjakl.cz\/wp-content\/uploads\/2021\/08\/prazdroj13-264x176.jpg 264w, https:\/\/www.ladislavjakl.cz\/wp-content\/uploads\/2021\/08\/prazdroj13-900x600.jpg 900w, https:\/\/www.ladislavjakl.cz\/wp-content\/uploads\/2021\/08\/prazdroj13-768x512.jpg 768w\" sizes=\"auto, (max-width: 560px) 100vw, 560px\" \/><p id=\"caption-attachment-12101\" class=\"wp-caption-text\">P\u0159ed\u00e1n\u00ed certifik\u00e1tu 12. ro\u010dn\u00edku Prvn\u00ed pivn\u00ed extraligy (PPE), kter\u00fd bude ud\u011blen lahvov\u00e9mu le\u017e\u00e1ku Pilsner Urquell. Prezident PPE Ladislav Jakl dr\u017e\u00ed \u0159e\u010d!<\/p><\/div>\n<p>Pak u\u017e jsme jen gratulovali, fotili, popili, pojedli a u\u017e n\u00e1s Va\u0161ek hnal na prohl\u00eddku jejich pivovaru. Byli jsme i tam, kam se asi m\u00e1lokdo dostane a jen jsme u\u017easle kroutili hlavami nad nekone\u010dn\u00fdmi kilometry nerezov\u00fdch trubek a neuv\u011b\u0159iteln\u00fdm mno\u017estv\u00edm CK tank\u016f\u2026 Na jednom m\u00edst\u011b n\u00e1s \u010dekalo i ochutn\u00e1n\u00ed pivka p\u0159\u00edmo z CK tanku ve sv\u00e9 nefiltrovan\u00e9 a nepasterizovan\u00e9 podob\u011b a nutno podotknou, \u017ee i to byla l\u00e1bu\u017e velik\u00e1. Jak jsem ji\u017e n\u011bkolikr\u00e1t n\u011bkde \u0159ekl, tak jsem p\u0159esv\u011bd\u010den, \u017ee toto pivo kdyby PU norm\u00e1ln\u011b distribuoval, ne jednou v roce v \u0159\u00edjnu, ale b\u011b\u017en\u011b, tak by se leckter\u00fd minipivovar se sv\u00fdm le\u017e\u00e1kem t\u011b\u017eko chytal. Ale je mo\u017en\u00e1 dob\u0159e, \u017ee tomu tak nen\u00ed\u2026<\/p>\n<p>Po prohl\u00eddce Prazdroje se n\u00e1m pochlubili i nov\u00fdm p\u0159\u00edr\u016fstkem do rodiny Prazdroje a sice minipivovarem Proud. Tady se kone\u010dn\u011b dostala ke slovu Lenka Strakov\u00e1 a provedla n\u00e1s \u201esv\u00fdm\u201c kr\u00e1lovstv\u00edm. Pivovar je um\u00edst\u011bn v b\u00fdval\u00e9 elektr\u00e1rn\u011b cel\u00e9ho Prazdroje, kter\u00fd sv\u00e9ho \u010dasu vyr\u00e1b\u011bl tolik proudu, \u017ee z\u00e1soboval i m\u011bsto Plze\u0148! No hala je to ob\u0159\u00ed to je fakt. Pivov\u00e1rek Proud zab\u00edr\u00e1 svou rozlohou tak jednu \u010dty\u0159icetinu cel\u00e9 haly. La\u010fa s Had\u017eim hned uva\u017eovali, \u017ee by se zde, a\u017e dod\u011blaj\u00ed podlahy mohlo koncertovat\u2026<\/p>\n<div id=\"attachment_12102\" style=\"width: 570px\" class=\"wp-caption alignnone\"><img loading=\"lazy\" decoding=\"async\" aria-describedby=\"caption-attachment-12102\" class=\"wp-image-12102\" src=\"https:\/\/www.ladislavjakl.cz\/wp-content\/uploads\/2021\/08\/prazdroj56.jpg\" alt=\"\" width=\"560\" height=\"420\" srcset=\"https:\/\/www.ladislavjakl.cz\/wp-content\/uploads\/2021\/08\/prazdroj56.jpg 1200w, https:\/\/www.ladislavjakl.cz\/wp-content\/uploads\/2021\/08\/prazdroj56-264x198.jpg 264w, https:\/\/www.ladislavjakl.cz\/wp-content\/uploads\/2021\/08\/prazdroj56-900x675.jpg 900w, https:\/\/www.ladislavjakl.cz\/wp-content\/uploads\/2021\/08\/prazdroj56-768x576.jpg 768w\" sizes=\"auto, (max-width: 560px) 100vw, 560px\" \/><p id=\"caption-attachment-12102\" class=\"wp-caption-text\">P\u0159ed\u00e1n\u00ed certifik\u00e1tu 12. ro\u010dn\u00edku Prvn\u00ed pivn\u00ed extraligy (PPE), kter\u00fd bude ud\u011blen lahvov\u00e9mu le\u017e\u00e1ku Pilsner Urquell. Lenka Strakov\u00e1 v Pivovaru Proud.<\/p><\/div>\n<p>Po t\u00e9 jsme pro\u0161li do dal\u0161\u00ed \u010d\u00e1sti Proudu, kde pivo kvas\u00ed a le\u017e\u00ed. N\u00e1sledn\u011b se st\u00e1\u010d\u00ed, jak do sud\u016f, tak i do lahv\u00ed. Pivka co jsme od Proudu ochutnali, byla opravdu zaj\u00edmav\u00e1. Ostatn\u011b u\u017e jsem jejich pivka vid\u011bl v n\u011bkter\u00fdch s\u00e1mo\u0161k\u00e1ch a tak doporu\u010duji ochutnat. Zat\u00edm maj\u00ed jak Lenka, tak i jej\u00ed par\u0165\u00e1k Michal \u0160koda v podstat\u011b volnou ruku, co se produkce t\u00fd\u010de a tak se t\u011b\u0161\u00edme na dal\u0161\u00ed jejich pivka.<\/p>\n<p>Pak jsme se u\u017e jen rozlou\u010dili a \u0161li na vlak. Nemohli jsme, ale cestou vynechat hospodu z ALIANCE P.I.V., Klub Mal\u00fdch Pivovar\u016f, kter\u00e1 je p\u0159\u00edhodn\u011b p\u0159\u00edmo na cest\u011b z Prazdroje na n\u00e1dra\u017e\u00ed.<\/p>\n<p>Akce se op\u011bt mimo\u0159\u00e1dn\u011b poda\u0159ila a jsem r\u00e1d, \u017ee jsem ji, p\u0159es v\u0161echny m\u00e9 nyn\u011bj\u0161\u00ed probl\u00e9my, absolvoval.<\/p>\n<p>Zapsal Jirka Bej\u010dek Stehl\u00ed\u010dek.<\/p>\n<p>31.07.2021 <a href=\"http:\/\/www.prvnipivniextraliga.cz\/cesky-lezak\/zprava-z-vyjezdu-a-predani-diplomu-plzenskemu-prazdroji\/\">Zdroj<\/a><\/p>\nngg_shortcode_0_placeholder\n","protected":false},"excerpt":{"rendered":"<p>Trnit\u00e1 byla cesta pivovaru Pilsner Urquell za celkov\u00fdm v\u00edt\u011bzstv\u00edm ve fin\u00e1le PPE. Nicm\u00e9n\u011b se to Plzni\u010dce, hned na pojeden\u00e1ct\u00e9, kone\u010dn\u011b dne 10. listopadu 2020 povedlo! Pilsner Urquell je naprostou v\u011bt\u0161inou \u010desk\u00fdch piva\u0159\u016f pova\u017eov\u00e1n za nekorunovan\u00e9ho kr\u00e1le le\u017e\u00e1k\u016f a tak je a\u017e s podivem, \u017ee v degustac\u00edch PPE p\u0159\u00edli\u0161 v minul\u00fdch letech nez\u00e1\u0159il. Zkr\u00e1tka, pokud je [&hellip;]<\/p>\n","protected":false},"author":1,"featured_media":0,"comment_status":"open","ping_status":"open","sticky":false,"template":"","format":"standard","meta":{"ngg_post_thumbnail":0,"footnotes":""},"categories":[20],"tags":[],"class_list":["post-12099","post","type-post","status-publish","format-standard","hentry","category-pivo"],"_links":{"self":[{"href":"https:\/\/www.ladislavjakl.cz\/index.php?rest_route=\/wp\/v2\/posts\/12099","targetHints":{"allow":["GET"]}}],"collection":[{"href":"https:\/\/www.ladislavjakl.cz\/index.php?rest_route=\/wp\/v2\/posts"}],"about":[{"href":"https:\/\/www.ladislavjakl.cz\/index.php?rest_route=\/wp\/v2\/types\/post"}],"author":[{"embeddable":true,"href":"https:\/\/www.ladislavjakl.cz\/index.php?rest_route=\/wp\/v2\/users\/1"}],"replies":[{"embeddable":true,"href":"https:\/\/www.ladislavjakl.cz\/index.php?rest_route=%2Fwp%2Fv2%2Fcomments&post=12099"}],"version-history":[{"count":17,"href":"https:\/\/www.ladislavjakl.cz\/index.php?rest_route=\/wp\/v2\/posts\/12099\/revisions"}],"predecessor-version":[{"id":12251,"href":"https:\/\/www.ladislavjakl.cz\/index.php?rest_route=\/wp\/v2\/posts\/12099\/revisions\/12251"}],"wp:attachment":[{"href":"https:\/\/www.ladislavjakl.cz\/index.php?rest_route=%2Fwp%2Fv2%2Fmedia&parent=12099"}],"wp:term":[{"taxonomy":"category","embeddable":true,"href":"https:\/\/www.ladislavjakl.cz\/index.php?rest_route=%2Fwp%2Fv2%2Fcategories&post=12099"},{"taxonomy":"post_tag","embeddable":true,"href":"https:\/\/www.ladislavjakl.cz\/index.php?rest_route=%2Fwp%2Fv2%2Ftags&post=12099"}],"curies":[{"name":"wp","href":"https:\/\/api.w.org\/{rel}","templated":true}]}}