{"id":1217,"date":"2011-08-25T09:09:17","date_gmt":"2011-08-25T08:09:17","guid":{"rendered":"http:\/\/www.ladislavjakl.cz\/?p=1217"},"modified":"2011-08-25T10:40:06","modified_gmt":"2011-08-25T09:40:06","slug":"jak-ze-me-novinari-udelali-nacka","status":"publish","type":"post","link":"https:\/\/www.ladislavjakl.cz\/?p=1217","title":{"rendered":"Jak ze m\u011b novin\u00e1\u0159i ud\u011blali n\u00e1cka"},"content":{"rendered":"<p><em>\u201eNev\u00edm, pro\u010d se n\u00e1ck\u016fm \u0159\u00edk\u00e1 ultrapravice, kdy\u017e to jsou p\u0159ece n\u00e1rodn\u00ed socialisti, kter\u00fdm nic na sv\u011bt\u011b nevad\u00ed v\u00edc, ne\u017e norm\u00e1ln\u00ed kapitalismus. <\/em><\/p>\n<p><!--more--><em>Nesn\u00e1\u0161\u00edm p\u0159iblbl\u00e9 rasistick\u00e9 ko\u017eenohlavce, nem\u00e1m r\u00e1d ani hloup\u00e9 lidov\u00e9 rasistick\u00e9 p\u0159edsudky, z\u00e1sadn\u011b nep\u0159epos\u00edl\u00e1m ani ty vtipy o cik\u00e1nech, kter\u00e9 jsou v\u00a0j\u00e1dru pravdiv\u00e9. Mezi kapelami jsou r\u016fzn\u00e9 vypatlan\u00e9 makovice, kter\u00e9 zp\u00edvaj\u00ed fakt nesnesiteln\u00e9 hovadiny. Jedny se zelen\u00fdm\u00a0\u010d\u00edrem na hlav\u011b v\u00e1\u0161niv\u011b vyk\u0159ikuj\u00ed proti soukrom\u00fdm bank\u00e1m a zvolen\u00fdm parlament\u016fm, jin\u00e9 vy\u0159v\u00e1vaj\u00ed proti negr\u016fm a \u017elut\u00fdm. Jsou to pitomci, kter\u00e9 by rodi\u010de m\u011bli vytahat za u\u0161iska.\u201c<\/em><\/p>\n<p>V\u00edte, kdo je autorem t\u011bchto slov? J\u00e1. Ano j\u00e1 &#8211; \u010dlov\u011bk, ze kter\u00e9ho se p\u0159ed p\u00e1r dny medi\u00e1ln\u00ed fronta horliv\u011b sna\u017eila ud\u011blat nacistu nebo alespo\u0148 podporovatele jejich kapel. A nejen to. Tato slova poch\u00e1zej\u00ed p\u0159esn\u011b z\u00a0toho textu, kv\u016fli kter\u00e9mu ze m\u011b nacistu d\u011blaj\u00ed. Jde o m\u016fj t\u00e9m\u011b\u0159 dva roky star\u00fd blog (22. 10. 2009) s\u00a0n\u00e1zvem <strong>Nechte je zp\u00edvat. N\u00e1cky i pank\u00e1\u010de.<\/strong> P\u00ed\u0161u v\u00a0n\u011bm toti\u017e tak\u00e9 zhruba to, \u017ee navzdory \u010dasto nesnesiteln\u00fdm text\u016fm r\u016fzn\u00fdch kapel, a\u0165 u\u017e vyjad\u0159uj\u00ed nen\u00e1vist k\u00a0bohat\u00fdm, muslim\u016fm, prezident\u016fm, Yankee\u016fm nebo holi\u010d\u016fm, je nem\u00e1me kriminalizovat, zat\u00fdkat a dokonce se nabour\u00e1vat na jejich uzav\u0159en\u00e9 akce a ty rozmet\u00e1vat st\u00e1tn\u00ed moc\u00ed. Mysl\u00edm si to ne posledn\u00ed dva roky, mysl\u00edm si to cel\u00fd \u017eivot.<\/p>\n<p>Ano, v\u016f\u010di tomuto m\u00e9mu postoji lze vzn\u00e9st mnoho n\u00e1mitek. Nen\u00ed to postoj samoz\u0159ejm\u00fd. V\u0161ak tak\u00e9 nejsem zvykl\u00fd ps\u00e1t pouh\u00e1 slohov\u00e1 cvi\u010den\u00ed na p\u0159edem jasn\u00e9 a obecn\u011b p\u0159ijateln\u00e9 t\u00e9ma. N\u00e1mitky dob\u0159e zn\u00e1m. V\u00edm, \u017ee na po\u010d\u00e1tku v\u0161eho je slovo. I na po\u010d\u00e1tku odporn\u00e9ho n\u00e1sil\u00ed. To nelze podce\u0148ovat. V\u00edm, \u017ee pokud neuhl\u00edd\u00e1me hranici mezi p\u0159\u00edm\u00fdm n\u00e1vodem k\u00a0n\u00e1sil\u00ed a hul\u00e1k\u00e1n\u00edm frustrovan\u00fdch pitomc\u016f, hroz\u00ed v\u00e1\u017en\u00e1 rizika. J\u00e1 si ale mysl\u00edm, \u017ee snad je\u0161t\u011b v\u00e1\u017en\u011bj\u0161\u00ed rizika hroz\u00ed i tehdy, pokud do muziky vpust\u00edme trestn\u00ed pr\u00e1vo.<\/p>\n<p>Pak budeme p\u0159edn\u011b muset zak\u00e1zat jednu z\u00a0nejkr\u00e1sn\u011bj\u0161\u00edch p\u00edsn\u00ed v\u016fbec, Imagine od Johna Lennona, kter\u00e1 je p\u0159\u00edm\u00fdm n\u00e1vodem ke komunismu, sv\u011btu bez vlastnictv\u00ed, pen\u011bz majetku a n\u00e1bo\u017eenstv\u00ed. A jak jinak lze takovou spole\u010dnost vybudovat ne\u017e n\u00e1sil\u00edm? Ne\u017e zabaven\u00edm majetk\u016f a zaveden\u00edm totalitn\u00edho re\u017eimu? I v\u00a0hlavn\u00edm proudu popul\u00e1rn\u00ed hudby najdeme \u0161\u00edlen\u00e9 texty pln\u00e9 v\u00fdzev proti konkr\u00e9tn\u00edm skupin\u00e1m lid\u00ed \u010di spole\u010densk\u00fdm instituc\u00edm. Kdo to bude posuzovat? Zak\u00e1\u017eeme rappery? Americk\u00e9 folka\u0159e? Nebo n\u00e1m posta\u010d\u00ed asymetrie, kdy Internacion\u00e1lu lze zp\u00edvat ve\u0159ejn\u011b pod prapory totalitn\u00ed ideologie a tri\u010dko \u201enevhodn\u00e9\u201c firmy na n\u00e1v\u0161t\u011bv\u011b \u201enevhodn\u00e9ho\u201c koncertu m\u016f\u017ee b\u00fdt p\u0159\u00ed\u010dinou k\u00a0nepodm\u00edn\u011bn\u00e9mu trestu?<\/p>\n<p>Jsem pro debatu na toto t\u00e9ma. Je citliv\u00e1, sporn\u00e1. Ale ze v\u0161eho nejhor\u0161\u00ed je zadup\u00e1vat ji do zem\u011b a zastra\u0161ovat oponenty. Dob\u0159e v\u00edm, \u017ee ter\u010dem \u00fatok\u016f jsem se nestal jen pro t\u00e9ma sam\u00e9, ale p\u0159edev\u0161\u00edm pro to, \u017ee n\u011bkter\u00e9 medi\u00e1ln\u00ed a politick\u00e9 s\u00edly pou\u017eij\u00ed cokoli jako klacek proti prezidentu Klausovi. Ale d\u011blat n\u00e1cka ze m\u011b? Ze \u010dlov\u011bka, jeho\u017e \u017eivotn\u00edm t\u00e9matem je \u010dlov\u011bk a jeho svoboda? Kter\u00fd vyzn\u00e1v\u00e1 pro n\u011bkoho mo\u017en\u00e1 m\u00e1lo pochopiteln\u00e9 a krajn\u00ed heslo, \u017ee politika je soubojem dobra a svobody, v\u00a0n\u011bm\u017e stoj\u00edm na stran\u011b svobody? Zat\u00edmco v\u0161ichni komunist\u00e9, nacist\u00e9, fa\u0161ist\u00e9 a ostatn\u00ed v\u00edce \u010di m\u00e9n\u011b krajn\u00ed levi\u010d\u00e1ci vyzn\u00e1vaj\u00ed kult dobra, kter\u00e9 je t\u0159eba lidem vnutit za ka\u017edou cenu?<\/p>\n<p>Onen blog si p\u0159ed dv\u011bma lety p\u0159e\u010detl \u010dlov\u011bk, kter\u00fd p\u0159ipravoval knihu na velmi podobn\u00e9 t\u00e9ma. Tedy knihu o tom, \u017ee nen\u00ed spr\u00e1vn\u00e9 trestat \u010dlov\u011bka za n\u00e1zor, p\u00edse\u0148 \u010di dokonce za to, jak vypad\u00e1 a co m\u00e1 na sob\u011b. A oslovil m\u011b. Jestli by mi nemohl polo\u017eit p\u00e1r ot\u00e1zek. Proti t\u00e9matu jsem nic nem\u011bl a k\u00a0rozhovoru jej pozval. V\u00a0n\u011bm jsem zopakoval sv\u00e9 n\u00e1zory z\u00a0doty\u010dn\u00e9ho blogu. V\u00a0doprovodu autora byl je\u0161t\u011b dal\u0161\u00ed \u010dlov\u011bk. Nikdy p\u0159edt\u00edm ani potom jsem je nevid\u011bl. Jejich jm\u00e9na jsem neznal a po rozhovoru okam\u017eit\u011b zapomn\u011bl. Nem\u00e1m mo\u017enosti ani d\u016fvod lustrovat ka\u017ed\u00e9ho, kdo se m\u011b na n\u011bco chce zeptat. Ale nechci se ani nechat tla\u010dit k\u00a0tomu, abych se od nich distancoval. Denn\u011b odpov\u00edd\u00e1m na dotazy lid\u00ed, kter\u00e9 nezn\u00e1m. Tuhle jsme poskytl rozhovor do knihy o bezdomovc\u00edch, tu t\u0159eba i do \u0161koln\u00edho sborn\u00edku. Pokud jsou ot\u00e1zky korektn\u00ed, nem\u00e1m s\u00a0t\u00edm probl\u00e9m. D\u016fle\u017eit\u00e9 je p\u0159ece, co \u0159\u00edk\u00e1te, ne komu to \u0159\u00edk\u00e1te. Ostatn\u011b mnohem hor\u0161\u00ed zku\u0161enosti ne\u017e s\u00a0lidmi nezn\u00e1m\u00fdmi m\u00e1m se zn\u00e1m\u00fdmi novin\u00e1\u0159i, schopn\u00fdmi p\u0159ekroutit p\u0159i sv\u00e9m boji ka\u017ed\u00e9 slovo.<\/p>\n<p>Knihu jsem nevid\u011bl, ani jsem nev\u011bd\u011bl, jak se m\u00e1 jmenovat. Nev\u011bd\u011bl jsem, jestli vy\u0161la, a nekladl jsem tomu \u017e\u00e1dnou pozornost. A podle dne\u0161n\u00edch ohlas\u016f v\u00a0tisku na n\u00ed nen\u00ed nic k\u00a0napadnut\u00ed. Po dvou letech kdosi vyt\u00e1hne, \u017ee \u010dlov\u011bk, kter\u00fd u rozhovoru autora doprov\u00e1zel, b\u00fdval mana\u017eerem n\u011bjak\u00e9 skupiny, kter\u00e1 pr\u00fd zp\u00edvala hodn\u011b hnusn\u00e9 texty. A \u017ee t\u00edm, \u017ee jsem s\u00a0p\u00e1ny v\u016fbec mluvil, jsem vlastn\u011b n\u00e1cek a podporuji rasismus. P\u0159\u00ed\u010d\u00ed se mi jak\u00e9koli v\u00fdmluvy nebo cokoli, co tak m\u016f\u017ee vypadat. (I kdy\u017e si mysl\u00edm, \u017ee z tohoto \u010dl\u00e1nku m\u00e9dia ocituj\u00ed v\u00fdhradn\u011b jen ta slova, kter\u00e1 se jako v\u00fdmluva budou prezentovat.) Za sv\u00fdmi slovy si toti\u017e stoj\u00edm, a\u0165 je \u0159\u00edk\u00e1m komukoli. D\u00e1vat m\u011b jen kv\u016fli tomu do jednoho pytle s\u00a0nacismem je hnusn\u00e9, nespravedliv\u00e9, k\u0159ivd\u00edc\u00ed, bezohledn\u00e9 a velmi, velmi \u00fa\u010delov\u00e9. Proto\u017ee se nenech\u00e1m tla\u010dit k n\u011bjak\u00e9 sebeobhajob\u011b, novin\u00e1\u0159\u016fm jsem na toto t\u00e9ma v\u00a0jejich zu\u0159iv\u00e9 kampani \u0159ekl pouze tyhle v\u00fdroky: \u017ee knihu nezn\u00e1m (nevid\u011bl jsem ji a z\u00a0n\u00e1zvu jsem nev\u011bd\u011bl, o co jde) a pot\u00e9, \u017ee <strong>se mi zd\u00e1 zaj\u00edmav\u00e9, kolik se najde lid\u00ed, ochotn\u00fdch trestat \u010dlov\u011bka za n\u00e1zor, \u017ee nen\u00ed spr\u00e1vn\u00e9 trestat \u010dlov\u011bka za n\u00e1zor.<\/strong> A pak tak\u00e9 na adresu v\u00fdroku krajn\u011b radik\u00e1ln\u00ed Strany zelen\u00fdch, \u017ee poskytnut\u00edm onoho rozhovoru (ne n\u011bjak\u00fdmi slovy, jen t\u00edm, s\u00a0k\u00fdm jsem mluvil) bych m\u011bl p\u0159ij\u00edt o prov\u011brku, \u017ee se <strong>prov\u011brky neboj\u00edm, proto\u017ee na kontakty se zelen\u00fdmi extremisty si d\u00e1v\u00e1m pozor.<\/strong><\/p>\n<p>Bl\u00ed\u017e\u00edme se k\u00a0dob\u00e1m, kdy nikoho nebudou zaj\u00edmat n\u00e1zory a argumenty, ale kdo kdy koho s\u00a0k\u00fdm vyfot\u00ed. Zastavte \u010das, chci vystoupit.<\/p>\n<p><em>Vy\u0161lo v\u00a0den\u00edku Pr\u00e1vo, 25. srpna 2011<\/em><\/p>\n","protected":false},"excerpt":{"rendered":"<p>\u201eNev\u00edm, pro\u010d se n\u00e1ck\u016fm \u0159\u00edk\u00e1 ultrapravice, kdy\u017e to jsou p\u0159ece n\u00e1rodn\u00ed socialisti, kter\u00fdm nic na sv\u011bt\u011b nevad\u00ed v\u00edc, ne\u017e norm\u00e1ln\u00ed kapitalismus.<\/p>\n","protected":false},"author":1,"featured_media":0,"comment_status":"open","ping_status":"open","sticky":false,"template":"","format":"standard","meta":{"ngg_post_thumbnail":0,"footnotes":""},"categories":[1],"tags":[],"class_list":["post-1217","post","type-post","status-publish","format-standard","hentry","category-publikovane-clanky"],"_links":{"self":[{"href":"https:\/\/www.ladislavjakl.cz\/index.php?rest_route=\/wp\/v2\/posts\/1217","targetHints":{"allow":["GET"]}}],"collection":[{"href":"https:\/\/www.ladislavjakl.cz\/index.php?rest_route=\/wp\/v2\/posts"}],"about":[{"href":"https:\/\/www.ladislavjakl.cz\/index.php?rest_route=\/wp\/v2\/types\/post"}],"author":[{"embeddable":true,"href":"https:\/\/www.ladislavjakl.cz\/index.php?rest_route=\/wp\/v2\/users\/1"}],"replies":[{"embeddable":true,"href":"https:\/\/www.ladislavjakl.cz\/index.php?rest_route=%2Fwp%2Fv2%2Fcomments&post=1217"}],"version-history":[{"count":4,"href":"https:\/\/www.ladislavjakl.cz\/index.php?rest_route=\/wp\/v2\/posts\/1217\/revisions"}],"predecessor-version":[{"id":1223,"href":"https:\/\/www.ladislavjakl.cz\/index.php?rest_route=\/wp\/v2\/posts\/1217\/revisions\/1223"}],"wp:attachment":[{"href":"https:\/\/www.ladislavjakl.cz\/index.php?rest_route=%2Fwp%2Fv2%2Fmedia&parent=1217"}],"wp:term":[{"taxonomy":"category","embeddable":true,"href":"https:\/\/www.ladislavjakl.cz\/index.php?rest_route=%2Fwp%2Fv2%2Fcategories&post=1217"},{"taxonomy":"post_tag","embeddable":true,"href":"https:\/\/www.ladislavjakl.cz\/index.php?rest_route=%2Fwp%2Fv2%2Ftags&post=1217"}],"curies":[{"name":"wp","href":"https:\/\/api.w.org\/{rel}","templated":true}]}}