{"id":1218,"date":"2011-08-25T09:08:43","date_gmt":"2011-08-25T08:08:43","guid":{"rendered":"http:\/\/www.ladislavjakl.cz\/?p=1218"},"modified":"2011-08-25T10:21:51","modified_gmt":"2011-08-25T09:21:51","slug":"bud-se-muzu-bavit-s-nackem-nebo-zakazme-i-lennona-pise-jakl","status":"publish","type":"post","link":"https:\/\/www.ladislavjakl.cz\/?p=1218","title":{"rendered":"Bu\u010f se m\u016f\u017eu bavit s n\u00e1ckem, nebo zaka\u017eme i Lennona, p\u00ed\u0161e Jakl"},"content":{"rendered":"<p>Prezidentsk\u00fd tajemn\u00edk Ladislav Jakl se ohradil proti \u010dl\u00e1nku, kter\u00fd upozornil na jeho kontakt s neonacisty. &#8222;Nem\u00e1m mo\u017enosti ani d\u016fvod lustrovat ka\u017ed\u00e9ho, kdo se m\u011b n\u011bco chce zeptat,&#8220; napsal Jakl o rozhovoru pro knihu, jej\u00edm\u017e spoluautorem je mana\u017eer neonacistick\u00e9 hudebn\u00ed skupiny.<\/p>\n<p><!--more-->Jakl p\u0159ed \u010dasem poskytl rozhovor do knihy Deset tis\u00edc extremist\u016f, jej\u00edm\u017e spoluautorem je mana\u017eer neonacistick\u00e9 hudebn\u00ed skupiny Conflict 88 Robert F\u00fcrych. Na p\u0159\u00edm\u00fd dotaz pot\u00e9 MF DNES \u0159ekl, \u017ee \u017e\u00e1dnou takovou knihu nezn\u00e1.<\/p>\n<p>Nyn\u00ed pro list Pr\u00e1vo napsal, \u017ee se o to, komu rozhovor poskytl, nezaj\u00edmal. &#8222;Tuhle jsem poskytl rozhovor do knihy o bezdomovc\u00edch, tu t\u0159eba i do \u0161koln\u00edho sborn\u00edku. Pokud jsou ot\u00e1zky korektn\u00ed, nem\u00e1m s t\u00edm probl\u00e9m. D\u016fle\u017eit\u00e9 je p\u0159ece, co \u0159\u00edk\u00e1te, ne komu to \u0159\u00edk\u00e1te. Knihu jsem nevid\u011bl, ani jsem nev\u011bd\u011bl, jak se m\u00e1 jmenovat. Nev\u011bd\u011bl jsem, jestli vy\u0161la, a nekladl jsem tomu \u017e\u00e1dnou pozornost,&#8220; napsal Jakl.<\/p>\n<p>Spoluautor Deseti tis\u00edc extremist\u016f Jaroslav Sm\u00edlek p\u0159ed \u010dasem MF DNES \u0159ekl, \u017ee Jakl &#8222;mus\u00ed m\u00edt n\u011bjak\u00fd v\u00fdpadek pam\u011bti&#8220;. Dodal, \u017ee je tajemn\u00edk p\u0159ijal na Hrad\u011b, text rozhovoru pro\u0161el e-mailovou autorizac\u00ed a Jakl dostal jedno vyd\u00e1n\u00ed knihy.<\/p>\n<p>Jakl s\u00e1m je muzikant, i kdy\u017e si nyn\u00ed jeho kapela Folimanka Blues d\u00e1v\u00e1 pauzu &#8211; v kv\u011btnu j\u00ed zem\u0159el pianista Robby \u010cern\u00fd. Vyzn\u00e1v\u00e1 n\u00e1zor, \u017ee by st\u00e1tn\u00ed moc m\u011bla nechat v\u0161echny zp\u00edvat &#8211; &#8222;n\u00e1cky i pank\u00e1\u010de&#8220;.<\/p>\n<p>&#8222;Mezi kapelami jsou r\u016fzn\u00e9 vypatlan\u00e9 makovice, kter\u00e9 zp\u00edvaj\u00ed fakt nesnesiteln\u00e9 hovadiny (&#8230;). Ale je zatracen\u00fd rozd\u00edl mezi skute\u010dn\u00fdm n\u00e1sil\u00edm, kter\u00e9 je odporn\u00e9 v ka\u017ed\u00e9 podob\u011b a s jakoukoli motivac\u00ed, a zu\u0159iv\u00fdm zp\u011bvem n\u011bjak\u00fdch trubek,&#8220; napsal p\u0159ed dv\u011bma lety na sv\u00e9m blogu.<\/p>\n<p>&#8222;V\u00edm, \u017ee na po\u010d\u00e1tku v\u0161eho je slovo. I na po\u010d\u00e1tku odporn\u00e9ho n\u00e1sil\u00ed. To nelze podce\u0148ovat,&#8220; uzn\u00e1v\u00e1 Jakl, p\u0159i\u010dem\u017e jedn\u00edm dechem dod\u00e1v\u00e1, \u017ee nebezpe\u010dn\u011bj\u0161\u00ed ne\u017e &#8222;neuhl\u00edd\u00e1n\u00ed hranice mezi n\u00e1vodem k n\u00e1sil\u00ed a hul\u00e1k\u00e1n\u00edm frustrovan\u00fdch pitomc\u016f&#8220; je pou\u0161t\u011bt do muziky trestn\u00ed pr\u00e1vo.<\/p>\n<p>Pak by toti\u017e podle n\u011bj bylo nutn\u00e9 zak\u00e1zat slavnou p\u00edse\u0148 Imagine. John Lennon v n\u00ed toti\u017e zp\u00edv\u00e1 o sv\u011btu bez vlastnictv\u00ed, majetku a n\u00e1bo\u017eenstv\u00ed, co\u017e Jakl definoval jako p\u0159\u00edm\u00fd n\u00e1vod ke komunismu, kter\u00fd lze vybudovat jen zabaven\u00edm majetku a zaveden\u00edm totalitn\u00edho re\u017eimu.<\/p>\n<p><a href=\"http:\/\/zpravy.idnes.cz\/bud-se-muzu-bavit-s-nackem-nebo-zakazme-i-lennona-pise-jakl-pmy-\/domaci.aspx?c=A110825_100101_domaci_jw\" target=\"_blank\">Zdroj<\/a><\/p>\n","protected":false},"excerpt":{"rendered":"<p>Prezidentsk\u00fd tajemn\u00edk Ladislav Jakl se ohradil proti \u010dl\u00e1nku, kter\u00fd upozornil na jeho kontakt s neonacisty. &#8222;Nem\u00e1m mo\u017enosti ani d\u016fvod lustrovat ka\u017ed\u00e9ho, kdo se m\u011b n\u011bco chce zeptat,&#8220; napsal Jakl o rozhovoru pro knihu, jej\u00edm\u017e spoluautorem je mana\u017eer neonacistick\u00e9 hudebn\u00ed skupiny.<\/p>\n","protected":false},"author":1,"featured_media":0,"comment_status":"open","ping_status":"open","sticky":false,"template":"","format":"standard","meta":{"ngg_post_thumbnail":0,"footnotes":""},"categories":[11],"tags":[],"class_list":["post-1218","post","type-post","status-publish","format-standard","hentry","category-ozvena"],"_links":{"self":[{"href":"https:\/\/www.ladislavjakl.cz\/index.php?rest_route=\/wp\/v2\/posts\/1218","targetHints":{"allow":["GET"]}}],"collection":[{"href":"https:\/\/www.ladislavjakl.cz\/index.php?rest_route=\/wp\/v2\/posts"}],"about":[{"href":"https:\/\/www.ladislavjakl.cz\/index.php?rest_route=\/wp\/v2\/types\/post"}],"author":[{"embeddable":true,"href":"https:\/\/www.ladislavjakl.cz\/index.php?rest_route=\/wp\/v2\/users\/1"}],"replies":[{"embeddable":true,"href":"https:\/\/www.ladislavjakl.cz\/index.php?rest_route=%2Fwp%2Fv2%2Fcomments&post=1218"}],"version-history":[{"count":2,"href":"https:\/\/www.ladislavjakl.cz\/index.php?rest_route=\/wp\/v2\/posts\/1218\/revisions"}],"predecessor-version":[{"id":1221,"href":"https:\/\/www.ladislavjakl.cz\/index.php?rest_route=\/wp\/v2\/posts\/1218\/revisions\/1221"}],"wp:attachment":[{"href":"https:\/\/www.ladislavjakl.cz\/index.php?rest_route=%2Fwp%2Fv2%2Fmedia&parent=1218"}],"wp:term":[{"taxonomy":"category","embeddable":true,"href":"https:\/\/www.ladislavjakl.cz\/index.php?rest_route=%2Fwp%2Fv2%2Fcategories&post=1218"},{"taxonomy":"post_tag","embeddable":true,"href":"https:\/\/www.ladislavjakl.cz\/index.php?rest_route=%2Fwp%2Fv2%2Ftags&post=1218"}],"curies":[{"name":"wp","href":"https:\/\/api.w.org\/{rel}","templated":true}]}}