{"id":1225,"date":"2011-08-26T14:23:31","date_gmt":"2011-08-26T13:23:31","guid":{"rendered":"http:\/\/www.ladislavjakl.cz\/?p=1225"},"modified":"2011-08-26T14:23:31","modified_gmt":"2011-08-26T13:23:31","slug":"nejsem-nacek-vzkazal-novinarum-jakl","status":"publish","type":"post","link":"https:\/\/www.ladislavjakl.cz\/?p=1225","title":{"rendered":"Nejsem n\u00e1cek, vzk\u00e1zal novin\u00e1\u0159\u016fm Jakl"},"content":{"rendered":"<p><strong>\u0158editel politick\u00e9ho  odboru kancel\u00e1\u0159e prezidenta republiky Ladislav Jakl se ohradil proti  tvrzen\u00ed n\u011bkter\u00fdch novin\u00e1\u0159\u016f, \u017ee sympatizuje s nacismem. S\u00e1m sebe Jakl  prezentuje jako bojovn\u00edka za svobodu proti v\u0161em t\u011bm, kte\u0159\u00ed n\u00e1m vnucuj\u00ed  sv\u00e9 p\u0159edstavy dobra. A\u0165 u\u017e proti fa\u0161ist\u016fm nebo Zelen\u00fdm. <\/strong><\/p>\n<p><strong><!--more--><\/strong>\u0158editel politick\u00e9ho odboru kancel\u00e1\u0159e prezidenta republiky Ladislav Jakl  se ohradil proti tomu, aby ho novin\u00e1\u0159i ozna\u010dovali za p\u0159\u00edznivce extr\u00e9mn\u011b  pravicov\u00fdch hnut\u00ed. P\u0159ipom\u00edn\u00e1, \u017ee p\u0159\u00edznivci nacist\u016f maj\u00ed bl\u00ed\u017e k\u00a0levici,  proto\u017ee jim nic nen\u00ed odporn\u011bj\u0161\u00ed, ne\u017e \u010dist\u00fd kapitalismus a dod\u00e1v\u00e1, \u017ee on  pouze prosazuje svobodu slova a ne \u017e\u00e1dn\u00e9 extremistick\u00e9 n\u00e1zory jako nap\u0159.  Zelen\u00ed. Jakl\u016fv koment\u00e1\u0159 p\u0159in\u00e1\u0161\u00ed dne\u0161n\u00ed den\u00edk Pr\u00e1vo.<\/p>\n<p><strong>Politika je soubojem dobra a svobody<\/strong><\/p>\n<p>Kde jsou hranice svobody projevu? Kdy je t\u0159eba zas\u00e1hnout proti lidem,  kte\u0159\u00ed vyslovuj\u00ed sv\u00e9 n\u00e1zory? To jsou ot\u00e1zky, kter\u00fdmi se autor zab\u00fdv\u00e1 ve  spojitosti s\u00a0t\u00edm, \u017ee ho novin\u00e1\u0159i ozna\u010dili za podporovatele extr\u00e9mn\u00ed  pravice. P\u0159itom neud\u011blal niv jin\u00e9ho, ne\u017e \u017ee poskytl rozhovor do jedn\u00e9  knihy a byl u toho mana\u017eer neonacistick\u00e9 hudebn\u00ed skupiny Conflict 88  Robert F\u00fcrych.<\/p>\n<p>\u201eD\u016fle\u017eit\u00e9 je p\u0159ece, co \u0159\u00edk\u00e1te, ne komu to \u0159\u00edk\u00e1te. Ostatn\u011b mnohem hor\u0161\u00ed  zku\u0161enosti ne\u017e s\u00a0lidmi nezn\u00e1m\u00fdmi m\u00e1m se zn\u00e1m\u00fdmi novin\u00e1\u0159i schopn\u00fdmi  p\u0159ekroutit p\u0159i sv\u00e9m boji ka\u017ed\u00e9 slovo,&#8220; vysv\u011btluje Jakl.<\/p>\n<p>Jakl o sob\u011b tvrd\u00ed, \u017ee cel\u00fd \u017eivot bojoval za svobodu, p\u0159edev\u0161\u00edm za  svobodu projevu. Politiku pak vn\u00edm\u00e1 jako st\u0159et dobra a svobody, kdy on  stoj\u00ed na jedn\u00e9 stran\u011b a ti, kte\u0159\u00ed prosazuj\u00ed dobro za ka\u017edou cenu, stoj\u00ed  na stran\u011b druh\u00e9. I nacist\u00e9, fa\u0161ist\u00e9 \u010di komunist\u00e9 se p\u0159ece sna\u017eili  prosadit sv\u016fj pohled na to, co je to dobro a p\u0159i prosazov\u00e1n\u00ed sv\u00e9ho dobra  nev\u00e1hali s\u00e1hnout k\u00a0nejtvrd\u0161\u00edmu n\u00e1sil\u00ed.<\/p>\n<p>V\u00a0t\u00e9to souvislosti Jakl dod\u00e1v\u00e1, \u017ee by nezakazoval ani pon\u011bkud ost\u0159ej\u0161\u00ed  kapely, by\u0165 uzn\u00e1v\u00e1, \u017ee hranice mezi zp\u011bvem a svobodou slova na stran\u011b  jedn\u00e9 a propagac\u00ed n\u00e1siln\u00fdch hnut\u00ed na stran\u011b druh\u00e9 je tenk\u00e1. P\u0159ipom\u00edn\u00e1  v\u0161ak tak\u00e9, \u017ee zp\u011bv Internacion\u00e1ly pod prapory totalitn\u00ed ideologie nikdo  nepostihuje.<\/p>\n<p><a href=\"http:\/\/www.parlamentnilisty.cz\/zpravy\/206317.aspx\" target=\"_blank\">Zdroj<\/a><\/p>\n","protected":false},"excerpt":{"rendered":"<p>\u0158editel politick\u00e9ho odboru kancel\u00e1\u0159e prezidenta republiky Ladislav Jakl se ohradil proti tvrzen\u00ed n\u011bkter\u00fdch novin\u00e1\u0159\u016f, \u017ee sympatizuje s nacismem. S\u00e1m sebe Jakl prezentuje jako bojovn\u00edka za svobodu proti v\u0161em t\u011bm, kte\u0159\u00ed n\u00e1m vnucuj\u00ed sv\u00e9 p\u0159edstavy dobra. A\u0165 u\u017e proti fa\u0161ist\u016fm nebo Zelen\u00fdm.<\/p>\n","protected":false},"author":1,"featured_media":0,"comment_status":"open","ping_status":"open","sticky":false,"template":"","format":"standard","meta":{"ngg_post_thumbnail":0,"footnotes":""},"categories":[11],"tags":[],"class_list":["post-1225","post","type-post","status-publish","format-standard","hentry","category-ozvena"],"_links":{"self":[{"href":"https:\/\/www.ladislavjakl.cz\/index.php?rest_route=\/wp\/v2\/posts\/1225","targetHints":{"allow":["GET"]}}],"collection":[{"href":"https:\/\/www.ladislavjakl.cz\/index.php?rest_route=\/wp\/v2\/posts"}],"about":[{"href":"https:\/\/www.ladislavjakl.cz\/index.php?rest_route=\/wp\/v2\/types\/post"}],"author":[{"embeddable":true,"href":"https:\/\/www.ladislavjakl.cz\/index.php?rest_route=\/wp\/v2\/users\/1"}],"replies":[{"embeddable":true,"href":"https:\/\/www.ladislavjakl.cz\/index.php?rest_route=%2Fwp%2Fv2%2Fcomments&post=1225"}],"version-history":[{"count":1,"href":"https:\/\/www.ladislavjakl.cz\/index.php?rest_route=\/wp\/v2\/posts\/1225\/revisions"}],"predecessor-version":[{"id":1226,"href":"https:\/\/www.ladislavjakl.cz\/index.php?rest_route=\/wp\/v2\/posts\/1225\/revisions\/1226"}],"wp:attachment":[{"href":"https:\/\/www.ladislavjakl.cz\/index.php?rest_route=%2Fwp%2Fv2%2Fmedia&parent=1225"}],"wp:term":[{"taxonomy":"category","embeddable":true,"href":"https:\/\/www.ladislavjakl.cz\/index.php?rest_route=%2Fwp%2Fv2%2Fcategories&post=1225"},{"taxonomy":"post_tag","embeddable":true,"href":"https:\/\/www.ladislavjakl.cz\/index.php?rest_route=%2Fwp%2Fv2%2Ftags&post=1225"}],"curies":[{"name":"wp","href":"https:\/\/api.w.org\/{rel}","templated":true}]}}