{"id":12255,"date":"2021-08-17T12:04:04","date_gmt":"2021-08-17T10:04:04","guid":{"rendered":"http:\/\/www.ladislavjakl.cz\/?p=12255"},"modified":"2021-08-17T12:04:04","modified_gmt":"2021-08-17T10:04:04","slug":"afghanistan-tak-kdo-mel-pred-dvema-lety-pravdu","status":"publish","type":"post","link":"https:\/\/www.ladislavjakl.cz\/?p=12255","title":{"rendered":"Afgh\u00e1nist\u00e1n: tak kdo m\u011bl p\u0159ed dv\u011bma lety pravdu?"},"content":{"rendered":"<p>Video uvnit\u0159 \u010dl\u00e1nku.&nbsp;<\/p>\n<p><!--more--><\/p>\n<p><iframe loading=\"lazy\" title=\"Masarykovy debaty: \u010ce\u0161t\u00ed voj\u00e1ci maj\u00ed odej\u00edt z Afgh\u00e1nist\u00e1nu\" width=\"500\" height=\"281\" src=\"https:\/\/www.youtube.com\/embed\/-JVErga8Ck0?feature=oembed\" frameborder=\"0\" allow=\"accelerometer; autoplay; clipboard-write; encrypted-media; gyroscope; picture-in-picture; web-share\" referrerpolicy=\"strict-origin-when-cross-origin\" allowfullscreen><\/iframe><\/p>\n","protected":false},"excerpt":{"rendered":"<p>Video uvnit\u0159 \u010dl\u00e1nku.&nbsp;<\/p>\n","protected":false},"author":1,"featured_media":0,"comment_status":"open","ping_status":"open","sticky":false,"template":"","format":"standard","meta":{"ngg_post_thumbnail":0,"footnotes":""},"categories":[12],"tags":[],"class_list":["post-12255","post","type-post","status-publish","format-standard","hentry","category-video"],"_links":{"self":[{"href":"https:\/\/www.ladislavjakl.cz\/index.php?rest_route=\/wp\/v2\/posts\/12255","targetHints":{"allow":["GET"]}}],"collection":[{"href":"https:\/\/www.ladislavjakl.cz\/index.php?rest_route=\/wp\/v2\/posts"}],"about":[{"href":"https:\/\/www.ladislavjakl.cz\/index.php?rest_route=\/wp\/v2\/types\/post"}],"author":[{"embeddable":true,"href":"https:\/\/www.ladislavjakl.cz\/index.php?rest_route=\/wp\/v2\/users\/1"}],"replies":[{"embeddable":true,"href":"https:\/\/www.ladislavjakl.cz\/index.php?rest_route=%2Fwp%2Fv2%2Fcomments&post=12255"}],"version-history":[{"count":1,"href":"https:\/\/www.ladislavjakl.cz\/index.php?rest_route=\/wp\/v2\/posts\/12255\/revisions"}],"predecessor-version":[{"id":12256,"href":"https:\/\/www.ladislavjakl.cz\/index.php?rest_route=\/wp\/v2\/posts\/12255\/revisions\/12256"}],"wp:attachment":[{"href":"https:\/\/www.ladislavjakl.cz\/index.php?rest_route=%2Fwp%2Fv2%2Fmedia&parent=12255"}],"wp:term":[{"taxonomy":"category","embeddable":true,"href":"https:\/\/www.ladislavjakl.cz\/index.php?rest_route=%2Fwp%2Fv2%2Fcategories&post=12255"},{"taxonomy":"post_tag","embeddable":true,"href":"https:\/\/www.ladislavjakl.cz\/index.php?rest_route=%2Fwp%2Fv2%2Ftags&post=12255"}],"curies":[{"name":"wp","href":"https:\/\/api.w.org\/{rel}","templated":true}]}}