{"id":12265,"date":"2021-08-24T11:44:06","date_gmt":"2021-08-24T09:44:06","guid":{"rendered":"http:\/\/www.ladislavjakl.cz\/?p=12265"},"modified":"2021-08-24T11:44:06","modified_gmt":"2021-08-24T09:44:06","slug":"minipivovary-v-centru-prahy-jsou-zmrazene-cesi-je-odepsali-turiste-neprijeli","status":"publish","type":"post","link":"https:\/\/www.ladislavjakl.cz\/?p=12265","title":{"rendered":"Minipivovary v centru Prahy jsou &#8222;zmrazen\u00e9&#8220;. \u010ce\u0161i je odepsali, turist\u00e9 nep\u0159ijeli"},"content":{"rendered":"<div class=\"article__perex\">Minipivovary, kter\u00e9 produkuj\u00ed 2,5 a\u017e t\u0159i procenta piva vyroben\u00e9ho v \u010cesku, u\u017e jsou v\u00fdznamn\u00fdm zam\u011bstnavatelem. Pracuje v nich u\u017e t\u00e9m\u011b\u0159 5000 lid\u00ed. Nov\u00e9 projekty zat\u00edm nevznikaj\u00ed, \u010dekaj\u00ed na to, a\u017e lid\u00e9 za\u010dnou v\u00edce kupovat pivo od mal\u00fdch v\u00fdrobc\u016f, \u0159ekl prezident \u010ceskomoravsk\u00e9ho svazu minipivovar\u016f Jan \u0160ur\u00e1\u0148.<\/div>\n<p><!--more--><\/p>\n<div class=\"article__photo article__photo--opener\">\n<div class=\"article__photo__image\"><span class=\"intrinsic intrinsic-16x9\"><img loading=\"lazy\" decoding=\"async\" class=\"\" src=\"https:\/\/cdn.xsd.cz\/resize\/f6c8038f2f213d7a8a28f5ddba208aad_resize=680,383_.jpg?hash=bc7a74dfe81efa12ebbc4a36b5c4f77b\" sizes=\"auto, (max-width: 850px) 100vw, 680px\" srcset=\"\/\/cdn.xsd.cz\/resize\/f6c8038f2f213d7a8a28f5ddba208aad_resize=226,127_.jpg?hash=091a8351a2bed44aa0c5493f6fb6524d 226w, \/\/cdn.xsd.cz\/resize\/f6c8038f2f213d7a8a28f5ddba208aad_resize=340,191_.jpg?hash=13043c4e6af6e6092b21c45c8731cb5a 340w, \/\/cdn.xsd.cz\/resize\/f6c8038f2f213d7a8a28f5ddba208aad_resize=680,383_.jpg?hash=bc7a74dfe81efa12ebbc4a36b5c4f77b 680w, \/\/cdn.xsd.cz\/resize\/f6c8038f2f213d7a8a28f5ddba208aad_resize=1020,574_.jpg?hash=4c9361bf3fc82eebbda34c9c6a532ac7 1020w, \/\/cdn.xsd.cz\/resize\/f6c8038f2f213d7a8a28f5ddba208aad_resize=1360,765_.jpg?hash=efdee8d2ceed56c15a3b4d4686336377 1360w\" alt=\"Ilustra\u010dn\u00ed foto.\" width=\"334\" height=\"188\"><\/span><\/div>\n<div class=\"article__photo__desc\">Ilustra\u010dn\u00ed foto. | Foto: Jakub Pl\u00edhal<\/div>\n<\/div>\n<div id=\"article-content\" class=\"article__content\">\n<p>&#8222;Ka\u017ed\u00fd minipivovar zam\u011bstn\u00e1v\u00e1 pr\u016fm\u011brn\u011b deset lid\u00ed &#8211; ve v\u00fdrob\u011b, restauraci, distribuci. Kdy\u017e je n\u00e1s 500, tak je to skoro 5000 lid\u00ed. A to ty velk\u00e9 pivovary nezam\u011bstn\u00e1vaj\u00ed,&#8220; uvedl. Podle \u0160ur\u00e1n\u011b ale minipivovary hlavn\u011b o\u017eivuj\u00ed&nbsp;<a href=\"https:\/\/zpravy.aktualne.cz\/cestovni-ruch\/l~i:keyword:3571\/\" type=\"tag\">cestovn\u00ed ruch<\/a>&nbsp;a \u017eivot m\u011bst a vesnic.<\/p>\n<div class=\"related-wrap related-wrap--small\">\n<div class=\"related-box related-box--small clearfix\">\n<div class=\"related-box__image\">\n<div class=\"box-label box-label--infografika\">&#8222;Vzniknou tam pracovn\u00ed m\u00edsta, ekonomika, o\u017eivuj\u00ed region obrovsk\u00fdm zp\u016fsobem,&#8220; \u0159ekl. Minipivovary podle n\u011bj vyhled\u00e1v\u00e1 st\u00e1le v\u00edce turist\u016f. Lid\u00e9 je cht\u011bj\u00ed vid\u011bt a ochutnat, dodal.<\/div>\n<\/div>\n<\/div>\n<\/div>\n<p>V \u010cesku je 480 minipivovar\u016f, z nich\u017e je kv\u016fli pandemii koronaviru asi 25 zakonzervovan\u00fdch. &#8222;\u010cekaj\u00ed na to, a\u017e lid\u00e9 p\u0159ijdou do m\u00edst, kde va\u0159\u00ed a prod\u00e1vaj\u00ed&nbsp;<a href=\"https:\/\/zpravy.aktualne.cz\/pivo\/l~i:keyword:325\/\" type=\"tag\">pivo<\/a>,&#8220; uvedl \u0160ur\u00e1\u0148. N\u011bkter\u00e9 v\u00fdroby u\u017e jsou podle n\u011bj &#8222;zmrazen\u00e9&#8220; rok, t\u0159eba minipivovar U Supa v Praze 1, kter\u00fd vyprodal pivo a do\u010dasn\u011b zav\u0159el. &#8222;Praha 1 a Praha 2 jsou mrtv\u00e9. N\u00e1pory turist\u016f p\u0159ed deseti lety vyhnaly \u010cechy, kte\u0159\u00ed se zat\u00edm nevr\u00e1tili objevovat kr\u00e1su Prahy,&#8220; \u0159ekl.<\/p>\n<p>Dal\u0161\u00ed nov\u00e9 minipivovary se zat\u00edm nerozj\u00ed\u017ed\u011bj\u00ed. &#8222;Nen\u00ed komu prod\u00e1vat,&#8220; \u0159ekl prezident. Nav\u00edc jsou ovlivn\u011bn\u00e9 rostouc\u00edmi cenami stavebn\u00edch materi\u00e1l\u016f a prac\u00ed. &#8222;Boj\u00ed se, \u017ee jim nep\u0159ijdou host\u00e9 a nav\u00edc se jim projekt zdra\u017e\u00ed o milion. Kdo za\u010dal loni stav\u011bt pivovar, tak dnes zji\u0161\u0165uje, \u017ee ho to te\u010f stoj\u00ed o 30 a\u017e 40 procent v\u00edc a v\u00e1h\u00e1, jestli to rozjet,&#8220; uvedl.<\/p>\n<p>Letos zat\u00edm podle \u0160ur\u00e1n\u011b otev\u0159elo \u0161est nov\u00fdch minipivovar\u016f, dal\u0161\u00edch \u0161est nebo sedm je kompletn\u011b dokon\u010den\u00fdch a \u010dekaj\u00ed, a\u017e za\u010dnou lid\u00e9 v\u00edce chodit do hospod. &#8222;N\u011bkter\u00e9 zanikly ofici\u00e1ln\u011b a n\u011bkter\u00e9 hibernuj\u00ed, ale n\u011bkter\u00e9 u\u017e t\u0159eba rok \u010dekaj\u00ed, \u017ee se to zlep\u0161\u00ed,&#8220; \u0159ekl \u010cTK Ladislav Jakl, prezident Prvn\u00ed pivn\u00ed extraligy, ob\u010dansk\u00e9ho sdru\u017een\u00ed odborn\u00fdch degustac\u00ed a propagac\u00ed kvality.<\/p>\n<p><strong>Ceny se zv\u00fd\u0161\u00ed a\u017e o p\u011btinu&nbsp;<\/strong><\/p>\n<p>Podle \u0160ur\u00e1n\u011b u\u017e si \u017e\u00e1dn\u00fd z minipivovar\u016f nem\u016f\u017ee dovolit dr\u017eet ni\u017e\u0161\u00ed ceny z doby covidu, kdy se sna\u017eil uva\u0159en\u00e9 pivo vyprodat. &#8222;Podle m\u011b p\u016fjdou ceny na podzim o 15 a\u017e 20 procent nahoru, a\u017e skon\u010d\u00ed l\u00e9to a turist\u00e9 odjedou. Vylet\u00ed v \u0159\u00edjnu v listopadu, a to nejen od pivovar\u016f, ale od v\u0161ech, kte\u0159\u00ed trp\u011bli opat\u0159en\u00edmi proti covidu, tedy od pek\u00e1ren, dodavatel\u016f restaurac\u00ed, pr\u00e1delen a dal\u0161\u00edch,&#8220; uvedl.<\/p>\n<div class=\"related-wrap related-wrap--small\">\n<div class=\"related-box related-box--small clearfix\">\n<div class=\"related-box__image\">\n<div class=\"box-label box-label--infografika\">Minipivovary zat\u00edm nepoci\u0165uj\u00ed nedostatek sl\u00e1dk\u016f a podsl\u00e1dk\u016f, tedy pracovn\u00edk\u016f v p\u0159\u00edm\u00e9 v\u00fdrob\u011b piva. &#8222;Podskalsk\u00e1 (st\u0159edn\u00ed potravin\u00e1\u0159sk\u00e1 \u0161kola v Praze, presti\u017en\u00ed pro v\u00fduku sl\u00e1dk\u016f) jede jako dr\u00e1ha, z\u00e1jem o sl\u00e1dkov\u00e1n\u00ed trv\u00e1 sedm let a st\u00e1le se zvy\u0161uje. D\u00edky minipivovar\u016fm, z nich\u017e ka\u017ed\u00fd pot\u0159ebuje jednoho a\u017e dva sl\u00e1dky, vznikla spousta pracovn\u00edch m\u00edst,&#8220; uvedl \u0160ur\u00e1\u0148.<\/div>\n<\/div>\n<\/div>\n<\/div>\n<p>Naopak restaurace, kter\u00e9 jsou \u010dasto sou\u010d\u00e1st\u00ed minipivovar\u016f, sh\u00e1n\u011bj\u00ed person\u00e1l velmi t\u011b\u017eko. &#8222;V Praze nese\u017eenete \u010dlov\u011bka do hospody,&#8220; \u0159ekl. Podle Jakla zat\u00edm rad\u011bji z\u016fst\u00e1vaj\u00ed v tov\u00e1rn\u00e1ch nebo skladech, proto\u017ee nemaj\u00ed jistotu, \u017ee kdy\u017e se na podzim vr\u00e1t\u00ed z brig\u00e1d, \u017ee se hospody znovu neomez\u00ed nebo neuzav\u0159ou.<\/p>\n<p><a href=\"https:\/\/zpravy.aktualne.cz\/ekonomika\/svaz-minipivovary-jsou-vyznamnym-zamestnavatelem-pracuje-v-n\/r~c55bd5e6fe9f11eb94d2ac1f6b220ee8\/\">Zdroj<\/a><\/p>\n<\/div>\n","protected":false},"excerpt":{"rendered":"<p>Minipivovary, kter\u00e9 produkuj\u00ed 2,5 a\u017e t\u0159i procenta piva vyroben\u00e9ho v \u010cesku, u\u017e jsou v\u00fdznamn\u00fdm zam\u011bstnavatelem. Pracuje v nich u\u017e t\u00e9m\u011b\u0159 5000 lid\u00ed. Nov\u00e9 projekty zat\u00edm nevznikaj\u00ed, \u010dekaj\u00ed na to, a\u017e lid\u00e9 za\u010dnou v\u00edce kupovat pivo od mal\u00fdch v\u00fdrobc\u016f, \u0159ekl prezident \u010ceskomoravsk\u00e9ho svazu minipivovar\u016f Jan \u0160ur\u00e1\u0148.<\/p>\n","protected":false},"author":1,"featured_media":0,"comment_status":"open","ping_status":"open","sticky":false,"template":"","format":"standard","meta":{"ngg_post_thumbnail":0,"footnotes":""},"categories":[11,20],"tags":[],"class_list":["post-12265","post","type-post","status-publish","format-standard","hentry","category-ozvena","category-pivo"],"_links":{"self":[{"href":"https:\/\/www.ladislavjakl.cz\/index.php?rest_route=\/wp\/v2\/posts\/12265","targetHints":{"allow":["GET"]}}],"collection":[{"href":"https:\/\/www.ladislavjakl.cz\/index.php?rest_route=\/wp\/v2\/posts"}],"about":[{"href":"https:\/\/www.ladislavjakl.cz\/index.php?rest_route=\/wp\/v2\/types\/post"}],"author":[{"embeddable":true,"href":"https:\/\/www.ladislavjakl.cz\/index.php?rest_route=\/wp\/v2\/users\/1"}],"replies":[{"embeddable":true,"href":"https:\/\/www.ladislavjakl.cz\/index.php?rest_route=%2Fwp%2Fv2%2Fcomments&post=12265"}],"version-history":[{"count":1,"href":"https:\/\/www.ladislavjakl.cz\/index.php?rest_route=\/wp\/v2\/posts\/12265\/revisions"}],"predecessor-version":[{"id":12266,"href":"https:\/\/www.ladislavjakl.cz\/index.php?rest_route=\/wp\/v2\/posts\/12265\/revisions\/12266"}],"wp:attachment":[{"href":"https:\/\/www.ladislavjakl.cz\/index.php?rest_route=%2Fwp%2Fv2%2Fmedia&parent=12265"}],"wp:term":[{"taxonomy":"category","embeddable":true,"href":"https:\/\/www.ladislavjakl.cz\/index.php?rest_route=%2Fwp%2Fv2%2Fcategories&post=12265"},{"taxonomy":"post_tag","embeddable":true,"href":"https:\/\/www.ladislavjakl.cz\/index.php?rest_route=%2Fwp%2Fv2%2Ftags&post=12265"}],"curies":[{"name":"wp","href":"https:\/\/api.w.org\/{rel}","templated":true}]}}