{"id":12267,"date":"2021-08-24T11:51:27","date_gmt":"2021-08-24T09:51:27","guid":{"rendered":"http:\/\/www.ladislavjakl.cz\/?p=12267"},"modified":"2021-08-24T11:51:27","modified_gmt":"2021-08-24T09:51:27","slug":"pouceni-z-afghanistanu","status":"publish","type":"post","link":"https:\/\/www.ladislavjakl.cz\/?p=12267","title":{"rendered":"Pou\u010den\u00ed z Afgh\u00e1nist\u00e1nu"},"content":{"rendered":"<div class=\"opener\">Intervence do Afgh\u00e1nist\u00e1nu, py\u0161n\u011b zvan\u00e1 \u201eTrval\u00e1 svoboda\u201c, kon\u010d\u00ed por\u00e1\u017ekou Z\u00e1padu, nikoli p\u0159ekvapivou. P\u0159ekvapeni jsou jen ti, co l\u00e9ta obelh\u00e1vali sv\u011bt tak usilovn\u011b, a\u017e sv\u00e9 l\u017ei sami uv\u011b\u0159ili.<\/div>\n<p><!--more--><\/p>\n<div id=\"art-text\" class=\"text\">\n<p>Od sam\u00e9ho po\u010d\u00e1tku v\u016fbec ne\u0161lo o vojenskou bezpe\u010dnostn\u00ed operaci s jasn\u011b vymezen\u00fdm strategick\u00fdm c\u00edlem, jeho\u017e napln\u011bn\u00ed by pak znamenalo ukon\u010den\u00ed operace. \u0160lo o typick\u00fd soci\u00e1ln\u011b in\u017een\u00fdrsk\u00fd projekt, jeho\u017e zavr\u0161en\u00ed nikdy nem\u016f\u017ee b\u00fdt jasn\u011b definov\u00e1no a kter\u00fd proto &#8211; jako ve v\u0161ech p\u0159\u00edpadech &#8211; trv\u00e1 tak dlouho, dokud z n\u011bj p\u0159\u00edslu\u0161n\u00e9 z\u00e1jmov\u00e9 s\u00edly mohou t\u011b\u017eit n\u011bjak\u00fd profit. Nakonec ale takov\u00fd projekt v\u017edy nutn\u011b kon\u010d\u00ed fiaskem, proto\u017ee &#8211; jak je u soci\u00e1ln\u00edch in\u017een\u00fdr\u016f obvykl\u00e9 &#8211; nikdy nebere v potaz m\u00edstn\u00ed spole\u010densk\u00e9 pom\u011bry, pot\u0159eby a c\u00edt\u011bn\u00ed obyvatel, jeliko\u017e jeho auto\u0159i ve\u0159ejnost\u00ed pohrdaj\u00ed a maj\u00ed pocit, \u017ee to je jen pasivn\u00ed materi\u00e1l pro jejich spole\u010densk\u00e9 konstrukce.<\/p>\n<p>Americk\u00fd prezident Biden, kter\u00fd je\u0161t\u011b p\u0159ed m\u011bs\u00edcem tvrdil, \u017ee vzestup T\u00e1lib\u00e1nu je nemo\u017en\u00fd, nyn\u00ed pl\u00e1\u010de nad t\u00edm, \u017ee Afgh\u00e1nci pr\u00fd necht\u011bli bojovat za svobodu. Ono to bude mo\u017en\u00e1 t\u00edm, \u017ee p\u0159edstavy o svobod\u011b mohou b\u00fdt r\u016fzn\u00e9. A \u017ee velk\u00e1 \u010d\u00e1st afgh\u00e1nsk\u00e9ho obyvatelstva (v\u010detn\u011b \u2013 jak se uk\u00e1zalo \u2013 p\u0159\u00edslu\u0161n\u00edk\u016f afgh\u00e1nsk\u00e9 provl\u00e1dn\u00ed arm\u00e1dy) si pod pojmem svoboda nep\u0159edstavuje nap\u0159\u00edklad duhovou civilizaci z rukou americk\u00fdch vojsk, civilizaci, kterou m\u00edstn\u00edm strkali pod nos t\u0159eba i t\u00edm, \u017ee americk\u00e1 a britsk\u00e1 ambas\u00e1da v K\u00e1bulu na konci \u010dervna vyv\u011bsily na sv\u00fdch budov\u00e1ch symbol homosexu\u00e1ln\u00edch aktivist\u016f. Nen\u00ed p\u0159ekvapiv\u00e9, \u017ee t\u0159eba zrovna za tohle se Afgh\u00e1nc\u016fm um\u00edrat necht\u011blo.<\/p>\n<p>Je nutno si z afgh\u00e1nsk\u00e9ho fiaska vz\u00edt pou\u010den\u00ed, a to p\u0159edev\u0161\u00edm dom\u00e1c\u00ed. V\u011bt\u0161ina na\u0161\u00ed politick\u00e9 reprezentace propadla dojmu, \u017ee m\u011b\u0159\u00edtkem oddanosti ide\u00e1l\u016fm demokracie je intenzita nekriti\u010dnosti v\u016f\u010di jak\u00e9mukoli rozhodnut\u00ed na\u0161ich z\u00e1padn\u00edch vzor\u016f, a to bez ohledu na na\u0161e vlastn\u00ed z\u00e1jmy. T\u00edm ale na\u0161i politici riskuj\u00ed svou sm\u011b\u0161nost, kdy\u017e po n\u00e1hl\u00e9 zm\u011bn\u011b rozhodnut\u00ed na\u0161eho velk\u00e9ho vzoru nest\u00edhaj\u00ed &#8222;vybrat zat\u00e1\u010dku.&#8220; To by se n\u00e1m nemohlo st\u00e1t, pokud bychom si v\u017edy kladli ot\u00e1zku, zda je to \u010di ono rozhodnut\u00ed v na\u0161em z\u00e1jmu (nap\u0159\u00edklad pos\u00edlat na\u0161e mlad\u00e9 mu\u017ee st\u0159\u00edlet po domorodc\u00edch kdesi v hor\u00e1ch a pou\u0161t\u00edch), a pokud bychom si nevysta\u010dili s odpov\u011bd\u00ed, \u017ee na\u0161\u00edm jedin\u00fdm z\u00e1jmem je pov\u011bst poslu\u0161n\u00e9ho a sna\u017eiv\u00e9ho satelita.<\/p>\n<p><em>Pozn.: Nem\u00e1m pot\u0159ebu hr\u00e1t si na pobitevn\u00edho gener\u00e1la. U\u017e b\u011bhem bitvy jsem \u0159\u00edkal nap\u0159\u00edklad&nbsp;<\/em><a href=\"https:\/\/www.youtube.com\/watch?v=-JVErga8Ck0&amp;t=815s\" rel=\"nofollow\"><em>toto<\/em><\/a><em>&nbsp;(p\u0159ed dv\u011bma lety) a psal nap\u0159\u00edklad&nbsp;<\/em><a href=\"https:\/\/jakl.blog.idnes.cz\/blog.aspx?c=689888\" rel=\"nofollow\"><em>toto<\/em><\/a><em>&nbsp;(p\u0159ed t\u0159ema lety).<\/em><\/p>\n<p>Na\u0161e spole\u010dnost, na\u0161e civilizace m\u00e1 dost sv\u00fdch probl\u00e9m\u016f a dost sv\u00fdch dom\u00e1c\u00edch \u00fakol\u016f. Nehrajme si na to, \u017ee je u n\u00e1s v\u0161e dokonal\u00e9 a \u017ee jedinou na\u0161\u00ed starost\u00ed je, jak tuto svou dokonalost vyv\u00e9zt v\u0161ude po sv\u011bt\u011b. Intervence v dalek\u00e9m zahrani\u010d\u00ed je ne\u00fa\u010dinn\u00e1, zhoubn\u00e1 a odv\u00e1d\u00ed n\u00e1s od na\u0161ich re\u00e1ln\u00fdch dilemat. Poj\u010fme \u0159e\u0161it sv\u00e9 vlastn\u00ed dom\u00e1c\u00ed krize a t\u011b\u017ekosti.<\/p>\n<\/div>\n<p><a href=\"https:\/\/jakl.blog.idnes.cz\/blog.aspx?c=774665\">Zdroj<\/a><\/p>\n","protected":false},"excerpt":{"rendered":"<p>Intervence do Afgh\u00e1nist\u00e1nu, py\u0161n\u011b zvan\u00e1 \u201eTrval\u00e1 svoboda\u201c, kon\u010d\u00ed por\u00e1\u017ekou Z\u00e1padu, nikoli p\u0159ekvapivou. P\u0159ekvapeni jsou jen ti, co l\u00e9ta obelh\u00e1vali sv\u011bt tak usilovn\u011b, a\u017e sv\u00e9 l\u017ei sami uv\u011b\u0159ili.<\/p>\n","protected":false},"author":1,"featured_media":0,"comment_status":"open","ping_status":"open","sticky":false,"template":"","format":"standard","meta":{"ngg_post_thumbnail":0,"footnotes":""},"categories":[1],"tags":[],"class_list":["post-12267","post","type-post","status-publish","format-standard","hentry","category-publikovane-clanky"],"_links":{"self":[{"href":"https:\/\/www.ladislavjakl.cz\/index.php?rest_route=\/wp\/v2\/posts\/12267","targetHints":{"allow":["GET"]}}],"collection":[{"href":"https:\/\/www.ladislavjakl.cz\/index.php?rest_route=\/wp\/v2\/posts"}],"about":[{"href":"https:\/\/www.ladislavjakl.cz\/index.php?rest_route=\/wp\/v2\/types\/post"}],"author":[{"embeddable":true,"href":"https:\/\/www.ladislavjakl.cz\/index.php?rest_route=\/wp\/v2\/users\/1"}],"replies":[{"embeddable":true,"href":"https:\/\/www.ladislavjakl.cz\/index.php?rest_route=%2Fwp%2Fv2%2Fcomments&post=12267"}],"version-history":[{"count":1,"href":"https:\/\/www.ladislavjakl.cz\/index.php?rest_route=\/wp\/v2\/posts\/12267\/revisions"}],"predecessor-version":[{"id":12268,"href":"https:\/\/www.ladislavjakl.cz\/index.php?rest_route=\/wp\/v2\/posts\/12267\/revisions\/12268"}],"wp:attachment":[{"href":"https:\/\/www.ladislavjakl.cz\/index.php?rest_route=%2Fwp%2Fv2%2Fmedia&parent=12267"}],"wp:term":[{"taxonomy":"category","embeddable":true,"href":"https:\/\/www.ladislavjakl.cz\/index.php?rest_route=%2Fwp%2Fv2%2Fcategories&post=12267"},{"taxonomy":"post_tag","embeddable":true,"href":"https:\/\/www.ladislavjakl.cz\/index.php?rest_route=%2Fwp%2Fv2%2Ftags&post=12267"}],"curies":[{"name":"wp","href":"https:\/\/api.w.org\/{rel}","templated":true}]}}