{"id":1227,"date":"2011-08-26T14:24:30","date_gmt":"2011-08-26T13:24:30","guid":{"rendered":"http:\/\/www.ladislavjakl.cz\/?p=1227"},"modified":"2011-08-26T14:24:43","modified_gmt":"2011-08-26T13:24:43","slug":"do-muziky-trestni-pravo-nepatri-zakazeme-lennona-pta-se-jakl","status":"publish","type":"post","link":"https:\/\/www.ladislavjakl.cz\/?p=1227","title":{"rendered":"Do muziky trestn\u00ed pr\u00e1vo nepat\u0159\u00ed. Zak\u00e1\u017eeme Lennona? pt\u00e1 se Jakl"},"content":{"rendered":"<p><strong>Tajemn\u00edk prezidenta  V\u00e1clava Klause Ladislav Jakl se pro MF DNES vyj\u00e1d\u0159il k \u010dl\u00e1nku, kter\u00fd  upozornil na jeho kontakt s neonacisty. P\u0159ed \u010dasem toti\u017e poskytl  rozhovor do knihy Deset tis\u00edc extremist\u016f, jej\u00edm\u017e spoluautorem je mana\u017eer  neonacistick\u00e9 hudebn\u00ed skupiny Conflict 88 Robert F\u00fcrych. <\/strong><\/p>\n<p><!--more--><\/p>\n<p>&#8222;Nem\u00e1m mo\u017enosti ani d\u016fvod lustrovat ka\u017ed\u00e9ho, kdo se  m\u011b n\u011bco chce zeptat,&#8220; napsal Jakl o rozhovoru. MF DNES tak\u00e9 \u0159ekl, \u017ee  zm\u00edn\u011bnou knihu nezn\u00e1. &#8222;Tuhle jsem poskytl rozhovor do knihy o  bezdomovc\u00edch, tu t\u0159eba i do \u0161koln\u00edho sborn\u00edku. Pokud jsou ot\u00e1zky  korektn\u00ed, nem\u00e1m s t\u00edm probl\u00e9m. D\u016fle\u017eit\u00e9 je p\u0159ece, co \u0159\u00edk\u00e1te, ne komu to  \u0159\u00edk\u00e1te,&#8220; uvedl pro den\u00edk Pr\u00e1vo.<\/p>\n<p><strong>D\u011blat hudbu m\u016f\u017ee n\u00e1cek i pank\u00e1\u010d<\/strong><\/p>\n<p>Spoluautor Deseti tis\u00edc extremist\u016f Jaroslav Sm\u00edlek ale MF DNES \u0159ekl, \u017ee  Jakl mus\u00ed m\u00edt n\u011bjak\u00fd v\u00fdpadek pam\u011bti, proto\u017ee ho p\u0159ijal na Hrad\u011b,  rozhovor autorizoval a dostal jedno vyd\u00e1n\u00ed knihy.<\/p>\n<p><strong><a href=\"http:\/\/www.parlamentnilisty.cz\/tags\/305008.aspx\"><span style=\"color: #993300\"><\/span><\/a><\/strong><\/p>\n<p>&#8222;V\u00edm, \u017ee na po\u010d\u00e1tku v\u0161eho je slovo. I na po\u010d\u00e1tku odporn\u00e9ho n\u00e1sil\u00ed. To  nelze podce\u0148ovat,&#8220; uzn\u00e1v\u00e1 Jakl, p\u0159i\u010dem\u017e jedn\u00edm dechem dod\u00e1v\u00e1, \u017ee  nebezpe\u010dn\u011bj\u0161\u00ed ne\u017e &#8222;neuhl\u00edd\u00e1n\u00ed hranice mezi n\u00e1vodem k n\u00e1sil\u00ed a hul\u00e1k\u00e1n\u00edm  frustrovan\u00fdch pitomc\u016f&#8220; je pou\u0161t\u011bt do muziky trestn\u00ed pr\u00e1vo. Podle n\u011bj  m\u016f\u017ee d\u011blat hudbu \u201en\u00e1cek i pank\u00e1\u010d&#8220; a pokud ne, pak bychom m\u011bli tak\u00e9  zak\u00e1zat kultovn\u00ed p\u00edse\u0148 Imagine Johna Lennona, proto\u017ee tam zp\u00edv\u00e1 o sv\u011bt\u011b  bez n\u00e1bo\u017eenstv\u00ed a majetku, co\u017e vlastn\u011b podle Jakla znamen\u00e1 komunismus.<\/p>\n<p><a href=\"http:\/\/www.parlamentnilisty.cz\/arena\/monitor\/206338.aspx\" target=\"_blank\">Zdroj<\/a><\/p>\n","protected":false},"excerpt":{"rendered":"<p>Tajemn\u00edk prezidenta V\u00e1clava Klause Ladislav Jakl se pro MF DNES vyj\u00e1d\u0159il k \u010dl\u00e1nku, kter\u00fd upozornil na jeho kontakt s neonacisty. P\u0159ed \u010dasem toti\u017e poskytl rozhovor do knihy Deset tis\u00edc extremist\u016f, jej\u00edm\u017e spoluautorem je mana\u017eer neonacistick\u00e9 hudebn\u00ed skupiny Conflict 88 Robert F\u00fcrych.<\/p>\n","protected":false},"author":1,"featured_media":0,"comment_status":"open","ping_status":"open","sticky":false,"template":"","format":"standard","meta":{"ngg_post_thumbnail":0,"footnotes":""},"categories":[11],"tags":[],"class_list":["post-1227","post","type-post","status-publish","format-standard","hentry","category-ozvena"],"_links":{"self":[{"href":"https:\/\/www.ladislavjakl.cz\/index.php?rest_route=\/wp\/v2\/posts\/1227","targetHints":{"allow":["GET"]}}],"collection":[{"href":"https:\/\/www.ladislavjakl.cz\/index.php?rest_route=\/wp\/v2\/posts"}],"about":[{"href":"https:\/\/www.ladislavjakl.cz\/index.php?rest_route=\/wp\/v2\/types\/post"}],"author":[{"embeddable":true,"href":"https:\/\/www.ladislavjakl.cz\/index.php?rest_route=\/wp\/v2\/users\/1"}],"replies":[{"embeddable":true,"href":"https:\/\/www.ladislavjakl.cz\/index.php?rest_route=%2Fwp%2Fv2%2Fcomments&post=1227"}],"version-history":[{"count":3,"href":"https:\/\/www.ladislavjakl.cz\/index.php?rest_route=\/wp\/v2\/posts\/1227\/revisions"}],"predecessor-version":[{"id":1230,"href":"https:\/\/www.ladislavjakl.cz\/index.php?rest_route=\/wp\/v2\/posts\/1227\/revisions\/1230"}],"wp:attachment":[{"href":"https:\/\/www.ladislavjakl.cz\/index.php?rest_route=%2Fwp%2Fv2%2Fmedia&parent=1227"}],"wp:term":[{"taxonomy":"category","embeddable":true,"href":"https:\/\/www.ladislavjakl.cz\/index.php?rest_route=%2Fwp%2Fv2%2Fcategories&post=1227"},{"taxonomy":"post_tag","embeddable":true,"href":"https:\/\/www.ladislavjakl.cz\/index.php?rest_route=%2Fwp%2Fv2%2Ftags&post=1227"}],"curies":[{"name":"wp","href":"https:\/\/api.w.org\/{rel}","templated":true}]}}