{"id":12282,"date":"2021-09-14T12:02:07","date_gmt":"2021-09-14T10:02:07","guid":{"rendered":"http:\/\/www.ladislavjakl.cz\/?p=12282"},"modified":"2021-09-14T12:02:07","modified_gmt":"2021-09-14T10:02:07","slug":"rozmazlena-mladez-zotroceni-branme-se-u-klause-bojovne-pirati-nebudou-radi","status":"publish","type":"post","link":"https:\/\/www.ladislavjakl.cz\/?p=12282","title":{"rendered":"\u201eRozmazlen\u00e1 ml\u00e1de\u017e. Zotro\u010den\u00ed. Bra\u0148me se!\u201d U Klause bojovn\u011b: Pir\u00e1ti nebudou r\u00e1di"},"content":{"rendered":"<p><strong>Velmi temn\u011b hovo\u0159ili \u00fa\u010dastn\u00edci semin\u00e1\u0159e Institutu V\u00e1clava Klause, kde rozv\u00edjeli knihu Volby 2021 \u2013 budou o n\u011b\u010dem? Exprezident Klaus a jeho spolupracovn\u00edci konstatovali, \u017ee zotro\u010den\u00ed, kter\u00e9 se bl\u00ed\u017e\u00ed, u\u017e ani nic neslibuje. Varovali p\u0159ed t\u00edm, \u017ee mlad\u00ed cht\u011bj\u00ed star\u00fdm vnutit sv\u016fj \u017eivotn\u00ed styl, ne pouze \u017e\u00edt podle sv\u00e9ho.<\/strong><\/p>\n<p><!--more--><\/p>\n<p>Klaus v&nbsp;\u00favodu zd\u016fraznil, \u017ee necht\u011bj\u00ed publikac\u00ed radit voli\u010d\u016fm, ale cht\u011bli vyj\u00e1d\u0159it obavu, \u017ee se volby net\u00fdkaj\u00ed nejz\u00e1sadn\u011bj\u0161\u00edch t\u00e9mat. \u201eM\u00e1m pocit, \u017ee norm\u00e1ln\u00ed volby to nebudou, proto\u017ee nejsme v&nbsp;norm\u00e1ln\u00ed situaci. Lid\u00e9 jsou nespokojen\u00ed, ale je to je\u0161t\u011b velmi daleko od toho, aby svoji nespokojenost p\u0159etavili v&nbsp;n\u011bjak\u00fd politick\u00fd \u010din nebo politickou akci. Jde o mnoho, nach\u00e1z\u00edme se v&nbsp;mimo\u0159\u00e1dn\u00e9 situaci radik\u00e1ln\u00ed zm\u011bny, ale volby o tom nebudou, a\u010d by b\u00fdt m\u011bly. Do\u0161lo ke kvalitativn\u00ed zm\u011bn\u011b nejen v&nbsp;\u010desk\u00e9 spole\u010dnosti. Pro\u017eili jsme glob\u00e1ln\u00ed a finan\u010dn\u00ed krizi, kter\u00e1 zm\u011bnila v\u011bci, jak jsme byli zvykl\u00ed a za\u00fato\u010dila na trh a ekonomiku. Pro\u017eili jsme zrod fenom\u00e9nu masov\u00e9 migrace, ve spole\u010dnosti do t\u00e9 doby nezn\u00e1m\u00e9 a masivn\u00ed migrace znamen\u00e1 z\u00e1sadn\u00ed formu ataku na n\u00e1rod a st\u00e1t, jak jsme na n\u011b byli stalet\u00ed zvykl\u00ed,\u201c varoval Klaus v&nbsp;\u00favodu. Podotkl, \u017ee nechce dlouze \u0159e\u010dnit a p\u0159enech\u00e1 prostor ostatn\u00edm.<\/p>\n<p>Jedn\u00edm z&nbsp;nich byl i Ji\u0159\u00ed Weigl, ekonom a \u0159editel Institutu V\u00e1clava Klause. Ten zd\u016fraznil, \u017ee jde o to, co pro lid a zemi politick\u00fd \u010dinitel ud\u011bl\u00e1. \u201eDo\u0161lo to tak daleko, \u017ee na m\u00edsto politick\u00fdch stran se stabiln\u00ed z\u00e1kladnou a politickou strukturou dnes sout\u011b\u017e\u00ed o p\u0159\u00edze\u0148 voli\u010d\u016f politick\u00e9 projekty. M\u00edsto odpov\u011bdnosti stran\u00edk\u016fm m\u00e1me soubory nikomu neodpov\u011bdn\u00fdch, n\u00e1hodn\u011b vybran\u00fdch jednotlivc\u016f, kte\u0159\u00ed se dost\u00e1vaj\u00ed do pozice \u00fastavn\u00edch \u010dinitel\u016f zcela nep\u0159ipraveni jak zku\u0161enostmi, tak profesn\u00ed dr\u00e1hou,\u201c shrnul Weigl s&nbsp;t\u00edm, \u017ee se proto nediv\u00ed frustraci spole\u010dnosti. Tvrdil tak\u00e9, \u017ee dne\u0161n\u00ed politici se spol\u00e9haj\u00ed sp\u00ed\u0161e na politickou manipulaci a marketing ne\u017e na politickou pr\u00e1ci, co\u017e nem\u016f\u017ee p\u0159in\u00e9st podstatn\u00e9 v\u00fdsledky.&nbsp;<\/p>\n<h4>Rozmazlen\u00e1 ml\u00e1de\u017e, utopie a extremistick\u00e1 hnut\u00ed<\/h4>\n<p>Tato negativa i nez\u00e1jem ve\u0159ejnosti v\u016f\u010di politice a volb\u00e1m jsou podle Weigla d\u016fkazem, \u017ee jsme za posledn\u00edch 30 let zpohodln\u011bli, a tak je mo\u017en\u00e9 se o politiku nestarat. Ozna\u010dil to za da\u0148 za \u00fasp\u011bch, kter\u00e1 se net\u00fdk\u00e1 jen \u010cesk\u00e9 republiky. \u201eRozmazlen\u00e1 ml\u00e1de\u017e inklinuje k&nbsp;soci\u00e1ln\u00edm utopi\u00edm a extremistick\u00fdm hnut\u00edm a na druhou stranu nejsou jejich rodi\u010de schopni se aktivizovat a politiku a konzervativn\u00ed sv\u011bt, v&nbsp;n\u011bm\u017e vyrostli, obh\u00e1jit. Volby nemohou p\u0159in\u00e9st radik\u00e1ln\u00ed zm\u011bny, ale jsem p\u0159esv\u011bd\u010den, \u017ee pokud alespo\u0148 v\u011bt\u0161\u00ed \u010d\u00e1st lid\u00ed vyj\u00e1d\u0159\u00ed nesouhlas, m\u016f\u017ee j\u00edt o posun k&nbsp;lep\u0161\u00edmu,\u201c \u0159ekl Weigl.&nbsp;<\/p>\n<p>K&nbsp;\u0159e\u010dnick\u00e9mu pultu pak p\u0159i\u0161el Ladislav Jakl, hudebn\u00edk, spisovatel a \u010dlen Rady pro rozhlasov\u00e9 a televizn\u00ed vys\u00edl\u00e1n\u00ed. Ani podle n\u011bj volby nic z\u00e1sadn\u00edho nep\u0159inesou \u2013 ani sp\u00e1su, ani zatracen\u00ed. A ony zm\u011bny nenastanou, proto\u017ee je zde \u00e9ra postdemokracie. \u201eZ\u00e1sadn\u00ed zm\u011bny na\u0161eho sv\u011bta, kter\u00e9 pozorujeme a zdaj\u00ed se n\u00e1m obrovsk\u00e9, p\u0159evratn\u00e9 a revolu\u010dn\u00ed a zd\u00e1 se, \u017ee nevratn\u00e9, se ned\u011bj\u00ed skrze ve\u0159ejnost\u00ed kontrolovan\u00e9 instituce s&nbsp;mand\u00e1ty ob\u010dan\u016f, ale jinudy. Nadn\u00e1rodn\u00ed korporace odtr\u017een\u00e9 od v\u016fle ve\u0159ejnosti, um\u011bleck\u00fd byznys, reklamy a taktiky nadn\u00e1rodn\u00edch korporac\u00ed, propaganda multi- a kulti-, genderismus,\u201c vyjmenoval Jakl. Jako probl\u00e9m vid\u00ed i neziskov\u00e9 sektory a n\u00e1tlakov\u00e9 uskupen\u00ed p\u016fsob\u00edc\u00ed ve \u0161kolstv\u00ed a ve\u0159ejn\u00e9m \u017eivot\u011b. \u201eProti t\u011bmto sil\u00e1m je ob\u010dan a da\u0148ov\u00fd poplatn\u00edk bezbrann\u00fd a je nutn\u00e9, aby se rozhodov\u00e1n\u00ed vr\u00e1tilo do politick\u00fdch instituc\u00ed s&nbsp;mand\u00e1tem ob\u010dan\u016f.\u201c&nbsp;<\/p>\n<div id=\"carodaOutstream385088Container\" class=\"carodaContainer\">\n<div id=\"carodaOutstream385088\" class=\"carodaOutstream\">&nbsp;<\/div>\n<\/div>\n<h4>Oni cht\u011bj\u00ed, abychom \u017eili podle jejich p\u0159\u00e1n\u00ed<\/h4>\n<p>Jakl tak\u00e9 prohl\u00e1sil, \u017ee ve volebn\u00edch programech chyb\u011bj\u00ed t\u00e9mata, kter\u00e1 charakterizuj\u00ed n\u00e1stup progresivismu a p\u0159ed na\u0161imi o\u010dima likvidaci osv\u011bd\u010den\u00fdch politick\u00fdch struktur, ctnost\u00ed a individu\u00e1ln\u00edch svobod. Star\u00fd, dobr\u00fd sv\u011bt je pr\u00fd vyvlast\u0148ov\u00e1n st\u00e1le v\u011bt\u0161\u00ed rychlost\u00ed. Sou\u010dasn\u011b odm\u00edtl, \u017ee by obavy p\u0159\u00edtomn\u00fdch byly p\u0159ehnan\u00e9 a \u017ee by byly sou\u010d\u00e1st\u00ed opakuj\u00edc\u00edho se genera\u010dn\u00edho stereotypu \u0161ediv\u00fdch d\u011bdk\u016f, kte\u0159\u00ed nad\u00e1vaj\u00ed na generaci mlad\u0161\u00ed. Jakl se domn\u00edv\u00e1, \u017ee tentokr\u00e1t je to jin\u00e9 a vysv\u011btlil pro\u010d: \u201eI j\u00e1 pamatuji, \u017ee m\u011b mohl n\u011bkdo ozna\u010dit za rebelanta. Ale my a na\u0161e generace jsme to d\u011blali proto, \u017ee jsme cht\u011bli \u017e\u00edt podle sv\u00e9ho. Pro\u010d to d\u011bl\u00e1 sou\u010dasn\u00e1 generace revolu\u010dn\u00edch pokrok\u00e1\u0159\u016f? Aby mohli \u017e\u00edt podle sv\u00e9ho? Oni cht\u011bj\u00ed, aby my jsme \u017eili podle jejich, aby sv\u011bt se zm\u011bnil podle jejich p\u0159\u00e1n\u00ed. Oni vyvlast\u0148uj\u00ed na\u0161e \u017eivoty a oni n\u00e1s zn\u00e1sil\u0148uj\u00ed,\u201c prohl\u00e1sil r\u00e1zn\u011b Jakl a podotkl, \u017ee z\u00e1sadn\u00ed t\u00e9mata se sama do politiky nevr\u00e1t\u00ed. K&nbsp;tomu je pot\u0159eba tlak a popt\u00e1vka lid\u00ed, ob\u010dan\u016f, voli\u010d\u016f, ve\u0159ejnosti. \u201eMluvme, pi\u0161me, konejme, demonstrujme, shroma\u017e\u010fujme se, apelujme, vyz\u00fdvejme, burcujme. Mo\u017en\u00e1 n\u00e1s nakonec stejn\u011b dostanou, ale my jim to uleh\u010dovat nehodl\u00e1me,\u201c zakon\u010dil svoji \u0159e\u010d Ladislav Jakl.&nbsp;<\/p>\n<p>Ivo Strej\u010dek, kter\u00fd byl deset let poslancem v&nbsp;Evropsk\u00e9m parlamentu, vyzdvihl d\u016fle\u017eitost t\u00e9matu budoucnosti Evropsk\u00e9 unie. Upozornil, \u017ee nejde o to, zda jsou n\u00e1zory politik\u016f na Evropskou unii konformn\u00ed s&nbsp;autory sborn\u00edku. Podle n\u011bj jde o to, zda tato t\u00e9mata politici stav\u00ed p\u0159ed ob\u010dany, zda je pova\u017euj\u00ed za t\u00e9mata v\u00e1\u017en\u00e1, ale tak se ned\u011bje. Strej\u010dek \u0159ekl, \u017ee cel\u00fd proces evropsk\u00e9 integrace je napl\u00e1nov\u00e1n a\u017e do roku 2050, a tud\u00ed\u017e pova\u017euje za nutn\u00e9 a pro politiky povinn\u00e9 se t\u011bmito t\u00e9maty zab\u00fdvat u\u017e nyn\u00ed. A jako t\u00e9ma \u010d\u00edslo jedna ozna\u010dil pr\u00e1v\u011b budoucnost Evropy a kritizoval, \u017ee se sou\u010dasn\u00e9 strany nev\u011bnuj\u00ed tomu, co se naz\u00fdv\u00e1 Green Deal \u2013 Evropsk\u00e1 zelen\u00e1 dohoda. Tedy dohod\u011b, kter\u00e1 z\u00e1sadn\u011b ovlivn\u00ed ekonomick\u00fd v\u00fdvoj, m\u00edru blahobytu jednotliv\u00fdch ob\u010dan\u016f v&nbsp;\u010cesku i na kontinentu minim\u00e1ln\u011b v&nbsp;prostoru Evropsk\u00e9 unie. \u201eKdy\u017e p\u0159edsedkyn\u011b Evropsk\u00e9 unie N\u011bmka Leyenov\u00e1 uv\u00e1d\u011bla na tiskovce pozn\u00e1mky k&nbsp;zelen\u00e9 dohod\u011b, \u0159ekla, \u017ee jej\u00ed spu\u0161t\u011bn\u00ed je pro jej\u00ed Evropskou unii tot\u00e9\u017e, co byl pro Ameri\u010dany okam\u017eik p\u0159ist\u00e1n\u00ed na M\u011bs\u00edci. Tomu se m\u016f\u017eeme zasm\u00e1t, nicm\u00e9n\u011b je to sm\u00edch skrze slzy, proto\u017ee to p\u0159esn\u011b ukazuje, s&nbsp;jakou m\u00edrou bezohlednosti \u010di brutality budou c\u00edle dohody vynucov\u00e1ny, jak nekompromisn\u011b bude postupov\u00e1no v\u016f\u010di n\u011bkomu, kdo tu cestu nebude dodr\u017eovat,\u201c uvedl Strej\u010dek.&nbsp;<\/p>\n<h4>Nic z&nbsp;toho jsme ve volebn\u00edch programech nena\u0161li<\/h4>\n<p>D\u00e1le kritizoval pojem klimatick\u00e1 neutralita, povinnost p\u0159estat vyr\u00e1b\u011bt vozy se spalovac\u00edmi motory do roku 2035, co\u017e, jak upozornil, je za dev\u011bt let. Sd\u011blil, \u017ee dohoda bude znamenat zp\u0159\u00edsn\u011bn\u00ed povolenek pro leteckou, n\u00e1mo\u0159n\u00ed i silni\u010dn\u00ed dopravu, ale i pro renovaci budov \u010di zem\u011bd\u011blskou produkci v\u010detn\u011b CO2 z&nbsp;hnoje a skotu, jak odcitoval z&nbsp;dohody Green Deal. \u201eJak to, \u017ee hroz\u00ed v&nbsp;t\u00e9to zemi, \u017ee si norm\u00e1ln\u00ed spot\u0159ebitel nebude moci po\u0159\u00eddit auto se spalovac\u00edm motorem? Jak to, \u017ee to nen\u00ed t\u00e9matem pro jakoukoliv stranu, jak je mo\u017en\u00e9, \u017ee zdra\u017een\u00ed, co\u017e p\u0159inesou povolenky, nezvedaj\u00ed volebn\u00ed strany a tv\u00e1\u0159\u00ed se, \u017ee dne\u0161n\u00edm t\u00e9matem je boj, zda tu bude Babi\u0161 nebo Zeman?\u201c \u0159ekl Strej\u010dek a ozna\u010dil takov\u00e9 chov\u00e1n\u00ed za zah\u00e1n\u011bn\u00ed do houfu vytv\u00e1\u0159en\u00edm pocitu, \u017ee n\u00e1m hroz\u00ed nebezpe\u010d\u00ed.&nbsp;<\/p>\n<p>Upozornil, \u017ee se bl\u00ed\u017e\u00ed konference o budoucnosti Evropy a ta posledn\u00ed skon\u010dila Lisabonskou smlouvou. Dne\u0161ek podle n\u011bj ukazuje, \u017ee odpor V\u00e1clava Klause proti Lisabonsk\u00e9 smlouv\u011b v&nbsp;minulosti byl opr\u00e1vn\u011bn\u00fd a m\u011blo ho podpo\u0159it v\u00edce lid\u00ed. Pou\u010den\u00ed z&nbsp;Lisabonsk\u00e9 smlouvy tkv\u00ed podle Ivo Strej\u010dka v&nbsp;obez\u0159etnosti. Politick\u00e9 strany maj\u00ed do konference vstupovat p\u0159ipraveny, obez\u0159etn\u011b, maj\u00ed b\u00fdt p\u0159im\u011b\u0159en\u011b skeptick\u00e9 a m\u00edt na mysli z\u00e1jem sv\u00e9 zem\u011b. \u201eNapl\u0148uje n\u00e1s velkou skeps\u00ed, \u017ee jsme nic z&nbsp;toho ve volebn\u00edch programech nena\u0161li,\u201c dodal.&nbsp;<\/p>\n<p>Analytik Filip \u0160ebesta pak mluvil mimo jin\u00e9 o \u0159e\u0161en\u00ed rozpo\u010dtov\u00fdch schodk\u016f a varoval p\u0159ed pl\u00e1ny \u0159e\u0161it v\u0161e p\u0159\u00edjmovou str\u00e1nkou \u2013 tedy z&nbsp;dan\u00ed.&nbsp; \u201eSlovo \u00faspory se v&nbsp;programech dvou hlavn\u00edch opozi\u010dn\u00edch sil prakticky nevyskytuje. \u00daspory jako z\u00e1kladn\u00ed filozofie ke krizi ve\u0159ejn\u00fdch financ\u00ed, \u00faspory jako filozofie nikoliv d\u00edl\u010d\u00ed, v&nbsp;programech chyb\u00ed. A\u010dkoli strany se nomin\u00e1ln\u011b vymezuj\u00ed, d\u016fraz, s&nbsp;jak\u00fdm to \u010din\u00ed, d\u00e1vaj\u00ed tu\u0161it, \u017ee se v\u00fdvoje ned\u011bs\u00ed a Babi\u0161ovu v\u00fdmluvu, \u017ee jsme s&nbsp;dluhem jedni z nejlep\u0161\u00edch v&nbsp;Evrop\u011b, p\u0159ij\u00edmaj\u00ed za svou,\u201c uvedl \u0160ebesta.&nbsp;<\/p>\n<h4>Klaus: My pen\u00edze z&nbsp;Evropsk\u00e9 unie nechceme<\/h4>\n<p>Pak p\u0159i\u0161la na \u0159adu diskuse. Daniel Kron\u010f\u00e1k v&nbsp;n\u00ed \u0159ekl, \u017ee mu sou\u010dasnost p\u0159ipom\u00edn\u00e1 Farmu zv\u00ed\u0159at od George Orwella, kde je osel Benjamin, kter\u00fd si jedin\u00fd pamatuje svobodu. Nerad by pr\u00fd dopadl stejn\u011b. Prod\u011bkan N\u00e1rodohospod\u00e1\u0159sk\u00e9 fakulty Vysok\u00e9 \u0161koly ekonomick\u00e9 Miroslav \u0160ev\u010d\u00edk se z&nbsp;publika p\u0159ihl\u00e1sil o slovo a \u0159ekl, \u017ee za posledn\u00ed stolet\u00ed p\u0159ich\u00e1zelo zlo v\u011bt\u0161inou z&nbsp;N\u011bmecka a ne jinak tomu je i v&nbsp;p\u0159\u00edpad\u011b Green Dealu. V\u00e1clav Klaus pak na to reagoval slovy, \u017ee ideologie progresivismu, Black Lives Matter a genderismu bezprost\u0159edn\u011b nep\u0159ich\u00e1z\u00ed z&nbsp;N\u011bmecka, ale z&nbsp;nebezpe\u010dn\u011bj\u0161\u00ed entity, kterou jsou Spojen\u00e9 st\u00e1ty americk\u00e9. S&nbsp;v\u00fdjimkou Anglie je pr\u00fd nejd\u011bsiv\u011bj\u0161\u00ed. Hlavn\u00ed zoufalstv\u00ed vid\u00ed Klaus pr\u00e1v\u011b v&nbsp;t\u011bchto zem\u00edch.&nbsp;<\/p>\n<p>Ji\u0159\u00ed Weigl nav\u00edc podotkl, \u017ee progresivismus \u2013 sou\u010dasn\u00e9 otrok\u00e1\u0159stv\u00ed \u2013 u\u017e ani nic neslibuje. Na rozd\u00edl od jin\u00fdch ideologi\u00ed \u010di n\u00e1bo\u017eenstv\u00ed, kter\u00e9 slibuje alespo\u0148 sp\u00e1su po \u017eivot\u011b. Ji\u0159\u00edho Kudl\u00edka zaj\u00edmalo, zda je 180 miliard od Evropsk\u00e9 unie v&nbsp;r\u00e1mci obnovy skute\u010dn\u011b p\u016fj\u010dka, kterou bude muset \u010cesk\u00e1 republika vr\u00e1tit. Klaus to potvrdil: \u201eTo se ur\u010dit\u011b nem\u00fdl\u00edte. My ty pen\u00edze nechceme. My ty pen\u00edze od Evropsk\u00e9 unie nepot\u0159ebujeme a n\u00e1s poni\u017euje, abychom od soudru\u017eky Leyenov\u00e9 z\u00edsk\u00e1vali pen\u00edze, kter\u00e9 nejsou jej\u00ed, a kter\u00e9 budeme spl\u00e1cet. Ty pen\u00edze se stejn\u011b nedaj\u00ed pou\u017e\u00edt, proto\u017ee jsou sv\u00e1z\u00e1ny tis\u00edci ma\u0161li\u010dkami, tak\u017ee jsou jen na cyklostezky a podobn\u011b v\u00fdznamn\u00e9 v\u011bci pro na\u0161i spole\u010dnost a ekonomiku. Na nic jin\u00e9ho nejsou, a\u0165 si ty pen\u00edze nechaj\u00ed,\u201c \u0159ekl b\u00fdval\u00fd prezident. Podle Strej\u010dka je slovo poni\u017euj\u00edc\u00ed na m\u00edst\u011b, nebo\u0165 bez ohledu na to, kdo v&nbsp;\u010cesk\u00e9 republice vl\u00e1dne, je poni\u017euj\u00edc\u00ed, aby n\u011bkdo \u0159ekl: \u201eBu\u010f si to u v\u00e1s doma vylep\u0161\u00edte, jak my si mysl\u00edme, nebo v\u00e1m ty pen\u00edze ned\u00e1me. Je to poni\u017euj\u00edc\u00ed a m\u011bli bychom na to reagovat,\u201c vyzval Strej\u010dek.&nbsp;<\/p>\n<p><a href=\"https:\/\/www.parlamentnilisty.cz\/zpravy\/kauzy\/-Rozmazlena-mladez-Zotroceni-Branme-se-U-Klause-bojovne-Pirati-nebudou-radi-676033\">Zdroj<\/a><\/p>\n","protected":false},"excerpt":{"rendered":"<p>Velmi temn\u011b hovo\u0159ili \u00fa\u010dastn\u00edci semin\u00e1\u0159e Institutu V\u00e1clava Klause, kde rozv\u00edjeli knihu Volby 2021 \u2013 budou o n\u011b\u010dem? Exprezident Klaus a jeho spolupracovn\u00edci konstatovali, \u017ee zotro\u010den\u00ed, kter\u00e9 se bl\u00ed\u017e\u00ed, u\u017e ani nic neslibuje. Varovali p\u0159ed t\u00edm, \u017ee mlad\u00ed cht\u011bj\u00ed star\u00fdm vnutit sv\u016fj \u017eivotn\u00ed styl, ne pouze \u017e\u00edt podle sv\u00e9ho.<\/p>\n","protected":false},"author":1,"featured_media":0,"comment_status":"open","ping_status":"open","sticky":false,"template":"","format":"standard","meta":{"ngg_post_thumbnail":0,"footnotes":""},"categories":[11],"tags":[],"class_list":["post-12282","post","type-post","status-publish","format-standard","hentry","category-ozvena"],"_links":{"self":[{"href":"https:\/\/www.ladislavjakl.cz\/index.php?rest_route=\/wp\/v2\/posts\/12282","targetHints":{"allow":["GET"]}}],"collection":[{"href":"https:\/\/www.ladislavjakl.cz\/index.php?rest_route=\/wp\/v2\/posts"}],"about":[{"href":"https:\/\/www.ladislavjakl.cz\/index.php?rest_route=\/wp\/v2\/types\/post"}],"author":[{"embeddable":true,"href":"https:\/\/www.ladislavjakl.cz\/index.php?rest_route=\/wp\/v2\/users\/1"}],"replies":[{"embeddable":true,"href":"https:\/\/www.ladislavjakl.cz\/index.php?rest_route=%2Fwp%2Fv2%2Fcomments&post=12282"}],"version-history":[{"count":1,"href":"https:\/\/www.ladislavjakl.cz\/index.php?rest_route=\/wp\/v2\/posts\/12282\/revisions"}],"predecessor-version":[{"id":12283,"href":"https:\/\/www.ladislavjakl.cz\/index.php?rest_route=\/wp\/v2\/posts\/12282\/revisions\/12283"}],"wp:attachment":[{"href":"https:\/\/www.ladislavjakl.cz\/index.php?rest_route=%2Fwp%2Fv2%2Fmedia&parent=12282"}],"wp:term":[{"taxonomy":"category","embeddable":true,"href":"https:\/\/www.ladislavjakl.cz\/index.php?rest_route=%2Fwp%2Fv2%2Fcategories&post=12282"},{"taxonomy":"post_tag","embeddable":true,"href":"https:\/\/www.ladislavjakl.cz\/index.php?rest_route=%2Fwp%2Fv2%2Ftags&post=12282"}],"curies":[{"name":"wp","href":"https:\/\/api.w.org\/{rel}","templated":true}]}}