{"id":12286,"date":"2021-09-14T12:09:36","date_gmt":"2021-09-14T10:09:36","guid":{"rendered":"http:\/\/www.ladislavjakl.cz\/?p=12286"},"modified":"2021-09-14T12:09:36","modified_gmt":"2021-09-14T10:09:36","slug":"lkani-stareho-dedka-nebo-ne","status":"publish","type":"post","link":"https:\/\/www.ladislavjakl.cz\/?p=12286","title":{"rendered":"Lkan\u00ed star\u00e9ho d\u011bdka. Nebo ne?"},"content":{"rendered":"<div class=\"opener\">N\u00e1\u0161 sv\u011bt se m\u011bn\u00ed. Jsme sv\u011bdky n\u00e1stupu zdivo\u010del\u00e9ho progresivismu a p\u0159ed na\u0161ima o\u010dima prob\u00edhaj\u00edc\u00ed likvidace osv\u011bd\u010den\u00fdch spole\u010densk\u00fdch struktur, ctnost\u00ed a individu\u00e1ln\u00edch svobod.<\/div>\n<p><!--more--><\/p>\n<div id=\"art-text\" class=\"text\">\n<p>A co v\u00edc, proces t\u00e9to zm\u011bny se st\u00e1le urychluje. U\u017e nepostupuje sal\u00e1movou metodou, metodou va\u0159en\u00e9 \u017e\u00e1by. Postupuje revolu\u010dn\u011b, bez zdr\u017eov\u00e1n\u00ed a velk\u00fdch diskus\u00ed. Odp\u016frci jsou uml\u010dov\u00e1ni a spole\u010densky likvidov\u00e1ni. Liber\u00e1ln\u00ed levice, pokrok\u00e1\u0159i, n\u00e1m vnucuj\u00ed svou agendu v\u0161emi cestami. Jejich propaganda na n\u00e1s \u00fato\u010d\u00ed v ka\u017ed\u00e9 druh\u00e9 televizn\u00ed reklam\u011b, d\u011btsk\u00e9m po\u0159adu, v um\u011bn\u00ed celkov\u011b, v \u010dinnosti n\u00e1tlakov\u00fdch a z\u00e1jmov\u00fdch aktivistick\u00fdch seskupen\u00ed, prost\u0159ednictv\u00edm politiky bank a dal\u0161\u00edch korporac\u00ed.<\/p>\n<p>Politick\u00e1 sc\u00e9na p\u0159ed nimi zbab\u011ble couv\u00e1 nebo dokonce jejich agendu sna\u017eiv\u011b podporuje. Progresivist\u00e9 postupuj\u00ed skute\u010dn\u011b totalit\u00e1rn\u011b. Zvykli jsme si tento term\u00edn nadu\u017e\u00edvat, ale on se nehod\u00ed pro ka\u017edou nesvobodu, pro ka\u017edou diktaturu. Mnoh\u00e9 diktatury minulosti si vysta\u010dily s politickou a ekonomickou moc\u00ed, pop\u0159\u00edpad\u011b s ovl\u00e1dnut\u00edm n\u00e1stroj\u016f propagandy. Ale nem\u011bly v\u017edy ambici zasahovat tak pln\u011b do hloubky, jak to vid\u00edme dnes, tedy i do mezilidsk\u00fdch a rodinn\u00fdch vztah\u016f a do podstaty individu\u00e1ln\u00ed identity. Nastupuj\u00edc\u00ed moc takovou ambici m\u00e1. Zasahovat i do intimna, do soukrom\u00e9ho \u017eivota, do my\u0161len\u00ed, do ryze osobn\u00edch d\u016fv\u011brn\u00fdch vztah\u016f. Tedy \u00fapln\u011b (tot\u00e1ln\u011b) do v\u0161ech str\u00e1nek lidsk\u00e9ho \u017eivota a lidsk\u00e9 podstaty. Proto se ve skute\u010dnosti teprve na ni beze zbytku hod\u00ed term\u00edn totalit\u00e1rn\u00ed.<\/p>\n<p>V\u0161ichni to vid\u00edme. Pro star\u00fd dobr\u00fd sv\u011bt u\u017e nen\u00ed m\u00edsto. A te\u010f se zastav\u00edm. Ano, m\u00e1te pravdu. Je to lkan\u00ed star\u00e9ho ple\u0161at\u00e9ho d\u011bdka. Lkan\u00ed tolik podobn\u00e9 t\u011bm, jak\u00e9 od starc\u016f, neschopn\u00fdch se p\u0159izp\u016fsobit pokroku, zazn\u00edvalo nejm\u00e9n\u011b od \u010das\u016f Ciceronov\u00fdch v podob\u011b bolestn\u00e9ho v\u00fdk\u0159iku \u201eo tempora, o mores\u201c. A nejm\u00e9n\u011b od t\u011bch dob (ur\u010dit\u011b ale u\u017e mnohem d\u0159\u00edve) tu v\u017edy byla nezveden\u00e1 ml\u00e1de\u017e i pohor\u0161en\u00e1 star\u0161\u00ed generace, kter\u00e9 nezb\u00fdvalo ne\u017e jen spr\u00e1sknout ruce. Je tu ale jeden rozd\u00edl. A kv\u016fli n\u011bmu \u010dtete tyto \u0159\u00e1dky. Ne kv\u016fli stodvac\u00e1t\u00e9tis\u00edc\u00edosmist\u00e9devades\u00e1t\u00e9druh\u00e9 lamentaci nad \u00fapadkem sv\u011bta.<\/p>\n<p>Je tu toti\u017e jeden rozd\u00edl. Rozd\u00edl podstatn\u00fd. Nejen v tom, \u017ee skute\u010dn\u00e9 rebelantstv\u00ed je nutn\u011b spojen\u00e9 s ochotou a p\u0159ipravenost\u00ed sn\u00e1\u0161et d\u016fsledky, \u00fastrky, tresty, dopady, ostrakizaci, s odhodl\u00e1n\u00edm p\u0159in\u00e1\u0161et ob\u011bti. Nic takov\u00e9ho dne\u0161n\u00ed rozmazlen\u00ed revolucion\u00e1\u0159i neriskuj\u00ed. Je tu ale je\u0161t\u011b podstatn\u011bj\u0161\u00ed rozd\u00edl. Ano, v\u017edy se ml\u00e1de\u017e bou\u0159ila proti panuj\u00edc\u00edm pom\u011br\u016fm a po\u0159\u00e1dk\u016fm. Ka\u017ed\u00e1 nov\u00e1 generace se cht\u011bla vymknout st\u00e1vaj\u00edc\u00edm pravidl\u016fm a dosavadn\u00edmu uspo\u0159\u00e1d\u00e1n\u00ed sv\u011bta. I ta moje. I mn\u011b by mohl leckdo vm\u00e9st do tv\u00e1\u0159e m\u00e9 undergroundov\u00e9 m\u00e1ni\u010dkov\u00e9 ml\u00e1d\u00ed, ze kter\u00e9ho jsem je\u0161t\u011b nestihl tak \u00fapln\u011b vyr\u016fst.<\/p>\n<p>Ano. I my jsme se bou\u0159ili, i my jsme neposlouchali, i my jsme necht\u011bli respektovat spole\u010densk\u00e9 konvence. Ale pro\u010d? Z\u010d\u00e1sti jist\u011b i z nepochopen\u00ed. Ale hlavn\u011b kv\u016fli tomu, \u017ee jsme si cht\u011bli \u017e\u00edt posv\u00e9m. Jako cht\u011bly v\u0161echny generace bu\u0159i\u010d\u016f p\u0159ed n\u00e1mi. A v tom je ten obrovsk\u00fd rozd\u00edl oproti dne\u0161ku.<\/p>\n<p>My jsme star\u0161\u00edm generac\u00edm nevnucovali ten sv\u016fj \u017eivotn\u00ed styl, sv\u016fj zp\u016fsob \u017eivota, sv\u016fj bigb\u00edt, sv\u00e9 oble\u010den\u00ed, vlasy, n\u00e1zory. Zato sou\u010dasn\u00fdm revolucion\u00e1\u0159\u016fm nejde o to, aby si oni mohli \u017e\u00edt podle sv\u00e9ho. V tom jim nikdo nebr\u00e1n\u00ed. Oni cht\u011bj\u00ed sv\u00e9 p\u0159edstavy o \u017eivot\u011b vnutit i n\u00e1m v\u0161em ostatn\u00edm. My jsme \u017eili tak trochu podle hesla jednoho z nejlevicov\u011bj\u0161\u00edch muzikant\u016f 70. let Johnyho Rottena, kter\u00fd se \u2013 paradoxn\u011b pr\u00e1v\u011b on \u2013 jist\u00fdm kouzlem necht\u011bn\u00e9ho dopustil snad nejkonzervativn\u011bj\u0161\u00edho v\u00fdroku v d\u011bjin\u00e1ch, kdy\u017e na ot\u00e1zku, jestli si mysl\u00ed, \u017ee sv\u00fdmi p\u00edsn\u011bmi zm\u011bn\u00ed sv\u011bt, odpov\u011bd\u011bl: \u201cale j\u00e1 nechci m\u011bnit sv\u011bt, j\u00e1 se jen sna\u017e\u00edm, aby sv\u011bt nezm\u011bnil mne\u201c.<\/p>\n<p>Dne\u0161n\u00ed revolucion\u00e1\u0159i ale sv\u011bt m\u011bnit cht\u011bj\u00ed. Ne kv\u016fli tomu, aby si mohli \u017e\u00edt podle sv\u00e9ho, ale kv\u016fli bohorovn\u00e9mu p\u0159esv\u011bd\u010den\u00ed, \u017ee i v\u0161ichni ostatn\u00ed lid\u00e9 \u2013 mlad\u00ed i sta\u0159\u00ed \u2013 maj\u00ed od nyn\u011bj\u0161ka \u017e\u00edt podle nov\u00fdch revolu\u010dn\u00edch p\u0159edstav. Tihle progresivist\u00e9 nechr\u00e1n\u00ed sv\u016fj zp\u016fsob \u017eivota, oni \u00fato\u010d\u00ed na n\u00e1\u0161, oni cht\u011bj\u00ed m\u011bnit n\u00e1s, na\u0161e \u017eivoty, cht\u011bj\u00ed vl\u00e1dnout sv\u011btu a vnucovat mu sv\u00e9 po\u0159\u00e1dky.<\/p>\n<p>Tak\u017ee pokud dnes prob\u00edhaj\u00edc\u00ed revoluce n\u011bkomu vad\u00ed, nen\u00ed to jen lkan\u00ed tis\u00edc\u00ed generace nad novou dal\u0161\u00ed nezvedenou dobou. A pokud s onou revoluc\u00ed n\u011bkdo bojuje, nen\u00ed to jen projev zastydl\u00e9ho lp\u011bn\u00ed na p\u0159ekonan\u00fdch sch\u00e9matech \u017eit\u00ed. Je to obrana svobody \u017e\u00edt si ve sv\u00e9m norm\u00e1ln\u00edm sv\u011bt\u011b.<\/p>\n<\/div>\n<p><a href=\"https:\/\/jakl.blog.idnes.cz\/blog.aspx?c=775513\">Zdroj<\/a><\/p>\n","protected":false},"excerpt":{"rendered":"<p>N\u00e1\u0161 sv\u011bt se m\u011bn\u00ed. Jsme sv\u011bdky n\u00e1stupu zdivo\u010del\u00e9ho progresivismu a p\u0159ed na\u0161ima o\u010dima prob\u00edhaj\u00edc\u00ed likvidace osv\u011bd\u010den\u00fdch spole\u010densk\u00fdch struktur, ctnost\u00ed a individu\u00e1ln\u00edch svobod.<\/p>\n","protected":false},"author":1,"featured_media":0,"comment_status":"open","ping_status":"open","sticky":false,"template":"","format":"standard","meta":{"ngg_post_thumbnail":0,"footnotes":""},"categories":[1],"tags":[],"class_list":["post-12286","post","type-post","status-publish","format-standard","hentry","category-publikovane-clanky"],"_links":{"self":[{"href":"https:\/\/www.ladislavjakl.cz\/index.php?rest_route=\/wp\/v2\/posts\/12286","targetHints":{"allow":["GET"]}}],"collection":[{"href":"https:\/\/www.ladislavjakl.cz\/index.php?rest_route=\/wp\/v2\/posts"}],"about":[{"href":"https:\/\/www.ladislavjakl.cz\/index.php?rest_route=\/wp\/v2\/types\/post"}],"author":[{"embeddable":true,"href":"https:\/\/www.ladislavjakl.cz\/index.php?rest_route=\/wp\/v2\/users\/1"}],"replies":[{"embeddable":true,"href":"https:\/\/www.ladislavjakl.cz\/index.php?rest_route=%2Fwp%2Fv2%2Fcomments&post=12286"}],"version-history":[{"count":1,"href":"https:\/\/www.ladislavjakl.cz\/index.php?rest_route=\/wp\/v2\/posts\/12286\/revisions"}],"predecessor-version":[{"id":12287,"href":"https:\/\/www.ladislavjakl.cz\/index.php?rest_route=\/wp\/v2\/posts\/12286\/revisions\/12287"}],"wp:attachment":[{"href":"https:\/\/www.ladislavjakl.cz\/index.php?rest_route=%2Fwp%2Fv2%2Fmedia&parent=12286"}],"wp:term":[{"taxonomy":"category","embeddable":true,"href":"https:\/\/www.ladislavjakl.cz\/index.php?rest_route=%2Fwp%2Fv2%2Fcategories&post=12286"},{"taxonomy":"post_tag","embeddable":true,"href":"https:\/\/www.ladislavjakl.cz\/index.php?rest_route=%2Fwp%2Fv2%2Ftags&post=12286"}],"curies":[{"name":"wp","href":"https:\/\/api.w.org\/{rel}","templated":true}]}}