{"id":12311,"date":"2021-09-29T10:16:45","date_gmt":"2021-09-29T08:16:45","guid":{"rendered":"http:\/\/www.ladislavjakl.cz\/?p=12311"},"modified":"2021-09-29T10:17:01","modified_gmt":"2021-09-29T08:17:01","slug":"ladislav-jakl-v-deniku-mfdnes-bitva-o-dul-turow-dva-se-perou-treti-se-smeje","status":"publish","type":"post","link":"https:\/\/www.ladislavjakl.cz\/?p=12311","title":{"rendered":"Ladislav Jakl v den\u00edku MFDnes \u2013 Bitva o d\u016fl Tur\u00f3w: dva se perou, t\u0159et\u00ed se sm\u011bje"},"content":{"rendered":"<p>Obr\u00e1zek uvnit\u0159 \u010dl\u00e1nku!<\/p>\n<p><!--more--><\/p>\n<p><a href=\"https:\/\/www.ladislavjakl.cz\/wp-content\/uploads\/2021\/09\/mf.jpeg\"><img loading=\"lazy\" decoding=\"async\" class=\"alignnone wp-image-12312 \" src=\"https:\/\/www.ladislavjakl.cz\/wp-content\/uploads\/2021\/09\/mf.jpeg\" alt=\"\" width=\"525\" height=\"394\" srcset=\"https:\/\/www.ladislavjakl.cz\/wp-content\/uploads\/2021\/09\/mf.jpeg 1440w, https:\/\/www.ladislavjakl.cz\/wp-content\/uploads\/2021\/09\/mf-264x198.jpeg 264w, https:\/\/www.ladislavjakl.cz\/wp-content\/uploads\/2021\/09\/mf-900x675.jpeg 900w, https:\/\/www.ladislavjakl.cz\/wp-content\/uploads\/2021\/09\/mf-768x576.jpeg 768w\" sizes=\"auto, (max-width: 525px) 100vw, 525px\" \/><\/a><\/p>\n","protected":false},"excerpt":{"rendered":"<p>Obr\u00e1zek uvnit\u0159 \u010dl\u00e1nku!<\/p>\n","protected":false},"author":1,"featured_media":0,"comment_status":"open","ping_status":"open","sticky":false,"template":"","format":"standard","meta":{"ngg_post_thumbnail":0,"footnotes":""},"categories":[1],"tags":[],"class_list":["post-12311","post","type-post","status-publish","format-standard","hentry","category-publikovane-clanky"],"_links":{"self":[{"href":"https:\/\/www.ladislavjakl.cz\/index.php?rest_route=\/wp\/v2\/posts\/12311","targetHints":{"allow":["GET"]}}],"collection":[{"href":"https:\/\/www.ladislavjakl.cz\/index.php?rest_route=\/wp\/v2\/posts"}],"about":[{"href":"https:\/\/www.ladislavjakl.cz\/index.php?rest_route=\/wp\/v2\/types\/post"}],"author":[{"embeddable":true,"href":"https:\/\/www.ladislavjakl.cz\/index.php?rest_route=\/wp\/v2\/users\/1"}],"replies":[{"embeddable":true,"href":"https:\/\/www.ladislavjakl.cz\/index.php?rest_route=%2Fwp%2Fv2%2Fcomments&post=12311"}],"version-history":[{"count":2,"href":"https:\/\/www.ladislavjakl.cz\/index.php?rest_route=\/wp\/v2\/posts\/12311\/revisions"}],"predecessor-version":[{"id":12314,"href":"https:\/\/www.ladislavjakl.cz\/index.php?rest_route=\/wp\/v2\/posts\/12311\/revisions\/12314"}],"wp:attachment":[{"href":"https:\/\/www.ladislavjakl.cz\/index.php?rest_route=%2Fwp%2Fv2%2Fmedia&parent=12311"}],"wp:term":[{"taxonomy":"category","embeddable":true,"href":"https:\/\/www.ladislavjakl.cz\/index.php?rest_route=%2Fwp%2Fv2%2Fcategories&post=12311"},{"taxonomy":"post_tag","embeddable":true,"href":"https:\/\/www.ladislavjakl.cz\/index.php?rest_route=%2Fwp%2Fv2%2Ftags&post=12311"}],"curies":[{"name":"wp","href":"https:\/\/api.w.org\/{rel}","templated":true}]}}