{"id":12326,"date":"2021-10-05T15:05:41","date_gmt":"2021-10-05T13:05:41","guid":{"rendered":"http:\/\/www.ladislavjakl.cz\/?p=12326"},"modified":"2021-10-05T15:05:41","modified_gmt":"2021-10-05T13:05:41","slug":"spor-o-turow-nekrmme-tu-bestii","status":"publish","type":"post","link":"https:\/\/www.ladislavjakl.cz\/?p=12326","title":{"rendered":"SPOR O TUR\u00d3W: Nekrmme tu bestii!"},"content":{"rendered":"<p>Dva se perou, t\u0159et\u00ed se sm\u011bje. Tohle star\u00e9 r\u010den\u00ed v\u00fdte\u010dn\u011b plat\u00ed pro spor mezi uheln\u00fdm dolem Tur\u00f3w v polsk\u00e9m Slezsku a obyvateli \u010desk\u00fdch obc\u00ed v bl\u00edzk\u00e9m sousedstv\u00ed. Pere se \u010cesko s Polskem, sm\u011bje se Brusel.<\/p>\n<p><!--more--><\/p>\n<p>Tur\u00f3w je velk\u00fd povrchov\u00fd d\u016fl, u jak\u00fdch lze v\u017edy zaznamenat velk\u00fd dopad na okol\u00ed. Mnoz\u00ed obyvatel\u00e9 obc\u00ed mezi Hr\u00e1dkem nad Nisou a Fr\u00fddlantem si st\u011b\u017euj\u00ed zejm\u00e9na na pokles spodn\u00ed vody a vysychaj\u00edc\u00ed studny. Majitel\u00e9 a zam\u011bstnanci dolu zase argumentuj\u00ed t\u00edm, \u017ee \u00fajmu poci\u0165uj\u00ed stovky obyvatel na obou stran\u00e1ch hranice, zat\u00edmco d\u016fl z\u00e1sobuje energi\u00ed a teplem t\u00e9m\u011b\u0159 dva miliony lid\u00ed a zam\u011bstn\u00e1v\u00e1 tis\u00edce lid\u00ed p\u0159\u00edmo a dal\u0161\u00ed tis\u00edce nep\u0159\u00edmo. Cena uhl\u00ed i elekt\u0159iny raketov\u011b stoup\u00e1 a p\u0159\u00ed\u010dinou jsou pr\u00e1v\u011b administrativn\u00ed omezen\u00ed t\u011b\u017eby. Zastavit v takov\u00e9 konstelaci t\u011b\u017ebu i zde by bylo jako pod\u0159\u00edznout slepici, co sn\u00e1\u0161\u00ed zlat\u00e1&nbsp;vejce.<\/p>\n<p>Z polsk\u00e9 strany zazn\u00edvaj\u00ed hlasy, \u017ee \u010desk\u00fd st\u00e1t se do sporu vlo\u017eil kv\u016fli tomu, \u017ee chce Pol\u00e1k\u016fm omezit zdroje energie, aby ji pak mohl Polsku draze prod\u00e1vat. \u010cesk\u00fd st\u00e1t zase nem\u016f\u017ee ignorovat hlasy znepokojen\u00e9 ve\u0159ejnosti Fr\u00fddlantsk\u00e9ho v\u00fdb\u011b\u017eku, zvl\u00e1\u0161t\u011b t\u011bsn\u011b p\u0159ed volbami.<\/p>\n<p>A\u017e potud je spor celkem pochopiteln\u00fd. Ostatn\u011b, v r\u016fzn\u00fdch podob\u00e1ch se vyskytuje po cel\u00e9m sv\u011bt\u011b v okol\u00ed jak\u00e9hokoli velk\u00e9ho podniku nebo ve\u0159ejn\u011b prosp\u011b\u0161n\u00e9 infrastrukturn\u00ed stavby. Jev, popisovan\u00fd jako NIMBY (jen ne na m\u00e9m zadn\u00edm dvorku), je schopen rozpoutat v\u00e1\u0161n\u011b kdekoli, kde maj\u00ed lid\u00e9 pocit, \u017ee jist\u00e1 \u010dinnost je mo\u017en\u00e1 obecn\u011b u\u017eite\u010dn\u00e1, ale a\u0165 si ji provozuj\u00ed n\u011bkde jinde.<\/p>\n<p>Nakonec takov\u00fd spor v\u011bt\u0161inou kon\u010d\u00ed n\u011bjakou formou sm\u00edru. Sm\u00edru, kter\u00fd doty\u010dn\u00e1 firma nebo investuj\u00edc\u00ed st\u00e1t protestuj\u00edc\u00edm po\u0159\u00e1dn\u011b zaplat\u00ed. Spole\u010dnosti, kter\u00e9 podnikaj\u00ed s rozvahou, s t\u00edmto jevem po\u010d\u00edtaj\u00ed u\u017e p\u0159edem a v\u010das vy\u010dle\u0148uj\u00ed vysok\u00e9 \u010d\u00e1stky na podporu m\u00edstn\u00ed infrastruktury, civiln\u00edho \u017eivota, ve\u0159ejn\u00fdch akc\u00ed, zkr\u00e1tka pe\u010duj\u00ed o sv\u00e9 dobr\u00e9 jm\u00e9no v m\u00edst\u011b, i kdyby to m\u011blo p\u0159ij\u00edt draho. Spory toti\u017e p\u0159ijdou obvykle mnohem dr\u00e1\u017e.<\/p>\n<p>U p\u0159eshrani\u010dn\u00edho sporu to b\u00fdv\u00e1 trochu slo\u017eit\u011bj\u0161\u00ed. Do v\u011bci vstupuj\u00ed jak radik\u00e1ln\u00ed patrioti na obou stran\u00e1ch, tak velk\u00e1 st\u00e1tn\u00ed ma\u0161in\u00e9rie tak\u00e9 na obou stran\u00e1ch. Ale po\u0159\u00e1d jde o spor bilater\u00e1ln\u00ed a \u0159e\u0161iteln\u00fd tak\u00e9 bilater\u00e1ln\u011b. D\u00e1 to asi dost pr\u00e1ci, ale nelze nic jin\u00e9ho ne\u017e jednat, po\u017eadovat, jednat, po\u017eadovat. A b\u00fdt ochoten i ke kompromisu. Pol\u00e1ci m\u011bli b\u00fdt vst\u0159\u00edcn\u011bj\u0161\u00ed k po\u017eadavk\u016fm na kompenzaci, \u010ce\u0161i zase nem\u011bli lp\u011bt na jedin\u00e9m \u0159e\u0161en\u00ed: zav\u0159\u00edt. Ale oboj\u00ed bylo p\u0159i jist\u00e9 snaze p\u0159ekonateln\u00e9.<\/p>\n<p>Trag\u00e9die nastala v moment\u011b, kdy se \u010desk\u00fd st\u00e1t obr\u00e1til na Soudn\u00ed dv\u016fr Evropsk\u00e9 unie. A Brusel zaj\u00e1sal, \u017ee z\u00edskal bi\u010d na ob\u011b zem\u011b. Marn\u011b se premi\u00e9r Babi\u0161 kas\u00e1, \u017ee nep\u0159ijme \u017e\u00e1dn\u00e9 kv\u00f3ty pro migranty, \u017ee nep\u0159ijme z\u00e1kaz spalovac\u00edch motor\u016f, \u017ee neustoup\u00ed Bruselu v tom \u010di onom. Ale p\u0159ijme. Ale ustoup\u00ed. P\u0159ijme a ustoup\u00ed, proto\u017ee dal p\u0159enesen\u00edm dvoustrann\u00e9ho sporu na bruselskou p\u016fdu (bez ohledu na to, \u017ee onen soudn\u00ed dv\u016fr je deta\u0161ov\u00e1n do Lucemburku) moc rozhodovat o na\u0161ich v\u011bcech do ciz\u00edch rukou. \u010cesk\u00fd st\u00e1t sv\u00fdm \u017ealov\u00e1n\u00edm uznal, \u017ee nen\u00ed svrchovanou zem\u00ed a \u017ee se nap\u0159\u00ed\u0161t\u011b o \u010demkoli bude rozhodovat o n\u00e1s bez n\u00e1s.<\/p>\n<p>Soudn\u00ed dv\u016fr napa\u0159il Polsku pokutu t\u0159in\u00e1ct milion\u016f korun denn\u011b. Je to, jako kdyby ka\u017ed\u00fd ze zam\u011bstnanc\u016f m\u011bl platit dva tis\u00edce ze sv\u00e9 denn\u00ed mzdy. Jist\u011b\u017ee to nebudou p\u0159\u00edmo platit zam\u011bstnanci, ale jak\u00e9koli dodate\u010dn\u00e9 n\u00e1klady pro firmu se nutn\u011b prom\u00edtnou i do schopnosti dob\u0159e platit sv\u00fdm zam\u011bstnanc\u016fm a tak\u00e9 do cen produktu pro z\u00e1kazn\u00edky. Lze o\u010dek\u00e1vat, \u017ee Polsko v dohledn\u00e9 dob\u011b nic platit nebude a naopak \u017ee se bude soudit aspo\u0148 deset let.<\/p>\n<p>Spor, jeho\u017e j\u00e1dro je prim\u00e1rn\u011b ekonomick\u00e9 (kompenzace \u0161kod), tak zcela jist\u011b v\u00e1\u017en\u011b po\u0161kod\u00ed sousedsk\u00e9 a spojeneck\u00e9 vztahy mezi ob\u011bma zem\u011bmi. Ale nejen to. Lze \u010dekat r\u016fzn\u00e9 odvety a schv\u00e1lnosti z polsk\u00e9 strany. Ani to by v\u0161ak je\u0161t\u011b nebylo to nejhor\u0161\u00ed.<\/p>\n<p>Lze bohu\u017eel toti\u017e \u010dekat i to, \u017ee na stole Soudn\u00edho dvora EU brzy skon\u010d\u00ed \u017ealoba na \u010desk\u00fd st\u00e1t nap\u0159\u00edklad za ho\u0159\u00edc\u00ed skl\u00e1dku v He\u0159manic\u00edch, odkud odt\u00e9k\u00e1 kontaminovan\u00e1 voda do Odry a d\u00e1l do Polska. I tento probl\u00e9m je technicky, pr\u00e1vn\u011b i finan\u010dn\u011b \u0159e\u0161iteln\u00fd bilater\u00e1ln\u011b, ale kdy\u017e \u017ealuje jeden, inspiruje to i druh\u00e9ho. Pol\u00e1ci t\u00edm po\u0161kod\u00ed i sami sebe, proto\u017ee dobrovoln\u011b oslab\u00ed svou pozici v\u016f\u010di bruselsk\u00e9 vrchnosti t\u00edm, \u017ee z n\u00ed u\u010din\u00ed opr\u00e1vn\u011bn\u00e9ho soudce nad sv\u00fdmi v\u011bcmi, tedy i v kauz\u00e1ch, kde u\u017e dnes \u010del\u00ed bruselsk\u00e9mu n\u00e1tlaku. A tak ob\u011b zem\u011b ne\u0161\u0165astn\u011b krm\u00ed onoho euroleviathana, kter\u00fd vd\u011b\u010dn\u011b shltne ka\u017ed\u00e9 sousto, aby nakonec ukousl i ruku, je\u017e ho krmila.<\/p>\n<p>Ne\u017ealujme do Bruselu. Na sousedy ani na na\u0161e dom\u00e1c\u00ed pot\u00ed\u017eisty. Nekrmme tu bestii. Sv\u00e9 probl\u00e9my si \u0159e\u0161me sami, pop\u0159\u00edpad\u011b se sv\u00fdm sousedem. \u017dalov\u00e1n\u00edm do Bruselu odevzd\u00e1v\u00e1me do ciz\u00edch rukou zbra\u0148, kter\u00e1 bude brzo pou\u017eita proti n\u00e1m.<\/p>\n<p><i>Vy\u0161lo 24. 9. v MFDnes<\/i><\/p>\n<p><a href=\"http:\/\/www.institutvk.cz\/\" target=\"_blank\" rel=\"noopener\">Institut VK<\/a> | Ladislav Jakl<\/p>\n<p><a href=\"https:\/\/neviditelnypes.lidovky.cz\/politika\/spor-o-turow-nekrmme-tu-bestii.A210927_175142_p_politika_wag\">Zdroj<\/a><\/p>\n","protected":false},"excerpt":{"rendered":"<p>Dva se perou, t\u0159et\u00ed se sm\u011bje. Tohle star\u00e9 r\u010den\u00ed v\u00fdte\u010dn\u011b plat\u00ed pro spor mezi uheln\u00fdm dolem Tur\u00f3w v polsk\u00e9m Slezsku a obyvateli \u010desk\u00fdch obc\u00ed v bl\u00edzk\u00e9m sousedstv\u00ed. Pere se \u010cesko s Polskem, sm\u011bje se Brusel.<\/p>\n","protected":false},"author":1,"featured_media":0,"comment_status":"open","ping_status":"open","sticky":false,"template":"","format":"standard","meta":{"ngg_post_thumbnail":0,"footnotes":""},"categories":[1],"tags":[],"class_list":["post-12326","post","type-post","status-publish","format-standard","hentry","category-publikovane-clanky"],"_links":{"self":[{"href":"https:\/\/www.ladislavjakl.cz\/index.php?rest_route=\/wp\/v2\/posts\/12326","targetHints":{"allow":["GET"]}}],"collection":[{"href":"https:\/\/www.ladislavjakl.cz\/index.php?rest_route=\/wp\/v2\/posts"}],"about":[{"href":"https:\/\/www.ladislavjakl.cz\/index.php?rest_route=\/wp\/v2\/types\/post"}],"author":[{"embeddable":true,"href":"https:\/\/www.ladislavjakl.cz\/index.php?rest_route=\/wp\/v2\/users\/1"}],"replies":[{"embeddable":true,"href":"https:\/\/www.ladislavjakl.cz\/index.php?rest_route=%2Fwp%2Fv2%2Fcomments&post=12326"}],"version-history":[{"count":1,"href":"https:\/\/www.ladislavjakl.cz\/index.php?rest_route=\/wp\/v2\/posts\/12326\/revisions"}],"predecessor-version":[{"id":12327,"href":"https:\/\/www.ladislavjakl.cz\/index.php?rest_route=\/wp\/v2\/posts\/12326\/revisions\/12327"}],"wp:attachment":[{"href":"https:\/\/www.ladislavjakl.cz\/index.php?rest_route=%2Fwp%2Fv2%2Fmedia&parent=12326"}],"wp:term":[{"taxonomy":"category","embeddable":true,"href":"https:\/\/www.ladislavjakl.cz\/index.php?rest_route=%2Fwp%2Fv2%2Fcategories&post=12326"},{"taxonomy":"post_tag","embeddable":true,"href":"https:\/\/www.ladislavjakl.cz\/index.php?rest_route=%2Fwp%2Fv2%2Ftags&post=12326"}],"curies":[{"name":"wp","href":"https:\/\/api.w.org\/{rel}","templated":true}]}}