{"id":12328,"date":"2021-10-05T15:13:49","date_gmt":"2021-10-05T13:13:49","guid":{"rendered":"http:\/\/www.ladislavjakl.cz\/?p=12328"},"modified":"2021-10-05T15:14:00","modified_gmt":"2021-10-05T13:14:00","slug":"tiskova-zprava-z-16-zasedani-2021-konaneho-dne-14-9-2021","status":"publish","type":"post","link":"https:\/\/www.ladislavjakl.cz\/?p=12328","title":{"rendered":"Tiskov\u00e1 zpr\u00e1va z 16. zased\u00e1n\u00ed 2021, konan\u00e9ho dne 14. 9. 2021"},"content":{"rendered":"<p>P\u0159\u00edtomni: Bou\u0161ka, Dohn\u00e1lkov\u00e1, Jakl, Jane\u010dek, Jehli\u010dka, Kr\u00e1lov\u00e1, K\u00f6ppl, Mace\u0161ka, Mencl, Nov\u00e1k, Petrov, Smol\u00edkov\u00e1, \u0160incl<\/p>\n<p><!--more--><br \/>\nOmluveni:<br \/>\nOv\u011b\u0159ovatel: Barto\u0161<br \/>\n1 RRTV\/2021\/708\/bla: Schv\u00e1len\u00ed programu 16. zased\u00e1n\u00ed 2021<br \/>\n&#8211; Rada schvaluje program ve zn\u011bn\u00ed projednan\u00fdch zm\u011bn<br \/>\n11-0-0<\/p>\n<p>2 RRTV\/2021\/590\/fia: AMC Networks Central Europe s.r.o. \/TV \/SPEKTRUM CZECH REPUBLIC \/ SLOVAKIA \/dru\u017eice \/\u0159\u00edzen\u00ed o ud\u011blen\u00ed licence &#8211; \u00fastn\u00ed jedn\u00e1n\u00ed dne 14. z\u00e1\u0159\u00ed 2021 ve 13.30 hodin<br \/>\n&#8211; Rada ud\u011bluje pr\u00e1vnick\u00e9 osob\u011b, spole\u010dnosti AMC Networks Central Europe s.r.o., I\u010c 271 12 501, se s\u00eddlem Praha 8 &#8211; Karl\u00edn, Pob\u0159e\u017en\u00ed 620\/3, PS\u010c 186 00, dle \u00a7 25 z\u00e1kona \u010d. 231\/2001 Sb., licenci k provozov\u00e1n\u00ed televizn\u00edho vys\u00edl\u00e1n\u00ed \u0161\u00ed\u0159en\u00e9ho prost\u0159ednictv\u00edm dru\u017eice na 12 let; ozna\u010den\u00ed (n\u00e1zev) programu: SPEKTRUM CZECH REPUBLIC \/ SLOVAKIA; z\u00e1kladn\u00ed programov\u00e1 specifikace: Program zam\u011b\u0159en\u00fd na vys\u00edl\u00e1n\u00ed z\u00e1bavn\u011b-vzd\u011bl\u00e1vac\u00edch dokument\u00e1rn\u00edch po\u0159ad\u016f vyroben\u00fdch zejm\u00e9na v USA, ale tak\u00e9 v Asii a v Evrop\u011b; v\u00fd\u010det st\u00e1t\u016f, na jejich\u017e \u00fazem\u00ed m\u00e1 b\u00fdt vys\u00edl\u00e1n\u00ed zcela nebo p\u0159ev\u00e1\u017en\u011b sm\u011b\u0159ov\u00e1no: \u010cesk\u00e1 republika, Slovensk\u00e1 republika; hlavn\u00ed jazyk vys\u00edl\u00e1n\u00ed: \u010desk\u00fd jazyk; \u010dasov\u00fd rozsah vys\u00edl\u00e1n\u00ed: 24 hodin denn\u011b, dle \u017e\u00e1dosti ze dne 12. \u010dervence 2021, \u010d.j.: RRTV\/8707\/2021-vra, ve zn\u011bn\u00ed \u017e\u00e1dosti ze dne 30. srpna 2021, \u010d.j.: RRTV\/10561\/2021-vra.<br \/>\n13-0-0<\/p>\n<p>&#8211; Rada informuje regula\u010dn\u00ed org\u00e1n \u010dlensk\u00e9ho st\u00e1t\u016f Evropsk\u00e9 unie, tj. Slovensk\u00e9 republiky, na jej\u00edm\u017e \u00fazem\u00ed bude televizn\u00ed vys\u00edl\u00e1n\u00ed zcela nebo p\u0159ev\u00e1\u017en\u011b sm\u011b\u0159ov\u00e1no o ud\u011blen\u00ed licence spole\u010dnosti AMC Networks Central Europe s.r.o., I\u010c 271 12 501, se s\u00eddlem Praha 8 &#8211; Karl\u00edn, Pob\u0159e\u017en\u00ed 620\/3, PS\u010c 186 00, k televizn\u00edmu vys\u00edl\u00e1n\u00ed programu SPEKTRUM CZECH REPUBLIC \/ SLOVAKIA, \u0161\u00ed\u0159en\u00e9ho prost\u0159ednictv\u00edm dru\u017eice se z\u00e1kladn\u00ed programovou specifikac\u00ed: Program zam\u011b\u0159en\u00fd na vys\u00edl\u00e1n\u00ed z\u00e1bavn\u011b-vzd\u011bl\u00e1vac\u00edch dokument\u00e1rn\u00edch po\u0159ad\u016f vyroben\u00fdch zejm\u00e9na v USA, ale tak\u00e9 v Asii a v Evrop\u011b.<br \/>\n13-0-0<\/p>\n<p>3 RRTV\/2021\/681\/fia: FTV Prima, spol. s r.o. \/TV \/Prima ? \/zemsk\u00e9 digit\u00e1ln\u00ed televizn\u00ed vys\u00edl\u00e1n\u00ed \u0161\u00ed\u0159en\u00e9 prost\u0159ednictv\u00edm vys\u00edla\u010d\u016f \/\u0159\u00edzen\u00ed o ud\u011blen\u00ed licence \/\u00fastn\u00ed jedn\u00e1n\u00ed dne 14. z\u00e1\u0159\u00ed 2021, ve 13.40 hodin<br \/>\n&#8211; Rada ud\u011bluje spole\u010dnosti FTV Prima, spol. s r.o., I\u010c: 481 15 908, se s\u00eddlem Vinohradsk\u00e1 3217\/167, Stra\u0161nice, 100 00 Praha 10, dle ustanoven\u00ed \u00a7 25 z\u00e1kona \u010d. 231\/2001 Sb. licenci k provozov\u00e1n\u00ed celoplo\u0161n\u00e9ho zemsk\u00e9ho digit\u00e1ln\u00edho televizn\u00edho vys\u00edl\u00e1n\u00ed \u0161\u00ed\u0159en\u00e9ho prost\u0159ednictv\u00edm vys\u00edla\u010d\u016f na 12 let; n\u00e1zev (ozna\u010den\u00ed) programu: Prima SHOW; z\u00e1kladn\u00ed programov\u00e1 specifikace: Tematick\u00fd z\u00e1bavn\u00ed program zam\u011b\u0159en\u00fd na mimoevropskou tvorbu. V\u00fd\u010det p\u0159eva\u017euj\u00edc\u00edch \u017e\u00e1nr\u016f: r\u016fzn\u00e9 form\u00e1ty \u017e\u00e1nru &#8222;reality&#8220;, r\u016fzn\u00e9 form\u00e1ty z\u00e1bavn\u00edch po\u0159ad\u016f; \u00fazemn\u00ed rozsah vys\u00edl\u00e1n\u00ed: \u010cesk\u00e1 republika; hlavn\u00ed jazyk vys\u00edl\u00e1n\u00ed: \u010desk\u00fd jazyk; \u010dasov\u00fd rozsah vys\u00edl\u00e1n\u00ed: 15 a\u017e 24 hodin denn\u011b; dle \u017e\u00e1dosti, ze dne 19. srpna 2021, \u010d.j.: RRTV\/10165\/2021-vra a up\u0159esn\u011bn\u00ed \u017e\u00e1dosti ze dne 3. z\u00e1\u0159\u00ed 2021, \u010d.j.: RRTV\/10690\/2021-vra.<br \/>\n13-0-0<\/p>\n<p>4 RRTV\/2021\/682\/fia: FTV Prima, spol. s r.o. \/TV \/Prima ? \/zvl\u00e1\u0161tn\u00ed p\u0159enosov\u00e9 syst\u00e9my \/\u0159\u00edzen\u00ed o ud\u011blen\u00ed licence \/\u00fastn\u00ed jedn\u00e1n\u00ed dne 14. z\u00e1\u0159\u00ed 2021, ve 13.50 hodin<br \/>\n&#8211; Rada ud\u011bluje pr\u00e1vnick\u00e9 osob\u011b, spole\u010dnosti FTV Prima, spol. s r.o., I\u010c: 481 15 908, se s\u00eddlem Vinohradsk\u00e1 3217\/167, Stra\u0161nice, 100 00 Praha 10, dle ustanoven\u00ed \u00a7 25 z\u00e1kona \u010d. 231\/2001 Sb. licenci k provozov\u00e1n\u00ed televizn\u00edho vys\u00edl\u00e1n\u00ed \u0161\u00ed\u0159en\u00e9ho prost\u0159ednictv\u00edm zvl\u00e1\u0161tn\u00edch p\u0159enosov\u00fdch syst\u00e9m\u016f na 12 let; ozna\u010den\u00ed (n\u00e1zev) programu: Prima SHOW; z\u00e1kladn\u00ed programov\u00e1 specifikace: Tematick\u00fd z\u00e1bavn\u00ed program zam\u011b\u0159en\u00fd na mimoevropskou tvorbu. V\u00fd\u010det p\u0159eva\u017euj\u00edc\u00edch \u017e\u00e1nr\u016f: r\u016fzn\u00e9 form\u00e1ty \u017e\u00e1nru &#8222;reality&#8220;, r\u016fzn\u00e9 form\u00e1ty z\u00e1bavn\u00edch po\u0159ad\u016f; \u010dasov\u00fd rozsah vys\u00edl\u00e1n\u00ed: 15 a\u017e 24 hodin denn\u011b; v\u00fd\u010det st\u00e1t\u016f, na jejich\u017e \u00fazem\u00ed m\u00e1 b\u00fdt vys\u00edl\u00e1n\u00ed zcela nebo p\u0159ev\u00e1\u017en\u011b sm\u011b\u0159ov\u00e1no: \u010cesk\u00e1 republika; hlavn\u00ed jazyk vys\u00edl\u00e1n\u00ed: \u010desk\u00fd jazyk; identifikace p\u0159enosov\u00e9ho syst\u00e9mu: d\u00e1lkov\u00fd p\u0159\u00edstup &#8211; internet; informace o p\u0159\u00edstupu k vys\u00edl\u00e1n\u00ed: www.iprima.cz, p\u0159\u00edpadn\u011b jin\u00e1 webov\u00e1 str\u00e1nka provozovan\u00e1 na dom\u00e9n\u011b druh\u00e9ho \u0159\u00e1du; v rozsahu \u017e\u00e1dosti ze dne 19. srpna 2021, \u010d.j.: RRTV\/10166\/2021-vra, ve zn\u011bn\u00ed up\u0159esn\u011bn\u00ed \u017e\u00e1dosti ze dne 3. z\u00e1\u0159\u00ed 2021, \u010d.j.: RRTV\/10689\/2021-vra.<br \/>\n12-0-0<\/p>\n<p>5 RRTV\/2021\/661\/blu: MEDIA BOHEMIA a.s.\/Hitr\u00e1dio FM (Ru-121-02)\/RV\/zm\u011bna licence \u00a7 21 odst. 1 p\u00edsm. a) &#8211; rozhodnut\u00ed<br \/>\n&#8211; Rada pro rozhlasov\u00e9 a televizn\u00ed vys\u00edl\u00e1n\u00ed (d\u00e1le jen \u201eRada\u201c) v souladu s ustanoven\u00edm \u00a7 5 p\u00edsm. b), \u00a7 21 odst. 1 p\u00edsm. a) a \u00a7 21 odst. 3 z\u00e1kona \u010d. 231\/2001 Sb., o provozov\u00e1n\u00ed rozhlasov\u00e9ho a televizn\u00edho vys\u00edl\u00e1n\u00ed a o zm\u011bn\u011b dal\u0161\u00edch z\u00e1kon\u016f, v platn\u00e9m zn\u011bn\u00ed (d\u00e1le jen \u201ez\u00e1kon \u010d. 231\/2001 Sb.\u201c), a ustanoven\u00edm \u00a7 67 a n\u00e1sl. z\u00e1kona \u010d. 500\/2004 Sb., spr\u00e1vn\u00edho \u0159\u00e1du, v platn\u00e9m zn\u011bn\u00ed (d\u00e1le jen \u201ez\u00e1kon \u010d. 500\/2004 Sb.\u201c), vydala toto rozhodnut\u00ed: Rada ud\u011bluje provozovateli MEDIA BOHEMIA, a.s., I\u010c: 267 65 586, se s\u00eddlem B\u011blehradsk\u00e1 299\/132, PS\u010c 120 00 Praha, souhlas se zm\u011bnou skute\u010dnost\u00ed uveden\u00fdch v \u017e\u00e1dosti o licenci k provozov\u00e1n\u00ed rozhlasov\u00e9ho vys\u00edl\u00e1n\u00ed programu (licence \u010d.j. Ru\/121\/02 ze dne 28. kv\u011btna 2002) ) podle ustanoven\u00ed \u00a7 21 odst. 1 p\u00edsm. a) z\u00e1kona \u010d. 231\/2001 Sb., spo\u010d\u00edvaj\u00edc\u00ed ve zm\u011bn\u011b n\u00e1zvu programu na nov\u00fd n\u00e1zev Hitr\u00e1dio North Music, nebo\u0165 tato zm\u011bna by nevedla k neud\u011blen\u00ed licence na z\u00e1klad\u011b ve\u0159ejn\u00e9ho sly\u0161en\u00ed.<br \/>\n13-0-0<\/p>\n<p>6 RRTV\/2021\/668\/str: EVROPA 2, s.r.o.\/Evropa 2\/RV\/prodlou\u017een\u00ed licence (sp. zn. 2015\/579\/zab, \u010d.j. RRTV\/738\/2016-SPM ze dne 1.3.2016)<br \/>\n&#8211; Rada pro rozhlasov\u00e9 a televizn\u00ed vys\u00edl\u00e1n\u00ed (d\u00e1le jen \u201eRada\u201c) podle ustanoven\u00ed \u00a7 5 p\u00edsm. b) z\u00e1kona \u010d. 231\/2001 Sb., o provozov\u00e1n\u00ed rozhlasov\u00e9ho a televizn\u00edho vys\u00edl\u00e1n\u00ed (d\u00e1le jen \u201ez\u00e1kon \u010d. 231\/2001 Sb.\u201c) a v souladu s ustanoven\u00edm \u00a7 67 a n\u00e1sl. z\u00e1kona \u010d. 500\/2004 Sb. spr\u00e1vn\u00edho \u0159\u00e1du, vyd\u00e1v\u00e1 toto rozhodnut\u00ed: Rada podle ustanoven\u00ed \u00a7 12 odst. 8 z\u00e1kona \u010d. 231\/2001 Sb. prodlu\u017euje provozovateli EVROPA 2, spol. s r.o., I\u010c:158 91 283, se s\u00eddlem Wenzigova 4\/1872, PS\u010c 120 00 Praha, dobu platnosti licence ud\u011blen\u00e9 rozhodnut\u00edm Rady sp. zn. 2015\/579\/zab, \u010d.j. RRTV\/738\/2016-SPM ze dne 1.3.2016 k rozhlasov\u00e9mu vys\u00edl\u00e1n\u00ed programu Evropa 2 prost\u0159ednictv\u00edm vys\u00edla\u010d\u016f na kmito\u010dtu D\u011b\u010d\u00edn 92,7 MHz \/ 1 kW do 10. \u0159\u00edjna 2025.<br \/>\n13-0-0<\/p>\n<p>7 RRTV\/2021\/690\/blu: PEARS HEALTH CYBER s.r.o.\/LONDA spol. s r.o.\/Rock Zone 105,9\/RV\/15. 6. 2021 &#8211; \u0159\u00edzen\u00ed o p\u0159estupku &#8211; zah\u00e1jen\u00ed p\u0159estupku se zadavatelem reklamy<br \/>\n&#8211; Rada pro rozhlasov\u00e9 a televizn\u00ed vys\u00edl\u00e1n\u00ed (d\u00e1le jen \u201eRada\u201c) v r\u00e1mci sv\u00e9 kompetence dan\u00e9 \u00a7 7 p\u00edsm. a) z\u00e1kona \u010d. 40\/1995 Sb., o regulaci reklamy a o zm\u011bn\u011b a dopln\u011bn\u00ed z\u00e1kona \u010d. 468\/1991 Sb., o provozov\u00e1n\u00ed rozhlasov\u00e9ho a televizn\u00edho vys\u00edl\u00e1n\u00ed, ve zn\u011bn\u00ed platn\u00fdch p\u0159edpis\u016f (d\u00e1le jen \u201ez\u00e1kon \u010d. 40\/1995 Sb.\u201c), v souladu s ustanoven\u00edm \u00a7 78 odst. 1 z\u00e1kona \u010d. 250\/2016 Sb., z\u00e1kona o p\u0159estupc\u00edch a \u0159\u00edzen\u00edch o nich (d\u00e1le jen \u201ez\u00e1kona \u010d. 250\/2016 Sb.\u201c) rozhodla zah\u00e1jit se spole\u010dnost\u00ed PEARS HEALTH CYBER, s.r.o., I\u010c: 25784684, se s\u00eddlem Voct\u00e1\u0159ova 2449\/5, Libe\u0148, 180 00 Praha 8, \u0159\u00edzen\u00ed o p\u0159estupku z moci \u00fa\u0159edn\u00ed pro<br \/>\nmo\u017en\u00e9 poru\u0161en\u00ed ustanoven\u00ed \u00a7 5a odst. 5 z\u00e1kona \u010d. 40\/1995 Sb., kter\u00e9ho se mohla dopustit zad\u00e1n\u00edm reklamy na on-line l\u00e9k\u00e1rnu l\u00e9k\u00e1rna.cz a p\u0159\u00edpravek Prostamol Uno, kter\u00e1 byla odvys\u00edl\u00e1na dne 15. \u010dervna 2021 v \u010dase 07:25:29 hod. na programu Rock Zone 105,9 (Praha 105,9 MHz) provozovatele LONDA spol. s r. o.<br \/>\n12-0-1<\/p>\n<p>8 RRTV\/2021\/705\/blu: NeoMedia-Czech s.r.o.\/LONDA spol. s r.o.\/Rock Zone 105,9\/RV\/15. 6. 2021 &#8211; \u0159\u00edzen\u00ed o p\u0159estupku se zpracovatelem reklamy &#8211; zah\u00e1jen\u00ed \u0159\u00edzen\u00ed<br \/>\n&#8211; Rada pro rozhlasov\u00e9 a televizn\u00ed vys\u00edl\u00e1n\u00ed (d\u00e1le jen \u201eRada\u201c) v r\u00e1mci sv\u00e9 kompetence dan\u00e9 \u00a7 7 p\u00edsm. a) z\u00e1kona \u010d. 40\/1995 Sb., o regulaci reklamy a o zm\u011bn\u011b a dopln\u011bn\u00ed z\u00e1kona \u010d. 468\/1991 Sb., o provozov\u00e1n\u00ed rozhlasov\u00e9ho a televizn\u00edho vys\u00edl\u00e1n\u00ed, ve zn\u011bn\u00ed platn\u00fdch p\u0159edpis\u016f (d\u00e1le jen \u201ez\u00e1kon \u010d. 40\/1995 Sb.\u201c), v souladu s ustanoven\u00edm \u00a7 78 odst. 1 z\u00e1kona \u010d. 250\/2016 Sb., z\u00e1kona o p\u0159estupc\u00edch a \u0159\u00edzen\u00edch o nich (d\u00e1le jen \u201ez\u00e1kona \u010d. 250\/2016 Sb.\u201c) rozhodla zah\u00e1jit se spole\u010dnost\u00ed NeoMedia-Czech s.r.o., I\u010c: 24687804, se s\u00eddlem Pernerova 635\/57, Karl\u00edn, 186 00 Praha 8, \u0159\u00edzen\u00ed o p\u0159estupku z moci \u00fa\u0159edn\u00ed pro mo\u017en\u00e9 poru\u0161en\u00ed ustanoven\u00ed \u00a75a odst. 5 z\u00e1kona \u010d. 40\/1995 Sb., kter\u00e9ho se mohla dopustit zpracov\u00e1n\u00edm reklamy na on-line l\u00e9k\u00e1rnu l\u00e9k\u00e1rna.cz a p\u0159\u00edpravek Prostamol Uno, kter\u00e1 byla odvys\u00edl\u00e1na dne 15. \u010dervna 2021 v \u010dase 07:25:29 hod. na programu Rock Zone 105,9 (Praha 105,9 MHz) provozovatele LONDA spol. s r. o.<br \/>\n12-0-1<\/p>\n<p>9 RRTV\/2021\/693\/mam: MEDIA BOHEMIA, a.s. \/ R\u00e1dio BLAN\u00cdK &#8211; 2. 8. 2021, srovn\u00e1vac\u00ed anal\u00fdza<br \/>\n&#8211; Rada se sezn\u00e1mila se srovn\u00e1vac\u00ed anal\u00fdzou program\u016f R\u00e1dio Blan\u00edk na vybran\u00fdch souborech technick\u00fdch parametr\u016f Praha 87.8 MHz a Ostrava 93.7 MHz provozovatele MEDIA BOHEMIA, a.s. ze dne 2. 8. 2021, v \u010dasech od 08:00 do 09:00 hodin, od 13:00 do 14:00 hodin, od 18:00 do 19:00 hodin a od 19:00 do 20:00 hodin.<br \/>\n13-0-0<\/p>\n<p>10 RRTV\/2021\/704\/blu: R\u016fzn\u00ed provozovatel\u00e9\/rozhlasov\u00e9 vys\u00edl\u00e1n\u00ed; anal\u00fdza obchodn\u00edch sd\u011blen\u00ed na potraviny, dopl\u0148ky stravy, l\u00e9ky a na loterie a jin\u00e9 podobn\u00e9 hry\/zased\u00e1n\u00ed 16\/2021<br \/>\n&#8211; Rada pro rozhlasov\u00e9 a televizn\u00ed vys\u00edl\u00e1n\u00ed se sezn\u00e1mila s anal\u00fdzami obchodn\u00edch sd\u011blen\u00ed odvys\u00edlan\u00fdch provozovateli LONDA spol. s r.o. (program Rock Zone 105,9; Praha 105,9 MHz) dne 2. z\u00e1\u0159\u00ed 2021, MEDIA BOHEMIA a.s. (program Hitr\u00e1dio \u010cern\u00e1 Hora, Trutnov 105,3 MHz) dne 2. z\u00e1\u0159\u00ed 2021, RADIO UNITED BROADCASTING s. r. o. (program KISS; Zl\u00edn 90,3 MHz) dne 2. z\u00e1\u0159\u00ed 2021, NONSTOP s.r.o. (program R\u00c1DIO JIHLAVA; Jihlava-Hosov 101,1 MHz) dne 2. z\u00e1\u0159\u00ed 2021, EVROPA 2, spol. s r.o. (program EVROPA 2; \u00dast\u00ed nad Labem 107,2 MHz) dne 2. z\u00e1\u0159\u00ed 2021 a MEDIA BOHEMIA a.s. (program Fajn radio; Chomutov 98,1 MHz) dne 2. z\u00e1\u0159\u00ed 2021.<br \/>\n13-0-0<\/p>\n<p>11 RRTV\/2021\/531\/poj: \u010cesk\u00fd rozhlas\/\u010cRo Rado\u017eurn\u00e1l\/RV\/Souhrnn\u00fd materi\u00e1l ve v\u011bci st\u00ed\u017enosti \u010d.j. \u010d.j. RRTV\/7543\/2021-vra a \u010d.j. RRTV\/7552\/2021-vra<br \/>\n&#8211; Rada pro rozhlasov\u00e9 a televizn\u00ed vys\u00edl\u00e1n\u00ed se sezn\u00e1mila s materi\u00e1lem ve v\u011bci st\u00ed\u017enosti \u010d.j. RRTV\/7543\/2021-vra a \u010d.j. RRTV\/7552\/2021-vra<br \/>\n13-0-0<br \/>\n&#8211; Rada pro rozhlasov\u00e9 a televizn\u00ed vys\u00edl\u00e1n\u00ed coby \u00fast\u0159edn\u00ed spr\u00e1vn\u00ed \u00fa\u0159ad v r\u00e1mci sv\u00e9 kompetence dan\u00e9 ustanoven\u00edm \u00a7 5 p\u00edsm. a) z\u00e1kona \u010d. 231\/2001 Sb., o provozov\u00e1n\u00ed rozhlasov\u00e9ho a televizn\u00edho vys\u00edl\u00e1n\u00ed a o zm\u011bn\u011b dal\u0161\u00edch z\u00e1kon\u016f (d\u00e1le jen z\u00e1kon \u010d. 231\/2001 Sb.), rozhodla v souladu s ustanoven\u00edm \u00a7 76 odst. 1 p\u00edsm. a) z\u00e1kona \u010d. 250\/2016 Sb., o odpov\u011bdnosti za p\u0159estupky a \u0159\u00edzen\u00ed o nich, v platn\u00e9m zn\u011bn\u00ed, ve v\u011bci st\u00ed\u017enost\u00ed \u010d.j. RRTV\/7543\/2021-vra a \u010d.j. RRTV\/7552\/2021-vra tak, \u017ee v\u011bc odkl\u00e1d\u00e1.<br \/>\n7-2-4<\/p>\n<p>12 RRTV\/2020\/183\/zab: Licen\u010dn\u00ed \u0159\u00edzen\u00ed\/RV\/Olomouc &#8211; Slavon\u00edn 2 92,0 MHz \/ 50 W &#8211; sezn\u00e1men\u00ed s rozsudkem MS<br \/>\n&#8211; Rada se sezn\u00e1mila s rozsudkem M\u011bstsk\u00e9ho soudu v Praze \u010d.j. 15 A 59\/2021- 53 ze dne 5. srpna 2021, kter\u00fdm byla zam\u00edtnuta \u017ealoba spole\u010dnosti Route Radio s.r.o. proti rozhodnut\u00ed Rady ze dne 13.4.2021, \u010d.j. RRTV\/6468\/2021-str, sp. zn. RRTV\/2020\/183\/zab, kter\u00fdm Rada ud\u011blila spole\u010dnosti HAMCO s.r.o. licenci k provozov\u00e1n\u00ed rozhlasov\u00e9ho vys\u00edl\u00e1n\u00ed \u0161\u00ed\u0159en\u00e9ho prost\u0159ednictv\u00edm vys\u00edla\u010d\u016f se souborem technick\u00fdch parametr\u016f Olomouc-Slavon\u00edn 2 92,0 MHz \/ 50 W pro program Radio Metropole na dobu 8 let, nejd\u00e9le v\u0161ak do 10. \u0159\u00edjna 2025 a zam\u00edtla \u017e\u00e1dost spole\u010dnosti Route Radio s.r.o.<br \/>\n13-0-0<\/p>\n<p>13 RRTV\/2021\/689\/zab: Kr\u00e1tkodob\u00e9 opr\u00e1vn\u011bn\u00ed 16\/2021<br \/>\n&#8211; Rada se sezn\u00e1mila s informac\u00ed \u010cesk\u00e9ho telekomunika\u010dn\u00edho \u00fa\u0159adu o vyd\u00e1n\u00ed kr\u00e1tkodob\u00e9ho opr\u00e1vn\u011bn\u00ed k vyu\u017e\u00edv\u00e1n\u00ed r\u00e1diov\u00fdch kmito\u010dt\u016f rozhlasov\u00e9 slu\u017eby na provoz VKV vys\u00edla\u010de.<br \/>\n13-0-0<\/p>\n<p>14 RRTV\/2021\/633\/zem: Kan\u00e1l Na\u017eivo s.r.o. \/ TV \/ Na\u017eivo \/ vys\u00edla\u010de \/ 1. pod\u00e1n\u00ed vysv\u011btlen\u00ed na \u017e\u00e1dost (neobnoven\u00e9 vys\u00edl\u00e1n\u00ed) \/ 2. z\u00e1nik platnosti licence (\u017e\u00e1dost o ukon\u010den\u00ed vys\u00edl\u00e1n\u00ed)<br \/>\n&#8211; Rada se sezn\u00e1mila s pod\u00e1n\u00edm vysv\u011btlen\u00ed provozovatele Kan\u00e1l Na\u017eivo s.r.o., I\u010c 080 51 712, se s\u00eddlem Dlouh\u00e1 730\/35, Star\u00e9 M\u011bsto, 110 00 Praha 1, ze dne 1. z\u00e1\u0159\u00ed 2021, \u010d.j. RRTV\/10616\/2021-vra, ve v\u011bci neobnoven\u00ed vys\u00edl\u00e1n\u00ed televizn\u00edho programu Na\u017eivo \u0161\u00ed\u0159en\u00e9ho prost\u0159ednictv\u00edm vys\u00edla\u010d\u016f po p\u0159eru\u0161en\u00e9m vys\u00edl\u00e1n\u00ed v dob\u011b od 20. ledna 2021 do 20. \u010dervence 2021<br \/>\n13-0-0<br \/>\n&#8211; Rada se sezn\u00e1mila s \u017e\u00e1dost\u00ed provozovatele Kan\u00e1l Na\u017eivo s.r.o., I\u010c 080 51 712, se s\u00eddlem Dlouh\u00e1 730\/35, Star\u00e9 M\u011bsto, 110 00 Praha 1, o ukon\u010den\u00ed vys\u00edl\u00e1n\u00ed programu Na\u017eivo \u0161\u00ed\u0159en\u00e9ho prost\u0159ednictv\u00edm vys\u00edla\u010d\u016f na z\u00e1klad\u011b licence ze dne 19. listopadu 2020, \u010d.j. RRTV\/15344\/2020-rap, spis. zn.: RRTV\/2020\/837\/rap; a s ozn\u00e1men\u00edm o ukon\u010den\u00ed vys\u00edl\u00e1n\u00ed programu dle \u00a7 32 odst. 1, p\u00edsm. s) z\u00e1kona \u010d. 231\/2001 Sb., v rozsahu dle pod\u00e1n\u00ed ze dne 1. z\u00e1\u0159\u00ed 2021 doru\u010den\u00e9ho pod \u010d.j. RRTV\/10615\/2021-vra.<br \/>\n13-0-0<br \/>\n&#8211; Rada bere na v\u011bdom\u00ed, \u017ee provozovateli Kan\u00e1l Na\u017eivo s.r.o., I\u010c 080 51 712, se s\u00eddlem Dlouh\u00e1 730\/35, Star\u00e9 M\u011bsto, 110 00 Praha 1, zanikla dne 20. \u010dervence 2021 podle \u00a7 24 p\u00edsm. f) z\u00e1kona \u010d. 231\/2001 Sb., licence k provozov\u00e1n\u00ed celoplo\u0161n\u00e9ho zemsk\u00e9ho digit\u00e1ln\u00edho televizn\u00edho vys\u00edl\u00e1n\u00ed programu Na\u017eivo \u0161\u00ed\u0159en\u00e9ho prost\u0159ednictv\u00edm vys\u00edla\u010d\u016f ze dne 19. listopadu 2020, \u010d.j. RRTV\/15344\/2020-rap, spis. zn.: RRTV\/2020\/837\/rap, v rozsahu dle \u017e\u00e1dosti doru\u010den\u00e9 dne 1. z\u00e1\u0159\u00ed 2021 pod \u010d.j. RRTV\/10615\/2021-vra. O t\u00e9to skute\u010dnosti vyd\u00e1v\u00e1 Rada osv\u011bd\u010den\u00ed dle \u00a7 154 a n\u00e1sl. z\u00e1kona \u010d. 500\/2004 Sb.<br \/>\n13-0-0<\/p>\n<p>15 RRTV\/2021\/700\/zil: Miroslav Smejkal \/ Bu\u010dovick\u00fd region \/ TV\/ kabelov\u00e9 syst\u00e9my \/ \u017e\u00e1dost o prodlou\u017een\u00ed doby platnosti licence<br \/>\n&#8211; Rada prodlu\u017euje provozovateli Miroslavu Smejkalovi, I\u010c: 74335782, bytem Tr\u00e1vnick\u00e1 555, Bu\u010dovice, 685 01, podle \u00a7 12 odst. 8 z\u00e1kona \u010d. 231\/2001 Sb., dobu platnosti licence sp. zn.: 2009\/769\/sve\/SME, \u010d. j.: sve6428\/09, ze dne 25. srpna 2009, ve zn\u011bn\u00ed pozd\u011bj\u0161\u00edch zm\u011bn, k provozov\u00e1n\u00ed m\u00edstn\u00edho televizn\u00edho vys\u00edl\u00e1n\u00ed programu Bu\u010dovick\u00fd region, \u0161\u00ed\u0159en\u00e9ho prost\u0159ednictv\u00edm kabelov\u00fdch syst\u00e9m\u016f, o dobu 12 let, tzn. do 16. z\u00e1\u0159\u00ed 2033, na z\u00e1klad\u011b \u017e\u00e1dosti doru\u010den\u00e9 dne 1. z\u00e1\u0159\u00ed 2021 \u010d. j.: RRTV\/10617\/2021-vra.<br \/>\n13-0-0<\/p>\n<p>17 RRTV\/2021\/723\/hou: ViacomCBS Networks International Czech s.r.o. \/ TeenNick \/ \u017e\u00e1dost o zm\u011bnu skute\u010dnost\u00ed uveden\u00fdch v \u017e\u00e1dosti o licenci \/ zm\u011bna \u00fazemn\u00edho rozsahu vys\u00edl\u00e1n\u00ed u kabelov\u00fdch syst\u00e9m\u016f<br \/>\n&#8211; Rada ud\u011bluje spole\u010dnosti ViacomCBS Networks International Czech s.r.o., I\u010c: 289 70 438, se s\u00eddlem Perlov\u00e1 371\/5, Star\u00e9 M\u011bsto, 110 00 Praha 1, souhlas se zm\u011bnou skute\u010dnost\u00ed uveden\u00fdch v \u017e\u00e1dosti o licenci sp. zn.: RRTV\/2020\/872\/fia, \u010d.j.: RRTV\/16112\/2020-fia, ze dne 8. prosince 2020, podle \u00a7 21 odst. 1 p\u00edsm. d) z\u00e1kona \u010d. 231\/2001 Sb., spo\u010d\u00edvaj\u00edc\u00ed ve zm\u011bn\u011b licen\u010dn\u00edch podm\u00ednek, a to v roz\u0161\u00ed\u0159en\u00ed v\u00fd\u010dtu st\u00e1t\u016f, na jejich\u017e \u00fazem\u00ed m\u00e1 b\u00fdt vys\u00edl\u00e1n\u00ed programu TeenNick p\u0159ev\u00e1\u017en\u011b sm\u011b\u0159ov\u00e1no o Rumunsko, dle \u017e\u00e1dosti ze dne 6. z\u00e1\u0159\u00ed 2021, \u010d. j.: RRTV\/10734\/2021-vra.<br \/>\n13-0-0<\/p>\n<p>18 RRTV\/2021\/703\/kus: FTV Prima spol. s.r.o. \/ TV \/ \u017e\u00e1dost o p\u0159edchoz\u00ed souhlas &#8211; zm\u011bna spole\u010densk\u00e9 smlouvy<br \/>\n&#8211; Rada ud\u011bluje spole\u010dnosti FTV Prima, spol. s.r.o., I\u010cO: 48115908, se s\u00eddlem Vinohradsk\u00e1 3217\/167, 100 00 Praha, souhlas se zm\u011bnou skute\u010dnost\u00ed uveden\u00fdch v \u017e\u00e1dostech o ud\u011blen\u00ed licenc\u00ed k provozov\u00e1n\u00ed televizn\u00edho vys\u00edl\u00e1n\u00ed dle \u00a7 21 odst. 1 p\u00edsm. e) z\u00e1kona \u010d. 231\/2001 Sb. spo\u010d\u00edvaj\u00edc\u00ed ve zm\u011bn\u011b spole\u010densk\u00e9 smlouvy v rozsahu dle \u017e\u00e1dosti \u010d. j. RRTV\/10264\/2021-vra doru\u010den\u00e9 dne 24. srpna 2021.<\/p>\n<p>13-0-0<\/p>\n<p>19 RRTV\/2021\/711\/smu: HBO Europe s.r.o. \/ TV \/ ZPS, dru\u017eice \/ v\u0161echny programy \/ \u017e\u00e1dost o p\u0159edchoz\u00ed souhlas se zm\u011bnou zakladatelsk\u00e9 smlouvy<br \/>\n&#8211; Rada ud\u011bluje podle ustanoven\u00ed \u00a7 21 odst. 1 p\u00edsm. e) z\u00e1kona \u010d. 231\/2001 Sb. provozovateli televizn\u00edho vys\u00edl\u00e1n\u00ed HBO Europe s.r.o., I\u010c: 61466786. se s\u00eddlem: Jankovcova 1037, 170 00 Praha 7, p\u0159edchoz\u00ed souhlas se zm\u011bnou skute\u010dnost\u00ed uveden\u00fdch v \u017e\u00e1dostech o licence, a to se zm\u011bnou zakladatelsk\u00e9 listiny v rozsahu \u017e\u00e1dosti, doru\u010den\u00e9 dne 6. z\u00e1\u0159\u00ed 2021 pod \u010d.j. RRTV\/10718\/2021-vra.<br \/>\n13-0-0<\/p>\n<p>20 RRTV\/2021\/702\/kus: Nej.cz s.r.o. \/ Telly CE s.r.o. \/ registrace \/ kabely, dru\u017eice a zvl\u00e1\u0161tn\u00ed p\u0159enosov\u00e9 syst\u00e9my \/ ozn\u00e1men\u00ed z\u00e1m\u011bru f\u00faze slou\u010den\u00edm<br \/>\n&#8211; Rada se sezn\u00e1mila se spole\u010dn\u00fdm p\u0159edb\u011b\u017en\u00fdm ozn\u00e1men\u00edm provozovatel\u016f p\u0159evzat\u00e9ho vys\u00edl\u00e1n\u00ed, spole\u010dnost\u00ed Nej.cz s.r.o., I\u010cO: 032 13 595, se s\u00eddlem Kaplanova 225\/8, Chodov, Praha 4, PS\u010c: 148 00, a Telly CE s.r.o., I\u010cO: 255 03 286, se s\u00eddlem P\u0159\u00edkop 843\/4, Z\u00e1brdovice, Brno, PS\u010c: 602 00, o z\u00e1m\u011bru realizace projektu F\u00faze slou\u010den\u00edm spole\u010dnost\u00ed Nej.cz s.r.o., jako n\u00e1stupnick\u00e9 spole\u010dnosti, a Telly CE s.r.o., jako zanikaj\u00edc\u00ed spole\u010dnosti, dle ozn\u00e1men\u00ed ze dne 31. srpna 2021, \u010d.j. RRTV\/10596\/2021-vra.<br \/>\n13-0-0<\/p>\n<p>21 RRTV\/2021\/669\/hou: JOE Media s.r.o. \/ p\u0159evzat\u00e9 vys\u00edl\u00e1n\u00ed \/ vys\u00edla\u010de \/ p\u0159ihl\u00e1\u0161ka k registraci provozovatele p\u0159evzat\u00e9ho vys\u00edl\u00e1n\u00ed DAB+<br \/>\n&#8211; Rada registruje pr\u00e1vnickou osobu, JOE Media s.r.o., I\u010c: 26152002, se s\u00eddlem: Brani\u0161ovsk\u00e1 187\/16, Praha, 143 00, jako provozovatele p\u0159evzat\u00e9ho zemsk\u00e9ho digit\u00e1ln\u00edho vys\u00edl\u00e1n\u00ed \u0161\u00ed\u0159en\u00e9ho prost\u0159ednictv\u00edm vys\u00edla\u010d\u016f, \u00fazemn\u00ed rozsah vys\u00edl\u00e1n\u00ed: Praha &#8211; Strahov, DAB+m kmito\u010dtov\u00fd p\u0159\u00edd\u011bl 7c \/ 1kW; St\u0159en\u00ed \u010cechy &#8211; Lhos\u00edn, DAB+m kmito\u010dtov\u00fd p\u0159\u00edd\u011bl 7c \/ 1kW, v souladu se stanoviskem a diagramem vyu\u017eit\u00ed r\u00e1diov\u00fdch kmito\u010dt\u016f \u010cesk\u00e9ho telekomunika\u010dn\u00edho \u00fa\u0159adu, \u010d.j. \u010cT\u00da-11 618\/2021-613\/IV. vy\u0159 ze dne 16.6. 2021; programov\u00e1 nab\u00eddka: Radio HEY, Radio COLOR, Radio Han\u00e1 Sky Rock, Free Radio, Radio Metropole, v rozsahu dle p\u0159ihl\u00e1\u0161ky evidovan\u00e9 pod \u010d.j. RRTV\/9722\/2021-vra a doru\u010den\u00e9 dne 17. srpna 2021.<br \/>\n13-0-0<\/p>\n<p>22 RRTV\/2021\/706\/koz: Pov\u011b\u0159en\u00ed Rady pro \u00fa\u010dast v Evrospk\u00e9 skupin\u011b regul\u00e1tor\u016f pro audiovizu\u00e1ln\u00ed m\u00e9dia (ERGA)<br \/>\n&#8211; Rada pov\u011b\u0159uje Ing. Ji\u0159\u00edho Mace\u0161ku zastupov\u00e1n\u00edm Rady pro rozhlasov\u00e9 a televizn\u00ed vys\u00edl\u00e1n\u00ed v Evropsk\u00e9 skupin\u011b regul\u00e1tor\u016f pro audiovizu\u00e1ln\u00ed m\u00e9dia (ERGA)<br \/>\n13-0-0<br \/>\n&#8211; Rada pov\u011b\u0159uje Mgr. Kate\u0159inu Loj\u00edkovou zastupov\u00e1n\u00edm Rady pro rozhlasov\u00e9 a televizn\u00ed vys\u00edl\u00e1n\u00ed v Evropsk\u00e9 skupin\u011b regul\u00e1tor\u016f pro audiovizu\u00e1ln\u00ed m\u00e9dia (ERGA)<br \/>\n13-0-0<\/p>\n<p>23 RRTV\/2021\/685\/mam: Souhrn pod\u00e1n\u00ed AO 16\/2021 (24 pod\u00e1n\u00ed)<br \/>\n&#8211; Rada pro rozhlasov\u00e9 a televizn\u00ed vys\u00edl\u00e1n\u00ed se sezn\u00e1mila s n\u00e1sleduj\u00edc\u00edmi pod\u00e1n\u00edmi k obsahu televizn\u00edho vys\u00edl\u00e1n\u00ed doru\u010den\u00fdmi od 23. srpna 2021 do 6. z\u00e1\u0159\u00ed 2021: TV Nova s.r.o. \/ Nova Cinema &#8211; Medv\u00eddek, 26. 8. 2021 od 20:00 hodin; FTV Prima, spol. s r.o. \/ Prima &#8211; Linka (3, 4); FTV Prima, spol. s r.o. \/ Prima &#8211; 1. mise (1), 29. 8. 2021 od 20:15 hod.; TV Nova s.r.o. \/ Nova &#8211; D\u011bdictv\u00ed aneb Kurvaho\u0161igutntag, 29. 8. 2021 od 16:55 hod.; BARRANDOV KRIMI &#8211; teleshopping Klenot TV, 19. 8. 2021; Postoupen\u00ed st\u00ed\u017enosti \u010cOI &#8211; drogerie Rossmann; FTV Prima, spol. s r.o. \/ Prima &#8211; Titanic, 23. 8. 2021 od 20:15 hod.; Comedy Central &#8211; postoupen\u00ed st\u00ed\u017enosti rumunsk\u00e9ho provozovatele; \u010cESK\u00c1 TELEVIZE \/ \u010cT1-\u010cT24 &#8211; Ud\u00e1losti, 1. 9. 2021 2021 od 19:00 hod.; Seznamzpravy.cz &#8211; neobjektivita \u010dl\u00e1nk\u016f; Informace k o\u010dkov\u00e1n\u00ed na webu \u010cT24; FTV Prima, spol. s r.o. \/ Prima &#8211; HLAVN\u00cd ZPR\u00c1VY, report\u00e1\u017e N\u00e1vrat z N\u011bmecka se komplikuje, 27. 8. 2021 od 18:55 hod.; FTV Prima, spol. s r.o. \/ Prima &#8211; HLAVN\u00cd ZPR\u00c1VY, report\u00e1\u017e Neo\u010dkovan\u00ed um\u00edraj\u00ed, 30. 8. 2021 od 18:55 hod.; \u010cESK\u00c1 TELEVIZE \/ \u010cT24 &#8211; Ot\u00e1zky V\u00e1clava Moravce, \u010d\u00e1st Kdo se nech\u00e1 o\u010dkovat? A co z toho bude m\u00edt? 22. 8. 2021 od 13:05 hod.; FTV Prima, spol. s r.o. \/ CNN Prima News &#8211; Speci\u00e1l 360\u00b0, 1. 9. 2021 od 20:15 hod.; TV Nova s.r.o. \/ Nova &#8211; Televizn\u00ed noviny, report\u00e1\u017e ANO zah\u00e1jilo ostrou f\u00e1zi kampan\u011b do sn\u011bmovn\u00edch voleb, 2. 9. 2021 od 19:30 hod.; P\u0159edvolebn\u00ed debaty \u010cesk\u00e9 televize; Telefonick\u00e9 hovory na linku uv\u00e1d\u011bnou v teleshoppingu.<br \/>\n13-0-0<br \/>\n&#8211; Rada pro rozhlasov\u00e9 a televizn\u00ed vys\u00edl\u00e1n\u00ed (d\u00e1le jen Rada) v r\u00e1mci sv\u00e9 p\u016fsobnosti dan\u00e9 ustanoven\u00edm \u00a7 5 p\u00edsm. a) a f) a \u00a7 59 odst. 1-3 z\u00e1kona \u010d. 231\/2001 Sb., o provozov\u00e1n\u00ed rozhlasov\u00e9ho a televizn\u00edho vys\u00edl\u00e1n\u00ed a o zm\u011bn\u011b dal\u0161\u00edch z\u00e1kon\u016f (d\u00e1le jen z\u00e1kon \u010d. 231\/2001 Sb.), v platn\u00e9m zn\u011bn\u00ed, upozor\u0148uje provozovatele TV Nova s.r.o., I\u010c 45800456, s\u00eddlem K\u0159\u00ed\u017eeneck\u00e9ho n\u00e1m. 1078\/5, Praha 5, PS\u010c 15200, na poru\u0161en\u00ed ustanoven\u00ed \u00a7 32 odst. 1 p\u00edsm. j) z\u00e1kona \u010d. 231\/2001 Sb., kter\u00e9ho se dopustil t\u00edm, \u017ee dne 26. srpna 2021 od 20:00 hod. na programu Nova Cinema odvys\u00edlal film Medv\u00eddek, kter\u00fd obsahoval vulgarismy \u010di nad\u00e1vky \u201eidiot\u201c (v \u010dase 00:10:30 od za\u010d\u00e1tku po\u0159adu), \u201edebilita\u201c (00:10:40), \u201edebiln\u00ed\u201c (00:10:44), \u201eposer\u201c (00:11:27), \u201ekurvy\u201c (00:33:22), \u201epi\u010dou\u201c (01:08:56), \u201edo prdele\u201c (01:12:19, 01:13:39, 01:13:57, 01:48:20), \u201ehovado\u201c (01:13:35), \u201ev prdeli\u201c (01:15:22, 01:48:30), \u201epindu\u201c (01:28:37), \u201eu prdele\u201c (01:45:55), \u201ekokoti\u201c (01:56:47, 01:56:56, 01:56:59), \u201evyjeb\u00e1vat\u201c (01:56:49), \u201evojebal\u201c (01:46:03), \u201esere\u201c (01:49:02, 01:52:53), \u201edebily\u201c (01:56:41) aj., \u010d\u00edm\u017e poru\u0161il povinnost neza\u0159azovat do program\u016f po\u0159ady a reklamy, kter\u00e9 obsahuj\u00ed vulgarismy a nad\u00e1vky, krom\u011b um\u011bleck\u00fdch d\u011bl, v nich\u017e je to z hlediska l\u00ed\u010den\u00e9ho kontextu nutn\u00e9; takov\u00e1 d\u00edla je v\u0161ak mo\u017en\u00e9 vys\u00edlat pouze v dob\u011b od 22:00 do 06:00 druh\u00e9ho dne. Rada stanovuje lh\u016ftu k n\u00e1prav\u011b 7 dn\u00ed ode dne doru\u010den\u00ed upozorn\u011bn\u00ed.<br \/>\n11-0-2<br \/>\n&#8211; Rada pro rozhlasov\u00e9 a televizn\u00ed vys\u00edl\u00e1n\u00ed (d\u00e1le jen Rada) v r\u00e1mci sv\u00e9 p\u016fsobnosti dan\u00e9 ustanoven\u00edm \u00a7 5 p\u00edsm. a) a f) a \u00a7 59 odst. 1-3 z\u00e1kona \u010d. 231\/2001 Sb., o provozov\u00e1n\u00ed rozhlasov\u00e9ho a televizn\u00edho vys\u00edl\u00e1n\u00ed a o zm\u011bn\u011b dal\u0161\u00edch z\u00e1kon\u016f (d\u00e1le jen z\u00e1kon \u010d. 231\/2001 Sb.), v platn\u00e9m zn\u011bn\u00ed, upozor\u0148uje provozovatele FTV Prima, spol. s r.o., I\u010c 48115908, s\u00eddlem Vinohradsk\u00e1 3217\/167, Praha 10, PS\u010c 100 00, na poru\u0161en\u00ed ustanoven\u00ed \u00a7 32 odst. 1 p\u00edsm. j) z\u00e1kona \u010d. 231\/2001 Sb., kter\u00e9ho se dopustil t\u00edm, \u017ee ve dnech 19. srpna a 26.<br \/>\nsrpna 2021 odvys\u00edlal v\u017edy od 20:15 hodin na programu Prima po\u0159ad Linka (epizody 3 a 4), kter\u00fd obsahoval vulgarismy a nad\u00e1vky, nap\u0159. \u201ety vole\u201c (00:01:08, 00:08:05, 01:14:43), \u201edr\u017ete hubu\u201c (00:08:42), \u201edemente\u201c (00:09:10), \u201ehajzlov\u00e9\u201c (00:13:07), \u201eprdel\u201c (00:14:26, 00:30:15, 00:31:49, 01:14:16, 01:16:08, 01:17:16, 01:17:32), \u201edebil\u201c (00:25:01) nebo \u201epr\u016fser\u201c (00:27:52 hodin od za\u010d\u00e1tku t\u0159et\u00ed epizody ze dne 19. srpna 2021) a \u201eprdel\u201c (00:13:21, 00:20:53, 00:23:43, 00:40:53, 00:48:05), \u201ekurva\u201c (00:23:35), \u201ety vole\u201c (00:23:50), \u201edebil\u201c (00:26:16, 00:44:58, 01:13:38, 01:13:41), \u201esr\u00e1\u010di\u201c (00:45:00) nebo \u201ekret\u00e9ne\u201c (01:13:49 hodin od za\u010d\u00e1tku \u010dtvrt\u00e9 epizody ze dne 26. srpna 2021), \u010d\u00edm\u017e poru\u0161il povinnost neza\u0159azovat do program\u016f po\u0159ady a reklamy, kter\u00e9 obsahuj\u00ed vulgarismy a nad\u00e1vky, krom\u011b um\u011bleck\u00fdch d\u011bl, v nich\u017e je to z hlediska l\u00ed\u010den\u00e9ho kontextu nutn\u00e9; takov\u00e1 d\u00edla je v\u0161ak mo\u017en\u00e9 vys\u00edlat pouze v dob\u011b od 22:00 do 06:00 druh\u00e9ho dne. Rada stanovuje lh\u016ftu k n\u00e1prav\u011b 7 dn\u00ed ode dne doru\u010den\u00ed upozorn\u011bn\u00ed.<br \/>\n11-0-2<br \/>\n&#8211; Rada pro rozhlasov\u00e9 a televizn\u00ed vys\u00edl\u00e1n\u00ed (d\u00e1le jen Rada) v r\u00e1mci sv\u00e9 p\u016fsobnosti dan\u00e9 ustanoven\u00edm \u00a7 5 p\u00edsm. a) a f) a \u00a7 59 odst. 1-3 z\u00e1kona \u010d. 231\/2001 Sb., o provozov\u00e1n\u00ed rozhlasov\u00e9ho a televizn\u00edho vys\u00edl\u00e1n\u00ed a o zm\u011bn\u011b dal\u0161\u00edch z\u00e1kon\u016f (d\u00e1le jen z\u00e1kon \u010d. 231\/2001 Sb.), v platn\u00e9m zn\u011bn\u00ed, upozor\u0148uje provozovatele FTV Prima, spol. s r.o., I\u010c 48115908, s\u00eddlem Vinohradsk\u00e1 3217\/167, Praha 10, PS\u010c 100 00, na poru\u0161en\u00ed ustanoven\u00ed \u00a7 32 odst. 1 p\u00edsm. j) z\u00e1kona \u010d. 231\/2001 Sb., kter\u00e9ho se dopustil t\u00edm, \u017ee dne 29. srpna 2021 od 20:15 hod. na programu Prima odvys\u00edlal prvn\u00ed epizodu seri\u00e1lu 1. mise, kter\u00e1 obsahovala vulgarismy \u010di nad\u00e1vky \u201evole\u201c (v \u010dasech 00:06:14, 00:13:36, 00:13:57, 00:22:53, 00:24:38, 00:26:56, 00:27:57, 00:27:59, 00:30:43, 00:30:45, 00:44:29, 00:44:34, 00:44:48, 00:49:25, 00:50:57, 00:50:58, 01:13:37, 01:15:31, 01:15:41, 01:17:18, 01:22:05 od za\u010d\u00e1tku po\u0159adu), \u201ehovno\u201c (00:06:18), \u201evlezdoprdel\u201c (00:13:54), \u201edebil\u201c (00:14:11, 00:49:29, 01:22:18), \u201esakra\u201c (00:25:49, 01:17:38), \u201ekret\u00e9n\u201c (00:25:58, 00:26:02, 00:29:41), \u201eidiot\u201c (00:26:45), \u201edo prdele\u201c (00:26:57, 00:54:15, 00:54:16, 00:54:17, 01:01:05, 01:01:06, 01:16:32), \u201eprdel\u201c (00:28:40, 00:50:55), \u201epr\u016fser\u201c (00:29:12), \u201epitomec\u201c (00:43:23), \u201eposeru\u201c (00:44:19), \u201esr\u00e1t\u201c (00:44:25), \u201ehajzle\u201c (00:51:02) a \u201ev\u016fl\u201c (00:54:38), \u010d\u00edm\u017e poru\u0161il povinnost neza\u0159azovat do program\u016f po\u0159ady a reklamy, kter\u00e9 obsahuj\u00ed vulgarismy a nad\u00e1vky, krom\u011b um\u011bleck\u00fdch d\u011bl, v nich\u017e je to z hlediska l\u00ed\u010den\u00e9ho kontextu nutn\u00e9; takov\u00e1 d\u00edla je v\u0161ak mo\u017en\u00e9 vys\u00edlat pouze v dob\u011b od 22:00 do 06:00 druh\u00e9ho dne. Rada stanovuje lh\u016ftu k n\u00e1prav\u011b 7 dn\u00ed ode dne doru\u010den\u00ed upozorn\u011bn\u00ed.<br \/>\n11-0-2<br \/>\n&#8211; Rada pro rozhlasov\u00e9 a televizn\u00ed vys\u00edl\u00e1n\u00ed (d\u00e1le jen Rada) v r\u00e1mci sv\u00e9 p\u016fsobnosti dan\u00e9 ustanoven\u00edm \u00a7 5 p\u00edsm. a) a f) a \u00a7 59 odst. 1-3 z\u00e1kona \u010d. 231\/2001 Sb., o provozov\u00e1n\u00ed rozhlasov\u00e9ho a televizn\u00edho vys\u00edl\u00e1n\u00ed a o zm\u011bn\u011b dal\u0161\u00edch z\u00e1kon\u016f (d\u00e1le jen z\u00e1kon \u010d. 231\/2001 Sb.), v platn\u00e9m zn\u011bn\u00ed, upozor\u0148uje provozovatele TV Nova s.r.o., I\u010c 45800456, s\u00eddlem K\u0159\u00ed\u017eeneck\u00e9ho n\u00e1m. 1078\/5, Praha 5, PS\u010c 15200, na poru\u0161en\u00ed ustanoven\u00ed \u00a7 32 odst. 1 p\u00edsm. j) z\u00e1kona \u010d. 231\/2001 Sb., kter\u00e9ho se dopustil t\u00edm, \u017ee dne 29. srpna 2021 od 16:55 hod. na programu Nova odvys\u00edlal film D\u011bdictv\u00ed aneb Kurvaho\u0161igutntag, kter\u00fd obsahoval vulgarismy \u010di nad\u00e1vky \u201ekurven\u00ed\u201c (v \u010dase 00:03:22 od za\u010d\u00e1tku po\u0159adu), \u201enekurvila\u201c (00:03:27), \u201esvi\u0148a\u201c (00:04:48), \u201eser\u201c (00:08:28, 01:03:58), \u201ehovno\u201c (00:09:48, 00:59:42), \u201ekurva\u201c (00:10:07, 00:12:47, 00:18:26, 00:42:43, 00:47:58, 01:03:41, 01:37:12), \u201esra\u010dky\u201c (00:46:07, 00:59:36), \u201ehajzli\u201c (01:05:38), \u201ep\u00ed\u010du\u201c (01:06:43) aj., \u010d\u00edm\u017e poru\u0161il povinnost neza\u0159azovat do program\u016f po\u0159ady a reklamy, kter\u00e9 obsahuj\u00ed vulgarismy a nad\u00e1vky, krom\u011b um\u011bleck\u00fdch d\u011bl, v nich\u017e je to z hlediska l\u00ed\u010den\u00e9ho kontextu nutn\u00e9; takov\u00e1 d\u00edla je v\u0161ak mo\u017en\u00e9 vys\u00edlat pouze v dob\u011b od 22:00 do 06:00 druh\u00e9ho dne. Rada stanovuje lh\u016ftu k n\u00e1prav\u011b 7 dn\u00ed ode dne doru\u010den\u00ed upozorn\u011bn\u00ed.<br \/>\n7-1-5<br \/>\n&#8211; Rada pro rozhlasov\u00e9 a televizn\u00ed vys\u00edl\u00e1n\u00ed (d\u00e1le jen \u201eRada\u201c) coby \u00fast\u0159edn\u00ed spr\u00e1vn\u00ed \u00fa\u0159ad v r\u00e1mci sv\u00e9 kompetence dan\u00e9 ustanoven\u00edm \u00a7 5 p\u00edsm. a) z\u00e1kona \u010d. 231\/2001 Sb., o provozov\u00e1n\u00ed rozhlasov\u00e9ho a televizn\u00edho vys\u00edl\u00e1n\u00ed a o zm\u011bn\u011b dal\u0161\u00edch z\u00e1kon\u016f (d\u00e1le jen<br \/>\n\u201ez\u00e1kon \u010d. 231\/2001 Sb.\u201c), rozhodla v souladu s ustanoven\u00edm \u00a7 76 odst. 1 p\u00edsm. a) z\u00e1kona \u010d. 250\/2016 Sb., o odpov\u011bdnosti za p\u0159estupky a \u0159\u00edzen\u00ed o nich, v platn\u00e9m zn\u011bn\u00ed, ve v\u011bci mo\u017en\u00e9ho p\u0159estupku sp\u00e1chan\u00e9ho odvys\u00edl\u00e1n\u00edm filmu D\u011bdictv\u00ed aneb Kurvaho\u0161igutntag dne 29. srpna 2021 od 16:55 hod. na programu Nova, \u017ee v\u011bc odkl\u00e1d\u00e1.<br \/>\n6-3-3<br \/>\n&#8211; Rada pro rozhlasov\u00e9 a televizn\u00ed vys\u00edl\u00e1n\u00ed (d\u00e1le jen \u201eRada\u201c) jako org\u00e1n dozoru pro oblast regulace reklamy dle \u00a7 7 p\u00edsm. a) z\u00e1kona \u010d. 40\/1995 Sb., o regulaci reklamy a o zm\u011bn\u011b a dopln\u011bn\u00ed z\u00e1kona \u010d. 468\/1991 Sb., o provozov\u00e1n\u00ed rozhlasov\u00e9ho a televizn\u00edho vys\u00edl\u00e1n\u00ed, ve zn\u011bn\u00ed pozd\u011bj\u0161\u00edch p\u0159edpis\u016f (d\u00e1le jen \u201ez\u00e1kon \u010d. 40\/1995 Sb.\u201c), vyz\u00fdv\u00e1 dle \u00a7 7a odst. 4 a 5 z\u00e1kona \u010d. 40\/1995 Sb. provozovatele vys\u00edl\u00e1n\u00ed Barrandov Televizn\u00ed Studio a.s., I\u010c: 41693311, s\u00eddlem K\u0159\u00ed\u017eeneck\u00e9ho n\u00e1m. 322\/5, 15200, Praha 5, kter\u00fd byl ve smyslu ustanoven\u00ed \u00a7 1 odst. 7 z\u00e1kona \u010d. 40\/1995 Sb. \u0161i\u0159itelem obchodn\u00edho sd\u011blen\u00ed \/ teleshoppingu s p\u0159\u00edmou nab\u00eddkou produktu Multicollagen, odvys\u00edlan\u00e9ho dne 19. srpna 2021 od 9:18 a 10:25 hodin na programu BARRANDOV KRIMI, ke sd\u011blen\u00ed osoby, kter\u00e1 si u n\u011bj \u0161\u00ed\u0159en\u00ed p\u0159edm\u011btn\u00e9ho obchodn\u00edho sd\u011blen\u00ed objednala, a ke sd\u011blen\u00ed zadavatele a zpracovatele obchodn\u00edho sd\u011blen\u00ed.<br \/>\n10-0-0<br \/>\n&#8211; Rada pro rozhlasov\u00e9 a televizn\u00ed vys\u00edl\u00e1n\u00ed (d\u00e1le jen \u201eRada\u201c) v r\u00e1mci sv\u00e9 p\u016fsobnosti dan\u00e9 ustanoven\u00edm \u00a7 5 p\u00edsm. a) a f) a a \u010d. 231\/2001 Sb., o provozov\u00e1n\u00ed rozhlasov\u00e9ho a televizn\u00edho vys\u00edl\u00e1n\u00ed a o zm\u011bn\u011b dal\u0161\u00edch z\u00e1kon\u016f (d\u00e1le jen \u201ez\u00e1kon \u010d. 231\/2001 Sb.\u201c), v platn\u00e9m zn\u011bn\u00ed, a z\u00e1kona \u010d. 40\/1995 Sb. a o regulaci reklamy a o zm\u011bn\u011b a dopln\u011bn\u00ed z\u00e1kona \u010d. 468\/1991 Sb., o provozov\u00e1n\u00ed rozhlasov\u00e9ho a televizn\u00edho vys\u00edl\u00e1n\u00ed, ve zn\u011bn\u00ed pozd\u011bj\u0161\u00edch p\u0159edpis\u016f (d\u00e1le jen \u201ez\u00e1kon o regulaci reklamy\u201c), v souladu s \u00a7 12 z\u00e1kona \u010d. 500\/2004 Sb., spr\u00e1vn\u00ed \u0159\u00e1d, vyd\u00e1v\u00e1 toto usnesen\u00ed, kter\u00fdm vrac\u00ed podn\u011bt sp. zn. \u010cOI 111648\/21\/3000, evidovanou Radou pod \u010d. j. RRTV\/10574\/2021-vra, Inspektor\u00e1tu Jihomoravsk\u00e9mu a Zl\u00ednsk\u00e9mu \u010cesk\u00e9 obchodn\u00ed inspekce, ve v\u011bci st\u00ed\u017enosti pan\u00ed K. M., nebo\u0165 Rada nen\u00ed v\u011bcn\u011b p\u0159\u00edslu\u0161n\u00fdm org\u00e1nem v p\u0159edm\u011btn\u00e9 v\u011bci.<br \/>\n13-0-0<br \/>\n&#8211; Rada pro rozhlasov\u00e9 a televizn\u00ed vys\u00edl\u00e1n\u00ed (d\u00e1le jen \u201eRada\u201c) coby \u00fast\u0159edn\u00ed spr\u00e1vn\u00ed \u00fa\u0159ad v r\u00e1mci sv\u00e9 kompetence dan\u00e9 ustanoven\u00edm \u00a7 5 p\u00edsm. a) z\u00e1kona \u010d. 231\/2001 Sb., o provozov\u00e1n\u00ed rozhlasov\u00e9ho a televizn\u00edho vys\u00edl\u00e1n\u00ed a o zm\u011bn\u011b dal\u0161\u00edch z\u00e1kon\u016f (d\u00e1le jen \u201ez\u00e1kon \u010d. 231\/2001 Sb.\u201c), rozhodla v souladu s ustanoven\u00edm \u00a7 76 odst. 1 p\u00edsm. a) z\u00e1kona \u010d. 250\/2016 Sb., o odpov\u011bdnosti za p\u0159estupky a \u0159\u00edzen\u00ed o nich, v platn\u00e9m zn\u011bn\u00ed, ve v\u011bci mo\u017en\u00e9ho p\u0159estupku sp\u00e1chan\u00e9ho vys\u00edl\u00e1n\u00edm obchodn\u00edch sd\u011blen\u00ed b\u011bhem vys\u00edl\u00e1n\u00ed filmu Titanic dne 23. srpna 2021 od 20:15 hodin na programu Prima, \u017ee v\u011bc odkl\u00e1d\u00e1.<br \/>\n13-0-0<br \/>\n&#8211; Rada pro rozhlasov\u00e9 a televizn\u00ed vys\u00edl\u00e1n\u00ed (d\u00e1le jen \u201eRada\u201c) coby \u00fast\u0159edn\u00ed spr\u00e1vn\u00ed \u00fa\u0159ad v r\u00e1mci sv\u00e9 kompetence dan\u00e9 ustanoven\u00edm \u00a7 5 p\u00edsm. a) z\u00e1kona \u010d. 231\/2001 Sb., o provozov\u00e1n\u00ed rozhlasov\u00e9ho a televizn\u00edho vys\u00edl\u00e1n\u00ed a o zm\u011bn\u011b dal\u0161\u00edch z\u00e1kon\u016f (d\u00e1le jen \u201ez\u00e1kon \u010d. 231\/2001 Sb.\u201c), rozhodla v souladu s ustanoven\u00edm \u00a7 76 odst. 1 p\u00edsm. a) z\u00e1kona \u010d. 250\/2016 Sb., o odpov\u011bdnosti za p\u0159estupky a \u0159\u00edzen\u00ed o nich, v platn\u00e9m zn\u011bn\u00ed, ve v\u011bci mo\u017en\u00e9ho p\u0159estupku sp\u00e1chan\u00e9ho vys\u00edl\u00e1n\u00edm programu Comedy Central dne 24. \u010dervence 2021 od 22:30 hod., \u017ee v\u011bc odkl\u00e1d\u00e1.<br \/>\n12-0-0<br \/>\n&#8211; Rada pro rozhlasov\u00e9 a televizn\u00ed vys\u00edl\u00e1n\u00ed (d\u00e1le jen \u201eRada\u201c) coby \u00fast\u0159edn\u00ed spr\u00e1vn\u00ed \u00fa\u0159ad v r\u00e1mci sv\u00e9 kompetence dan\u00e9 ustanoven\u00edm \u00a7 5 p\u00edsm. a) z\u00e1kona \u010d. 231\/2001 Sb., o provozov\u00e1n\u00ed rozhlasov\u00e9ho a televizn\u00edho vys\u00edl\u00e1n\u00ed a o zm\u011bn\u011b dal\u0161\u00edch z\u00e1kon\u016f (d\u00e1le jen \u201ez\u00e1kon \u010d. 231\/2001 Sb.\u201c), rozhodla v souladu s ustanoven\u00edm \u00a7 76 odst. 1 p\u00edsm. a) z\u00e1kona \u010d. 250\/2016 Sb., o odpov\u011bdnosti za p\u0159estupky a \u0159\u00edzen\u00ed o nich, v platn\u00e9m zn\u011bn\u00ed, ve v\u011bci mo\u017en\u00e9ho p\u0159estupku sp\u00e1chan\u00e9ho vys\u00edl\u00e1n\u00edm po\u0159adu Ud\u00e1losti dne 1. z\u00e1\u0159\u00ed 2021 od 19:00 hod. na programu \u010cT1 a \u010cT24, \u017ee v\u011bc odkl\u00e1d\u00e1.<br \/>\n10-0-1<br \/>\n&#8211; Rada pro rozhlasov\u00e9 a televizn\u00ed vys\u00edl\u00e1n\u00ed (d\u00e1le jen \u201eRada\u201c) coby \u00fast\u0159edn\u00ed spr\u00e1vn\u00ed \u00fa\u0159ad v r\u00e1mci sv\u00e9 kompetence dan\u00e9 ustanoven\u00edm \u00a7 5 p\u00edsm. a) z\u00e1kona \u010d. 231\/2001 Sb., o provozov\u00e1n\u00ed rozhlasov\u00e9ho a televizn\u00edho vys\u00edl\u00e1n\u00ed a o zm\u011bn\u011b dal\u0161\u00edch z\u00e1kon\u016f (d\u00e1le jen \u201ez\u00e1kon \u010d. 231\/2001 Sb.\u201c), rozhodla v souladu s ustanoven\u00edm \u00a7 76 odst. 1 p\u00edsm. a) z\u00e1kona \u010d. 250\/2016 Sb., o odpov\u011bdnosti za p\u0159estupky a \u0159\u00edzen\u00ed o nich, v platn\u00e9m zn\u011bn\u00ed, ve v\u011bci mo\u017en\u00e9ho p\u0159estupku sp\u00e1chan\u00e9ho zve\u0159ejn\u011bn\u00edm vybran\u00fdch \u010dl\u00e1nk\u016f na zpravodajsk\u00e9m serveru Seznamzpravy.cz, \u017ee v\u011bc odkl\u00e1d\u00e1.<br \/>\n12-0-0<br \/>\n&#8211; Rada pro rozhlasov\u00e9 a televizn\u00ed vys\u00edl\u00e1n\u00ed (d\u00e1le jen \u201eRada\u201c) coby \u00fast\u0159edn\u00ed spr\u00e1vn\u00ed \u00fa\u0159ad v r\u00e1mci sv\u00e9 kompetence dan\u00e9 ustanoven\u00edm \u00a7 5 p\u00edsm. a) z\u00e1kona \u010d. 231\/2001 Sb., o provozov\u00e1n\u00ed rozhlasov\u00e9ho a televizn\u00edho vys\u00edl\u00e1n\u00ed a o zm\u011bn\u011b dal\u0161\u00edch z\u00e1kon\u016f (d\u00e1le jen \u201ez\u00e1kon \u010d. 231\/2001 Sb.\u201c), rozhodla v souladu s ustanoven\u00edm \u00a7 76 odst. 1 p\u00edsm. a) z\u00e1kona \u010d. 250\/2016 Sb., o odpov\u011bdnosti za p\u0159estupky a \u0159\u00edzen\u00ed o nich, v platn\u00e9m zn\u011bn\u00ed, ve v\u011bci mo\u017en\u00e9ho p\u0159estupku sp\u00e1chan\u00e9ho zve\u0159ejn\u011bn\u00edm \u010dl\u00e1nku na zpravodajsk\u00e9m serveru ct24.ceskatelevize.cz, \u017ee v\u011bc odkl\u00e1d\u00e1.<br \/>\n12-0-1<br \/>\n&#8211; Rada pro rozhlasov\u00e9 a televizn\u00ed vys\u00edl\u00e1n\u00ed (d\u00e1le jen \u201eRada\u201c) coby \u00fast\u0159edn\u00ed spr\u00e1vn\u00ed \u00fa\u0159ad v r\u00e1mci sv\u00e9 kompetence dan\u00e9 ustanoven\u00edm \u00a7 5 p\u00edsm. a) z\u00e1kona \u010d. 231\/2001 Sb., o provozov\u00e1n\u00ed rozhlasov\u00e9ho a televizn\u00edho vys\u00edl\u00e1n\u00ed a o zm\u011bn\u011b dal\u0161\u00edch z\u00e1kon\u016f (d\u00e1le jen \u201ez\u00e1kon \u010d. 231\/2001 Sb.\u201c), rozhodla v souladu s ustanoven\u00edm \u00a7 76 odst. 1 p\u00edsm. a) z\u00e1kona \u010d. 250\/2016 Sb., o odpov\u011bdnosti za p\u0159estupky a \u0159\u00edzen\u00ed o nich, v platn\u00e9m zn\u011bn\u00ed, ve v\u011bci mo\u017en\u00e9ho p\u0159estupku sp\u00e1chan\u00e9ho odvys\u00edl\u00e1n\u00edm report\u00e1\u017ee N\u00e1vrat z N\u011bmecka se komplikuje v po\u0159adu HLAVN\u00cd ZPR\u00c1VY dne 27. srpna 2021 od 18:55 hod. na programu Prima, \u017ee v\u011bc odkl\u00e1d\u00e1.<br \/>\n13-0-0<br \/>\n&#8211; Rada pro rozhlasov\u00e9 a televizn\u00ed vys\u00edl\u00e1n\u00ed (d\u00e1le jen \u201eRada\u201c) coby \u00fast\u0159edn\u00ed spr\u00e1vn\u00ed \u00fa\u0159ad v r\u00e1mci sv\u00e9 kompetence dan\u00e9 ustanoven\u00edm \u00a7 5 p\u00edsm. a) z\u00e1kona \u010d. 231\/2001 Sb., o provozov\u00e1n\u00ed rozhlasov\u00e9ho a televizn\u00edho vys\u00edl\u00e1n\u00ed a o zm\u011bn\u011b dal\u0161\u00edch z\u00e1kon\u016f (d\u00e1le jen \u201ez\u00e1kon \u010d. 231\/2001 Sb.\u201c), rozhodla v souladu s ustanoven\u00edm \u00a7 76 odst. 1 p\u00edsm. a) z\u00e1kona \u010d. 250\/2016 Sb., o odpov\u011bdnosti za p\u0159estupky a \u0159\u00edzen\u00ed o nich, v platn\u00e9m zn\u011bn\u00ed, ve v\u011bci mo\u017en\u00e9ho p\u0159estupku sp\u00e1chan\u00e9ho odvys\u00edl\u00e1n\u00edm report\u00e1\u017ee Neo\u010dkovan\u00ed um\u00edraj\u00ed v po\u0159adu HLAVN\u00cd ZPR\u00c1VY dne 30. srpna 2021 od 18:55 hod. na programu Prima, \u017ee v\u011bc odkl\u00e1d\u00e1.<br \/>\n13-0-0<br \/>\n&#8211; Rada pro rozhlasov\u00e9 a televizn\u00ed vys\u00edl\u00e1n\u00ed (d\u00e1le jen \u201eRada\u201c) coby \u00fast\u0159edn\u00ed spr\u00e1vn\u00ed \u00fa\u0159ad v r\u00e1mci sv\u00e9 kompetence dan\u00e9 ustanoven\u00edm \u00a7 5 p\u00edsm. a) z\u00e1kona \u010d. 231\/2001 Sb., o provozov\u00e1n\u00ed rozhlasov\u00e9ho a televizn\u00edho vys\u00edl\u00e1n\u00ed a o zm\u011bn\u011b dal\u0161\u00edch z\u00e1kon\u016f (d\u00e1le jen \u201ez\u00e1kon \u010d. 231\/2001 Sb.\u201c), rozhodla v souladu s ustanoven\u00edm \u00a7 76 odst. 1 p\u00edsm. a) z\u00e1kona \u010d. 250\/2016 Sb., o odpov\u011bdnosti za p\u0159estupky a \u0159\u00edzen\u00ed o nich, v platn\u00e9m zn\u011bn\u00ed, ve v\u011bci mo\u017en\u00e9ho p\u0159estupku sp\u00e1chan\u00e9ho odvys\u00edl\u00e1n\u00edm po\u0159adu Ot\u00e1zky V\u00e1clava Moravce, konkr\u00e9tn\u011b \u010d\u00e1sti Kdo se nech\u00e1 o\u010dkovat? A co z toho bude m\u00edt?, dne 22. srpna 2021 od 13:05 hod. na programu Prima, \u017ee v\u011bc odkl\u00e1d\u00e1.<br \/>\n13-0-0<br \/>\n&#8211; Rada pro rozhlasov\u00e9 a televizn\u00ed vys\u00edl\u00e1n\u00ed (d\u00e1le jen \u201eRada\u201c) coby \u00fast\u0159edn\u00ed spr\u00e1vn\u00ed \u00fa\u0159ad v r\u00e1mci sv\u00e9 kompetence dan\u00e9 ustanoven\u00edm \u00a7 5 p\u00edsm. a) z\u00e1kona \u010d. 231\/2001 Sb., o provozov\u00e1n\u00ed rozhlasov\u00e9ho a televizn\u00edho vys\u00edl\u00e1n\u00ed a o zm\u011bn\u011b dal\u0161\u00edch z\u00e1kon\u016f (d\u00e1le jen \u201ez\u00e1kon \u010d. 231\/2001 Sb.\u201c), rozhodla v souladu s ustanoven\u00edm \u00a7 76 odst. 1 p\u00edsm. a) z\u00e1kona \u010d. 250\/2016 Sb., o odpov\u011bdnosti za p\u0159estupky a \u0159\u00edzen\u00ed o nich, v platn\u00e9m zn\u011bn\u00ed, ve v\u011bci mo\u017en\u00e9ho p\u0159estupku sp\u00e1chan\u00e9ho odvys\u00edl\u00e1n\u00edm po\u0159adu Speci\u00e1l 360\u00b0 dne 1. z\u00e1\u0159\u00ed 2021 od 20:15 hod. na programu CNN Prima News, \u017ee v\u011bc odkl\u00e1d\u00e1.<br \/>\n12-0-0<br \/>\n&#8211; Rada pro rozhlasov\u00e9 a televizn\u00ed vys\u00edl\u00e1n\u00ed (d\u00e1le jen \u201eRada\u201c) coby \u00fast\u0159edn\u00ed spr\u00e1vn\u00ed \u00fa\u0159ad v r\u00e1mci sv\u00e9 kompetence dan\u00e9 ustanoven\u00edm \u00a7 5 p\u00edsm. a) z\u00e1kona \u010d. 231\/2001 Sb., o provozov\u00e1n\u00ed rozhlasov\u00e9ho a televizn\u00edho vys\u00edl\u00e1n\u00ed a o zm\u011bn\u011b dal\u0161\u00edch z\u00e1kon\u016f (d\u00e1le jen \u201ez\u00e1kon \u010d. 231\/2001 Sb.\u201c), rozhodla v souladu s ustanoven\u00edm \u00a7 76 odst. 1 p\u00edsm. a) z\u00e1kona \u010d. 250\/2016 Sb., o odpov\u011bdnosti za p\u0159estupky a \u0159\u00edzen\u00ed o nich, v platn\u00e9m zn\u011bn\u00ed, ve v\u011bci mo\u017en\u00e9ho p\u0159estupku sp\u00e1chan\u00e9ho odvys\u00edl\u00e1n\u00edm report\u00e1\u017ee ANO zah\u00e1jilo ostrou f\u00e1zi kampan\u011b do sn\u011bmovn\u00edch voleb v po\u0159adu Televizn\u00ed noviny dne 2. 9. 2021 od 19:30 hod. na programu Nova, \u017ee v\u011bc odkl\u00e1d\u00e1.<br \/>\n13-0-0<\/p>\n<p>24 RRTV\/2021\/696\/nej: ViacomCBS Networks International Czech s.r.o. &#8211; Paramount Channel: kontinu\u00e1ln\u00ed \u00fasek vys\u00edl\u00e1n\u00ed ze dne 7. \u010dervna 2021 v \u010dasov\u00e9m \u00faseku 10:00\u201322:00 hodin<br \/>\n&#8211; Rada se sezn\u00e1mila s anal\u00fdzou z\u00e1znamu vys\u00edl\u00e1n\u00ed programu Paramount Channel (Ukrajina) provozovatele ViacomCBS Networks International Czech s.r.o. ze dne 7. \u010dervna 2021, \u010dasov\u00e9ho \u00faseku 10:00 &#8211; 22:00 hodin.<br \/>\n13-0-0<br \/>\n25 RRTV\/2021\/698\/vop: Anal\u00fdza kontinu\u00e1ln\u00edho \u00faseku vys\u00edl\u00e1n\u00ed programu Polar, 11. srpna 2021, 10:00-22:00 hod.<br \/>\n&#8211; Rada se sezn\u00e1mila s anal\u00fdzou z\u00e1znamu vys\u00edl\u00e1n\u00ed programu POLAR provozovatele POLAR televize Ostrava, s.r.o. ze dne 11. srpna 2021 od 10:00 do 22:00 hod.<br \/>\n13-0-0<\/p>\n<p>26 RRTV\/2021\/701\/loj: Zm\u011bna LP_ZAK TV s. r. o.<br \/>\n&#8211; Rada pro rozhlasov\u00e9 a televizn\u00ed vys\u00edl\u00e1n\u00ed (d\u00e1le jen \u201eRada\u201c) coby \u00fast\u0159edn\u00ed spr\u00e1vn\u00ed \u00fa\u0159ad v souladu s ustanoven\u00edm \u00a7 5 p\u00edsm. b) a \u00a7 21 odst. 1 p\u00edsm. d) z\u00e1kona \u010d. 231\/2001 Sb. o provozov\u00e1v\u00e1n\u00ed rozhlasov\u00e9ho a televizn\u00edho vys\u00edl\u00e1n\u00ed, v platn\u00e9m zn\u011bn\u00ed (d\u00e1le jen \u201ez\u00e1kon \u010d. 231\/2001 Sb.\u201c) a ustanoven\u00edm \u00a7 67 odst. 1 z\u00e1kona \u010d. 500\/2004 Sb. Spr\u00e1vn\u00ed \u0159\u00e1d (d\u00e1le jen \u201ez\u00e1kon \u010d. 500\/2004 Sb.\u201c), vydala toto rozhodnut\u00ed: Rada vyd\u00e1v\u00e1 provozovateli ZAK TV s. r. o. se s\u00eddlem Prokopova 166\/26, Ji\u017en\u00ed P\u0159edm\u011bst\u00ed, 301 00 Plze\u0148, I\u010c: 64835669 podle \u00a7 21 odst. 1 p\u00edsm. d) z\u00e1kona \u010d. 231\/2001 Sb. souhlas se zm\u011bnou licen\u010dn\u00edch podm\u00ednek pro vys\u00edl\u00e1n\u00ed televizn\u00edho programu Televize ZAK (TV ZAK) \u0161\u00ed\u0159en\u00e9ho prost\u0159ednictv\u00edm vys\u00edla\u010d\u016f na z\u00e1klad\u011b rozhodnut\u00ed o ud\u011blen\u00ed licence sp.zn.: RRTV\/2020\/666\/smu, \u010d.j. RRTV\/14200\/2020-smu, spo\u010d\u00edvaj\u00edc\u00ed ve zm\u011bn\u011b dal\u0161\u00edch programov\u00fdch podm\u00ednek, resp. jejich pln\u00fdm nahrazen\u00edm t\u00edmto zn\u011bn\u00edm: \u201eProgram ZAK TV bude line\u00e1rn\u00edm vys\u00edl\u00e1n\u00edm s pravideln\u00fdm zpravodajsk\u00fdm blokem, kter\u00fd bude obm\u011b\u0148ov\u00e1n minim\u00e1ln\u011b jedenkr\u00e1t za 24 hodin. Jednotliv\u00e9 po\u0159ady budou pak tvo\u0159eny rozhovory, publicistikou, magaz\u00edny apod. Tyto pak budou odd\u011bleny upout\u00e1vkami, reklamn\u00edmi bloky v z\u00e1konn\u00e9m r\u00e1mci, eventu\u00e1ln\u011b teleshoppingem.\u201c, dle pod\u00e1n\u00ed \u017eadatele \u010d.j. RRTV\/9631\/2021-vra.<br \/>\n13-0-0<\/p>\n<p>27 RRTV\/2021\/382\/rud: TV Nova s.r.o.\/Nova Gold\/Tescoma s chut\u00ed\/11.3.2021\/od 15:00 hodin\/nepat\u0159i\u010dn\u00e9 zd\u016frazn\u011bn\u00ed PP &#8211; \u0158\u00cdZEN\u00cd O P\u0158ESTUPKU<br \/>\n&#8211; Rada pro rozhlasov\u00e9 a televizn\u00ed vys\u00edl\u00e1n\u00ed (d\u00e1le jen Rada), jako\u017eto \u00fast\u0159edn\u00ed spr\u00e1vn\u00ed \u00fa\u0159ad v r\u00e1mci sv\u00e9 kompetence dan\u00e9 ustanoven\u00edm \u00a7 5 p\u00edsm. f) z\u00e1kona \u010d. 231\/2001 Sb., o provozov\u00e1n\u00ed rozhlasov\u00e9ho a televizn\u00edho vys\u00edl\u00e1n\u00ed a o zm\u011bn\u011b dal\u0161\u00edch z\u00e1kon\u016f, v platn\u00e9m zn\u011bn\u00ed (d\u00e1le jen z\u00e1kon \u010d. 231\/2001 Sb.), dle ustanoven\u00ed \u00a7 60 odst. 1 p\u00edsm. k) a dle ustanoven\u00ed \u00a7 60 odst. 7 p\u00edsm. a) z\u00e1kona \u010d. 231\/2001 Sb., rozhodla v \u0159\u00edzen\u00ed o p\u0159estupku veden\u00e9m podle z\u00e1kona \u010d. 250\/2016 Sb., o odpov\u011bdnosti za p\u0159estupky a \u0159\u00edzen\u00ed o nich (d\u00e1le jen z\u00e1kon \u010d. 250\/2016 Sb.), dne 14. z\u00e1\u0159\u00ed 2021 takto: Obvin\u011bn\u00fd provozovatel televizn\u00edho vys\u00edl\u00e1n\u00ed, TV Nova s.r.o., I\u010c 45800456, s\u00eddlem K\u0159\u00ed\u017eeneck\u00e9ho n\u00e1m. 1078\/5, 152 00 Praha 5, se dle ustanoven\u00ed \u00a7 60 odst. 1 p\u00edsm. k) z\u00e1kona \u010d. 231\/2001 Sb., uzn\u00e1v\u00e1 vinn\u00fdm ze sp\u00e1ch\u00e1n\u00ed p\u0159estupku dle ustanoven\u00ed \u00a7 53a odst. 2 p\u00edsm. c) z\u00e1kona \u010d. 231\/2001 Sb., kter\u00e9ho se dopustil odvys\u00edl\u00e1n\u00edm po\u0159adu Tescoma s chut\u00ed dne 11. b\u0159ezna 2021 od 15:00 hodin na<br \/>\nprogramu Nova Gold, kdy tento po\u0159ad obsahoval nepat\u0159i\u010dn\u00e9 zd\u016frazn\u011bn\u00ed um\u00edst\u011bn\u00e9ho produktu, konkr\u00e9tn\u011b p\u00e1nve zna\u010dky Tescoma, a to jak slovn\u00edm p\u0159edstaven\u00edm jej\u00edch vlastnost\u00ed, tak vizu\u00e1ln\u00ed prezentac\u00ed pou\u017eit\u00ed produktu v\u010detn\u011b vyzdvi\u017een\u00ed jeho kvalit a p\u0159ednost\u00ed (\u201eRadku, m\u016f\u017eu se zeptat, ta pokli\u010dka m\u00e1 takov\u00fd zvl\u00e1\u0161tn\u00ed povrch zevnit\u0159&#8230;?\u201c \u201eM\u00e1, m\u00e1. A j\u00e1 ti \u0159eknu, pro\u010d to je. Klasick\u00fd pokli\u010dky kdy\u017e zaklop\u00ed\u0161, tak ti ta voda st\u00e9k\u00e1 po t\u011bch st\u011bn\u00e1ch dol\u016f. A jak jsou tady ty v\u00fdr\u016fstky tam, tak ony vlastn\u011b,&#8230; potom kape na v\u0161echno to maso.\u201c \u201eJo, jako rovnom\u011brn\u011b?\u201c \u201eJe to jakoby lep\u0161\u00ed, rovnom\u011brn\u011b se to cel\u00fd zavlh\u010d\u00ed. Jo, tak\u017ee zaklop\u00edme. Lucko, p\u00e1nev m\u00e1 nep\u0159ilnav\u00fd povrch, tady nasad\u00edm odn\u00edmateln\u00fd u\u0161i, abych se nesp\u00e1lil. \u201c\u201eTo je vychyt\u00e1vka!\u201c \u201eAno, je to v\u00fdborn\u00e1 vychyt\u00e1vka, velmi praktick\u00e1. Samoz\u0159ejm\u011b ve\u0161ker\u00e9 podrobnosti o tomto v\u00fdrobku najde\u0161 na na\u0161ich str\u00e1nk\u00e1ch www.tescomaschuti.cz.\u201c), a to ve spojen\u00ed s n\u00e1zvem po\u0159adu obsahuj\u00edc\u00edm jm\u00e9no Tescoma se shodnou grafikou, jako m\u00e1 logo subjektu, na kter\u00fd je odkazov\u00e1no i ve vizu\u00e1ln\u00ed slo\u017ece po\u0159adu a d\u00e1le v prezentaci webov\u00fdch str\u00e1nek www.tescomaschut\u00ed.cz a www.nova.cz\/tescoma. Produkt byl verb\u00e1ln\u00edmi a obrazov\u00fdmi prost\u0159edky nepat\u0159i\u010dn\u011b zmi\u0148ov\u00e1n nad r\u00e1mec obsahu po\u0159adu a byl do p\u0159edm\u011btn\u00e9ho vyd\u00e1n\u00ed za\u0159azen s c\u00edlem propagace, k \u010demu\u017e bylo u\u017eito prost\u0159edk\u016f p\u0159ipom\u00ednaj\u00edc\u00edch reklamn\u00ed nab\u00eddku. Za p\u0159estupek se pachateli v souladu s ustanoven\u00edm \u00a7 60 odst. 7 p\u00edsm. a) z\u00e1kona \u010d. 231\/2001 Sb., ustanoven\u00edm \u00a7 35 p\u00edsm. b) a \u00a7 46 odst. 1 z\u00e1kona \u010d. 250\/2016 Sb., ukl\u00e1d\u00e1 pokuta ve v\u00fd\u0161i 100 000,- K\u010d. Pokuta je splatn\u00e1 ve lh\u016ft\u011b 30 dn\u016f ode dne pr\u00e1vn\u00ed moci tohoto rozhodnut\u00ed na \u00fa\u010det 3754-19223001\/0710, variabiln\u00ed symbol 2021382. V souladu s ustanoven\u00edm \u00a7 95 odst. 1 z\u00e1kona \u010d. 250\/2016 Sb., a \u00a7 6 vyhl\u00e1\u0161ky \u010d. 520\/2005 Sb., ukl\u00e1d\u00e1 Rada pachateli povinnost uhradit pau\u0161\u00e1ln\u00ed \u010d\u00e1stku n\u00e1klad\u016f \u0159\u00edzen\u00ed ve v\u00fd\u0161i 1 000 K\u010d. \u00dahrada n\u00e1klad\u016f \u0159\u00edzen\u00ed je splatn\u00e1 do p\u011bti pracovn\u00edch dn\u016f ode dne doru\u010den\u00ed tohoto rozhodnut\u00ed na \u00fa\u010det \u010d. 3711- 19223001\/0710, variabiln\u00ed symbol 2021382.<br \/>\n11-0-1<\/p>\n<p>28 RRTV\/2019\/817\/rud: Global Group LTD\/Televize Barrandov\/reklama &#8222;Audisin&#8220;\/5.8.2019\/od 12:53:05 hodin &#8211; \u0158\u00cdZEN\u00cd O P\u0158ESTUPKU<br \/>\n&#8211; Rada pro rozhlasov\u00e9 a televizn\u00ed vys\u00edl\u00e1n\u00ed (d\u00e1le jen &#8222;Rada&#8220;), jako\u017eto \u00fast\u0159edn\u00ed spr\u00e1vn\u00ed \u00fa\u0159ad, v r\u00e1mci sv\u00e9 kompetence dan\u00e9 \u00a7 7 p\u00edsm. a) z\u00e1kona \u010d. 40\/1995 Sb., o regulaci reklamy a o zm\u011bn\u011b a dopln\u011bn\u00ed z\u00e1kona \u010d. 468\/1991 Sb., o provozov\u00e1n\u00ed rozhlasov\u00e9ho a televizn\u00edho vys\u00edl\u00e1n\u00ed, ve zn\u011bn\u00ed platn\u00fdch p\u0159edpis\u016f, (d\u00e1le jen \u201ez\u00e1kon \u010d. 40\/1995 Sb.\u201c), a ustanoven\u00ed \u00a7 45 z\u00e1kona \u010d. 250\/2016 Sb., o odpov\u011bdnosti za p\u0159estupky a \u0159\u00edzen\u00ed o nich (d\u00e1le jen \u201ez\u00e1kon \u010d. 250\/2016 Sb.\u201c), v platn\u00e9m zn\u011bn\u00ed, vydala n\u00e1sleduj\u00edc\u00ed rozhodnut\u00ed: I. Obvin\u011bn\u00e1 spole\u010dnost Global Group LTD, se s\u00eddlem: BP 1156 303, Place Pangahari Mutsamudu, Anjouan, Komorsk\u00fd svaz, se uzn\u00e1v\u00e1 vinnou ze sp\u00e1ch\u00e1n\u00ed p\u0159estupku poru\u0161en\u00edm ustanoven\u00ed \u00a7 2 odst. 1 p\u00edsm. b) z\u00e1kona \u010d. 40\/1995 Sb., respektive ustanoven\u00ed \u00a7 4 odst. 3 z\u00e1kona \u010d. 634\/1992 Sb., o ochran\u011b spot\u0159ebitele, respektive p\u0159\u00edlohy 1 p\u00edsm. p) z\u00e1kona \u010d. 634\/1992 Sb., \u010deho\u017e se dopustil zad\u00e1n\u00edm reklamn\u00edho spotu s motivem \u201eAudisin\u201c odvys\u00edlan\u00e9ho dne 5. srpna 2019 v \u010dase od 12:53:05 hodin na programu Televize Barrandov, kter\u00fd je nekalou obchodn\u00ed praktikou, nebo\u0165 v reklam\u011b jsou uv\u00e1d\u011bn\u00e1 nepravdiv\u00e1 tvrzen\u00ed, \u017ee v\u00fdrobek m\u016f\u017ee vyl\u00e9\u010dit nemoc, zdravotn\u00ed poruchu nebo posti\u017een\u00ed, kdy\u017e uv\u00e1d\u00ed, \u017ee v\u00fdrobek Audisin \u201ezesiluje lidskou \u0159e\u010d\u201c, \u201eeliminuje zbyte\u010dn\u00fd hluk\u201c a \u017ee u\u017eit\u00edm produktu \u010dlov\u011bk \u201eznovu usly\u0161\u00ed hlasit\u011b, \u010dist\u011b a z\u0159eteln\u011b\u201c. II. Rada dle ustanoven\u00ed \u00a7 45 z\u00e1kona \u010d. 250\/2016 Sb., ukl\u00e1d\u00e1 pachateli, spole\u010dnosti Global Group LTD, se s\u00eddlem: BP 1156 303, Place Pangahari Mutsamudu, Anjouan, Komorsk\u00fd svaz, spr\u00e1vn\u00ed trest ve form\u011b napomenut\u00ed, kter\u00fdm se pachatel v\u00fdslovn\u011b upozor\u0148uje na d\u016fsledky sv\u00e9ho protipr\u00e1vn\u00edho jedn\u00e1n\u00ed, kter\u00e9 mu hroz\u00ed v p\u0159\u00edpad\u011b opakov\u00e1n\u00ed v\u00fd\u0161e uveden\u00e9ho protipr\u00e1vn\u00edho jedn\u00e1n\u00ed, a to trest ve form\u011b pen\u011b\u017eit\u00e9 sankce. Pachateli je mo\u017en\u00e9 v budoucnu ulo\u017eit pokutu ve v\u00fd\u0161i 5 000 000 K\u010d. III. V souladu s ustanoven\u00edm \u00a7 95 odst. 1 z\u00e1kona \u010d. 250\/2016 Sb., a \u00a7 6 vyhl\u00e1\u0161ky \u010d. 520\/2005 Sb., ulo\u017eila Rada pachateli povinnost uhradit pau\u0161\u00e1ln\u00ed \u010d\u00e1stku n\u00e1klad\u016f \u0159\u00edzen\u00ed ve v\u00fd\u0161i 1 000 K\u010d na \u00fa\u010det \u010d. 3711-19223001\/0710, variabiln\u00ed symbol 2019817. \u00dahrada n\u00e1klad\u016f je splatn\u00e1 do p\u011bti pracovn\u00edch dn\u016f ode dne doru\u010den\u00ed tohoto rozhodnut\u00ed.<br \/>\n10-0-1<\/p>\n<p>29 RRTV\/2021\/403\/had: WHITE ELEPHANT s.r.o.\/B\u00cdL\u00dd SLON &#8211; GLUKONORMAL TRIGONELLA (Diaprevent)\/\u0160L\u00c1GR TV\/ 26.1.2021\/ &#8211; zastaven\u00ed<br \/>\n&#8211; Rada pro rozhlasov\u00e9 a televizn\u00ed vys\u00edl\u00e1n\u00ed (d\u00e1le jen Rada) coby \u00fast\u0159edn\u00ed spr\u00e1vn\u00ed \u00fa\u0159ad v r\u00e1mci sv\u00e9 p\u016fsobnosti dan\u00e9 \u00a7 5 p\u00edsm. a) a f) z\u00e1kona \u010d. 231\/2001 Sb., o provozov\u00e1n\u00ed rozhlasov\u00e9ho a televizn\u00edho vys\u00edl\u00e1n\u00ed a o zm\u011bn\u011b dal\u0161\u00edch z\u00e1kon\u016f a podle ustanoven\u00ed \u00a7 86 odst. 1 p\u00edsm. c) z\u00e1kona \u010d. 250\/2016 Sb., o odpov\u011bdnosti za p\u0159estupky a \u0159\u00edzen\u00ed o nich, vydala dne 14. z\u00e1\u0159\u00ed 2021 toto usnesen\u00ed: Rada zastavuje se zadavatelem reklamy WHITE ELEPHANT s.r.o., I\u010c 06245676, s\u00eddlem Lidick\u00e1 2483, 390 03, T\u00e1bor, \u0159\u00edzen\u00ed o p\u0159estupku pro mo\u017en\u00e9 poru\u0161en\u00ed \u00a7 5d odst. 2 z\u00e1kona \u010d. 40\/1995 Sb., dle \u010dl. 7 odst. 3 a 4 p\u00edsm. a) Na\u0159\u00edzen\u00ed EP a Rady (EU) \u010d. 1169\/2011, kter\u00e9ho se mohl dopustit zad\u00e1n\u00edm obchodn\u00edho sd\u011blen\u00ed propaguj\u00edc\u00edho dopln\u011bk stravy B\u00cdL\u00dd SLON &#8211; GLUKONORMAL TRIGONELLA (Diaprevent), kter\u00e9 bylo odvys\u00edl\u00e1no dne 26. ledna 2021 v \u010dase 8:14 hodin na programu \u0160L\u00c1GR TV, nebo\u0165 sp\u00e1ch\u00e1n\u00ed skutku, o n\u011bm\u017e se vede \u0159\u00edzen\u00ed, nebylo obvin\u011bn\u00e9mu prok\u00e1z\u00e1no.<br \/>\n12-0-0<\/p>\n<p>30 RRTV\/2021\/605\/rud: FTV Prima, spol. s r.o.\/informov\u00e1n\u00ed o rizic\u00edch o\u010dkov\u00e1n\u00ed proti covid-19 &#8211; VYSV\u011aTLEN\u00cd<br \/>\n&#8211; Rada se sezn\u00e1mila s podan\u00fdm vysv\u011btlen\u00edm provozovatele vys\u00edl\u00e1n\u00ed FTV Prima spol. s r.o., I\u010c 48115908, s\u00eddlem Vinohradsk\u00e1 3217\/167, Praha 10, PS\u010c 100 00, kdy a v jak\u00fdch po\u0159adech dal v obdob\u00ed p\u011bti m\u011bs\u00edc\u016f zp\u011btn\u011b ve zpravodajstv\u00ed na sv\u00fdch programech prostor odborn\u00edk\u016fm, kte\u0159\u00ed vysv\u011btluj\u00ed rizika o\u010dkov\u00e1n\u00ed proti covid-19, hlas\u016fm, kter\u00e9 poukazuj\u00ed na negativa o\u010dkov\u00e1n\u00ed (v\u010detn\u011b potenci\u00e1ln\u00edch ni\u017e\u0161\u00edch standard\u016f p\u0159i schvalov\u00e1n\u00ed vakc\u00edn) a zpr\u00e1v\u00e1m, kter\u00e9 informuj\u00ed o v\u00e1\u017en\u00fdch d\u016fsledc\u00edch, je\u017e o\u010dkov\u00e1n\u00ed m\u011blo na jednotlivce u n\u00e1s i v zahrani\u010d\u00ed.<br \/>\n13-0-0<br \/>\n&#8211; Rada pro rozhlasov\u00e9 a televizn\u00ed vys\u00edl\u00e1n\u00ed (d\u00e1le jen Rada) coby \u00fast\u0159edn\u00ed spr\u00e1vn\u00ed \u00fa\u0159ad v r\u00e1mci sv\u00e9 kompetence dan\u00e9 ustanoven\u00edm \u00a7 5 p\u00edsm. a) z\u00e1kona \u010d. 231\/2001 Sb., o provozov\u00e1n\u00ed rozhlasov\u00e9ho a televizn\u00edho vys\u00edl\u00e1n\u00ed a o zm\u011bn\u011b dal\u0161\u00edch z\u00e1kon\u016f (d\u00e1le jen z\u00e1kon \u010d. 231\/2001 Sb.), rozhodla v souladu s ustanoven\u00edm \u00a7 76 odst. 1 p\u00edsm. a) z\u00e1kona \u010d. 250\/2016 Sb., o odpov\u011bdnosti za p\u0159estupky a \u0159\u00edzen\u00ed o nich, v platn\u00e9m zn\u011bn\u00ed, ve v\u011bci mo\u017en\u00e9ho p\u0159estupku sp\u00e1chan\u00e9ho odvys\u00edl\u00e1n\u00edm zpr\u00e1v o o\u010dkov\u00e1n\u00ed na programech provozovatele FTV Prima, spol. s r.o., \u017ee v\u011bc odkl\u00e1d\u00e1.<br \/>\n12-0-1<\/p>\n<p>31 RRTV\/2021\/604\/rud: TV Nova s.r.o.\/informov\u00e1n\u00ed o rizic\u00edch o\u010dkov\u00e1n\u00ed proti covid-19 &#8211; VYSV\u011aTLEN\u00cd<br \/>\n&#8211; Rada se sezn\u00e1mila s podan\u00fdm vysv\u011btlen\u00edm provozovatele vys\u00edl\u00e1n\u00ed TV Nova s.r.o., I\u010c 45800456, s\u00eddlem K\u0159\u00ed\u017eeneck\u00e9ho n\u00e1m. 1078\/5, Praha 5, PS\u010c 15200, kdy a v jak\u00fdch po\u0159adech dal v obdob\u00ed p\u011bti m\u011bs\u00edc\u016f zp\u011btn\u011b ve zpravodajstv\u00ed na sv\u00fdch programech prostor odborn\u00edk\u016fm, kte\u0159\u00ed vysv\u011btluj\u00ed rizika o\u010dkov\u00e1n\u00ed proti covid-19, hlas\u016fm, kter\u00e9 poukazuj\u00ed na negativa o\u010dkov\u00e1n\u00ed (v\u010detn\u011b potenci\u00e1ln\u00edch ni\u017e\u0161\u00edch standard\u016f p\u0159i schvalov\u00e1n\u00ed vakc\u00edn) a zpr\u00e1v\u00e1m, kter\u00e9 informuj\u00ed o v\u00e1\u017en\u00fdch d\u016fsledc\u00edch, je\u017e o\u010dkov\u00e1n\u00ed m\u011blo na jednotlivce u n\u00e1s i v zahrani\u010d\u00ed.<br \/>\n13-0-0<br \/>\n&#8211; Rada pro rozhlasov\u00e9 a televizn\u00ed vys\u00edl\u00e1n\u00ed (d\u00e1le jen Rada) coby \u00fast\u0159edn\u00ed spr\u00e1vn\u00ed \u00fa\u0159ad v r\u00e1mci sv\u00e9 kompetence dan\u00e9 ustanoven\u00edm \u00a7 5 p\u00edsm. a) z\u00e1kona \u010d. 231\/2001 Sb., o provozov\u00e1n\u00ed rozhlasov\u00e9ho a televizn\u00edho vys\u00edl\u00e1n\u00ed a o zm\u011bn\u011b dal\u0161\u00edch z\u00e1kon\u016f (d\u00e1le jen z\u00e1kon \u010d. 231\/2001 Sb.), rozhodla v souladu s ustanoven\u00edm \u00a7 76 odst. 1 p\u00edsm. a) z\u00e1kona \u010d. 250\/2016 Sb., o odpov\u011bdnosti za p\u0159estupky a \u0159\u00edzen\u00ed o nich, v platn\u00e9m zn\u011bn\u00ed, ve v\u011bci mo\u017en\u00e9ho p\u0159estupku sp\u00e1chan\u00e9ho odvys\u00edl\u00e1n\u00edm zpr\u00e1v o o\u010dkov\u00e1n\u00ed na programech provozovatele TV Nova s.r.o., \u017ee v\u011bc odkl\u00e1d\u00e1.<br \/>\n11-0-2<\/p>\n<p>32 RRTV\/2021\/606\/rud: Barrandov Televizn\u00ed Studio a.s.\/informov\u00e1n\u00ed o rizic\u00edch o\u010dkov\u00e1n\u00ed proti covid-19 &#8211; VYSV\u011aTLEN\u00cd<br \/>\n&#8211; Rada se sezn\u00e1mila s podan\u00fdm vysv\u011btlen\u00edm provozovatele vys\u00edl\u00e1n\u00ed Barrandov Televizn\u00ed Studio a.s., I\u010c 41693311, s\u00eddlem K\u0159\u00ed\u017eeneck\u00e9ho n\u00e1m\u011bst\u00ed 322\/5, Praha 5, PS\u010c 152 00, kdy a v jak\u00fdch po\u0159adech dal v obdob\u00ed p\u011bti m\u011bs\u00edc\u016f zp\u011btn\u011b ve zpravodajstv\u00ed na sv\u00fdch programech prostor odborn\u00edk\u016fm, kte\u0159\u00ed vysv\u011btluj\u00ed rizika o\u010dkov\u00e1n\u00ed proti covid-19, hlas\u016fm, kter\u00e9 poukazuj\u00ed na negativa o\u010dkov\u00e1n\u00ed (v\u010detn\u011b potenci\u00e1ln\u00edch ni\u017e\u0161\u00edch standard\u016f p\u0159i schvalov\u00e1n\u00ed vakc\u00edn) a zpr\u00e1v\u00e1m, kter\u00e9 informuj\u00ed o v\u00e1\u017en\u00fdch d\u016fsledc\u00edch, je\u017e o\u010dkov\u00e1n\u00ed m\u011blo na jednotlivce u n\u00e1s i v zahrani\u010d\u00ed.<br \/>\n13-0-0<br \/>\n&#8211; Rada pro rozhlasov\u00e9 a televizn\u00ed vys\u00edl\u00e1n\u00ed (d\u00e1le jen Rada) coby \u00fast\u0159edn\u00ed spr\u00e1vn\u00ed \u00fa\u0159ad v r\u00e1mci sv\u00e9 kompetence dan\u00e9 ustanoven\u00edm \u00a7 5 p\u00edsm. a) z\u00e1kona \u010d. 231\/2001 Sb., o provozov\u00e1n\u00ed rozhlasov\u00e9ho a televizn\u00edho vys\u00edl\u00e1n\u00ed a o zm\u011bn\u011b dal\u0161\u00edch z\u00e1kon\u016f (d\u00e1le jen z\u00e1kon \u010d. 231\/2001 Sb.), rozhodla v souladu s ustanoven\u00edm \u00a7 76 odst. 1 p\u00edsm. a) z\u00e1kona \u010d. 250\/2016 Sb., o odpov\u011bdnosti za p\u0159estupky a \u0159\u00edzen\u00ed o nich, v platn\u00e9m zn\u011bn\u00ed, ve v\u011bci mo\u017en\u00e9ho p\u0159estupku sp\u00e1chan\u00e9ho odvys\u00edl\u00e1n\u00edm zpr\u00e1v o o\u010dkov\u00e1n\u00ed na programech provozovatele Barrandov Televizn\u00ed Studio a.s., \u017ee v\u011bc odkl\u00e1d\u00e1.<br \/>\n10-0-2<\/p>\n<p>33 RRTV\/2021\/603\/rud: \u010cESK\u00c1 TELEVIZE\/informov\u00e1n\u00ed o rizic\u00edch o\u010dkov\u00e1n\u00ed proti covid-19 &#8211; VYSV\u011aTLEN\u00cd<br \/>\n&#8211; Rada se sezn\u00e1mila s podan\u00fdm vysv\u011btlen\u00edm provozovatele vys\u00edl\u00e1n\u00ed \u010cesk\u00e1 televize, I\u010c: 00027383, s\u00eddlem: Kav\u010d\u00ed hory, Praha 4, PS\u010c 140 70, kdy a v jak\u00fdch po\u0159adech v obdob\u00ed p\u011bti m\u011bs\u00edc\u016f zp\u011btn\u011b dal ve zpravodajstv\u00ed na sv\u00fdch programech prostor odborn\u00edk\u016fm, kte\u0159\u00ed vysv\u011btluj\u00ed rizika o\u010dkov\u00e1n\u00ed proti covid-19, hlas\u016fm, kter\u00e9 poukazuj\u00ed na negativa o\u010dkov\u00e1n\u00ed (v\u010detn\u011b potenci\u00e1ln\u00edch ni\u017e\u0161\u00edch standard\u016f p\u0159i schvalov\u00e1n\u00ed vakc\u00edn) a zpr\u00e1v\u00e1m, kter\u00e9 informuj\u00ed o v\u00e1\u017en\u00fdch d\u016fsledc\u00edch, je\u017e o\u010dkov\u00e1n\u00ed m\u011blo na jednotlivce u n\u00e1s i v zahrani\u010d\u00ed.<br \/>\n13-0-0<br \/>\n&#8211; Rada pro rozhlasov\u00e9 a televizn\u00ed vys\u00edl\u00e1n\u00ed (d\u00e1le jen Rada) coby \u00fast\u0159edn\u00ed spr\u00e1vn\u00ed \u00fa\u0159ad v r\u00e1mci sv\u00e9 kompetence dan\u00e9 ustanoven\u00edm \u00a7 5 p\u00edsm. a) z\u00e1kona \u010d. 231\/2001 Sb., o provozov\u00e1n\u00ed rozhlasov\u00e9ho a televizn\u00edho vys\u00edl\u00e1n\u00ed a o zm\u011bn\u011b dal\u0161\u00edch z\u00e1kon\u016f (d\u00e1le jen z\u00e1kon \u010d. 231\/2001 Sb.), rozhodla v souladu s ustanoven\u00edm \u00a7 76 odst. 1 p\u00edsm. a) z\u00e1kona \u010d. 250\/2016 Sb., o odpov\u011bdnosti za p\u0159estupky a \u0159\u00edzen\u00ed o nich, v platn\u00e9m zn\u011bn\u00ed, ve v\u011bci mo\u017en\u00e9ho p\u0159estupku sp\u00e1chan\u00e9ho odvys\u00edl\u00e1n\u00edm zpr\u00e1v o o\u010dkov\u00e1n\u00ed na programech provozovatele \u010cesk\u00e1 televize, \u017ee v\u011bc odkl\u00e1d\u00e1.<br \/>\n11-1-1<\/p>\n<p>34 RRTV\/2021\/447\/rud: \u010cESK\u00c1 TELEVIZE\/\u010cT1\/Infiltrace: Obchod s nad\u011bj\u00ed\/12.4.2021\/od 21:50 hodin &#8211; VYSV\u011aTLEN\u00cd<br \/>\n&#8211; Rada se sezn\u00e1mila s podan\u00fdm vysv\u011btlen\u00edm provozovatele \u010cESK\u00c1 TELEVIZE, I\u010c 00027383, s\u00eddlem Na h\u0159ebenech II 1132\/4, Praha 4, PS\u010c 14700, k tvrzen\u00edm obsa\u017een\u00fdm ve st\u00ed\u017enosti na po\u0159ad Infiltrace: Obchod s nad\u011bj\u00ed odvys\u00edlan\u00e9mu dne 12. dubna 2021 na programu \u010cT1, kter\u00e1 byla Rad\u011b doru\u010dena dne 4. kv\u011btna 2021.<br \/>\n13-0-0<br \/>\n&#8211; Rada pro rozhlasov\u00e9 a televizn\u00ed vys\u00edl\u00e1n\u00ed (d\u00e1le jen Rada) coby \u00fast\u0159edn\u00ed spr\u00e1vn\u00ed \u00fa\u0159ad v r\u00e1mci sv\u00e9 kompetence dan\u00e9 ustanoven\u00edm \u00a7 5 p\u00edsm. a) z\u00e1kona \u010d. 231\/2001 Sb., o provozov\u00e1n\u00ed rozhlasov\u00e9ho a televizn\u00edho vys\u00edl\u00e1n\u00ed a o zm\u011bn\u011b dal\u0161\u00edch z\u00e1kon\u016f (d\u00e1le jen z\u00e1kon \u010d. 231\/2001 Sb.), rozhodla v souladu s ustanoven\u00edm \u00a7 76 odst. 1 p\u00edsm. a) z\u00e1kona \u010d. 250\/2016 Sb., o odpov\u011bdnosti za p\u0159estupky a \u0159\u00edzen\u00ed o nich, v platn\u00e9m zn\u011bn\u00ed, ve v\u011bci mo\u017en\u00e9ho p\u0159estupku sp\u00e1chan\u00e9ho odvys\u00edl\u00e1n\u00edm po\u0159adu Infiltrace dne 12. dubna 2021 na programu \u010cT1, \u017ee v\u011bc odkl\u00e1d\u00e1.<br \/>\n7-2-4<\/p>\n<p>35 RRTV\/2021\/597\/rud: \u010cESK\u00c1 TELEVIZE\/\u010cT2\/Nedej se!, report\u00e1\u017e Mysliveck\u00e1 praxe a obnova krajiny\/30.5.2021\/od 10:28 hodin &#8211; VYSV\u011aTLEN\u00cd<br \/>\n&#8211; Rada se sezn\u00e1mila s podan\u00fdm vysv\u011btlen\u00edm provozovatele vys\u00edl\u00e1n\u00ed \u010cesk\u00e1 televize, I\u010c: 00027383, s\u00eddlem: Kav\u010d\u00ed hory, Praha 4, PS\u010c 140 70, k report\u00e1\u017ei Mysliveck\u00e1 praxe a obnova krajiny, kter\u00e1 byla za\u0159azena v po\u0159adu Nedej se! odvys\u00edlan\u00e9m dne 30. kv\u011btna 2021 od 10:28 hodin na programu \u010cT2, resp. k ot\u00e1zce, jak\u00fdm zp\u016fsobem provozovatel zajistil vyv\u00e1\u017eenost dan\u00e9 report\u00e1\u017ee.<br \/>\n13-0-0<br \/>\n&#8211; Rada pro rozhlasov\u00e9 a televizn\u00ed vys\u00edl\u00e1n\u00ed (d\u00e1le jen Rada) coby \u00fast\u0159edn\u00ed spr\u00e1vn\u00ed \u00fa\u0159ad v r\u00e1mci sv\u00e9 kompetence dan\u00e9 ustanoven\u00edm \u00a7 5 p\u00edsm. a) z\u00e1kona \u010d. 231\/2001 Sb., o provozov\u00e1n\u00ed rozhlasov\u00e9ho a televizn\u00edho vys\u00edl\u00e1n\u00ed a o zm\u011bn\u011b dal\u0161\u00edch z\u00e1kon\u016f (d\u00e1le jen z\u00e1kon \u010d. 231\/2001 Sb.), rozhodla v souladu s ustanoven\u00edm \u00a7 76 odst. 1 p\u00edsm. a) z\u00e1kona \u010d. 250\/2016 Sb., o odpov\u011bdnosti za p\u0159estupky a \u0159\u00edzen\u00ed o nich, v platn\u00e9m zn\u011bn\u00ed, ve v\u011bci mo\u017en\u00e9ho p\u0159estupku sp\u00e1chan\u00e9ho odvys\u00edl\u00e1n\u00edm report\u00e1\u017ee Mysliveck\u00e1 praxe a obnova krajiny v po\u0159adu Nedej se!, 30. kv\u011btna 2021 od 10:28 hodin na programu \u010cT2, \u017ee v\u011bc odkl\u00e1d\u00e1.<br \/>\n11-2-0<\/p>\n<p>36 RRTV\/2021\/598\/rud: \u010cESK\u00c1 TELEVIZE\/\u010cT24\/29.4.2021\/shrom\u00e1\u017ed\u011bn\u00ed Aliance pro rodinu &#8211; VYSV\u011aTLEN\u00cd<br \/>\n&#8211; Rada se sezn\u00e1mila s podan\u00fdm vysv\u011btlen\u00edm provozovatele \u010cESK\u00c1 TELEVIZE, I\u010c 00027383, s\u00eddlem Na h\u0159ebenech II 1132\/4, Praha 4, PS\u010c 14700, kdy a jak\u00fdm zp\u016fsobem ve vys\u00edl\u00e1n\u00ed programu \u010cT24 dne 29. dubna 2021 informoval o ve\u0159ejn\u00e9m shrom\u00e1\u017ed\u011bn\u00ed organizace Aliance pro rodinu, z.s. na Kl\u00e1rov\u011b, j\u00edm\u017e by poskytl adekv\u00e1tn\u00ed prostor pro vyj\u00e1d\u0159en\u00ed podporovatel\u016f n\u00e1vrhu po\u017eaduj\u00edc\u00edho \u00fastavn\u00ed definici man\u017eelstv\u00ed jako svazku mu\u017ee a \u017eeny vzhledem k odvys\u00edlan\u00e9mu rozhovoru s \u0159editelem iniciativy \u201eJsme f\u00e9r\u201c Czeslawem Walkem z ve\u0159ejn\u00e9ho shrom\u00e1\u017ed\u011bn\u00ed na podporu n\u00e1vrhu uz\u00e1kon\u011bn\u00ed man\u017eelstv\u00ed pro homosexu\u00e1ly, kter\u00fd se objevil ve vys\u00edl\u00e1n\u00ed tohoto programu dne 29. dubna 2021 od 10:20 hod.<br \/>\n13-0-0<br \/>\n&#8211; Rada pro rozhlasov\u00e9 a televizn\u00ed vys\u00edl\u00e1n\u00ed (d\u00e1le jen \u201eRada\u201c) jako \u00fast\u0159edn\u00ed spr\u00e1vn\u00ed \u00fa\u0159ad v r\u00e1mci sv\u00e9 kompetence dan\u00e9 ustanoven\u00edm \u00a7 5 p\u00edsm. a) z\u00e1kona \u010d. 231\/2001 Sb., o provozov\u00e1n\u00ed rozhlasov\u00e9ho a televizn\u00edho vys\u00edl\u00e1n\u00ed a o zm\u011bn\u011b dal\u0161\u00edch z\u00e1kon\u016f (d\u00e1le jen \u201ez\u00e1kon \u010d. 231\/2001 Sb.\u201c), rozhodla v souladu s \u00a7 76 odst. 1 p\u00edsm. a) z\u00e1kona \u010d. 250\/2016 Sb., o odpov\u011bdnosti za p\u0159estupky a \u0159\u00edzen\u00ed o nich, v platn\u00e9m zn\u011bn\u00ed, ve v\u011bci mo\u017en\u00e9ho p\u0159estupku sp\u00e1chan\u00e9ho vys\u00edl\u00e1n\u00edm p\u0159\u00edsp\u011bvk\u016f o projedn\u00e1v\u00e1n\u00ed n\u00e1vrh\u016f t\u00fdkaj\u00edc\u00edch se man\u017eelstv\u00ed v Poslaneck\u00e9 sn\u011bmovn\u011b na programu \u010cT24 dne 29. dubna 2021, \u017ee v\u011bc odkl\u00e1d\u00e1.<br \/>\n9-3-1<\/p>\n<p>37 RRTV\/2021\/435\/rud: FTV Prima, spol. s r.o.\/Prima\/Eva testuje (3)\/17.4.2021\/od 18:40 hodin &#8211; VYSV\u011aTLEN\u00cd<br \/>\n&#8211; Rada se sezn\u00e1mila s podan\u00fdm vysv\u011btlen\u00edm provozovatele FTV Prima, spol. s r.o., I\u010c 48115908, s\u00eddlem Vinohradsk\u00e1 3217\/167, Praha 10, PS\u010c 100 00, na z\u00e1klad\u011b jak\u00fdch skute\u010dnost\u00ed \u010di krit\u00e9ri\u00ed za\u0159adil do testov\u00e1n\u00ed v\u00fdrobk\u016f v r\u00e1mci po\u0159adu Eva testuje (3), odvys\u00edlan\u00e9ho na programu Prima dne 17. dubna 2021 od 18:40 hodin, v\u00fdrobky spole\u010dnosti LEIFHEIT a.s. (\u010disti\u010d oken a parn\u00ed mop) a DEXPORT s.r.o. (kuchy\u0148sk\u00fd odma\u0161\u0165ova\u010d GENOLL).<br \/>\n13-0-0<br \/>\n&#8211; Rada pro rozhlasov\u00e9 a televizn\u00ed vys\u00edl\u00e1n\u00ed (d\u00e1le jen Rada) coby \u00fast\u0159edn\u00ed spr\u00e1vn\u00ed \u00fa\u0159ad v r\u00e1mci sv\u00e9 p\u016fsobnosti dan\u00e9 ustanoven\u00edm \u00a7 5 p\u00edsm. a) a f) z\u00e1kona \u010d. 231\/2001 Sb., o<br \/>\nprovozov\u00e1n\u00ed rozhlasov\u00e9ho a televizn\u00edho vys\u00edl\u00e1n\u00ed a o zm\u011bn\u011b dal\u0161\u00edch z\u00e1kon\u016f, v platn\u00e9m zn\u011bn\u00ed (d\u00e1le jen z\u00e1kon \u010d. 231\/2001 Sb.), v souladu s ustanoven\u00edm \u00a7 78 odst. 1 z\u00e1kona \u010d. 250\/2016 Sb., z\u00e1kona o p\u0159estupc\u00edch a \u0159\u00edzen\u00edch o nich (d\u00e1le jen z\u00e1kon \u010d. 250\/2016 Sb.) rozhodla zah\u00e1jit s provozovatelem vys\u00edl\u00e1n\u00ed, FTV Prima, spol. s r.o., I\u010c 48115908, s\u00eddlem Vinohradsk\u00e1 3217\/167, Praha 10, PS\u010c 100 00 (d\u00e1le \u201eobvin\u011bn\u00fd\u201c), \u0159\u00edzen\u00ed o p\u0159estupku z moci \u00fa\u0159edn\u00ed pro mo\u017en\u00e9 poru\u0161en\u00ed \u00a7 48 odst. 1 p\u00edsm. h) z\u00e1kona \u010d. 231\/2001 Sb., kter\u00e9ho se mohl dopustit odvys\u00edl\u00e1n\u00edm po\u0159adu Eva testuje (3) na programu Prima dne 17. dubna 2021 od 18:40 hodin, kter\u00fd obsahoval prezentaci v\u00fdrobk\u016f spole\u010dnosti LEIFHEIT a.s. (\u010disti\u010d oken a parn\u00ed mop) a DEXPORT s.r.o. (kuchy\u0148sk\u00fd odma\u0161\u0165ova\u010d GENOLL), kdy tato prezentace re\u00e1ln\u011b plnila reklamn\u00ed c\u00edl: V p\u0159\u00edpad\u011b produkt\u016f Leifheit se vyskytly z\u00e1b\u011bry, kter\u00e9 p\u0159ipom\u00ednaj\u00ed motivy z teleshoppingu &#8211; mu\u017e a \u017eena um\u00fdvali ka\u017ed\u00fd jednu okenn\u00ed tabuli, p\u0159i\u010dem\u017e \u017eena pou\u017e\u00edvala p\u0159\u00edstroj Leifheit, zat\u00edmco mu\u017e oby\u010dejn\u00fd hadr, video v\u00fdmluvn\u011b demonstrovalo, jak je pr\u00e1ce s produktem Leifheit snaz\u0161\u00ed a efektivn\u011bj\u0161\u00ed; rovn\u011b\u017e parn\u00ed mop byl hodnocen velmi pozitivn\u011b (\u201e\u017e\u00e1dn\u00e9 savo, \u017e\u00e1dn\u00e9 chemik\u00e1lie, pouze voda\u201c); v\u00fdrobek z\u00edskal celkov\u00e9 hodnocen\u00ed 92% a na obrazovce se objevilo shrnut\u00ed s nej\u010dast\u011bj\u0161\u00edmi pozitivy a negativy, kdy v\u0161ak dv\u011b ze t\u0159\u00ed jmenovan\u00fdch negativ &#8211; \u201eza\u010dalo m\u011b bavit ukl\u00edzen\u00ed\u201c a \u201eman\u017eel za\u010d\u00edn\u00e1 fandit elektro pomocn\u00edk\u016fm\u201c nelze pova\u017eovat za seri\u00f3zn\u00ed v\u00fdhrady, v\u00fdb\u011br takov\u00fdchto \u201enev\u00fdhod\u201c m\u00e1 naopak evokovat, \u017ee v\u00fdrobek je prakticky perfektn\u00ed (a\u017e na vy\u0161\u0161\u00ed cenu). Co se t\u00fd\u010de druh\u00e9ho hodnocen\u00e9ho produktu, odma\u0161\u0165ovac\u00edho prost\u0159edku GENOLL, pak z dom\u00e1c\u00edho testov\u00e1n\u00ed bylo patrn\u00e9, \u017ee prost\u0159edek funguje velmi dob\u0159e, co\u017e si mu\u017e pochvaloval s t\u00edm, \u017ee je odma\u0161\u0165ova\u010d z\u00e1rove\u0148 bio a ekologick\u00fd k \u017eivotn\u00edmu prost\u0159ed\u00ed; produkt z\u00edskal celkov\u00e9 hodnocen\u00ed 85%. M\u00edra pozitivn\u00edho hodnocen\u00ed byla u produkt\u016f vysok\u00e1, v\u00fdrobky byly p\u0159edstaveny takov\u00fdm zp\u016fsobem, kter\u00fd spot\u0159ebitele motivuje k jejich zakoupen\u00ed. Div\u00e1k tak mohl uveden v omyl o tom, jak\u00fd komunika\u010dn\u00ed c\u00edl po\u0159ad pln\u00ed, tedy \u017ee ve skute\u010dnosti nep\u0159in\u00e1\u0161\u00ed re\u00e1ln\u00e9 recenze vybran\u00fdch produkt\u016f, ale \u017ee pln\u00ed reklamn\u00ed c\u00edl.<br \/>\n12-0-1<\/p>\n<p>38 RRTV\/2021\/402\/had: \u010cESK\u00c1 L\u00c9K\u00c1RNA HOLDING, a.s.\/ Televize Barrandov\/1.3.2021\/od 06:09:09 hod\/Dr. Max (Karta V\u00fdhod)\/doprava zdarma- pod\u00e1n\u00ed vysv\u011btlen\u00ed<br \/>\n&#8211; Rada se sezn\u00e1mila s podan\u00fdm vysv\u011btlen\u00edm ve v\u011bci obchodn\u00edho sd\u011blen\u00ed Dr. Max (Karta V\u00fdhod), odvys\u00edlan\u00e9ho premi\u00e9rov\u011b dne 1. b\u0159ezna 2021 od 06:09:09 hodin na programu Televize Barrandov.<br \/>\n13-0-0<br \/>\n&#8211; Rada pro rozhlasov\u00e9 a televizn\u00ed vys\u00edl\u00e1n\u00ed (d\u00e1le jen Rada) coby \u00fast\u0159edn\u00ed spr\u00e1vn\u00ed \u00fa\u0159ad v r\u00e1mci sv\u00e9 kompetence dan\u00e9 ustanoven\u00edm \u00a7 7 p\u00edsm. a) z\u00e1kona \u010d. 40\/1995 Sb., o regulaci reklamy, rozhodla v souladu s ustanoven\u00edm \u00a7 76 odst. 1 p\u00edsm. a) z\u00e1kona \u010d. 250\/2016 Sb., o odpov\u011bdnosti za p\u0159estupky a \u0159\u00edzen\u00ed o nich, v platn\u00e9m zn\u011bn\u00ed, ve v\u011bci mo\u017en\u00e9ho p\u0159estupku sp\u00e1chan\u00e9ho odvys\u00edl\u00e1n\u00edm obchodn\u00edho sd\u011blen\u00ed Dr. Max (Karta V\u00fdhod), premi\u00e9rov\u011b dne 1. b\u0159ezna 2021 od 06:09:09 hodin na programu Televize Barrandov, \u017ee v\u011bc odkl\u00e1d\u00e1.<br \/>\n13-0-0<\/p>\n<p>39 RRTV\/2021\/230\/had: Fytofontana ViroSTOP &#8211; pod\u00e1n\u00ed vysv\u011btlen\u00ed &#8211; odlo\u017een\u00ed<br \/>\n&#8211; Rada pro rozhlasov\u00e9 a televizn\u00ed vys\u00edl\u00e1n\u00ed (d\u00e1le jen \u201eRada\u201c) jako \u00fast\u0159edn\u00ed spr\u00e1vn\u00ed \u00fa\u0159ad v r\u00e1mci sv\u00e9 kompetence dan\u00e9 ustanoven\u00edm \u00a7 7 p\u00edsm. a) z\u00e1kona \u010d. 40\/1995 Sb., o provozov\u00e1n\u00ed rozhlasov\u00e9ho a televizn\u00edho vys\u00edl\u00e1n\u00ed a o zm\u011bn\u011b dal\u0161\u00edch z\u00e1kon\u016f (d\u00e1le jen \u201ez\u00e1kon \u010d. 231\/2001 Sb.\u201c), rozhodla v souladu s \u00a7 76 odst. 1 p\u00edsm. a) z\u00e1kona \u010d. 250\/2016 Sb., o odpov\u011bdnosti za p\u0159estupky a \u0159\u00edzen\u00ed o nich, v platn\u00e9m zn\u011bn\u00ed, ve v\u011bci mo\u017en\u00e9ho p\u0159estupku sp\u00e1chan\u00e9ho odvys\u00edl\u00e1n\u00edm reklamy Fytofontana ViroSTOP na programu CNN Prima News dne 9. 2. 2021 od 21:30:53 hodin, \u017ee v\u011bc odkl\u00e1d\u00e1.<br \/>\n13-0-0<\/p>\n<p>40 RRTV\/2021\/450\/had: Simply You Pharmaceuticals a.s.\/De-press STOP \u0160PATN\u00c9 N\u00c1LAD\u011a\/NOVA\/26.2.2021\/od 16:53:38 hodin + Televize Barrandov\/28.2.2021\/od 9:59:02 hodin\/pod\u00e1n\u00ed vysv\u011btlen\u00ed<br \/>\n&#8211; Rada se sezn\u00e1mila s podan\u00fdm vysv\u011btlen\u00edm spole\u010dnosti Simply You Pharmaceuticals a.s., I\u010c: 253 85 381, se s\u00eddlem Roh\u00e1\u010dova 188\/37, \u017di\u017ekov, 130 00 Praha 3, ve v\u011bci st\u00ed\u017enosti na obchodn\u00ed sd\u011blen\u00ed\/ozna\u010den\u00ed sponzora propaguj\u00edc\u00ed produkt De-press STOP \u0160PATN\u00c9 N\u00c1LAD\u011a odvys\u00edlan\u00e9 dne 26. 2. 2021 od 16:53:38 hodin na programu Nova a na obchodn\u00ed sd\u011blen\u00ed\/reklamu propaguj\u00edc\u00ed produkt De-press STOP \u0160PATN\u00c9 N\u00c1LAD\u011a odvys\u00edlanou dne 28. 2. 2021 od 9:59:02 hodin na programu Televize Barrandov.<br \/>\n13-0-0<br \/>\n&#8211; Rada se sezn\u00e1mila se stanoviskem St\u00e1tn\u00edho zem\u011bd\u011blsk\u00e9 a potravin\u00e1\u0159sk\u00e9 inspekce ve v\u011bci \u0161\u00ed\u0159en\u00ed produktu De-press STOP \u0160PATN\u00c9 N\u00c1LAD\u011a.<br \/>\n13-0-0<br \/>\n&#8211; Rada pro rozhlasov\u00e9 a televizn\u00ed vys\u00edl\u00e1n\u00ed (d\u00e1le jen Rada) coby \u00fast\u0159edn\u00ed spr\u00e1vn\u00ed \u00fa\u0159ad v r\u00e1mci sv\u00e9 kompetence dan\u00e9 ustanoven\u00edm \u00a7 7 p\u00edsm. a) z\u00e1kona \u010d. 40\/1995 Sb., o regulaci reklamy, rozhodla v souladu s ustanoven\u00edm \u00a7 76 odst. 1 p\u00edsm. a) z\u00e1kona \u010d. 250\/2016 Sb., o odpov\u011bdnosti za p\u0159estupky a \u0159\u00edzen\u00ed o nich, v platn\u00e9m zn\u011bn\u00ed, ve v\u011bci mo\u017en\u00e9ho p\u0159estupku sp\u00e1chan\u00e9ho odvys\u00edl\u00e1n\u00edm obchodn\u00edho sd\u011blen\u00ed\/ozna\u010den\u00ed sponzora propaguj\u00edc\u00edho produkt De-press STOP \u0160PATN\u00c9 N\u00c1LAD\u011a odvys\u00edlan\u00e9ho dne 26. 2. 2021 od 16:53:38 hodin na programu Nova a obchodn\u00edho sd\u011blen\u00ed\/reklamy propaguj\u00edc\u00ed produkt De-press STOP \u0160PATN\u00c9 N\u00c1LAD\u011a odvys\u00edlan\u00e9 dne 28. 2. 2021 od 9:59:02 hodin na programu Televize Barrandov, \u017ee v\u011bc odkl\u00e1d\u00e1.<br \/>\n13-0-0<\/p>\n<p>41 RRTV\/2021\/549\/rud: FTV Prima, spol. s r.o.\/Prima, CNN Prima News\/Nov\u00fd den\/5.5.2021\/od 07:00 hodin\/um\u00edst\u011bn\u00ed produktu &#8211; REAKCE NA UPOZORN\u011aN\u00cd<br \/>\n&#8211; Rada se sezn\u00e1mila s reakc\u00ed provozovatele FTV Prima, spol. s r.o., I\u010c 48115908, s\u00eddlem Vinohradsk\u00e1 3217\/167, Praha 10, PS\u010c 100 00, na ulo\u017een\u00e9 upozorn\u011bn\u00ed na poru\u0161en\u00ed ustanoven\u00ed \u00a7 53a odst. 1 p\u00edsm. a) z\u00e1kona \u010d. 231\/2001 Sb., jeho\u017e se dopustil odvys\u00edl\u00e1n\u00edm zpravodajsk\u00e9ho po\u0159adu Nov\u00fd den dne 5. kv\u011btna 2021 od 7:00 hodin na programech Prima a CNN Prima News.<br \/>\n13-0-0<br \/>\n&#8211; Rada nad\u00e1le trv\u00e1 na sv\u00e9m z\u00e1v\u011bru, \u017ee se provozovatel vys\u00edl\u00e1n\u00ed FTV Prima, spol. s r.o., I\u010c 48115908, s\u00eddlem Vinohradsk\u00e1 3217\/167, Praha 10, PS\u010c 100 00, dopustil poru\u0161en\u00ed ustanoven\u00ed \u00a7 53a odst. 1 p\u00edsm. a) z\u00e1kona \u010d. 231\/2001 Sb., odvys\u00edl\u00e1n\u00edm zpravodajsk\u00e9ho po\u0159adu Nov\u00fd den dne 5. kv\u011btna 2021 od 7:00 hodin na programech Prima a CNN Prima News, kter\u00fd obsahoval um\u00edst\u011bn\u00ed produktu, a\u010dkoliv z\u00e1kon umo\u017e\u0148uje um\u00edst\u011bn\u00ed produktu pouze v kinematografick\u00fdch d\u00edlech, ve filmech a seri\u00e1lech vytvo\u0159en\u00fdch pro televizn\u00ed vys\u00edl\u00e1n\u00ed nebo pro audiovizu\u00e1ln\u00ed medi\u00e1ln\u00ed slu\u017eby na vy\u017e\u00e1d\u00e1n\u00ed, ve sportovn\u00edch a z\u00e1bavn\u00fdch po\u0159adech, a to za podm\u00ednky, \u017ee se nejedn\u00e1 o po\u0159ady pro d\u011bti, a konstatuje, \u017ee provozovatel byl na poru\u0161en\u00ed \u00a7 53a odst. 1 p\u00edsm. a) z\u00e1kona \u010d. 231\/2001 Sb., upozorn\u011bn v souladu se z\u00e1konem, a vydan\u00e9 upozorn\u011bn\u00ed \u010d. j. RRTV\/8103\/2021- rud, sp. zn. RRTV\/2021\/549\/rud, je tud\u00ed\u017e pro dal\u0161\u00ed rozhodovac\u00ed praxi Rady sm\u011brodatn\u00e9.<br \/>\n12-0-1<\/p>\n<p>42 RRTV\/2020\/789\/vhu: Studie medi\u00e1ln\u00ed gramotnosti populace \u010cR 2021<br \/>\n&#8211; Rada se sezn\u00e1mila se zji\u0161t\u011bn\u00edmi studie medi\u00e1ln\u00ed gramotnosti 2021 populace \u010cR mlad\u0161\u00ed 15 let.<br \/>\n13-0-0<\/p>\n<p>43 RRTV\/2020\/907\/rud: Ve\u0159ejn\u00fd ochr\u00e1nce pr\u00e1v\/V\u00fdm\u011bna man\u017eelek &#8211; ukon\u010den\u00ed \u0161et\u0159en\u00ed<br \/>\n&#8211; Rada se sezn\u00e1mila se sd\u011blen\u00edm ve\u0159ejn\u00e9ho ochr\u00e1nce pr\u00e1v o ukon\u010den\u00ed \u0161et\u0159en\u00ed ve v\u011bci po\u0159adu V\u00fdm\u011bna man\u017eelek.<br \/>\n13-0-0<\/p>\n<p>44 RRTV\/2021\/697\/hli: Odpov\u011b\u010f \u010cNB k \u017e\u00e1dosti Rady ve v\u011bci aktu\u00e1ln\u00ed regulace tzv. kryptom\u011bn<br \/>\n&#8211; Rada pro rozhlasov\u00e9 a televizn\u00ed vys\u00edl\u00e1n\u00ed se sezn\u00e1mila s odpov\u011bd\u00ed \u010cesk\u00e9 n\u00e1rodn\u00ed banky ve v\u011bci aktu\u00e1ln\u00ed regulace tzv. kryptom\u011bn.<br \/>\n13-0-0<\/p>\n<p>45 RRTV\/2021\/699\/vop: PhDr. Renata Bernardi\/TV \u0160alingrad\/z\u00e1pis do Evidence\/nespl\u0148uje podm\u00ednky<br \/>\n&#8211; Rada pro rozhlasov\u00e9 a televizn\u00ed vys\u00edl\u00e1n\u00ed (d\u00e1le jen Rada) v r\u00e1mci sv\u00e9 p\u016fsobnosti podle ustanoven\u00ed \u00a7 4 odst. 2 p\u00edsm. a) a \u00a7 5 odst. 3 z\u00e1kona \u010d. 132\/2010 Sb., o audiovizu\u00e1ln\u00edch medi\u00e1ln\u00edch slu\u017eb\u00e1ch na vy\u017e\u00e1d\u00e1n\u00ed, a podle ustanoven\u00ed \u00a7 158 odst. 1 z\u00e1kona \u010d. 500\/2004 Sb., spr\u00e1vn\u00edho \u0159\u00e1du, vyd\u00e1v\u00e1 toto sd\u011blen\u00ed: Poskytovatel PhDr. Renata Bernardi, s\u00eddlem Rakoveck\u00e1, 635 00 Brno, I\u010c: 75261031, poskytuj\u00edc\u00ed slu\u017ebu TV \u0160ALINGRAD, dostupnou na adrese https:\/\/www.tvsalingrad.cz\/, nebyl zaps\u00e1n do Evidence poskytovatel\u016f audiovizu\u00e1ln\u00edch medi\u00e1ln\u00edch slu\u017eeb na vy\u017e\u00e1d\u00e1n\u00ed ve smyslu ustanoven\u00ed \u00a7 5 z\u00e1kona \u010d. 132\/2010 Sb., o audiovizu\u00e1ln\u00edch medi\u00e1ln\u00edch slu\u017eb\u00e1ch na vy\u017e\u00e1d\u00e1n\u00ed, nebo\u0165 slu\u017eba nespl\u0148uje podm\u00ednky pro z\u00e1pis do Evidence poskytovatel\u016f audiovizu\u00e1ln\u00edch medi\u00e1ln\u00edch slu\u017eeb na vy\u017e\u00e1d\u00e1n\u00ed.<br \/>\n12-0-0<br \/>\nOv\u011b\u0159ovatel: Barto\u0161<\/p>\n","protected":false},"excerpt":{"rendered":"<p>P\u0159\u00edtomni: Bou\u0161ka, Dohn\u00e1lkov\u00e1, Jakl, Jane\u010dek, Jehli\u010dka, Kr\u00e1lov\u00e1, K\u00f6ppl, Mace\u0161ka, Mencl, Nov\u00e1k, Petrov, Smol\u00edkov\u00e1, \u0160incl<\/p>\n","protected":false},"author":1,"featured_media":0,"comment_status":"open","ping_status":"open","sticky":false,"template":"","format":"standard","meta":{"ngg_post_thumbnail":0,"footnotes":""},"categories":[11],"tags":[],"class_list":["post-12328","post","type-post","status-publish","format-standard","hentry","category-ozvena"],"_links":{"self":[{"href":"https:\/\/www.ladislavjakl.cz\/index.php?rest_route=\/wp\/v2\/posts\/12328","targetHints":{"allow":["GET"]}}],"collection":[{"href":"https:\/\/www.ladislavjakl.cz\/index.php?rest_route=\/wp\/v2\/posts"}],"about":[{"href":"https:\/\/www.ladislavjakl.cz\/index.php?rest_route=\/wp\/v2\/types\/post"}],"author":[{"embeddable":true,"href":"https:\/\/www.ladislavjakl.cz\/index.php?rest_route=\/wp\/v2\/users\/1"}],"replies":[{"embeddable":true,"href":"https:\/\/www.ladislavjakl.cz\/index.php?rest_route=%2Fwp%2Fv2%2Fcomments&post=12328"}],"version-history":[{"count":2,"href":"https:\/\/www.ladislavjakl.cz\/index.php?rest_route=\/wp\/v2\/posts\/12328\/revisions"}],"predecessor-version":[{"id":12330,"href":"https:\/\/www.ladislavjakl.cz\/index.php?rest_route=\/wp\/v2\/posts\/12328\/revisions\/12330"}],"wp:attachment":[{"href":"https:\/\/www.ladislavjakl.cz\/index.php?rest_route=%2Fwp%2Fv2%2Fmedia&parent=12328"}],"wp:term":[{"taxonomy":"category","embeddable":true,"href":"https:\/\/www.ladislavjakl.cz\/index.php?rest_route=%2Fwp%2Fv2%2Fcategories&post=12328"},{"taxonomy":"post_tag","embeddable":true,"href":"https:\/\/www.ladislavjakl.cz\/index.php?rest_route=%2Fwp%2Fv2%2Ftags&post=12328"}],"curies":[{"name":"wp","href":"https:\/\/api.w.org\/{rel}","templated":true}]}}