{"id":12331,"date":"2021-10-05T15:15:24","date_gmt":"2021-10-05T13:15:24","guid":{"rendered":"http:\/\/www.ladislavjakl.cz\/?p=12331"},"modified":"2021-10-05T15:15:24","modified_gmt":"2021-10-05T13:15:24","slug":"pere-se-cesko-s-polskem-smeje-se-brusel","status":"publish","type":"post","link":"https:\/\/www.ladislavjakl.cz\/?p=12331","title":{"rendered":"\u201ePere se \u010cesko s Polskem\u201c, sm\u011bje se Brusel"},"content":{"rendered":"<p>\u010cESKO\/POLSKO: Institut V\u00e1clava Klause zve\u0159ejnil publikaci s n\u00e1zvem \u201eBitva o d\u016fl Tur\u00f3w: dva se perou, t\u0159et\u00ed se sm\u011bje.\u201d Autorem \u010dl\u00e1nku je \u010dlen Rady pro rozhlasov\u00e9 a televizn\u00ed vys\u00edl\u00e1n\u00ed, publicista Ladislav Jakl, kter\u00fd p\u0159edstavil pozoruhodn\u00fd pohled na uveden\u00fd spor mezi \u010ceskem a Polskem.<\/p>\n<p><!--more--><\/p>\n<p>Na za\u010d\u00e1tku \u010dl\u00e1nku Jakl p\u0159ipomn\u011bl, \u017ee cena uhl\u00ed a elekt\u0159iny raketov\u011b stoup\u00e1 a p\u0159\u00ed\u010dinou jsou pr\u00e1v\u011b administrativn\u00ed omezen\u00ed t\u011b\u017eby.<\/p>\n<p>\u201eZastavit v takov\u00e9 konstelaci t\u011b\u017ebu i zde by bylo pod\u0159\u00edznout slepici, kter\u00e1 sn\u00e1\u0161\u00ed zlat\u00e1 vejce,\u201c vyslovil se Jakl o sporu mezi dolem Tur\u00f3w v polsk\u00e9m Slezsku a obyvateli \u010desk\u00fdch obc\u00ed v sousedstv\u00ed.<\/p>\n<p>P\u0159ipom\u00edn\u00e1, \u017ee d\u016fl z\u00e1sobuje energi\u00ed a teplem t\u00e9m\u011b\u0159 dva miliony lid\u00ed a zam\u011bstn\u00e1v\u00e1 tis\u00edce lid\u00ed p\u0159\u00edmo a dal\u0161\u00ed tis\u00edce nep\u0159\u00edmo.<\/p>\n<p>Jakl zd\u016fraznil, \u017ee jde o spor bilater\u00e1ln\u00ed a \u0159e\u0161iteln\u00fd tak\u00e9 bilater\u00e1ln\u011b.<\/p>\n<p>\u201eD\u00e1 to asi dost pr\u00e1ce, ale nelze nic jin\u00e9ho ne\u017e jednat, po\u017eadovat, jednat, po\u017eadovat. A b\u00fdt ochoten i ke kompromisu,\u201c uvedl publicista.<\/p>\n<p>Podle Jakla by Pol\u00e1ci m\u011bli b\u00fdt vst\u0159\u00edcn\u011bj\u0161\u00ed k po\u017eadavk\u016fm na kompenzaci, \u010ce\u0161i by zase nem\u011bli lp\u011bt na jedin\u00e9m \u0159e\u0161en\u00ed \u2013 \u201ezav\u0159\u00edt\u201c.<\/p>\n<p>\u201eAle oboj\u00ed by bylo p\u0159i jist\u00e9 snaze p\u0159ekonateln\u00e9,\u201c domn\u00edv\u00e1 se autor \u010dl\u00e1nku.<\/p>\n<p>N\u00e1sledn\u011b Jakl upozornil na skute\u010dnost, \u017ee trag\u00e9die nastala v moment\u011b, kdy se \u010desk\u00fd st\u00e1t obr\u00e1til na Soudn\u00ed dv\u016fr EU.<\/p>\n<p>\u201eA Brusel zaj\u00e1sal, \u017ee z\u00edskal bi\u010d na ob\u011b zem\u011b,\u201c upozornil autor.<\/p>\n<p>Konstatoval, \u017ee \u010cesko sv\u00fdm \u017ealov\u00e1n\u00edm p\u0159iznalo, \u017ee nen\u00ed svrchovanou zem\u00ed a \u017ee se na p\u0159\u00ed\u0161t\u011b o \u010demkoli bude rozhodovat \u201eo n\u00e1s bez n\u00e1s.\u201c<\/p>\n<p>\u201ePere se \u010cesko s Polskem, sm\u011bje se Brusel,\u201c stoj\u00ed v \u010dl\u00e1nku.<\/p>\n<p>V t\u00e9to souvislosti v\u011b\u0161t\u00ed po\u0161kozen\u00ed sousedsk\u00fdch vztah\u016f a tak\u00e9 r\u016fzn\u00e9 odvety a schv\u00e1lnosti z polsk\u00e9 strany.<\/p>\n<p>P\u0159ipustil, \u017ee na stole Soudn\u00edho dvora EU brzy skon\u010d\u00ed \u017ealoba na \u010cR za ho\u0159\u00edc\u00ed skl\u00e1dku v He\u0159manic\u00edch, odkud odt\u00e9k\u00e1 kontaminovan\u00e1 voda do Odry a d\u00e1le do Polska.<br \/>\n\u201eI tento probl\u00e9m je technick\u00fd, pr\u00e1vn\u011b i finan\u010dn\u011b \u0159e\u0161iteln\u00fd bilater\u00e1ln\u011b, ale kdy\u017e \u017ealuje jeden, inspiruje to i druh\u00e9ho,\u201c zd\u016fraznil Jakl.<\/p>\n<p>Na z\u00e1v\u011br autor p\u0159i\u0161el se sv\u00e9r\u00e1zn\u00fdm p\u0159irovn\u00e1n\u00edm z Tanachu.<\/p>\n<p>\u201eA tak ob\u011b zem\u011b ne\u0161\u0165astn\u011b krm\u00ed onoho Euroleviathana, kter\u00fd vd\u011b\u010dn\u011b zhltne ka\u017ed\u00e9 soustu, aby nakonec ukousl i ruku, je\u017e ho krmila,\u201c podotkl.<\/p>\n<p>V publikaci od Jakla nechyb\u00ed ani v\u00fdzva k ob\u011bma zem\u00edm.<\/p>\n<div class=\"article__block\" data-type=\"text\">\n<div class=\"article__text\">&nbsp;<\/div>\n<\/div>\n<div class=\"article__block\" data-type=\"social\">\n<div class=\"ria-fb\"><iframe loading=\"lazy\" src=\"https:\/\/www.facebook.com\/plugins\/post.php?href=https%3A%2F%2Fwww.facebook.com%2Finstitutvk%2Fposts%2F2304728276331488&amp;show_text=true&amp;width=500\" width=\"500\" height=\"347\" frameborder=\"0\" scrolling=\"no\" allowfullscreen=\"allowfullscreen\" data-mce-fragment=\"1\"><\/iframe><\/div>\n<\/div>\n<p>\u201eNe\u017ealujme do Bruselu. Na sousedy, ani na na\u0161e dom\u00e1c\u00ed pot\u00ed\u017eisty. Nekrmme tu bestii. Sv\u00e9 probl\u00e9my si \u0159e\u0161me sami, pop\u0159\u00edpad\u011b se sv\u00fdm sousedem. \u017dalov\u00e1n\u00edm do Bruselu odevzd\u00e1v\u00e1me do ciz\u00edch rukou zbra\u0148, kter\u00e1 bude brzo pou\u017eita proti n\u00e1m.\u201d<br \/>\nSleduj\u00edc\u00ed vyj\u00e1d\u0159ili Jaklov\u00fdm my\u0161lenk\u00e1m podporu.<\/p>\n<p>\u201eTo p\u0159esn\u011b Bruselu vyhovuje, oslabit V4\u2026\u201c napsal Marek Kinc.<\/p>\n<p>\u201eTo je jejich hra, rozh\u00e1dat V 4, oslabit jej\u00ed vliv. Naprost\u00e9 selh\u00e1n\u00ed zahrani\u010dn\u00ed politiky, kde m\u00e1me na\u0161e diplomaty? Jak tu u\u017e psali jin\u00ed\u2026 dva se h\u00e1daj\u00ed a t\u0159et\u00ed se sm\u011bje,\u201c vyj\u00e1d\u0159ila se Na\u010fa Kozlovsk\u00e1.<\/p>\n<p>\u201eTak, p\u0159esn\u011b tak. Dosp\u011bl\u00ed by to mohli ch\u00e1pat, \u017ee,\u201c uvedla Marie M\u00e1lkov\u00e1.<br \/>\n\u201eDo kamene tesat, Pol\u00e1ci nic nezav\u0159ou a nic platit nebudou, ale k radosti Bruselu, respektive Berl\u00edna, jsme z Polskem ve p\u0159i,\u201d zareagoval Nikolaj Kre\u010dev.<\/p>\n<p>\u201eP\u0159esn\u011b, l\u00edp bych to nenapsal, \u201d okomentoval Yan Kristtel.<\/p>\n<p><a href=\"https:\/\/cz24.news\/pere-se-cesko-s-polskem-smeje-se-brusel\/\">Zdroj<\/a><\/p>\n","protected":false},"excerpt":{"rendered":"<p>\u010cESKO\/POLSKO: Institut V\u00e1clava Klause zve\u0159ejnil publikaci s n\u00e1zvem \u201eBitva o d\u016fl Tur\u00f3w: dva se perou, t\u0159et\u00ed se sm\u011bje.\u201d Autorem \u010dl\u00e1nku je \u010dlen Rady pro rozhlasov\u00e9 a televizn\u00ed vys\u00edl\u00e1n\u00ed, publicista Ladislav Jakl, kter\u00fd p\u0159edstavil pozoruhodn\u00fd pohled na uveden\u00fd spor mezi \u010ceskem a Polskem.<\/p>\n","protected":false},"author":1,"featured_media":0,"comment_status":"open","ping_status":"open","sticky":false,"template":"","format":"standard","meta":{"ngg_post_thumbnail":0,"footnotes":""},"categories":[11],"tags":[],"class_list":["post-12331","post","type-post","status-publish","format-standard","hentry","category-ozvena"],"_links":{"self":[{"href":"https:\/\/www.ladislavjakl.cz\/index.php?rest_route=\/wp\/v2\/posts\/12331","targetHints":{"allow":["GET"]}}],"collection":[{"href":"https:\/\/www.ladislavjakl.cz\/index.php?rest_route=\/wp\/v2\/posts"}],"about":[{"href":"https:\/\/www.ladislavjakl.cz\/index.php?rest_route=\/wp\/v2\/types\/post"}],"author":[{"embeddable":true,"href":"https:\/\/www.ladislavjakl.cz\/index.php?rest_route=\/wp\/v2\/users\/1"}],"replies":[{"embeddable":true,"href":"https:\/\/www.ladislavjakl.cz\/index.php?rest_route=%2Fwp%2Fv2%2Fcomments&post=12331"}],"version-history":[{"count":1,"href":"https:\/\/www.ladislavjakl.cz\/index.php?rest_route=\/wp\/v2\/posts\/12331\/revisions"}],"predecessor-version":[{"id":12332,"href":"https:\/\/www.ladislavjakl.cz\/index.php?rest_route=\/wp\/v2\/posts\/12331\/revisions\/12332"}],"wp:attachment":[{"href":"https:\/\/www.ladislavjakl.cz\/index.php?rest_route=%2Fwp%2Fv2%2Fmedia&parent=12331"}],"wp:term":[{"taxonomy":"category","embeddable":true,"href":"https:\/\/www.ladislavjakl.cz\/index.php?rest_route=%2Fwp%2Fv2%2Fcategories&post=12331"},{"taxonomy":"post_tag","embeddable":true,"href":"https:\/\/www.ladislavjakl.cz\/index.php?rest_route=%2Fwp%2Fv2%2Ftags&post=12331"}],"curies":[{"name":"wp","href":"https:\/\/api.w.org\/{rel}","templated":true}]}}