{"id":12338,"date":"2021-10-07T12:44:00","date_gmt":"2021-10-07T10:44:00","guid":{"rendered":"http:\/\/www.ladislavjakl.cz\/?p=12338"},"modified":"2021-10-07T12:44:00","modified_gmt":"2021-10-07T10:44:00","slug":"ladislav-jakl-reknu-vam-proc-zesilila-kampan-proti-andreji-babisovi","status":"publish","type":"post","link":"https:\/\/www.ladislavjakl.cz\/?p=12338","title":{"rendered":"Ladislav Jakl: \u0158eknu v\u00e1m, pro\u010d zes\u00edlila kampa\u0148 proti Andreji Babi\u0161ovi"},"content":{"rendered":"<div class=\"elementor-element elementor-element-1d775077 elementor-widget elementor-widget-text-editor\" data-id=\"1d775077\" data-element_type=\"widget\" data-widget_type=\"text-editor.default\">\n<div class=\"elementor-widget-container\">\n<div class=\"elementor-text-editor elementor-clearfix\">\n<p>V rozhovoru pro VIPosobnosti.cz se Ladislav Jakl zam\u00fd\u0161l\u00ed, pro\u010d se nejen m\u00e9dia zaj\u00edmaj\u00ed o zdravotn\u00ed stav prezidenta Milo\u0161e Zemana t\u011bsn\u011b p\u0159ed volbami, nemovitosti premi\u00e9ra Babi\u0161e, ale tak\u00e9 pro\u010d politick\u00e9 strany nemluv\u00ed o Green Deal. B\u00fdval\u00fd tajemn\u00edk V\u00e1clava Klause tak\u00e9 nast\u00ednil, kdy nastane nad\u011bje na skute\u010dnou zm\u011bnu.<\/p>\n<\/div>\n<\/div>\n<\/div>\n<p><!--more--><\/p>\n<div class=\"elementor-element elementor-element-47683bb elementor-widget elementor-widget-shortcode\" data-id=\"47683bb\" data-element_type=\"widget\" data-widget_type=\"shortcode.default\">\n<div class=\"elementor-widget-container\">\n<div class=\"elementor-shortcode\"><strong>Pane Jakle, pan prezident Klaus m\u011bl ned\u00e1vno zdravotn\u00ed pot\u00ed\u017ee. Jak se mu dnes da\u0159\u00ed?<\/strong><\/div>\n<\/div>\n<\/div>\n<div class=\"elementor-element elementor-element-1dc35618 elementor-widget elementor-widget-text-editor\" data-id=\"1dc35618\" data-element_type=\"widget\" data-widget_type=\"text-editor.default\">\n<div class=\"elementor-widget-container\">\n<div class=\"elementor-text-editor elementor-clearfix\">\n<p>Chod\u00ed do pr\u00e1ce, jezd\u00ed po m\u00e9di\u00edch d\u00e1vat rozhovory, na Sn\u011b\u017eku by te\u010f ale asi rad\u011bji nelezl.<\/p>\n<\/div>\n<\/div>\n<\/div>\n<div class=\"elementor-element elementor-element-c352d3a elementor-widget elementor-widget-text-editor\" data-id=\"c352d3a\" data-element_type=\"widget\" data-widget_type=\"text-editor.default\">\n<div class=\"elementor-widget-container\">\n<div class=\"elementor-text-editor elementor-clearfix\">\n<p><strong>V nemocnici se setkal se sou\u010dasn\u00fdm prezidentem Milo\u0161em Zemanem, kter\u00fd byl takt\u00e9\u017e hospitalizov\u00e1n. V\u00e1clav Klaus nyn\u00ed nazna\u010dil diagn\u00f3zu sou\u010dasn\u00e9ho prezidenta. Jak\u00e9 jsou jejich sou\u010dasn\u00e9 vztahy?<\/strong><\/p>\n<p>V\u00e1clav Klaus nem\u00e1 n\u00e1rok nic nazna\u010dovat, nem\u00e1 \u017e\u00e1dn\u00e9 speci\u00e1ln\u00ed informace. Jen \u0159ekl, \u017ee p\u0159i Zemanov\u011b \u017eivotospr\u00e1v\u011b se n\u011bkter\u00e9 pot\u00ed\u017ee daj\u00ed p\u0159edpokl\u00e1dat.<\/p>\n<\/div>\n<\/div>\n<\/div>\n<div class=\"elementor-element elementor-element-500900bf elementor-widget elementor-widget-text-editor\" data-id=\"500900bf\" data-element_type=\"widget\" data-widget_type=\"text-editor.default\">\n<div class=\"elementor-widget-container\">\n<div class=\"elementor-text-editor elementor-clearfix\">\n<p><strong>Co je podle v\u00e1s hlavn\u00ed podstatou dotaz\u016f m\u00e9di\u00ed na Zemanovo zdrav\u00ed?<\/strong><\/p>\n<p>Docela oby\u010dejn\u00fd nen\u00e1vistn\u00fd hyenismus. Jsou p\u0159itom hranice, u kter\u00fdch se z\u00e1\u0161\u0165 m\u00e1 zastavit. Ale n\u011bkter\u00e9 lidsk\u00e9 hyeny tyhle hranice nemaj\u00ed. Neomalen\u011b si vynucuj\u00ed prolomen\u00ed soukrom\u00ed a tak\u00e9 poru\u0161en\u00ed ochrany l\u00e9ka\u0159sk\u00e9ho tajemstv\u00ed. Kde byli v\u0161ichni ti, kter\u00fdm dnes tak ustaran\u011b le\u017e\u00ed na srdci fungov\u00e1n\u00ed prezidentsk\u00e9ho \u00fa\u0159adu v&nbsp;dob\u00e1ch, kdy prezident Havel le\u017eel po v\u00e1\u017en\u00fdch operac\u00edch u profesora Pafka nebo profesora Bodnera v&nbsp;Rakousku a kdy cel\u00e9 m\u011bs\u00edce opakovan\u011b svou funkci nevykon\u00e1val! M\u011b\u0159ili tehdy stejn\u00fdm metrem? Ml\u010deli a p\u0159\u00e1li brzk\u00e9 uzdraven\u00ed. A te\u010f? Hanba mluvit.<\/p>\n<p><strong>Velk\u00fdm t\u00e9matem je Green Deal. Politick\u00e9 strany k tomuto t\u00e9matu ml\u010d\u00ed. Pro\u010d?<\/strong><\/p>\n<p>Proto\u017ee se styd\u00ed za to, \u017ee ho skoro v\u0161echny podporuj\u00ed. Je to nov\u00e9 n\u00e1bo\u017eenstv\u00ed, kter\u00e9mu se postav\u00ed jen ti nejstate\u010dn\u011bj\u0161\u00ed. N\u00e1bo\u017eenstv\u00ed, jeho\u017e kult n\u00e1s v\u0161echny p\u0159ijde p\u011bkn\u011b draho.<\/p>\n<\/div>\n<\/div>\n<\/div>\n<div class=\"elementor-element elementor-element-4aee32ca elementor-widget elementor-widget-shortcode\" data-id=\"4aee32ca\" data-element_type=\"widget\" data-widget_type=\"shortcode.default\">\n<div class=\"elementor-widget-container\">\n<div class=\"elementor-shortcode\"><strong>Ned\u00e1vno prob\u011bhly&nbsp; d\u016fle\u017eit\u00e9 volby v N\u011bmecku. Jak podle v\u00e1s dopadly a bude m\u00edt nov\u00e1 vl\u00e1da vliv na spolupr\u00e1ci s n\u00e1mi atd\u2026?<\/strong><\/div>\n<\/div>\n<\/div>\n<div class=\"elementor-element elementor-element-48a2a561 elementor-widget elementor-widget-text-editor\" data-id=\"48a2a561\" data-element_type=\"widget\" data-widget_type=\"text-editor.default\">\n<div class=\"elementor-widget-container\">\n<div class=\"elementor-text-editor elementor-clearfix\">\n<p>Dopadly tak, \u017ee \u017e\u00e1dnou zm\u011bnu podle o\u010dek\u00e1v\u00e1n\u00ed nep\u0159inesly. A tak pojedeme spolu s N\u011bmeckem z kopce \u010d\u00edm d\u00e1l rychleji.<\/p>\n<p><strong>Nyn\u00ed n\u00e1s \u010dekaj\u00ed volby. O \u010dem, podle v\u00e1s budou a co uk\u00e1\u017e\u00ed?<\/strong><\/p>\n<p>Pr\u00e1v\u011b\u017ee toho moc \u2013 stejn\u011b jako v N\u011bmecku \u2013 neuk\u00e1\u017e\u00ed, a ani uk\u00e1zat nemohou. Pro\u010d? Proto\u017ee ve v\u0161ech hlavn\u00edch t\u00e9matech, kter\u00e9 likviduj\u00ed na\u0161i z\u00e1padn\u00ed civilizaci, se hlavn\u00ed strany neli\u0161\u00ed. Mysl\u00ed si zhruba tot\u00e9\u017e o bl\u00e1zniv\u00e9m genderismu, o \u0161\u00edlen\u00e9m zelen\u00e9m fanatismu, o um\u011bl\u00e9 masov\u00e9 migraci, o znehodnocov\u00e1n\u00ed pen\u011bz, plat\u016f a \u00faspor, o zni\u010duj\u00edc\u00edch restrikc\u00edch pod z\u00e1minkou boje s virem. Je jedno, kter\u00fd strejda a kter\u00e1 teta bude tyto zvrhlosti realizovat, pro n\u00e1s ob\u010dany to vyjde nastejno.<\/p>\n<p><strong>Kdo se stane po volb\u00e1ch nov\u00fdm premi\u00e9rem a bude podle v\u00e1s Andrej Babi\u0161 usilovat o kandidaturu na prezidenta?<\/strong><\/p>\n<p>Mus\u00edm \u0159\u00edci, \u017ee mi to je skoro jedno. M\u011b nikdy moc person\u00e1lie nezaj\u00edmaly. Zaj\u00edmal m\u011b v\u017edy obsah politiky. A ten se v p\u0159\u00ed\u0161t\u00edch letech rozhodn\u011b m\u011bnit nebude. Bohu\u017eel.<\/p>\n<p><strong>V t\u011bchto dnech zes\u00edlila kampa\u0148 proti sou\u010dasn\u00e9mu premi\u00e9rovi. Pro\u010d, co je c\u00edlem?<\/strong><\/p>\n<p>Aby se zakryla pr\u00e1zdnota politick\u00e9ho p\u0159edvolebn\u00edho st\u0159etu. Volit se nem\u00e1 n\u011bkdo nebo proti n\u011bkomu, ale n\u011bco a proti n\u011b\u010demu.<\/p>\n<p><strong>Co br\u00e1n\u00ed z\u00e1sadn\u00edmu omezen\u00ed st\u00e1tn\u00edch v\u00fddaj\u016f?<\/strong><\/p>\n<p>Dlouhodob\u011b neudr\u017eiteln\u00e1 v\u00fd\u0161e mandatorn\u00edch v\u00fddaj\u016f, tedy t\u011bch, se kter\u00fdmi lze h\u00fdbat jedin\u011b zm\u011bnou z\u00e1kon\u016f. A aktu\u00e1ln\u011b naprost\u00e9 utr\u017een\u00ed st\u00e1tu ze \u0159et\u011bzu. Rozhazuje pen\u00edze, kter\u00e9 nejsou podlo\u017eeny vytvo\u0159enou hodnotou. T\u00edm logicky hodnota pen\u011bz kles\u00e1, zmen\u0161uje se objem a kvalita toho, co si za nomin\u00e1ln\u011b stejnou \u010d\u00e1stku lid\u00e9 mohou po\u0159\u00eddit. Prost\u011b inflace.<\/p>\n<p><strong>\u010c\u00edm lze vysv\u011btlit sou\u010dasnou pasivitu lid\u00ed v kontextu s inflac\u00ed, zdra\u017eov\u00e1n\u00edm, nedostatkem zam\u011bstnanc\u016f? Maj\u00ed se lid\u00e9 podle v\u00e1s st\u00e1le dob\u0159e?<\/strong><\/p>\n<p>Je\u0161t\u011b na n\u011b pokusy na\u0161ich i sv\u011btov\u00fdch pokrok\u00e1\u0159\u016f nedolehly v pln\u00e9 s\u00edle. Ale ony dol\u00e9hat budou, a to hodn\u011b brzy. Ale ani to je\u0161t\u011b nepohne lidi k tomu, aby s t\u00edm n\u011bco d\u011blali. Pohne s t\u00edm a\u017e to, jestli si v\u00fdznamn\u011bj\u0161\u00ed \u010d\u00e1st spole\u010dnosti uv\u011bdom\u00ed p\u0159\u00ed\u010dinu \u00fapadku a jestli na t\u00e9to p\u0159\u00ed\u010din\u011b naleznou lid\u00e9 shodu. Pak teprve nastane nad\u011bje na skute\u010dnou zm\u011bnu, ne na kosmetickou zm\u011bnu v podob\u011b \u0161katulata hejbejte se, kdy jeden papal\u00e1\u0161 nahrad\u00ed v t\u00e9 \u010di t\u00e9 \u017eidli jin\u00e9ho papal\u00e1\u0161e, ale obsah politiky z\u016fstane stejn\u00fd.<\/p>\n<p><a href=\"https:\/\/viposobnosti.cz\/clanky\/ladislav-jakl-reknu-vam-proc-zesilila-kampan-proti-andreji-babisovi\/\">Zdroj<\/a><\/p>\n<\/div>\n<\/div>\n<\/div>\n","protected":false},"excerpt":{"rendered":"<p>V rozhovoru pro VIPosobnosti.cz se Ladislav Jakl zam\u00fd\u0161l\u00ed, pro\u010d se nejen m\u00e9dia zaj\u00edmaj\u00ed o zdravotn\u00ed stav prezidenta Milo\u0161e Zemana t\u011bsn\u011b p\u0159ed volbami, nemovitosti premi\u00e9ra Babi\u0161e, ale tak\u00e9 pro\u010d politick\u00e9 strany nemluv\u00ed o Green Deal. B\u00fdval\u00fd tajemn\u00edk V\u00e1clava Klause tak\u00e9 nast\u00ednil, kdy nastane nad\u011bje na skute\u010dnou zm\u011bnu.<\/p>\n","protected":false},"author":1,"featured_media":0,"comment_status":"open","ping_status":"open","sticky":false,"template":"","format":"standard","meta":{"ngg_post_thumbnail":0,"footnotes":""},"categories":[1],"tags":[],"class_list":["post-12338","post","type-post","status-publish","format-standard","hentry","category-publikovane-clanky"],"_links":{"self":[{"href":"https:\/\/www.ladislavjakl.cz\/index.php?rest_route=\/wp\/v2\/posts\/12338","targetHints":{"allow":["GET"]}}],"collection":[{"href":"https:\/\/www.ladislavjakl.cz\/index.php?rest_route=\/wp\/v2\/posts"}],"about":[{"href":"https:\/\/www.ladislavjakl.cz\/index.php?rest_route=\/wp\/v2\/types\/post"}],"author":[{"embeddable":true,"href":"https:\/\/www.ladislavjakl.cz\/index.php?rest_route=\/wp\/v2\/users\/1"}],"replies":[{"embeddable":true,"href":"https:\/\/www.ladislavjakl.cz\/index.php?rest_route=%2Fwp%2Fv2%2Fcomments&post=12338"}],"version-history":[{"count":1,"href":"https:\/\/www.ladislavjakl.cz\/index.php?rest_route=\/wp\/v2\/posts\/12338\/revisions"}],"predecessor-version":[{"id":12339,"href":"https:\/\/www.ladislavjakl.cz\/index.php?rest_route=\/wp\/v2\/posts\/12338\/revisions\/12339"}],"wp:attachment":[{"href":"https:\/\/www.ladislavjakl.cz\/index.php?rest_route=%2Fwp%2Fv2%2Fmedia&parent=12338"}],"wp:term":[{"taxonomy":"category","embeddable":true,"href":"https:\/\/www.ladislavjakl.cz\/index.php?rest_route=%2Fwp%2Fv2%2Fcategories&post=12338"},{"taxonomy":"post_tag","embeddable":true,"href":"https:\/\/www.ladislavjakl.cz\/index.php?rest_route=%2Fwp%2Fv2%2Ftags&post=12338"}],"curies":[{"name":"wp","href":"https:\/\/api.w.org\/{rel}","templated":true}]}}