{"id":12340,"date":"2021-10-08T19:21:45","date_gmt":"2021-10-08T17:21:45","guid":{"rendered":"http:\/\/www.ladislavjakl.cz\/?p=12340"},"modified":"2021-10-11T09:21:52","modified_gmt":"2021-10-11T07:21:52","slug":"2-semifinale-2021-finalova-desitka-je-kompletni-tipnete-si-viteze","status":"publish","type":"post","link":"https:\/\/www.ladislavjakl.cz\/?p=12340","title":{"rendered":"2 semifin\u00e1le 2021<br> Fin\u00e1lov\u00e1 des\u00edtka je kompletn\u00ed. Tipnete si v\u00edt\u011bze?"},"content":{"rendered":"<p><strong><img loading=\"lazy\" decoding=\"async\" class=\"wp-image-28 size-full alignleft\" src=\"http:\/\/www.prvnipivniextraliga.cz\/wp-content\/uploads\/2010\/03\/logo_ppe.png\" alt=\"logo_ppe\" width=\"93\" height=\"110\"><\/strong>Tak m\u00e1me za sebou druh\u00e9 semifin\u00e1le dvan\u00e1ct\u00e9ho ro\u010dn\u00edku Prvn\u00ed pivn\u00ed extraligy. Fin\u00e1lov\u00e1 des\u00edtka, z n\u00ed\u017e vzejde absolutn\u00ed v\u00edt\u011bz pro rok 2021, je t\u00edmto kompletn\u00ed. A jak to v\u0161e prob\u00edhalo? To n\u00e1m p\u0159ibl\u00ed\u017e\u00ed n\u00e1sleduj\u00edc\u00ed fotoreport\u00e1\u017e.<\/p>\n<p>&nbsp;<\/p>\n<p>&nbsp;<\/p>\n<p><!--more--><\/p>\n<p>Osmi\u010dlenn\u00e1 porota se se\u0161la \u0159\u00e1dn\u011b p\u0159ipravena, v pln\u00e9 sestav\u011b i v dokonal\u00e9 \u00fastrojov\u00e9 k\u00e1zni. P\u0159\u00edtomna byla i nen\u00e1padn\u011b jako my\u0161ka v kout\u011b se chovaj\u00edc\u00ed agentka M\u00f3dn\u00ed policie.<\/p>\n<p><img loading=\"lazy\" decoding=\"async\" class=\"alignnone wp-image-5940\" src=\"http:\/\/www.prvnipivniextraliga.cz\/wp-content\/uploads\/2021\/10\/01-1024x768.jpg\" alt=\"\" width=\"666\" height=\"500\"><\/p>\n<p>N\u00e1nos vzork\u016f prob\u011bhl d\u00edky skv\u011bl\u00e9 souh\u0159e dua na\u0161ich osv\u011bd\u010den\u00fdch pivono\u0161ek Zuzany a Mark\u00e9ty za 7.32 minuty. Osmdes\u00e1t osm vzork\u016f za takovou chvilku! V\u0161ak tak\u00e9 n\u00e1\u0161 fotoreport\u00e9r, a\u010d pou\u017eil \u010das, s n\u00edm\u017e b\u011b\u017en\u011b n\u011b\u017en\u011b fot\u00ed k\u0159\u00eddla kolib\u0159\u00edk\u016f, stihl z bleskov\u011b se pohybuj\u00edc\u00ed Mark\u00e9ty zachytit jen z\u00e1voj atom\u016f jej\u00ed v\u016fn\u011b, jak patrno hned u hlavy pana viceprezidenta Honzy \u0160ur\u00e1n\u011b.<\/p>\n<p><img loading=\"lazy\" decoding=\"async\" class=\"alignnone wp-image-5941\" src=\"http:\/\/www.prvnipivniextraliga.cz\/wp-content\/uploads\/2021\/10\/02.jpg\" alt=\"\" width=\"666\" height=\"500\"><\/p>\n<p>Takov\u00fd v\u00fdkon pivono\u0161ek nemohl neb\u00fdt neocen\u011bn frenetick\u00fdm potleskem p\u0159ech\u00e1zej\u00edc\u00edm v ovace.<\/p>\n<p><img loading=\"lazy\" decoding=\"async\" class=\"alignnone wp-image-5942\" src=\"http:\/\/www.prvnipivniextraliga.cz\/wp-content\/uploads\/2021\/10\/03.jpg\" alt=\"\" width=\"666\" height=\"500\"><\/p>\n<p>Ochutn\u00e1v\u00e1n\u00ed u\u017e trvalo pon\u011bkud d\u00e9le, co\u017e jde zejm\u00e9na za n\u011bkter\u00fdmi b\u00fdval\u00fdmi vlas\u00e1\u010di. Ale okam\u017eik vyhodnocen\u00ed nakonec stejn\u011b neodvratn\u011b p\u0159i\u0161el. A to v\u00e1m bylo diven\u00edho!<\/p>\n<p><img loading=\"lazy\" decoding=\"async\" class=\"alignnone wp-image-5943\" src=\"http:\/\/www.prvnipivniextraliga.cz\/wp-content\/uploads\/2021\/10\/04.jpg\" alt=\"\" width=\"666\" height=\"500\"><\/p>\n<p>Zv\u00edt\u011bzil B\u0159ez\u0148\u00e1k se skupiny Heineken, u kter\u00e9ho porotci ocenili \u010distou esterovou v\u016fni a tak\u00e9 p\u0159\u00edjemn\u011b vy\u0161\u0161\u00ed a d\u00e9letrvaj\u00edc\u00ed ho\u0159kost. A jako v prvn\u00edm semifin\u00e1le skon\u010dili na prvn\u00edch dvou m\u00edstech dva histori\u010dt\u00ed celkov\u00ed v\u00edt\u011bzov\u00e9, i B\u0159ez\u0148\u00e1k u\u017e jednou PPE vyhr\u00e1l celkov\u011b (konkr\u00e9tn\u011b v roce 2016). Inu, kvalita se nepozn\u00e1 podle jednoho n\u00e1hodn\u00e9ho \u00fasp\u011bchu\u2026 Do fin\u00e1le B\u0159ez\u0148\u00e1ka doprovod\u00ed Konrad z Vratislavic, t\u0159ebo\u0148sk\u00fd Regent, Post\u0159i\u017einsk\u00fd Francin\u016fv le\u017e\u00e1k z Nymburka a Ostravar (nev\u00edte n\u011bkdo, odkud by mohl b\u00fdt?). Ostatn\u00ed semifinalist\u00e9 se letos do fin\u00e1le nepod\u00edvaj\u00ed, v\u010detn\u011b lo\u0148sk\u00e9ho celkov\u00e9ho v\u00edt\u011bze \u2013 Prazdroje. Posledn\u00ed skon\u010dil jeden z historick\u00fdch v\u00edt\u011bz\u016f Herold z B\u0159eznice, ale se 44 body a sladov\u011b fenolov\u00fdm od\u00e9rem na lep\u0161\u00ed um\u00edst\u011bn\u00ed tentokr\u00e1t pom\u00fd\u0161let nemohl.<\/p>\n<p><img loading=\"lazy\" decoding=\"async\" class=\"alignnone wp-image-5944\" src=\"http:\/\/www.prvnipivniextraliga.cz\/wp-content\/uploads\/2021\/10\/05.jpg\" alt=\"\" width=\"666\" height=\"500\"><\/p>\n<p>Celkov\u00e9 v\u00fdsledky druh\u00e9ho semifin\u00e1le 12. ro\u010dn\u00edku PPE:<\/p>\n<p>1. B\u0159ez\u0148\u00e1k 29<\/p>\n<p>2. Konrad 31<\/p>\n<p>3. Regent, Post\u0159i\u017einy, Ostravar 33<\/p>\n<p>6. Kru\u0161ovice 36<\/p>\n<p>7. Rycht\u00e1\u0159, V\u00e9voda 37<\/p>\n<p>9. Prazdroj 38<\/p>\n<p>10. Svijany 40<\/p>\n<p>11. Herold 44<\/p>\n<p>A jak vid\u011bli toto semifin\u00e1le slovutn\u00ed p\u00e1ni porotci?<\/p>\n<p><span style=\"font-family: Calibri, serif;\">Milan Kabrna: <i>\u201e<\/i><i>P\u0159ekvapila m\u011b velmi n\u00edzk\u00e1 kvalita vzork\u016f. Na toto nejsme v semifin\u00e1lov\u00fdch kolech p\u0159\u00edli\u0161 zvykl\u00ed. Zpravidla je ka\u017ed\u00e9 z obou semifin\u00e1lov\u00fdch kol velmi vyrovnan\u00e9 a na \u0161patn\u00e9 tituly nenaraz\u00edme. S v\u011bdom\u00edm tohoto faktu lze predikovat, \u017ee i ve fin\u00e1le se m\u016f\u017ee objevit nep\u0159\u00edli\u0161 poveden\u00fd vzorek.\u201c<\/i><\/span><\/p>\n<p><span style=\"font-family: Calibri, serif;\">Petr Hrkal: <i>\u201eZaujal m\u011b pom\u011brn\u011b velk\u00fd rozptyl v bodov\u00e1n\u00ed jednotliv\u00fdch vzork\u016f a tak\u00e9 finalist\u00e9 ze 3. &#8211; 5. m\u00edsta, mysl\u00edm, \u017ee je to pro n\u011b premi\u00e9ra.\u201c<\/i><\/span><\/p>\n<p><span style=\"font-family: Calibri, serif;\">Ji\u0159\u00ed Stehl\u00ed\u010dek: <i>\u201e<\/i><i>Druh\u00e9 semifin\u00e1le, mysl\u00edm, nebylo tak vyrovnan\u00e9 jako prvn\u00ed. Zaujal mne op\u011bt propad PU. Ale taky znovuobjeven\u00ed se jak Konrada, tak i B\u0159ez\u0148\u00e1ka, o kter\u00fdch jsem si myslel, \u017ee na fin\u00e1le asi nedos\u00e1hnou. Jsem moc r\u00e1d, \u017ee jsem se m\u00fdlil.\u201c<\/i><\/span><\/p>\n<p><span style=\"font-family: Calibri, serif;\">Jarom\u00edr Pisko\u0159: <i>\u201e<\/i><i>Vzorky byly u\u017e o pozn\u00e1n\u00ed kvalitn\u011bj\u0161\u00ed ne\u017e v z\u00e1kladn\u00edm kole. Pot\u011b\u0161il m\u011b v\u00fdsledkem B\u0159ez\u0148\u00e1k, p\u0159\u00ed\u0161t\u011b bych od Svijan vzal M\u00e1ze. Je typi\u010dt\u011bj\u0161\u00ed ne\u017e Ryt\u00ed\u0159.\u201c<\/i><\/span><\/p>\n<p>V pond\u011bl\u00ed 11. \u0159\u00edjna od 19 hodin prob\u011bhne v Prvn\u00ed Pivn\u00ed Tramwayi velk\u00e9 fin\u00e1le, kter\u00e9 je jako v\u0161echny degustace PPE ve\u0159ejn\u011b p\u0159\u00edtomn\u00e9. A jak\u00e9 jsou vyhl\u00eddky fin\u00e1lov\u00e9 des\u00edtky? T\u011b\u017eko \u0159\u00edci, proto\u017ee ka\u017ed\u00e1 degustace za\u010d\u00edn\u00e1 od nuly, testuje se jin\u00e1 \u0161ar\u017ee a \u017e\u00e1dn\u00e9 minul\u00e9 z\u00e1sluhy se nepo\u010d\u00edtaj\u00ed. Ale stejn\u011b si \u2013 ne\u017e si vsad\u00edte v n\u011bjak\u00e9 renomovan\u00e9 kancel\u00e1\u0159i velk\u00e9 pen\u00edze \u2013 fin\u00e1lovou sestavu projd\u011bme o\u010dima historick\u00fdch v\u00fdsledk\u016f.<\/p>\n<p>B\u0159ez\u0148\u00e1k 5 fin\u00e1lov\u00fdch \u00fa\u010dast\u00ed (8, 9, 1., 3., 10.)<\/p>\n<p>Zubr 6 fin\u00e1lov\u00fdch \u00fa\u010dast\u00ed (1., 9., 2., 1., 6., 5.)<\/p>\n<p>Radegast 6 fin\u00e1lov\u00fdch \u00fa\u010dast\u00ed (3., 1., 1., 6., 3., 8.)<\/p>\n<p>Konrad 5 fin\u00e1lov\u00fdch \u00fa\u010dast\u00ed (4., 2., 8., 7., 4.)<\/p>\n<p>Zlatopramen 3 fin\u00e1lov\u00e9 \u00fa\u010dasti (7., 4., 6.)<\/p>\n<p>Regent bez fin\u00e1lov\u00e9 \u00fa\u010dasti<\/p>\n<p>Rebel bez fin\u00e1lov\u00e9 \u00fa\u010dasti<\/p>\n<p>Post\u0159i\u017einy bez fin\u00e1lov\u00e9 \u00fa\u010dasti<\/p>\n<p>Uhersk\u00fd Brod bez fin\u00e1lov\u00e9 \u00fa\u010dasti<\/p>\n<p>Ostravar bez fin\u00e1lov\u00e9 \u00fa\u010dasti<\/p>\n<p>Zapsal a fotil L.J.<\/p>\n<p><i>L. J.<\/i><\/p>\n","protected":false},"excerpt":{"rendered":"<p>Tak m\u00e1me za sebou druh\u00e9 semifin\u00e1le dvan\u00e1ct\u00e9ho ro\u010dn\u00edku Prvn\u00ed pivn\u00ed extraligy. Fin\u00e1lov\u00e1 des\u00edtka, z n\u00ed\u017e vzejde absolutn\u00ed v\u00edt\u011bz pro rok 2021, je t\u00edmto kompletn\u00ed. A jak to v\u0161e prob\u00edhalo? To n\u00e1m p\u0159ibl\u00ed\u017e\u00ed n\u00e1sleduj\u00edc\u00ed fotoreport\u00e1\u017e. &nbsp; &nbsp;<\/p>\n","protected":false},"author":1,"featured_media":0,"comment_status":"open","ping_status":"open","sticky":false,"template":"","format":"standard","meta":{"ngg_post_thumbnail":0,"footnotes":""},"categories":[20,1],"tags":[],"class_list":["post-12340","post","type-post","status-publish","format-standard","hentry","category-pivo","category-publikovane-clanky"],"_links":{"self":[{"href":"https:\/\/www.ladislavjakl.cz\/index.php?rest_route=\/wp\/v2\/posts\/12340","targetHints":{"allow":["GET"]}}],"collection":[{"href":"https:\/\/www.ladislavjakl.cz\/index.php?rest_route=\/wp\/v2\/posts"}],"about":[{"href":"https:\/\/www.ladislavjakl.cz\/index.php?rest_route=\/wp\/v2\/types\/post"}],"author":[{"embeddable":true,"href":"https:\/\/www.ladislavjakl.cz\/index.php?rest_route=\/wp\/v2\/users\/1"}],"replies":[{"embeddable":true,"href":"https:\/\/www.ladislavjakl.cz\/index.php?rest_route=%2Fwp%2Fv2%2Fcomments&post=12340"}],"version-history":[{"count":2,"href":"https:\/\/www.ladislavjakl.cz\/index.php?rest_route=\/wp\/v2\/posts\/12340\/revisions"}],"predecessor-version":[{"id":12342,"href":"https:\/\/www.ladislavjakl.cz\/index.php?rest_route=\/wp\/v2\/posts\/12340\/revisions\/12342"}],"wp:attachment":[{"href":"https:\/\/www.ladislavjakl.cz\/index.php?rest_route=%2Fwp%2Fv2%2Fmedia&parent=12340"}],"wp:term":[{"taxonomy":"category","embeddable":true,"href":"https:\/\/www.ladislavjakl.cz\/index.php?rest_route=%2Fwp%2Fv2%2Fcategories&post=12340"},{"taxonomy":"post_tag","embeddable":true,"href":"https:\/\/www.ladislavjakl.cz\/index.php?rest_route=%2Fwp%2Fv2%2Ftags&post=12340"}],"curies":[{"name":"wp","href":"https:\/\/api.w.org\/{rel}","templated":true}]}}