{"id":1235,"date":"2011-09-02T15:18:06","date_gmt":"2011-09-02T14:18:06","guid":{"rendered":"http:\/\/www.ladislavjakl.cz\/?p=1235"},"modified":"2011-09-02T15:18:06","modified_gmt":"2011-09-02T14:18:06","slug":"jakl-kdybych-sel-do-politiky-tak-do-toho-poradne-slapnu","status":"publish","type":"post","link":"https:\/\/www.ladislavjakl.cz\/?p=1235","title":{"rendered":"Jakl: Kdybych \u0161el do politiky, tak do toho po\u0159\u00e1dn\u011b \u0161l\u00e1pnu"},"content":{"rendered":"<p>Rok a p\u016fl je dost dlouho na po\u0159\u00e1dn\u00fd rozruch, \u0159\u00edk\u00e1 Ladislav Jakl, tajemn\u00edk V\u00e1clava Klause, kter\u00e9mu pr\u00e1v\u011b za rok a p\u016fl kon\u010d\u00ed prezidentsk\u00fd mand\u00e1t. Jakl, zn\u00e1m\u00fd sv\u00fdmi vyhran\u011bn\u00fdmi n\u00e1zory, se pr\u00fd s\u00e1m do politiky nechyst\u00e1. Jeho hradn\u00ed \u0161\u00e9f ale rozhodn\u011b ruce do kl\u00edna neslo\u017e\u00ed, \u0159ekl v rozhovoru s Barborou Tachec\u00ed.<\/p>\n<p><!--more-->&#8222;Zcela ur\u010dit\u011b m\u00e1 pan prezident v pl\u00e1nu vybudovat n\u011bjakou instituci ve smyslu prezidentsk\u00e9 knihovny. N\u011bjak\u00e9 upgradovan\u00e9, vy\u0161\u0161\u00ed Centrum pro ekonomiku a politiku, do kter\u00e9ho by zcela jist\u011b vlo\u017eil svoji vlastn\u00ed energii,&#8220; \u0159ekl v rozhovoru Jakl.<\/p>\n<p>On s\u00e1m se pr\u00fd ji\u017e do politiky vracet nechce, c\u00edt\u00ed se na to p\u0159\u00edli\u0161 star\u00fd. &#8222;A zadruh\u00e9 si nejsem jist, zda takov\u00e1 n\u00e1zorov\u00e1 vyhran\u011bnost, jakou m\u00e1m j\u00e1, se do politiky hod\u00ed. V politice usp\u011bj\u00ed sp\u00ed\u0161 lid\u00e9 univerz\u00e1ln\u011bj\u0161\u00ed. Kdybych se pro to rozhodl, tak bych do toho po\u0159\u00e1dn\u011b \u0161l\u00e1pnul, to asi ano,&#8220; neskr\u00fdv\u00e1 Klaus\u016fv tajemn\u00edk.<br \/>\nSvoboda pro v\u0161echny<\/p>\n<p>Jakl je \u010dasto kritizov\u00e1n za svou propagaci absolutn\u00ed svobody slova. Tedy i svobody pro n\u00e1zory, kter\u00e9 v\u011bt\u0161inov\u00e1 spole\u010dnost odm\u00edt\u00e1 a je\u017e maj\u00ed n\u011bkdy bl\u00edzko k rasismu.<\/p>\n<p>&#8222;Bu\u010f se t\u0159eba zrovna u probl\u00e9mu kriminalizace kapel za texty spokoj\u00edme se sou\u010dasn\u00fdm n\u00e1hodn\u00fdm vyzob\u00e1v\u00e1n\u00edm, p\u0159epad\u00e1n\u00edm koncert\u016f kapel ur\u010dit\u00e9ho typu, p\u0159i\u010dem\u017e kapely jin\u00e9ho ideov\u00e9ho zam\u011b\u0159en\u00ed vyz\u00fdvaj\u00ed k n\u00e1sil\u00ed \u00fapln\u011b b\u011b\u017en\u011b a nic jim nehroz\u00ed,&#8220; tvrd\u00ed Jakl.<\/p>\n<p>Podle n\u011bj toti\u017e jak\u00e1koliv svoboda s sebou nese ur\u010dit\u00e1 rizika, ale snaha stanovit pro svobodu limity je mnohem nebezpe\u010dn\u011bj\u0161\u00ed. &#8222;Ve spole\u010dnosti budou v\u017edycky lid\u00e9, kte\u0159\u00ed se budou b\u00e1t svobody. A \u0159eknou, \u017ee by se m\u011bly zak\u00e1zat kuchy\u0148sk\u00e9 no\u017ee, proto\u017ee nejv\u00edc vra\u017ed bylo sp\u00e1ch\u00e1no pr\u00e1v\u011b jimi. A pak jsou lid\u00e9 jako j\u00e1, kte\u0159\u00ed budou \u0159\u00edkat, \u017ee svoboda p\u0159in\u00e1\u0161\u00ed ur\u010dit\u00e1 rizika, ale jej\u00ed omezov\u00e1n\u00ed p\u0159in\u00e1\u0161\u00ed v\u011bt\u0161\u00ed.&#8220;<\/p>\n<p>Na druhou stranu se b\u011bhem rozhovoru ocitne v \u00fazk\u00fdch, kdy\u017e mu report\u00e9rka polo\u017e\u00ed ot\u00e1zku, co by na rasistick\u00e9 texty \u0159ekl jako Rom sv\u00e9mu synovi. &#8222;Je mo\u017en\u00e9 s t\u00edm d\u011blat spoustu v\u011bc\u00ed! Je mo\u017en\u00e9 to odsoudit, pohrdat t\u00edm, je mo\u017en\u00e9 to kritizovat, je mo\u017en\u00e9 na to nad\u00e1vat! Je mo\u017en\u00e9 d\u011blat milion v\u011bc\u00ed,&#8220; odpov\u00edd\u00e1 Jakl. A pro\u010d je tedy ned\u011bl\u00e1 a mluv\u00ed jen o svobod\u011b slova?<\/p>\n<p>&#8222;Rozum\u00edm. Takovej jsem j\u00e1. \u0158\u00edkat tak popul\u00e1rn\u00ed v\u011bci pova\u017euji za nadbyte\u010dn\u00e9. Ale mo\u017en\u00e1 m\u00e1te pravdu.&#8220;<\/p>\n<p><a href=\"http:\/\/zpravy.idnes.cz\/jakl-kdybych-sel-do-politiky-tak-do-toho-poradne-slapnu-pgn-\/domaci.aspx?c=A110831_173709_domaci_js\" target=\"_blank\">Zdroj<\/a><\/p>\n","protected":false},"excerpt":{"rendered":"<p>Rok a p\u016fl je dost dlouho na po\u0159\u00e1dn\u00fd rozruch, \u0159\u00edk\u00e1 Ladislav Jakl, tajemn\u00edk V\u00e1clava Klause, kter\u00e9mu pr\u00e1v\u011b za rok a p\u016fl kon\u010d\u00ed prezidentsk\u00fd mand\u00e1t. Jakl, zn\u00e1m\u00fd sv\u00fdmi vyhran\u011bn\u00fdmi n\u00e1zory, se pr\u00fd s\u00e1m do politiky nechyst\u00e1. Jeho hradn\u00ed \u0161\u00e9f ale rozhodn\u011b ruce do kl\u00edna neslo\u017e\u00ed, \u0159ekl v rozhovoru s Barborou Tachec\u00ed.<\/p>\n","protected":false},"author":1,"featured_media":0,"comment_status":"open","ping_status":"open","sticky":false,"template":"","format":"standard","meta":{"ngg_post_thumbnail":0,"footnotes":""},"categories":[11],"tags":[],"class_list":["post-1235","post","type-post","status-publish","format-standard","hentry","category-ozvena"],"_links":{"self":[{"href":"https:\/\/www.ladislavjakl.cz\/index.php?rest_route=\/wp\/v2\/posts\/1235","targetHints":{"allow":["GET"]}}],"collection":[{"href":"https:\/\/www.ladislavjakl.cz\/index.php?rest_route=\/wp\/v2\/posts"}],"about":[{"href":"https:\/\/www.ladislavjakl.cz\/index.php?rest_route=\/wp\/v2\/types\/post"}],"author":[{"embeddable":true,"href":"https:\/\/www.ladislavjakl.cz\/index.php?rest_route=\/wp\/v2\/users\/1"}],"replies":[{"embeddable":true,"href":"https:\/\/www.ladislavjakl.cz\/index.php?rest_route=%2Fwp%2Fv2%2Fcomments&post=1235"}],"version-history":[{"count":1,"href":"https:\/\/www.ladislavjakl.cz\/index.php?rest_route=\/wp\/v2\/posts\/1235\/revisions"}],"predecessor-version":[{"id":1236,"href":"https:\/\/www.ladislavjakl.cz\/index.php?rest_route=\/wp\/v2\/posts\/1235\/revisions\/1236"}],"wp:attachment":[{"href":"https:\/\/www.ladislavjakl.cz\/index.php?rest_route=%2Fwp%2Fv2%2Fmedia&parent=1235"}],"wp:term":[{"taxonomy":"category","embeddable":true,"href":"https:\/\/www.ladislavjakl.cz\/index.php?rest_route=%2Fwp%2Fv2%2Fcategories&post=1235"},{"taxonomy":"post_tag","embeddable":true,"href":"https:\/\/www.ladislavjakl.cz\/index.php?rest_route=%2Fwp%2Fv2%2Ftags&post=1235"}],"curies":[{"name":"wp","href":"https:\/\/api.w.org\/{rel}","templated":true}]}}