{"id":1237,"date":"2011-09-02T15:19:45","date_gmt":"2011-09-02T14:19:45","guid":{"rendered":"http:\/\/www.ladislavjakl.cz\/?p=1237"},"modified":"2011-09-02T15:19:45","modified_gmt":"2011-09-02T14:19:45","slug":"rozhovor-mlada-fronta-dnes-jeste-udelam-nejaky-rozruch","status":"publish","type":"post","link":"https:\/\/www.ladislavjakl.cz\/?p=1237","title":{"rendered":"Rozhovor, Mlad\u00e1 Fronta Dnes: Je\u0161t\u011b ud\u011bl\u00e1m n\u011bjak\u00fd rozruch"},"content":{"rendered":"<p>Datum:\u00a001.09.2011\u00a0 Zdroj:\u00a0Mlad\u00e1 fronta Dnes Str.:\u00a011 Autor:\u00a0Barbora Tachec\u00ed<\/p>\n<p>Jako spr\u00e1vn\u00fd poradce si nikdy radit nenech\u00e1. Jako spr\u00e1vn\u00fd provokat\u00e9r takov\u00e9 ozna\u010den\u00ed sv\u00e9 osoby vyvrac\u00ed. V bl\u00edzkosti V\u00e1clava Klause je u\u017e skoro 15 let. Ladislav Jakl, tajemn\u00edk prezidenta republiky.<\/p>\n<p><!--more--><\/p>\n<p><strong>V\u00e1clav<\/strong><strong> Klaus jako prezident za rok a p\u016fl kon\u010d\u00ed. Kam v\u00e1s to profesion\u00e1ln\u011b t\u00e1hne d\u00e1l? <\/strong><\/p>\n<p>To je je\u0161t\u011b hrozn\u011b dlouh\u00e1 doba, je\u0161t\u011b stihneme ud\u011blat n\u011bjak\u00fd ten rozruch, je\u0161t\u011b n\u00e1s nepoh\u0159b\u00edvejte.<\/p>\n<p><strong>Vr\u00e1tit se mezi novin\u00e1\u0159e by v\u00e1s ani nenapadlo? <\/strong><\/p>\n<p>Do\u010detl jsem se, jak by m\u016fj n\u00e1vrat mohl b\u00fdt pro mnoh\u00e9 absurdn\u00ed \u010dern\u00fd sen.<\/p>\n<p>To je ale p\u0159ece to posledn\u00ed, co by v\u00e1m vadilo: \u017ee by to n\u011bkomu vadilo.<\/p>\n<p>Podle toho komu. Nechci d\u011blat utrpen\u00ed zvl\u00e1\u0161t\u011b lidem, kter\u00e9 m\u00e1m nadpr\u016fm\u011brn\u011b r\u00e1d. J\u00e1 budu asi cel\u00fd \u017eivot n\u011bco ps\u00e1t, ale \u017ee bych na t\u00e9 profesi cht\u011bl b\u00fdt z\u00e1visl\u00fd, takov\u00e9 odhodl\u00e1n\u00ed nem\u00e1m.<\/p>\n<p><strong>A na \u010dem si dovedete p\u0159edstavit, \u017ee byste cht\u011bl b\u00fdt ve sv\u00e9 profesi z\u00e1visl\u00fd? <\/strong><\/p>\n<p>To je asi pr\u00e1v\u011b to, \u017ee na ni\u010dem.<\/p>\n<p><strong>Str\u00e1v\u00edte zbytek \u017eivota putov\u00e1n\u00edm po pivn\u00edch festivalech? <\/strong><\/p>\n<p>Bylo by to kr\u00e1sn\u00e9, ale asi by to nevydr\u017eela moje pen\u011b\u017eenka a j\u00e1tra. Taky bych mohl pivo va\u0159it. Ta my\u0161lenka je hodn\u011b pravd\u011bpodobn\u00e1. I kdy\u017e ani na tom bych necht\u011bl b\u00fdt z\u00e1visl\u00fd. \u0158\u00edk\u00e1m dnes.<\/p>\n<p><strong>Pro\u010d \u010dlov\u011bk s tak v\u00fdrazn\u00fdmi n\u00e1zory jako vy nestoj\u00ed o aktivn\u00ed politiku? <\/strong><\/p>\n<p>U\u017e nejsem tak mlad\u00fd, abych s politikou po dvaceti letech op\u011bt za\u010d\u00ednal. A za druh\u00e9 si nejsem jist, zda takov\u00e1 n\u00e1zorov\u00e1 vyhran\u011bnost, jakou m\u00e1m j\u00e1, se do politiky hod\u00ed. V politice usp\u011bj\u00ed sp\u00ed\u0161 lid\u00e9 univerz\u00e1ln\u011bj\u0161\u00ed. Kdybych se pro to rozhodl, tak bych do toho po\u0159\u00e1dn\u011b \u0161l\u00e1pnul, to asi ano. Ale ob\u011b\u0165 z m\u00e9 strany by to asi byla p\u0159\u00edli\u0161 velk\u00e1.<\/p>\n<p><strong>Tak\u017ee vy jste sp\u00ed\u0161 takov\u00fd hradn\u00ed provokat\u00e9r ne\u017e mu\u017e s touhou n\u011bco m\u011bnit. <\/strong><\/p>\n<p>Ur\u010dit\u011b nejsem hradn\u00ed a ur\u010dit\u011b nejsem provokat\u00e9r v prvopl\u00e1nov\u00e9m slova smyslu. A m\u011bnit v\u011bci? Opatrn\u011b s t\u011bmi zm\u011bnami, jsem sp\u00ed\u0161 \u010dlov\u011bk konzervativn\u011bj\u0161\u00ed, rad\u0161i t\u0159ikr\u00e1t m\u011b\u0159it ne\u017e jednou \u0159ezat.<\/p>\n<p><strong>Jste signat\u00e1\u0159em \u010d. 0696 petice D.O.S.T., zast\u00e1vaj\u00edc\u00ed pod symbolem sev\u0159en\u00e9 p\u011bsti tradi\u010dn\u00ed konzervativn\u00ed hodnoty. <\/strong><\/p>\n<p><strong>&#8230; p\u011bsti bouchaj\u00edc\u00ed do stolu. <\/strong><\/p>\n<p><strong>Nevad\u00ed v\u00e1m m\u00edt ve znaku p\u011bst a v seznamu signat\u00e1\u0159\u016f \u010d\u00edslo? <\/strong><\/p>\n<p>Nevad\u00ed. \u010c\u00edsla jsou prost\u011b jen pro p\u0159ehled. M\u011bla je i ODA. Pokud jde o p\u011bst \u2013 ch\u00e1pu to jako ur\u010dit\u00e9 zat\u00e1hnut\u00ed za z\u00e1chrannou brzdu, proti m\u00f3dn\u00edm tendenc\u00edm, kter\u00e9 zaplavuj\u00ed n\u00e1\u0161 \u017eivot. Je t\u0159eba tomu \u010delit, proto ten symbol. Rozum\u00edm tomu, \u017ee jde o symbol sporn\u00fd, proto\u017ee p\u011bst\u00ed je taky mo\u017en\u00e9 n\u011bkomu d\u00e1t po nose. A j\u00e1 nechci nikomu d\u00e1vat po nose.<\/p>\n<p><strong> <\/strong><\/p>\n<p><strong> <\/strong><\/p>\n<p><strong> <\/strong><\/p>\n<p><strong>Kdybyste vy s\u00e1m m\u011bl \u0161anci sestavit vl\u00e1du, kter\u00e9 lidi byste tam cht\u011bl? <\/strong><\/p>\n<p>Ur\u010dit\u011b Petra Macha a p\u00e1r lid\u00ed z jeho strany. Pak asi t\u0159i lidi z ODS, kter\u00e9 nemohu jmenovat, proto\u017ee bych je odepsal ve stran\u011b. A kamar\u00e1da z mate\u0159sk\u00e9 \u0161koly na ministra financ\u00ed. P\u00e1r lid\u00ed by se ur\u010dit\u011b na\u0161lo, jsou lidi norm\u00e1ln\u00ed a \u0161ikovn\u00ed i mimo politiku.<\/p>\n<p><strong>P\u0159edev\u0161\u00edm mimo politiku, ne? <\/strong><\/p>\n<p>Na politiku se mi nad\u00e1vat nechce, proto\u017ee jakou si ji ud\u011bl\u00e1me, takovou ji m\u00e1me.<\/p>\n<p>To nen\u00ed \u017e\u00e1dn\u00e1 nad\u00e1vka, kdy\u017e \u0159\u00edk\u00e1m, \u017ee lid\u00e9 norm\u00e1ln\u00ed a \u0161ikovn\u00ed jsou p\u0159edev\u0161\u00edm mimo politiku. Co jste si s prezidentem \u0159ekli na t\u00e9ma poprezidentsk\u00e9 obdob\u00ed?<\/p>\n<p>Zcela ur\u010dit\u011b m\u00e1 pan prezident v pl\u00e1nu vybudovat n\u011bjakou instituci ve smyslu Prezidentsk\u00e9 knihovny. N\u011bjak\u00e9 upgradovan\u00e9, vy\u0161\u0161\u00ed Centrum pro ekonomiku a politiku, do kter\u00e9ho by jist\u011b vlo\u017eil svoji energii.<\/p>\n<p><strong>Kdyby se v\u00e1s zeptal, m\u00e1-li j\u00edt do politiky, jak byste mu poradil? <\/strong><\/p>\n<p>V z\u00e1jmu jeho \u2013 aby do politiky nechodil. U\u017e v n\u00ed dok\u00e1zal hodn\u011b a zaslou\u017eil by si n\u011bjakou pozici nad tou politikou. Ov\u0161em z pohledu \u010desk\u00e9 ve\u0159ejnosti by asi takov\u00fd Klaus je\u0161t\u011b vhod p\u0159i\u0161el.<\/p>\n<p><strong> <\/strong><\/p>\n<p><strong>V\u00e1\u017en\u011b poskytnete rozhovor komukoliv, kdo si \u0159ekne? <\/strong><\/p>\n<p>Nev\u00edm, jestli \u00fapln\u011b komukoliv. Jestli\u017ee m\u011b p\u0159ed dv\u011bma lety oslovili e-mailem lid\u00e9, kte\u0159\u00ed si p\u0159e\u010detli m\u016fj blog, a \u0159ekli, \u017ee p\u00ed\u0161ou kn\u00ed\u017eku s obdobn\u00fdm vyzn\u011bn\u00edm \u2013 tak v\u011bci, kter\u00e9 \u0159\u00edk\u00e1m komukoliv a kdykoliv, budu nad\u00e1le \u0159\u00edkat komukoliv kdykoliv.<\/p>\n<p><strong>Tak\u017ee klidn\u011b d\u00e1te rozhovor t\u0159eba Hal\u00f3 novin\u00e1m? <\/strong><\/p>\n<p>Dovedu si p\u0159edstavit, \u017ee rozhovor ned\u00e1m kv\u016fli zam\u011b\u0159en\u00ed periodika. Ale tady \u0161lo o kn\u00ed\u017eku. A o to, \u017ee jeden, kter\u00fd tu kn\u00ed\u017eku ani nepsal, jen u rozhovoru posed\u011bl, m\u00e1 v n\u011bjak\u00e9 sv\u00e9 ob\u010dansk\u00e9 aktivit\u011b&#8230; no a je\u0161t\u011b mi tohle vy\u010d\u00edtat!<\/p>\n<p><strong>Te\u010f, kdy\u017e u\u017e v\u00edte, \u017ee onen p\u0159\u00edsed\u00edc\u00ed byl polici\u00ed p\u0159edloni obvin\u011bn z podpory a propagace hnut\u00ed sm\u011b\u0159uj\u00edc\u00edch k rasov\u00e9 nen\u00e1visti, byste ho znova p\u0159ijal v kancel\u00e1\u0159i? <\/strong><\/p>\n<p>Chce se mi \u0159\u00edct, \u017ee bych ho nep\u0159ijal, a asi je to pravda. Ale na druhou stranu se zdr\u00e1h\u00e1m nechat se tla\u010dit do situace, \u017ee bych si takov\u00e9 v\u011bci m\u011bl zji\u0161\u0165ovat.<\/p>\n<p><strong>Pat\u0159\u00edte k zast\u00e1nc\u016fm absolutn\u00edho pr\u00e1va svobody projevu&#8230; <\/strong><\/p>\n<p>&#8230; pry\u010d to absolutn\u00ed, to tam d\u00e1vaj\u00ed lid\u00e9, co mne kritizuj\u00ed. Sta\u010d\u00ed svobody.<\/p>\n<p><strong>\u0158ekla jsem absolutn\u00ed, proto\u017ee norm\u00e1ln\u00ed svoboda kon\u010d\u00ed tam, kde ohro\u017euje svobodu n\u011bkoho jin\u00e9ho. Existuj\u00ed ve va\u0161em pojet\u00ed svobody projevu n\u011bjak\u00e9 limity? <\/strong><\/p>\n<p>V moment\u011b, kdy budeme cht\u00edt hl\u00eddat n\u011bjak\u00e9 hranice, mus\u00edme si \u0159\u00edct, kde budou a jak\u00fd bude ten mustr. Bu\u010f se t\u0159eba zrovna u probl\u00e9mu kriminalizace kapel za texty spokoj\u00edme se sou\u010dasn\u00fdm n\u00e1hodn\u00fdm vyzob\u00e1v\u00e1n\u00edm, p\u0159epad\u00e1n\u00edm koncert\u016f kapel ur\u010dit\u00e9ho typu, p\u0159i\u010dem\u017e kapely jin\u00e9ho ideov\u00e9ho zam\u011b\u0159en\u00ed vyz\u00fdvaj\u00ed k n\u00e1sil\u00ed \u00fapln\u011b b\u011b\u017en\u011b a nic jim nehroz\u00ed. Takov\u00e9 to: chytneme bank\u00e9\u0159e a nacpeme mu dolary &#8222;n\u011bkam&#8220; je t\u0159eba v punkov\u00e9 hudb\u011b \u00fapln\u011b norm\u00e1ln\u00ed. Podobn\u00e9 projevy nesn\u00e1\u0161enlivosti vid\u00edme i v hudebn\u00edm mainstreamu b\u011b\u017en\u011b. Nebo sestav\u00edme komisi, kde budete p\u0159edsedkyn\u011b.<\/p>\n<p><strong> <\/strong><\/p>\n<p><strong>\u0160\u00e9fem budete vy, m\u00e1te zku\u0161enosti z televizn\u00ed rady. <\/strong><\/p>\n<p>Nikdy, ani za nic.<\/p>\n<p><strong> <\/strong><\/p>\n<p><strong>Te\u010f v\u00e1\u017en\u011b: m\u011bla by m\u00edt svoboda projevu v demokracii n\u011bjak\u00e9 limity, nebo v\u016fbec \u017e\u00e1dn\u00e9? <\/strong><\/p>\n<p>Rad\u011bji \u017e\u00e1dn\u00e9. Jak\u00e1koliv svoboda s sebou nese rizika, to ano. Ale jsem p\u0159esv\u011bd\u010den o tom, \u017ee hled\u00e1n\u00ed t\u011bch limit\u016f s sebou nese rizika mnohem v\u011bt\u0161\u00ed.<\/p>\n<p><strong>To je pojet\u00ed bl\u00edzk\u00e9 americk\u00e9 svobod\u011b projevu, ale my m\u00e1me jin\u00e9 historick\u00e9 zku\u0161enosti. Nehraje to roli? <\/strong><\/p>\n<p>Ve spole\u010dnosti budou v\u017edycky lid\u00e9, kte\u0159\u00ed se budou b\u00e1t svobody. A \u0159eknou, \u017ee by se m\u011bly zak\u00e1zat kuchy\u0148sk\u00e9 no\u017ee, proto\u017ee nejv\u00edc vra\u017ed bylo sp\u00e1ch\u00e1no pr\u00e1v\u011b jimi. A pak jsou lid\u00e9 jako j\u00e1, kte\u0159\u00ed budou \u0159\u00edkat, \u017ee svoboda p\u0159in\u00e1\u0161\u00ed ur\u010dit\u00e1 rizika, ale jej\u00ed omezov\u00e1n\u00ed p\u0159in\u00e1\u0161\u00ed v\u011bt\u0161\u00ed.<\/p>\n<p>Tak\u017ee p\u0159\u00edm\u00e9 vyb\u00edzen\u00ed k n\u00e1sil\u00ed ve stylu p\u00edsn\u00ed Kill them, kill them! nechat b\u011b\u017eet?<\/p>\n<p>Vy m\u00e1te pocit, \u017ee cokoliv, co nechci zak\u00e1zat, se mi l\u00edb\u00ed nebo \u017ee to chv\u00e1l\u00edm. Ale p\u0159\u00edtel svobody je jen ten, kdo ji chr\u00e1n\u00ed i tehdy, kdy\u017e ta svoboda nese i plody jin\u00e9, ne\u017e jak\u00e9 mu chutnaj\u00ed.<\/p>\n<p><strong>Nem\u00e1te nikdy strach, \u017ee se v tomto pojet\u00ed svobody m\u00fdl\u00edte? <\/strong><\/p>\n<p>Strach bych m\u011bl, kdybych byl absolutistick\u00fd panovn\u00edk, jeho\u017e jak\u00e1koliv slova se okam\u017eit\u011b stanou realitou. Ale proto\u017ee jsem jen \u00fa\u010dastn\u00edkem spole\u010densk\u00e9 debaty s n\u00e1zorem, kter\u00fd je m\u00e1lo sly\u0161et, strach nem\u00e1m.<\/p>\n<p><strong>Jin\u00fdmi slovy nem\u00e1te strach, proto\u017ee v\u00edte, \u017ee si tady jen tak pokec\u00e1me. <\/strong><\/p>\n<p>Ne, to ur\u010dit\u011b ne. Mysl\u00edm si, \u017ee n\u00e1zor, kter\u00fd zast\u00e1v\u00e1m, je u\u017eite\u010dn\u00fd. To debata posledn\u00edch deseti dn\u016f prok\u00e1zala.<\/p>\n<p><strong>Shodneme se na tom, \u017ee n\u00e1sil\u00ed by nem\u011blo b\u00fdt sou\u010d\u00e1st\u00ed demokracie? <\/strong><\/p>\n<p>Ne. Naopak: demokracie rovn\u00e1 se n\u00e1sil\u00ed. V\u011bt\u0161ina n\u011bco odhlasuje, plat\u00ed to pro v\u0161echny a je to vymahateln\u00e9 n\u00e1sil\u00edm.<\/p>\n<p><strong>Tak jinak: demokratick\u00e9 syst\u00e9my nepraktikuj\u00ed n\u00e1sil\u00ed na vybran\u00fdch skupin\u00e1ch obyvatel. <\/strong><\/p>\n<p>Dejme tomu. Budi\u017e.<\/p>\n<p><strong>Tak pro\u010d by on\u00edm limitem svobody projevu nem\u011blo b\u00fdt nab\u00e1d\u00e1n\u00ed k n\u00e1sil\u00ed? <\/strong><\/p>\n<p>Proto\u017ee za t\u00edm limitem by se pak ocitly i t\u0159eba ver\u0161e rozervan\u00e9ho, ne\u0161\u0165astn\u00e9ho, zoufal\u00e9ho poety, na\u0161tvan\u00e9ho na cel\u00fd sv\u011bt, kter\u00fd rozd\u00edr\u00e1 sv\u00e9 srdce, chce to d\u00e1t v\u0161echno ven a \u0159\u00edk\u00e1 t\u0159eba: kdybych m\u011bl tu moc a s\u00edlu, utrhal bych v\u0161echny hv\u011bzdy a t\u011bm, co za to v\u0161echno m\u016f\u017eou, bych je narval do ch\u0159t\u00e1nu&#8230; takov\u00fdch ver\u0161\u016f je p\u0159ece milion!<\/p>\n<p>Mluv\u00edm o jin\u00e9m typu ver\u0161\u016f, t\u0159eba Zabte je, \u010dern\u00fd labile, cyklon B na tebe.<\/p>\n<p>Je to hnusn\u00fd, ale mechanismus, p\u0159i kter\u00e9m by bylo mo\u017en\u00e9 za text p\u00edsn\u011b n\u011bkoho zav\u0159\u00edt, je tak stra\u0161n\u011b slo\u017eit\u00e9 ud\u011blat.<\/p>\n<p><strong>&#8222;Lidi, vyjd\u011bte ze sv\u00fdch dom\u016f, poj\u010fte se p\u0159idat k n\u00e1m. U\u017e bylo dost t\u011bch v\u0161ivejch Rom\u016f, jejich mrav bude potrest\u00e1n.&#8220; \u2013 V\u00e1\u017en\u011b podle v\u00e1s neexistuje f\u00e9rov\u00fd mechanismus, jak takov\u00fd song vy\u0159adit? <\/strong><\/p>\n<p>To jste \u0159ekla p\u0159esn\u011b. F\u00e9rov\u00fd mechanismus neexistuje. A kdybychom ho vymysleli, nem\u00e1m tu\u0161en\u00ed, kolik lid\u00ed by v tom v\u011bzen\u00ed vlastn\u011b skon\u010dilo. A kdo by je tam pos\u00edlal.<\/p>\n<p>Jak v\u00e1m je jako t\u00e1tovi romsk\u00e9ho kluka, kdy\u017e takov\u00fd text \u010dtete? Mrz\u00ed v\u00e1s, \u017ee se takov\u00fdch text\u016f zbavit neum\u00edme, nebo si \u0159\u00edk\u00e1te, jen a\u0165 si to p\u0159e\u010dte taky, a\u0165 vid\u00ed, jak\u00fd sv\u011bt je.<\/p>\n<p>To je pr\u00e1v\u011b to&#8230; jestli fand\u00edm lidsk\u00e9 svobod\u011b, nem\u016f\u017ee u mne platit jen pro v\u011bci, kter\u00e9 se mi l\u00edb\u00ed.<\/p>\n<p><strong>Co synovi k takov\u00e9mu textu \u0159eknete? <\/strong><\/p>\n<p>\u017de jsou hnusn\u00fd, no. \u017de jsou hnusn\u00fd.<\/p>\n<p>A zl\u00ed.<\/p>\n<p><strong>A \u017ee se s t\u00edm ned\u00e1 nic d\u011blat? <\/strong><\/p>\n<p>Je mo\u017en\u00e9 s t\u00edm d\u011blat spoustu v\u011bc\u00ed! Je mo\u017en\u00e9 to odsoudit, pohrdat t\u00edm, je mo\u017en\u00e9 to kritizovat, je mo\u017en\u00e9 na to nad\u00e1vat! Je mo\u017en\u00e9 d\u011blat milion v\u011bc\u00ed.<\/p>\n<p><strong>A pro\u010d je ned\u011bl\u00e1te? Pro\u010d mluv\u00edte jen o svobod\u011b a o zbytku ml\u010d\u00edte? Rozum\u00edte mi? <\/strong><\/p>\n<p>Rozum\u00edm. Takovej jsem j\u00e1. \u0158\u00edkat tak popul\u00e1rn\u00ed v\u011bci pova\u017euji za nadbyte\u010dn\u00e9. Ale mo\u017en\u00e1 m\u00e1te pravdu.<\/p>\n<p>(Barbora Tachec\u00ed)<\/p>\n<p>&#8212;<\/p>\n<p><strong>Ladislav<\/strong><strong> Jakl <\/strong><\/p>\n<p>Narodil se 17. prosince 1959 v Chebu. Absolvoval studium na Fakult\u011b \u017eurnalistiky Univerzity Karlovy. Byl poslancem Feder\u00e1ln\u00edho shrom\u00e1\u017ed\u011bn\u00ed za OF. Pracoval v Lidov\u00fdch novin\u00e1ch. Od roku 1997 p\u016fsob\u00ed jako poradce V\u00e1clava Klause. Je \u010dlenem hudebn\u00ed skupiny Folimanka Blues.<br \/>\nJakl ned\u00e1vno sklidil kritiku, kdy\u017e poskytl ve sv\u00e9 hradn\u00ed kancel\u00e1\u0159i rozhovor do knihy, jej\u00edm\u017e spoluautorem je mana\u017eer neonacistick\u00e9 hudebn\u00ed skupiny. Jakl se tak\u00e9 zast\u00e1v\u00e1 chr\u00e1n\u011bnce ministra \u0161kolstv\u00ed a \u0161\u00e9fa iniciativy D.O.S.T. Ladislava B\u00e1tory, kter\u00fd vyvol\u00e1v\u00e1 odpor sv\u00fdmi v\u00fdroky i vazbami na extremisty.<\/p>\n<p>&#8212;<\/p>\n<p><strong>Jej\u00edma o\u010dima <\/strong><\/p>\n<p>M\u00edvala jsem pocit, \u017ee v\u011bt\u0161inu lid\u00ed kolem sebe bere jako pokusn\u00e9 kr\u00e1l\u00edky. N\u011bco jim pov\u00ed a pak se za rohem stra\u0161n\u011b sm\u011bje. A \u010d\u00edm v\u00edc se kr\u00e1l\u00edci durd\u00ed, t\u00edm se sm\u011bje v\u00edc. Zn\u00e1m ho u\u017e dlouh\u00e1 l\u00e9ta, a tud\u00ed\u017e se nedurd\u00edm. &#8222;Dovolen\u00e9 m\u011b obt\u011b\u017euj\u00ed, nebyl jsem nikde,&#8220; pravil jako Klaus\u016fv klon. Na m\u016fj dotaz, zda si ho prezident nevybral pr\u00e1v\u011b kv\u016fli tomu, pravil, \u017ee on si vybral prezidenta. Opravdu h\u0159ejiv\u00fd v\u00fdraz v jeho tv\u00e1\u0159i se objevil v okam\u017eiku, kdy popisoval sv\u016fj leto\u0161n\u00ed z\u00e1m\u011br b\u011bhem p\u011bti dn\u016f absolvovat dv\u011b nejv\u011bt\u0161\u00ed pivn\u00ed akce na sv\u011bt\u011b \u2013 Z Denveru p\u0159elet\u00ed rovnou na Oktoberfest. &#8222;Je to velk\u00e1 v\u00fdzva, je\u0161t\u011b nikomu se to dosud nepovedlo,&#8220; pravil v\u00e1\u017en\u00fdm hlasem a jak\u00fdkoliv z\u00e1m\u011br nechat se posl\u00e9ze zapsat do Guinnessovy knihy rekord\u016f pop\u0159el. D\u011bl\u00e1 to toti\u017e v\u00fdhradn\u011b pro sv\u016fj pocit. Na m\u016fj dotaz, jde-li o pocit jedine\u010dnosti, neodpov\u011bd\u011bl.<\/p>\n","protected":false},"excerpt":{"rendered":"<p>Datum:\u00a001.09.2011\u00a0 Zdroj:\u00a0Mlad\u00e1 fronta Dnes Str.:\u00a011 Autor:\u00a0Barbora Tachec\u00ed Jako spr\u00e1vn\u00fd poradce si nikdy radit nenech\u00e1. Jako spr\u00e1vn\u00fd provokat\u00e9r takov\u00e9 ozna\u010den\u00ed sv\u00e9 osoby vyvrac\u00ed. V bl\u00edzkosti V\u00e1clava Klause je u\u017e skoro 15 let. Ladislav Jakl, tajemn\u00edk prezidenta republiky.<\/p>\n","protected":false},"author":1,"featured_media":0,"comment_status":"open","ping_status":"open","sticky":false,"template":"","format":"standard","meta":{"ngg_post_thumbnail":0,"footnotes":""},"categories":[13],"tags":[],"class_list":["post-1237","post","type-post","status-publish","format-standard","hentry","category-rozhovory"],"_links":{"self":[{"href":"https:\/\/www.ladislavjakl.cz\/index.php?rest_route=\/wp\/v2\/posts\/1237","targetHints":{"allow":["GET"]}}],"collection":[{"href":"https:\/\/www.ladislavjakl.cz\/index.php?rest_route=\/wp\/v2\/posts"}],"about":[{"href":"https:\/\/www.ladislavjakl.cz\/index.php?rest_route=\/wp\/v2\/types\/post"}],"author":[{"embeddable":true,"href":"https:\/\/www.ladislavjakl.cz\/index.php?rest_route=\/wp\/v2\/users\/1"}],"replies":[{"embeddable":true,"href":"https:\/\/www.ladislavjakl.cz\/index.php?rest_route=%2Fwp%2Fv2%2Fcomments&post=1237"}],"version-history":[{"count":1,"href":"https:\/\/www.ladislavjakl.cz\/index.php?rest_route=\/wp\/v2\/posts\/1237\/revisions"}],"predecessor-version":[{"id":1238,"href":"https:\/\/www.ladislavjakl.cz\/index.php?rest_route=\/wp\/v2\/posts\/1237\/revisions\/1238"}],"wp:attachment":[{"href":"https:\/\/www.ladislavjakl.cz\/index.php?rest_route=%2Fwp%2Fv2%2Fmedia&parent=1237"}],"wp:term":[{"taxonomy":"category","embeddable":true,"href":"https:\/\/www.ladislavjakl.cz\/index.php?rest_route=%2Fwp%2Fv2%2Fcategories&post=1237"},{"taxonomy":"post_tag","embeddable":true,"href":"https:\/\/www.ladislavjakl.cz\/index.php?rest_route=%2Fwp%2Fv2%2Ftags&post=1237"}],"curies":[{"name":"wp","href":"https:\/\/api.w.org\/{rel}","templated":true}]}}