{"id":1239,"date":"2011-09-02T15:20:46","date_gmt":"2011-09-02T14:20:46","guid":{"rendered":"http:\/\/www.ladislavjakl.cz\/?p=1239"},"modified":"2011-09-02T15:20:46","modified_gmt":"2011-09-02T14:20:46","slug":"jakl-pro-tacheci-nejsem-hradni-provokater","status":"publish","type":"post","link":"https:\/\/www.ladislavjakl.cz\/?p=1239","title":{"rendered":"Jakl pro Tachec\u00ed: Nejsem hradn\u00ed provokat\u00e9r"},"content":{"rendered":"<p><strong>Tajemn\u00edk prezident republiky Ladislav Jakl byl ned\u00e1vno  kritizov\u00e1n za to, \u017ee poskytl rozhovor do knihy, jej\u00edm\u017e autorem je  mana\u017eer neonacistick\u00e9 kapely. On s\u00e1m to pr\u00fd nev\u011bd\u011bl a bavil by se t\u00e9m\u011b\u0159 s  k\u00fdmkoli. Svoboda projevu by podle n\u011bj m\u011bla b\u00fdt absolutn\u00ed. \u0158ekl to v  rozhovoru Barbory Tachec\u00ed v MF DNES.<\/strong><\/p>\n<p><strong><!--more--><\/strong><\/p>\n<p>Zm\u011bny Ladislav Jakl jako\u017eto konzervativec moc r\u00e1d nem\u00e1. \u201eUr\u010dit\u011b nejsem  hradn\u00ed a ur\u010dit\u011b nejsem provokat\u00e9r v prvopl\u00e1nov\u00e9m slova smyslu. A m\u011bnit  v\u011bci? Opatrn\u011b s t\u011bmi zm\u011bnami, jsem sp\u00ed\u0161 \u010dlov\u011bk konzervativn\u011bj\u0161\u00ed, rad\u0161i  t\u0159ikr\u00e1t m\u011b\u0159it ne\u017e jednou \u0159ezat,&#8220; \u0159\u00edk\u00e1.<\/p>\n<p><strong>Zak\u00e1\u017eeme kuchy\u0148sk\u00e9 no\u017ee?<\/strong><\/p>\n<p>Ve vl\u00e1d\u011b by r\u00e1d vid\u011bl Petra Macha, s\u00e1m by u\u017e do politiky necht\u011bl. Ale  V\u00e1clav Klaus by tam podle n\u011bj po skon\u010den\u00ed prezidentsk\u00e9ho obdob\u00ed skon\u010dit  nem\u011bl, p\u0159esto\u017ee pro n\u011bj by to si bylo lep\u0161\u00ed. \u201eZ pohledu \u010desk\u00e9 ve\u0159ejnosti  by asi takov\u00fd Klaus je\u0161t\u011b vhod p\u0159i\u0161el,&#8220; mysl\u00ed si Jakl.<\/p>\n<p>Pokud by v\u011bd\u011bl, \u017ee \u010dlov\u011bk, kter\u00fd byl spojen s knihou, v n\u00ed\u017e vy\u0161el  rozhovor s n\u00edm, obvin\u011bn z rasismu, nep\u0159ijal by ho. P\u0159esto je zast\u00e1ncem  absolutn\u00edho pr\u00e1va svobody projevu a f\u00e9rov\u00e9 limity si p\u0159edstavit  nedovede. \u201eVe spole\u010dnosti budou v\u017edy lid\u00e9, kte\u0159\u00ed se budou b\u00e1t svobody. A  \u0159eknou, \u017ee by se m\u011bly zak\u00e1zat kuchy\u0148sk\u00e9 no\u017ee, proto\u017ee nejv\u00edc vra\u017ed bylo  sp\u00e1ch\u00e1no pr\u00e1v\u011b jimi,&#8220; tvrd\u00ed v rozhovoru pro MfD.<\/p>\n<p><a href=\"http:\/\/www.parlamentnilisty.cz\/zpravy\/206961.aspx\" target=\"_blank\">Zdroj<\/a><\/p>\n","protected":false},"excerpt":{"rendered":"<p>Tajemn\u00edk prezident republiky Ladislav Jakl byl ned\u00e1vno kritizov\u00e1n za to, \u017ee poskytl rozhovor do knihy, jej\u00edm\u017e autorem je mana\u017eer neonacistick\u00e9 kapely. On s\u00e1m to pr\u00fd nev\u011bd\u011bl a bavil by se t\u00e9m\u011b\u0159 s k\u00fdmkoli. Svoboda projevu by podle n\u011bj m\u011bla b\u00fdt absolutn\u00ed. \u0158ekl to v rozhovoru Barbory Tachec\u00ed v MF DNES.<\/p>\n","protected":false},"author":1,"featured_media":0,"comment_status":"open","ping_status":"open","sticky":false,"template":"","format":"standard","meta":{"ngg_post_thumbnail":0,"footnotes":""},"categories":[11],"tags":[],"class_list":["post-1239","post","type-post","status-publish","format-standard","hentry","category-ozvena"],"_links":{"self":[{"href":"https:\/\/www.ladislavjakl.cz\/index.php?rest_route=\/wp\/v2\/posts\/1239","targetHints":{"allow":["GET"]}}],"collection":[{"href":"https:\/\/www.ladislavjakl.cz\/index.php?rest_route=\/wp\/v2\/posts"}],"about":[{"href":"https:\/\/www.ladislavjakl.cz\/index.php?rest_route=\/wp\/v2\/types\/post"}],"author":[{"embeddable":true,"href":"https:\/\/www.ladislavjakl.cz\/index.php?rest_route=\/wp\/v2\/users\/1"}],"replies":[{"embeddable":true,"href":"https:\/\/www.ladislavjakl.cz\/index.php?rest_route=%2Fwp%2Fv2%2Fcomments&post=1239"}],"version-history":[{"count":1,"href":"https:\/\/www.ladislavjakl.cz\/index.php?rest_route=\/wp\/v2\/posts\/1239\/revisions"}],"predecessor-version":[{"id":1240,"href":"https:\/\/www.ladislavjakl.cz\/index.php?rest_route=\/wp\/v2\/posts\/1239\/revisions\/1240"}],"wp:attachment":[{"href":"https:\/\/www.ladislavjakl.cz\/index.php?rest_route=%2Fwp%2Fv2%2Fmedia&parent=1239"}],"wp:term":[{"taxonomy":"category","embeddable":true,"href":"https:\/\/www.ladislavjakl.cz\/index.php?rest_route=%2Fwp%2Fv2%2Fcategories&post=1239"},{"taxonomy":"post_tag","embeddable":true,"href":"https:\/\/www.ladislavjakl.cz\/index.php?rest_route=%2Fwp%2Fv2%2Ftags&post=1239"}],"curies":[{"name":"wp","href":"https:\/\/api.w.org\/{rel}","templated":true}]}}