{"id":1241,"date":"2011-09-02T15:26:12","date_gmt":"2011-09-02T14:26:12","guid":{"rendered":"http:\/\/www.ladislavjakl.cz\/?p=1241"},"modified":"2011-09-02T15:26:12","modified_gmt":"2011-09-02T14:26:12","slug":"pribehy-vitezu-i-porazenych","status":"publish","type":"post","link":"https:\/\/www.ladislavjakl.cz\/?p=1241","title":{"rendered":"P\u0158\u00cdB\u011aHY V\u00cdT\u011aZ\u016e I PORA\u017dEN\u00ddCH"},"content":{"rendered":"<p>Tiskov\u00e1 zpr\u00e1va k p\u0159edstaven\u00ed knihy<\/p>\n<p><!--more--><br \/>\n\u201ePokud v\u00e1s zaj\u00edm\u00e1, co je opravdu d\u016fle\u017eit\u00e9, zeptejte se bezdomovc\u016f, co v\u0161echno jim sch\u00e1z\u00ed,\u201c zn\u00ed motto v\u00fdjime\u010dn\u00e9 knihy rozhovor\u016f s n\u00e1zvem Sl\u00e1va v\u00edt\u011bz\u016fm, \u010dest pora\u0163en\u00fdm aneb Ameriku objevili bezdomovci. Jej\u00ed autor Pavel Kosorin, spisovatel a aforista, p\u016fsob\u00ed v brn\u011bnsk\u00e9 Arm\u00e1d\u011b sp\u00e1sy. V p\u0159edmluv\u011b k tomu p\u00ed\u0161e: \u201eS lidmi bez domova jsem v kontaktu od roku 1992, nejprve jako pe\u010dovatel, posl\u00e9ze jako \u0159editel Centra soci\u00e1ln\u00edch slu\u017eeb Arm\u00e1dy sp\u00e1sy v Brn\u011b. Trouf\u00e1m si tvrdit, \u017ee o \u017eivot\u011b bezdomovc\u016f n\u011bco v\u00edm. P\u0159esto m\u011b tito lid\u00e9 nep\u0159est\u00e1vaj\u00ed p\u0159ekvapovat. \u017divot na dn\u011b spole\u010dnosti je toti\u017e stejn\u011b dobrodru\u017en\u00fd jako proch\u00e1zka po M\u011bs\u00edci.\u201c Vysv\u011btluje, pro\u010d se rozhodl d\u00e1t slovo t\u011bm, jejich\u017e hlasy sly\u0161\u00edme jen z\u0159\u00eddka, v kontrastu s velmi \u00fasp\u011b\u0161n\u00fdmi osobnostmi. \u201eC\u00edlem t\u00e9to knihy je spojit lidi, kte\u0159\u00ed se v b\u011b\u017en\u00e9m \u017eivot\u011b t\u00e9m\u011b\u0159 nemaj\u00ed \u0161anci potkat,\u201c \u0159\u00edk\u00e1. Odtud i dv\u011b skupiny v n\u00e1zvu knihy, v\u00edt\u011bzov\u00e9 a pora\u017een\u00ed. Je dob\u0159e, kdy\u017e ti prvn\u00ed nikdy neztr\u00e1cej\u00ed ze z\u0159etele ty druh\u00e9&#8230;<br \/>\nZcela novou knihu, jej\u00ed\u017e p\u0159edstaven\u00ed ve\u0159ejnosti prob\u011bhne v pond\u011bl\u00ed 18. \u0159\u00edjna od 18 hodin v konferen\u010dn\u00edm s\u00e1le Moravsk\u00e9 zemsk\u00e9 knihovny v Brn\u011b, je mo\u017eno \u010d\u00edst dvou stran: \u201eprvn\u00ed\u201c obsahuje rozhovory s lidmi, kte\u0159\u00ed jsou v \u017eivot\u011b aktu\u00e1ln\u011b mimo\u0159\u00e1dn\u011b \u00fasp\u011b\u0161n\u00ed, \u201edruh\u00e1\u201c zase v\u00fdpov\u011bdi \u0161esti mu\u017e\u016f a jedn\u00e9 \u017eeny, kte\u0159\u00ed maj\u00ed zku\u0161enost s bezdomovectv\u00edm.<br \/>\nZ deseti zpov\u00eddan\u00fdch osobnost\u00ed upout\u00e1 \u010dten\u00e1\u0159e nap\u0159\u00edklad gastronom Richard Ho\u0161ek, majitel \u0159ady restaurac\u00ed v \u010cesku, N\u011bmecku, Belgii a Lichten\u0161tejnsku, duchovn\u00ed otec projektu Restaurace pom\u00e1haj\u00ed lidem bez domova. Teprve po \u0161estilet\u00e9m \u00fasil\u00ed se mu poda\u0159ilo v Brn\u011b prosadit, aby se nespot\u0159ebovan\u00e9 j\u00eddlo d\u00e1valo bezdomovc\u016fm. V rozhovorech s \u201ev\u00edt\u011bzi\u201c ale nejde zdaleka jen o soci\u00e1ln\u00ed t\u00e9mata, \u010dten\u00e1\u0159i se dozv\u011bd\u00ed mnoho zaj\u00edmav\u00e9ho ze \u017eivota t\u011bchto \u00fasp\u011b\u0161n\u00fdch lid\u00ed. Pavel Kosorin d\u00e1le zpov\u00edd\u00e1 zn\u00e1m\u00e9ho hudebn\u00edka Ivana Kr\u00e1le, kter\u00fd v USA mimo jin\u00e9 \u0159\u00eddil n\u00e1kla\u010f\u00e1k Arm\u00e1dy sp\u00e1sy, mistryni sv\u011bta v trojskoku \u0160\u00e1rku Ka\u0161p\u00e1rkovou, tajemn\u00edka prezidenta \u010cR a rockera Ladislava Jakla, m\u00f3dn\u00ed n\u00e1vrh\u00e1\u0159ku Lib\u011bnu Rochovou, profesora psychologie Jara K\u0159ivohlav\u00e9ho, fotografku S\u00e1ru Saudkovou, ultramaratonce Milo\u0161e \u0160korpila, majitele spole\u010dnosti Student Agency Radima Jan\u010duru a kone\u010dn\u011b l\u00eddra skupiny Chinaski Michala Mal\u00e1tn\u00e9ho. Chudoba a soci\u00e1ln\u00ed probl\u00e9my nejsou lhostejn\u00e9 nikomu z nich.<br \/>\nDruh\u00e1 \u010d\u00e1st knihy je p\u0159inejmen\u0161\u00edm stejn\u011b zaj\u00edmav\u00e1, d\u00e1v\u00e1 toti\u017e nahl\u00e9dnout do osud\u016f sedmi lid\u00ed, kte\u0159\u00ed se dostali po sestupn\u00e9 spir\u00e1le \u017eivotn\u00edch ne\u00fasp\u011bch\u016f a\u017e na samotn\u00e9 dno spole\u010dnosti.<br \/>\nKniha bude p\u0159edstavena ve\u0159ejnosti v pond\u011bl\u00ed 18. \u0159\u00edjna 2010 v 18 hodin v konferen\u010dn\u00edm s\u00e1le Moravsk\u00e9 zemsk\u00e9 knihovny v Brn\u011b, Kounicova 65a. Na k\u0159tu knihy vystoup\u00ed zp\u011bv\u00e1k Bob Fr\u00eddl, moderovat bude Petr Hol\u00edk z r\u00e1dia Krokod\u00fdl.<br \/>\nPublikace byla vyd\u00e1na v r\u00e1mci Evropsk\u00e9ho roku boje proti chudob\u011b a soci\u00e1ln\u00edmu vylou\u010den\u00ed 2010. Realiz\u00e1torem projektu je brn\u011bnsk\u00e1 p\u0159\u00edsp\u011bvkov\u00e1 organizace Centrum soci\u00e1ln\u00edch slu\u017eeb.<\/p>\n<p>Soubor v pdf je <a href=\"https:\/\/www.ladislavjakl.cz\/data\/Vitezove_a_porazeni.pdf\" target=\"_blank\">ZDE<\/a><\/p>\n","protected":false},"excerpt":{"rendered":"<p>Tiskov\u00e1 zpr\u00e1va k p\u0159edstaven\u00ed knihy<\/p>\n","protected":false},"author":1,"featured_media":0,"comment_status":"open","ping_status":"open","sticky":false,"template":"","format":"standard","meta":{"ngg_post_thumbnail":0,"footnotes":""},"categories":[11],"tags":[],"class_list":["post-1241","post","type-post","status-publish","format-standard","hentry","category-ozvena"],"_links":{"self":[{"href":"https:\/\/www.ladislavjakl.cz\/index.php?rest_route=\/wp\/v2\/posts\/1241","targetHints":{"allow":["GET"]}}],"collection":[{"href":"https:\/\/www.ladislavjakl.cz\/index.php?rest_route=\/wp\/v2\/posts"}],"about":[{"href":"https:\/\/www.ladislavjakl.cz\/index.php?rest_route=\/wp\/v2\/types\/post"}],"author":[{"embeddable":true,"href":"https:\/\/www.ladislavjakl.cz\/index.php?rest_route=\/wp\/v2\/users\/1"}],"replies":[{"embeddable":true,"href":"https:\/\/www.ladislavjakl.cz\/index.php?rest_route=%2Fwp%2Fv2%2Fcomments&post=1241"}],"version-history":[{"count":1,"href":"https:\/\/www.ladislavjakl.cz\/index.php?rest_route=\/wp\/v2\/posts\/1241\/revisions"}],"predecessor-version":[{"id":1242,"href":"https:\/\/www.ladislavjakl.cz\/index.php?rest_route=\/wp\/v2\/posts\/1241\/revisions\/1242"}],"wp:attachment":[{"href":"https:\/\/www.ladislavjakl.cz\/index.php?rest_route=%2Fwp%2Fv2%2Fmedia&parent=1241"}],"wp:term":[{"taxonomy":"category","embeddable":true,"href":"https:\/\/www.ladislavjakl.cz\/index.php?rest_route=%2Fwp%2Fv2%2Fcategories&post=1241"},{"taxonomy":"post_tag","embeddable":true,"href":"https:\/\/www.ladislavjakl.cz\/index.php?rest_route=%2Fwp%2Fv2%2Ftags&post=1241"}],"curies":[{"name":"wp","href":"https:\/\/api.w.org\/{rel}","templated":true}]}}