{"id":1243,"date":"2011-09-05T09:39:37","date_gmt":"2011-09-05T08:39:37","guid":{"rendered":"http:\/\/www.ladislavjakl.cz\/?p=1243"},"modified":"2011-09-05T09:39:37","modified_gmt":"2011-09-05T08:39:37","slug":"dospeli-jsme-k-jaklovu-pojeti-svobody-bez-limitu","status":"publish","type":"post","link":"https:\/\/www.ladislavjakl.cz\/?p=1243","title":{"rendered":"Dosp\u011bli jsme k Jaklovu pojet\u00ed svobody bez limit\u016f?"},"content":{"rendered":"<p>M\u011bl by V\u00e1clav Klaus pokra\u010dovat v politick\u00e9m anga\u017em\u00e1? Pro\u010d nezak\u00e1zat  rasistick\u00e9 songy? Aneb prezident\u016fv tajemn\u00edk v rozhovoru pro MF Dnes.<\/p>\n<p><!--more--><\/p>\n<p>\u201eJe\u0161t\u011b ud\u011bl\u00e1me n\u011bjak\u00fd ten rozruch, je\u0161t\u011b n\u00e1s nepoh\u0159b\u00edvejte,\u201c nab\u00e1d\u00e1  Ladislav Jakl \u010dten\u00e1\u0159e na po\u010d\u00e1tku rozhovoru s\u00a0Barborou Tachec\u00ed v\u00a0dne\u0161n\u00ed  MF Dnes. M\u00edn\u00ed t\u00edm sebe a prezidenta V\u00e1clava Klause. Kdo by v\u0161ak \u010dekal,  \u017ee se o p\u00e1r \u0159\u00e1dk\u016f d\u00e1l do\u010dk\u00e1 n\u011bjak\u00e9ho provokativn\u00edho sd\u011blen\u00ed, m\u00e1 sm\u016flu.  Ti, kdo se nedali zm\u00e1st zav\u00e1d\u011bj\u00edc\u00edm titulkem, se po \u00favodn\u00edm leh\u010d\u00edm  o\u0165uk\u00e1v\u00e1n\u00ed na t\u00e9ma novina\u0159ina, pivo, vstup do aktivn\u00ed politiky \u010di symbol  sev\u0159en\u00e9 p\u011bsti do\u010dkali od poradce prezidenta rozumn\u00e9 rady na adresu jeho  \u0161\u00e9fa a pot\u00e9 seri\u00f3zn\u00ed obrany svobody slova.<\/p>\n<p>Ke Klausovi: Jakl na ot\u00e1zku, kdyby se ho prezident zeptal na radu,  m\u00e1-li j\u00edt nazp\u00e1tek do politiky (m\u00edn\u011bno po skon\u010den\u00ed mand\u00e1tu na Hrad\u011b),  odpov\u011bd\u011bl: \u201eV z\u00e1jmu jeho \u2013 aby do politiky nechodil. U\u017e v\u00a0n\u00ed dok\u00e1zal  hodn\u011b a zaslou\u017eil by si n\u011bjakou pozici nad tou politikou. Ov\u0161em  z\u00a0pohledu \u010desk\u00e9 ve\u0159ejnosti by asi takov\u00fd Klaus je\u0161t\u011b vhod p\u0159i\u0161el.\u201c<\/p>\n<p>Jakl si ned\u00e1vno vyslechl kritiku, \u017ee poskytl rozhovor do knihy, jej\u00edm\u017e  spoluautorem je mana\u017eer neonacistick\u00e9 hudebn\u00ed skupiny. Nev\u011bd\u011bl pr\u00fd, \u017ee  \u201ejeden, kter\u00fd tu kn\u00ed\u017eku ani nepsal, jen u rozhovoru posed\u011bl\u201c, m\u00e1 takov\u00e9  ob\u010dansk\u00e9 aktivity. Jakl si doty\u010dn\u00e9 p\u00e1ny ani dop\u0159edu neprov\u011b\u0159il. To lze  pochopit, to by pak ned\u011blal nic jin\u00e9ho, ne\u017e lustroval p\u0159\u00edchoz\u00ed&#8230;<\/p>\n<p>Jakl m\u00edn\u00ed, \u017ee svoboda projevu v\u00a0demokracii by nem\u011bla m\u00edt \u201erad\u011bji  \u017e\u00e1dn\u00e9 limity\u201c. \u201eJak\u00e1koliv svoboda s\u00a0sebou nese rizika, to ano. Ale jsem  p\u0159esv\u011bd\u010den o tom, \u017ee hled\u00e1n\u00ed t\u011bch limit\u016f s\u00a0sebou nese rizika mnohem  v\u011bt\u0161\u00ed.\u201c Samoz\u0159ejm\u011b se mu ob\u010das n\u011bco nel\u00edb\u00ed, s\u00a0n\u011b\u010d\u00edm nesouhlas\u00ed, ale  \u201ep\u0159\u00edtel svobody je jen ten, kdo ji chr\u00e1n\u00ed i tehdy, kdy\u017e ta svoboda nese i  plody jin\u00e9, ne\u017e jak\u00e9 mu chutnaj\u00ed\u201c.<\/p>\n<p>F\u00e9rov\u00fd mechanismus, jak vy\u0159adit z\u00a0ob\u011bhu t\u0159eba probl\u00e9mov\u00e9 songy, kter\u00e9  maj\u00ed \u201edost t\u011bch v\u0161ivejch Rom\u016f\u201c, podle Jakla neexistuje. Ale jak \u0159\u00edk\u00e1,  lze proti tomu d\u011blat spoustu v\u011bc\u00ed: odsoudit, pohrdat kritizovat,  nad\u00e1vat&#8230; Tachec\u00ed se ho nakonec pt\u00e1, pro\u010d mluv\u00ed jen o svobod\u011b a o  spoust\u011b v\u011bc\u00ed, kter\u00e9 se daj\u00ed d\u011blat proti jej\u00edm negativn\u00edm aspekt\u016fm, ml\u010d\u00ed.  \u201eTakovej jsem j\u00e1. \u0158\u00edkat tak popul\u00e1rn\u00ed v\u011bci pova\u017euji za nadbyte\u010dn\u00e9. Ale  mo\u017en\u00e1 m\u00e1te pravdu,\u201c kon\u010d\u00ed debatu Jakl.<\/p>\n<p>Nicm\u00e9n\u011b podle m\u00e9ho n\u00e1zoru i tak d\u011bl\u00e1 Jakl v\u00a0ot\u00e1zce svobody slova  u\u017eite\u010dnou slu\u017ebu. Jeho ob\u010das kontroverzn\u00ed n\u00e1zory, kter\u00e9 se ve\u0159ejnost  dozv\u00ed, p\u0159ece tak\u00e9 leckomu nevon\u00ed (p\u0159esto\u017ee nemaj\u00ed nic spole\u010dn\u00e9ho  s\u00a0rasovou nen\u00e1vist\u00ed, nap\u0159\u00edklad). Ale nikdo snad ji\u017e nehled\u00e1  \u201emechanismus\u201c, jak ho vymazat z \u00e9teru. A to je za t\u00e9m\u011b\u0159 22 let po p\u00e1du  komunismu nezanedbateln\u00fd posun. Svoboda projevu je z\u00e1kladn\u00ed civiliza\u010dn\u00ed  pr\u00e1vo. Dosp\u011bla v\u0161ak ji\u017e \u010desk\u00e1 spole\u010dnost k\u00a0Jaklovu pojet\u00ed bez limit\u016f?<\/p>\n<p><a href=\"http:\/\/www.ceskapozice.cz\/domov\/politika\/dospeli-jsme-k-jaklovu-pojeti-svobody-bez-limitu\" target=\"_blank\">Zdroj<\/a><\/p>\n","protected":false},"excerpt":{"rendered":"<p>M\u011bl by V\u00e1clav Klaus pokra\u010dovat v politick\u00e9m anga\u017em\u00e1? Pro\u010d nezak\u00e1zat rasistick\u00e9 songy? Aneb prezident\u016fv tajemn\u00edk v rozhovoru pro MF Dnes.<\/p>\n","protected":false},"author":1,"featured_media":0,"comment_status":"open","ping_status":"open","sticky":false,"template":"","format":"standard","meta":{"ngg_post_thumbnail":0,"footnotes":""},"categories":[11],"tags":[],"class_list":["post-1243","post","type-post","status-publish","format-standard","hentry","category-ozvena"],"_links":{"self":[{"href":"https:\/\/www.ladislavjakl.cz\/index.php?rest_route=\/wp\/v2\/posts\/1243","targetHints":{"allow":["GET"]}}],"collection":[{"href":"https:\/\/www.ladislavjakl.cz\/index.php?rest_route=\/wp\/v2\/posts"}],"about":[{"href":"https:\/\/www.ladislavjakl.cz\/index.php?rest_route=\/wp\/v2\/types\/post"}],"author":[{"embeddable":true,"href":"https:\/\/www.ladislavjakl.cz\/index.php?rest_route=\/wp\/v2\/users\/1"}],"replies":[{"embeddable":true,"href":"https:\/\/www.ladislavjakl.cz\/index.php?rest_route=%2Fwp%2Fv2%2Fcomments&post=1243"}],"version-history":[{"count":2,"href":"https:\/\/www.ladislavjakl.cz\/index.php?rest_route=\/wp\/v2\/posts\/1243\/revisions"}],"predecessor-version":[{"id":1245,"href":"https:\/\/www.ladislavjakl.cz\/index.php?rest_route=\/wp\/v2\/posts\/1243\/revisions\/1245"}],"wp:attachment":[{"href":"https:\/\/www.ladislavjakl.cz\/index.php?rest_route=%2Fwp%2Fv2%2Fmedia&parent=1243"}],"wp:term":[{"taxonomy":"category","embeddable":true,"href":"https:\/\/www.ladislavjakl.cz\/index.php?rest_route=%2Fwp%2Fv2%2Fcategories&post=1243"},{"taxonomy":"post_tag","embeddable":true,"href":"https:\/\/www.ladislavjakl.cz\/index.php?rest_route=%2Fwp%2Fv2%2Ftags&post=1243"}],"curies":[{"name":"wp","href":"https:\/\/api.w.org\/{rel}","templated":true}]}}