{"id":12434,"date":"2021-11-02T12:41:48","date_gmt":"2021-11-02T11:41:48","guid":{"rendered":"http:\/\/www.ladislavjakl.cz\/?p=12434"},"modified":"2021-11-02T12:41:48","modified_gmt":"2021-11-02T11:41:48","slug":"tiskova-zprava-z-18-zasedani-2021-konaneho-dne-19-10-2021","status":"publish","type":"post","link":"https:\/\/www.ladislavjakl.cz\/?p=12434","title":{"rendered":"Tiskov\u00e1 zpr\u00e1va z 18. zased\u00e1n\u00ed 2021, konan\u00e9ho dne 19. 10. 2021"},"content":{"rendered":"<p>Rada pro rozhlasov\u00e9 a televizn\u00ed vys\u00edl\u00e1n\u00ed (d\u00e1le jen &#8222;Rada&#8220;) na sv\u00e9m 18. zased\u00e1n\u00ed projednala 28 bod\u016f programu. Vyhodnotila 24 st\u00ed\u017enost\u00ed div\u00e1k\u016f a poslucha\u010d\u016f, vydala t\u0159i upozorn\u011bn\u00ed na poru\u0161en\u00ed z\u00e1kona, rozhodla o zah\u00e1jen\u00ed dvou spr\u00e1vn\u00edch \u0159\u00edzen\u00ed.<\/p>\n<p><!--more-->Podrobn\u011bj\u0161\u00ed informace naleznete v p\u0159episech usnesen\u00ed Rady:<br \/>\n<strong>ROZHLASOV\u00c9 VYS\u00cdL\u00c1N\u00cd<\/strong><br \/>\n&#8211; Rada se sezn\u00e1mila s anal\u00fdzou programu RADIO HAN\u00c1, provozovatele HAMCO s.r.o. z \u00fater\u00fd 7. 9. 2021 od 00:00 do 24:00 hodin a shledala, \u017ee vys\u00edl\u00e1n\u00ed bylo v souladu se z\u00e1konem o rozhlasov\u00e9m a televizn\u00edm vys\u00edl\u00e1n\u00ed a v souladu s platn\u00fdmi licen\u010dn\u00edmi podm\u00ednkami.<\/p>\n<p>&#8211; Rada se sezn\u00e1mila s anal\u00fdzami obchodn\u00edch sd\u011blen\u00ed odvys\u00edlan\u00fdch provozovateli MEDIA BOHEMIA a.s. (program R\u00e1dio BLAN\u00cdK; Pardubice 93,9 MHz) dne 4. \u0159\u00edjna 2021, JUKE BOX, spol. s r.o. (program RADIO \u010cAS-FM; Olomouc 101,3 MHz) dne 4. \u0159\u00edjna 2021, RADIO ZL\u00cdN, spol. s r.o. (program Hitr\u00e1dio Zl\u00edn; Zl\u00edn 91,7 MHz) dne 4. \u0159\u00edjna 2021, Frekvence 1, a.s. (program FREKVENCE 1; \u010cesk\u00e9 Bud\u011bjovice 94,1 MHz) dne 4. \u0159\u00edjna 2021, RADIO UNITED BROADCASTING s.r.o. (program SIGN\u00c1L R\u00c1DIO; Liberec m\u011bsto 94,1 MHz) dne 4. \u0159\u00edjna 2021 a R\u00e1dio Student, s.r.o. (program Free R\u00e1dio; Brno-Kohoutovice 107,0 MHz) dne 4. \u0159\u00edjna 2021.<\/p>\n<p>&#8211; Rada se sezn\u00e1mila s podn\u011btem \u010d.j. RRTV\/11453\/2021-vra na mo\u017en\u00e9 poru\u0161en\u00ed z\u00e1kona \u010d. 40\/1995 Sb.<\/p>\n<p>&#8211; Rada se sezn\u00e1mila s ozn\u00e1men\u00edm provozovatele RADIO PROGLAS s.r.o., I\u010c: 49435001, doru\u010den\u00fdm Rad\u011b dne 1. \u0159\u00edjna 2021 pod \u010d.j. RRTV\/12208\/2021-vra, spo\u010d\u00edvaj\u00edc\u00edm ve v\u00fdluk\u00e1ch vys\u00edl\u00e1n\u00ed programu Radio Proglas za m\u011bs\u00edc z\u00e1\u0159\u00ed 2021 dle uveden\u00e9ho p\u0159ehledu. Rada se sezn\u00e1mila s ozn\u00e1men\u00edm provozovatele R\u00e1dio P\u00e1lava s.r.o., I\u010c: 26230780, doru\u010den\u00fdm Rad\u011b dne 24. z\u00e1\u0159\u00ed 2021 pod \u010d.j. RRTV\/11437\/2021-vra, spo\u010d\u00edvaj\u00edc\u00edmi v informaci o zah\u00e1jen\u00ed vys\u00edl\u00e1n\u00ed programu R\u00e1dio Jih Cimb\u00e1lka \u0161\u00ed\u0159en\u00e9ho prost\u0159ednictv\u00edm vys\u00edla\u010d\u016f na kmito\u010dtech B\u0159eclav m\u011bsto 2 93,2 MHz \/ 100 W, Hodon\u00edn m\u011bsto 91,4 MHz \/ 500 W a Kyjov 91,8 MHz \/ 100 W na z\u00e1klad\u011b rozhodnut\u00ed Rady sp.zn. 2014\/242\/zab ze dne 11. srpna 2020.<\/p>\n<p>&#8211; Rada se sezn\u00e1mila se st\u00ed\u017enost\u00ed \u010d. j. RRTV\/11481\/2021-vra ohledn\u011b toho, \u017ee program \u010cRo Radio\u017eurn\u00e1l odvys\u00edlal \u00fadajn\u011b vulg\u00e1rn\u00ed, neobjektivn\u00ed a nevyv\u00e1\u017een\u00fd rozhovor s L\u00eddou Raku\u0161anovou.<\/p>\n<p><strong>TELEVIZN\u00cd VYS\u00cdL\u00c1N\u00cd<\/strong><br \/>\n&#8211; Rada konstatovala, \u017ee provozovateli, AMC Networks Central Europe s.r.o., I\u010c: 271 12 501, se s\u00eddlem Praha 8 &#8211; Karl\u00edn, Pob\u0159e\u017en\u00ed 620\/3, PS\u010c 18600, zanikla dne 7. \u0159\u00edjna 2021 dle \u00a7 24, p\u00edsm. a) z\u00e1kona \u010d. 231\/2001 Sb., licence k provozov\u00e1n\u00ed televizn\u00edho vys\u00edl\u00e1n\u00ed programu Spektrum \u0161\u00ed\u0159en\u00e9ho prost\u0159ednictv\u00edm dru\u017eice, ud\u011blen\u00e1 rozhodnut\u00edm \u010d.j. koz\/6867\/09, spis. zn.: 2009\/896\/KOZ\/CCE, ze dne 8. z\u00e1\u0159\u00ed 2009. O t\u00e9to skute\u010dnosti vyd\u00e1v\u00e1 Rada osv\u011bd\u010den\u00ed dle \u00a7 154 a n\u00e1sl., z\u00e1kona \u010d. 500\/2004 Sb.<br \/>\n&#8211; Rada se sezn\u00e1mila s ozn\u00e1men\u00edm provozovatele Kabelov\u00e1 televize Jesen\u00edk, spol. s r.o., I\u010c 476 83 163, se s\u00eddlem Dukelsk\u00e1 1240\/27, 790 01 Jesen\u00edk, se zm\u011bnou ostatn\u00edch skute\u010dnost\u00ed uveden\u00fdch v p\u0159ihl\u00e1\u0161ce k registraci p\u0159evzat\u00e9ho vys\u00edl\u00e1n\u00ed \u0161\u00ed\u0159en\u00e9ho prost\u0159ednictv\u00edm kabelov\u00fdch syst\u00e9m\u016f, \u010d.j.: Rg\/53\/96, ze dne 10. srpna 1996, ve zn\u011bn\u00ed pozd\u011bj\u0161\u00edch zm\u011bn, podle \u00a7 29 odst. 3 z\u00e1kona \u010d. 231\/2001 Sb., spo\u010d\u00edvaj\u00edc\u00edm ve zm\u011bn\u011b jednatel\u016f spole\u010dnosti, v rozsahu pod\u00e1n\u00ed ze dne 5. \u0159\u00edjna 2021, \u010d.j.: RRTV\/12263\/2021-vra.<\/p>\n<p>&#8211; Rada se dle ustanoven\u00ed \u00a7 29 odst. 3 z\u00e1kona \u010d. 231\/2001 Sb. sezn\u00e1mila s ozn\u00e1men\u00edm provozovatele p\u0159evzat\u00e9ho vys\u00edl\u00e1n\u00ed \u0161\u00ed\u0159en\u00e9ho prost\u0159ednictv\u00edm kabelov\u00fdch syst\u00e9m\u016f, Vodafone Czech Republic a.s., I\u010c: 25788001, se s\u00eddlem: n\u00e1m\u011bst\u00ed Junkov\u00fdch 2802\/2, Stod\u016flky, 155 00 Praha 5, o zm\u011bn\u011b ostatn\u00edch skute\u010dnost\u00ed uveden\u00fdch v p\u0159ihl\u00e1\u0161ce k registraci sp. zn. RRTV\/2019\/395\/smu, \u010d.j. RRTV\/8190\/2019-smu ze dne 16. kv\u011btna 2019, spo\u010d\u00edvaj\u00edc\u00edm v a) v roz\u0161\u00ed\u0159en\u00ed programov\u00e9 nab\u00eddky o zahrani\u010dn\u00ed televizn\u00ed program Insight TV, b) v roz\u0161\u00ed\u0159en\u00ed programov\u00e9 nab\u00eddky o \u010desk\u00fd rozhlasov\u00fd program R\u00e1dio Pohoda, c) v ukon\u010den\u00ed vys\u00edl\u00e1n\u00ed \u010desk\u00e9ho rozhlasov\u00e9ho programu SeeJay R\u00e1dio; d\u00e1le v rozsahu dal\u0161\u00edch informac\u00ed, uveden\u00fdch v pod\u00e1n\u00ed \u010d.j. RRTV\/12248\/2021-vra doru\u010den\u00e9m dne 4. \u0159\u00edjna 2021.<\/p>\n<p>&#8211; Rada se dle ustanoven\u00ed \u00a7 29 odst. 3 z\u00e1kona \u010d. 231\/2001 Sb. sezn\u00e1mila s ozn\u00e1men\u00edm provozovatele p\u0159evzat\u00e9ho vys\u00edl\u00e1n\u00ed \u0161\u00ed\u0159en\u00e9ho prost\u0159ednictv\u00edm zvl\u00e1\u0161tn\u00edch p\u0159enosov\u00fdch syst\u00e9m\u016f, Vodafone Czech Republic a.s., I\u010c: 25788001, se s\u00eddlem: n\u00e1m\u011bst\u00ed Junkov\u00fdch 2802\/2, Stod\u016flky, 155 00 Praha 5, o zm\u011bn\u011b ostatn\u00edch skute\u010dnost\u00ed uveden\u00fdch v p\u0159ihl\u00e1\u0161ce k registraci sp. zn. RRTV\/2019\/419\/smu, \u010d.j. RRTV\/8188\/2019-smu ze dne 31. kv\u011btna 2019, spo\u010d\u00edvaj\u00edc\u00edm v roz\u0161\u00ed\u0159en\u00ed programov\u00e9 nab\u00eddky o zahrani\u010dn\u00ed televizn\u00ed program Insight TV; d\u00e1le v rozsahu dal\u0161\u00edch informac\u00ed, uveden\u00fdch v pod\u00e1n\u00ed \u010d.j. RRTV\/12248\/2021-vra doru\u010den\u00e9m dne 4. \u0159\u00edjna 2021.<\/p>\n<p>&#8211; Rada se sezn\u00e1mila s ozn\u00e1men\u00edm provozovatele televizn\u00edho vys\u00edl\u00e1n\u00ed AMC Networks Central Europe s.r.o., I\u010c: 270 12 501, doru\u010den\u00fdm dne 5. \u0159\u00edjna 2021 pod \u010d. j. RRTV\/12272\/2021-vra, spo\u010d\u00edvaj\u00edc\u00edm v zah\u00e1jen\u00ed vys\u00edl\u00e1n\u00ed programu: SPEKTRUM CZECH REPUBLIC \/ SLOVAKIA (sp. zn. RRTV\/2021\/590\/fia, \u010d. j.: RRTV\/11299\/2021-fia) ke dni 8. \u0159\u00edjna 2021.<\/p>\n<p>&#8211; Rada se sezn\u00e1mila s ozn\u00e1men\u00edm provozovatele televizn\u00edho vys\u00edl\u00e1n\u00ed AMC Networks Central Europe s.r.o., I\u010c: 270 12 501, doru\u010den\u00fdm dne 5. \u0159\u00edjna 2021 pod \u010d. j. RRTV\/12273\/2021-vra, spo\u010d\u00edvaj\u00edc\u00edm v zah\u00e1jen\u00ed vys\u00edl\u00e1n\u00ed programu: SPEKTRUM HUNGARY (sp. zn. RRTV\/2021\/595\/kus, \u010d. j.: RRTV\/9743\/2021-kus) ke dni 8. \u0159\u00edjna 2021.<\/p>\n<p>&#8211; Rada se sezn\u00e1mila s dopisem Mgr. Ing. Hany Tov\u00e1rkov\u00e9, p\u0159edsedkyn\u011b Rady \u010cesk\u00e9ho telekomunika\u010dn\u00edho \u00fa\u0159adu, ze dne 8. \u0159\u00edjna 2021, a dopisy asociac\u00ed poskytovatel\u016f slu\u017eeb elektronick\u00fdch komunikac\u00ed ze dne 8. a 11. \u0159\u00edjna 2021 (\u010cesk\u00fd telekomunika\u010dn\u00ed klastr z. s., Asociace provozovatel\u016f kabelov\u00fdch a telekomunika\u010dn\u00edch s\u00edt\u00ed v \u010cR, z. s., V\u00fdbor nez\u00e1visl\u00e9ho ICT pr\u016fmyslu, z. s.), kter\u00fdmi informuj\u00ed Radu o v\u00fdpov\u011bd\u00edch smluv ze strany spole\u010dnost\u00ed FTV Prima, spol. s.r.o. a TV Nova s.r.o. provozovatel\u016fm p\u0159evzat\u00e9ho vys\u00edl\u00e1n\u00ed a poskytovatel\u016fm audiovizu\u00e1ln\u00edch medi\u00e1ln\u00edch slu\u017eeb na vy\u017e\u00e1d\u00e1n\u00ed; Rada schv\u00e1lila n\u00e1vrh odpov\u011bdi dle rozpravy.<\/p>\n<p>&#8211; Rada se sezn\u00e1mila s n\u00e1sleduj\u00edc\u00edmi pod\u00e1n\u00edmi k obsahu televizn\u00edch program\u016f doru\u010den\u00fdmi v obdob\u00ed od 27. z\u00e1\u0159\u00ed 2021 do 7. \u0159\u00edjna 2021 (celkem 22 pod\u00e1n\u00ed): TV Nova s.r.o. \/ NOVA &#8211; Love Island, 26. z\u00e1\u0159\u00ed 2021 od 12:20 hodin; TV Nova s.r.o. \/ NOVA &#8211; Love Island, 30. z\u00e1\u0159\u00ed 2021 od 13:55 hodin; FTV Prima, spol. s r.o. \/ Prima a CNN Prima News &#8211; Nov\u00fd den, 30. z\u00e1\u0159\u00ed 2021 od 7:00 hodin; O2 Czech Republic a.s. \/ www.o2tv.cz &#8211; titulky v p\u0159evzat\u00e9m vys\u00edl\u00e1n\u00ed programu \u010cT1 prost\u0159ednictv\u00edm slu\u017eby O2TV; FTV Prima, spol. s r.o. \/ Prima-CNN Prima News &#8211; Hlavn\u00ed zpr\u00e1vy, report\u00e1\u017e Sestry nedostaly desetitis\u00edce, 26. 7. 2021 od 18:55 hod.; TV Nova s.r.o. \/ NOVA &#8211; Televizn\u00ed noviny, t\u00e9ma o\u010dkov\u00e1n\u00ed, 28. z\u00e1\u0159\u00ed 2021 od 19:30 hodin; FTV Prima, spol. s r.o. \/ Prima &#8211; vulgarismy v po\u0159adu \u010cesko hled\u00e1 premi\u00e9ra: Velk\u00e1 p\u0159edvolebn\u00ed debata, 26. z\u00e1\u0159\u00ed 2021 od 20:00 hodin; \u010cesk\u00e1 televize \/ \u010cT2 &#8211; Cesty v\u00edry, d\u00edl V\u011b\u0159\u00edm, 19. z\u00e1\u0159\u00ed 2021 od 13:00 hodin; Emporia Style Kft. (zadavatel obchodn\u00edho sd\u011blen\u00ed) &#8211; teleshopping Klenot TV; TV Nova s.r.o. \/ NOVA &#8211; Love Island, 29. z\u00e1\u0159\u00ed 2021 od 12:50 a od 13:55 hodin; \u010cesk\u00e1 televize \/ \u010cT24 &#8211; Ot\u00e1zky V\u00e1clava Moravce, t\u00e9ma Kam m\u00ed\u0159\u00ed \u010desk\u00e1 ekonomika?, 3. \u0159\u00edjna 2021 od 12:00 hodin; R\u016fzn\u00ed provozovatel\u00e9 \/ r\u016fzn\u00e9 programy a \u010cesk\u00e1 televize \/ \u010cT24 &#8211; p\u0159edvolebn\u00ed debaty obecn\u011b, syst\u00e9m region\u00e1ln\u00edho zpravodajstv\u00ed obecn\u011b, a po\u0159ad Volby 2021, 1. \u0159\u00edjna 2021 od 20:05 hodin na \u010cT24; ViacomCBS Networks International Czech s.r.o. \/ Paramount Network &#8211; logo programu v programov\u00e9 upout\u00e1vce, 22. z\u00e1\u0159\u00ed 2021 v 16:17 hodin; \u010cesk\u00e1 televize \/ \u010cT24 &#8211; Volby 2021, 30. z\u00e1\u0159\u00ed 2021 od 20:05 hodin; FTV Prima, spol. s r.o. \/ Prima &#8211; Nov\u00fd den, propagace zna\u010dky v po\u0159adu neozna\u010den\u00e9m symbolem pro um\u00edst\u011bn\u00ed produktu, 24. z\u00e1\u0159\u00ed 2021 od 7:00 hodin; Ministerstvo zdravotnictv\u00ed \u010cR (zadavatel obchodn\u00edho sd\u011blen\u00ed) &#8211; ozna\u010den\u00ed sponzora po\u0159adu \u010cesko Slovensko m\u00e1 talent vys\u00edlan\u00e9ho 1. \u0159\u00edjna 2021 od 20:15 hodin na programu Prima; FTV Prima, spol. s r.o. \/ Prima COOL &#8211; nevhodn\u00e9 programov\u00e9 upout\u00e1vky mezi po\u0159ady Simpsonovi, 2. \u0159\u00edjna 2021 v 19:40 hodin; TV Nova s.r.o. \/ NOVA &#8211; Love Island, 6. \u0159\u00edjna 2021 od 12:35 hodin; Kaufland \u010cesk\u00e1 republika v.o.s. (zadavatel obchodn\u00edho sd\u011blen\u00ed) &#8211; reklama Kaufland vys\u00edlan\u00e1 dne 6. \u0159\u00edjna 2021 ve 20:52 hodin na programu Prima; \u010cesk\u00e1 televize \/ \u010cT24 &#8211; Volby 2021, 6. \u0159\u00edjna 2021 od 20:10 hodin; \u0160L\u00c1GR TV, spol. s r.o. &#8211; vystoupen\u00ed Andreje Babi\u0161e (Twitter).<\/p>\n<p>&#8211; Rada v r\u00e1mci sv\u00e9 p\u016fsobnosti dan\u00e9 ustanoven\u00edm \u00a7 5 p\u00edsm. a) a f) a \u00a7 59 odst. 1-3 z\u00e1kona \u010d. 231\/2001 Sb., o provozov\u00e1n\u00ed rozhlasov\u00e9ho a televizn\u00edho vys\u00edl\u00e1n\u00ed a o zm\u011bn\u011b dal\u0161\u00edch z\u00e1kon\u016f (d\u00e1le jen z\u00e1kon \u010d. 231\/2001 Sb.), v platn\u00e9m zn\u011bn\u00ed, upozor\u0148uje provozovatele TV Nova s.r.o., I\u010c: 45800456, s\u00eddlem Praha 5, K\u0159\u00ed\u017eeneck\u00e9ho n\u00e1m. 1078\/5, PS\u010c 15200, na poru\u0161en\u00ed ustanoven\u00ed \u00a7 32 odst. 1 p\u00edsm. g) z\u00e1kona \u010d. 231\/2001 Sb., kter\u00e9ho se dopustil t\u00edm, \u017ee dne 30. z\u00e1\u0159\u00ed 2021 od 13:55 hodin na programu NOVA odvys\u00edlal po\u0159ad Love Island. Tento po\u0159ad, odvys\u00edlan\u00fd v odpoledn\u00ed dob\u011b, kdy mohou b\u00fdt u obrazovky d\u011bti, obsahoval erotick\u00e9 sc\u00e9ny v r\u00e1mci z\u00e1bavn\u00e9 spole\u010densk\u00e9 hry \u017dhav\u00fd tanec ve zpracov\u00e1n\u00ed a ve v\u00fdznamov\u00e9m kontextu, kter\u00e9 m\u011bly potenci\u00e1l vzbudit u nezletil\u00fdch div\u00e1k\u016f p\u0159ed\u010dasn\u00fd z\u00e1jem o lidskou sexualitu a ohrozit t\u00edm jejich mravn\u00ed v\u00fdvoj, a to ve spojen\u00ed s dal\u0161\u00edmi prvky v dan\u00e9 prezentaci, kter\u00e9 zv\u00fd\u0161ily rizikovost jej\u00edho p\u016fsoben\u00ed na nezral\u00e9 d\u011btsk\u00e9 div\u00e1ky. Neakceptovateln\u00fdmi rysy dan\u00e9 prezentace byla m\u00edra vizu\u00e1ln\u00ed explicitnosti erotick\u00fdch prvk\u016f, zejm\u00e9na zobrazen\u00ed dynamick\u00e9 stimulace oblasti pohlav\u00ed mu\u017esk\u00e9ho objektu erotick\u00e9ho vystoupen\u00ed i vlastn\u00edho t\u011bla protagonistky c\u00edlen\u00fdm kontaktem t\u011bla protagonistky s t\u011blem mu\u017ee, v\u010detn\u011b dynamick\u00e9ho mark\u00fdrov\u00e1n\u00ed pohlavn\u00edho styku; d\u00e1le pokleslost prezentace spo\u010d\u00edvaj\u00edc\u00ed ve volb\u011b t\u00e9matu sv\u00e1d\u011bc\u00edho tance v baru, v obhroubl\u00e9 atmosf\u00e9\u0159e prezentace s hrub\u00fdmi verb\u00e1ln\u00edmi projevy p\u0159\u00edtomn\u00fdch a s minim\u00e1ln\u011b p\u0159edst\u00edran\u00fdm pop\u00edjen\u00edm alkoholu, i ve vyu\u017eit\u00ed erotick\u00fdch prvk\u016f v p\u0159ehnan\u00e9m proveden\u00ed vzd\u00e1len\u00e9m estetizovan\u00e9 tane\u010dn\u00ed kreaci; d\u00e1le spojen\u00edm prezentace erotick\u00e9ho tance s materi\u00e1ln\u00ed motivac\u00ed \u00fa\u010dastn\u00edk\u016f show a s motivac\u00ed z\u00edsk\u00e1n\u00edm pr\u00e1va str\u00e1vit noc v separ\u00e1tn\u00edm alt\u00e1nu mimo spole\u010dnou lo\u017enici, tedy v prostoru, kde je lep\u0161\u00ed p\u0159\u00edle\u017eitost k intimnostem; a d\u00e1le ve spojen\u00ed prezentace erotick\u00e9ho tance s proveden\u00edm v pod\u00e1n\u00ed atraktivn\u00edch \u00fa\u010dastn\u00edk\u016f-hrdin\u016f z\u00e1bavn\u00e9 reality show, ke kter\u00fdm d\u011bt\u0161t\u00ed nebo mladistv\u00ed div\u00e1ci mohou vzhl\u00ed\u017eet jako k celebrit\u00e1m televizn\u00ed obrazovky a kte\u0159\u00ed je mohou ovlivnit jako vzor. Provozovatel se odvys\u00edl\u00e1n\u00edm po\u0159adu dopustil poru\u0161en\u00ed povinnosti neza\u0159azovat v dob\u011b od 06:00 do 22:00 hodin po\u0159ady a upout\u00e1vky, kter\u00e9 by mohly ohrozit zejm\u00e9na mravn\u00ed v\u00fdvoj d\u011btsk\u00fdch div\u00e1k\u016f. Rada stanovuje lh\u016ftu k n\u00e1prav\u011b 7 dn\u016f od doru\u010den\u00ed upozorn\u011bn\u00ed.<\/p>\n<p>&#8211; Rada v r\u00e1mci sv\u00e9 p\u016fsobnosti dan\u00e9 ustanoven\u00edm \u00a7 5 p\u00edsm. a) a f) a \u00a7 59 odst. 1-3 z\u00e1kona \u010d. 231\/2001 Sb., o provozov\u00e1n\u00ed rozhlasov\u00e9ho a televizn\u00edho vys\u00edl\u00e1n\u00ed a o zm\u011bn\u011b dal\u0161\u00edch z\u00e1kon\u016f (d\u00e1le jen \u201ez\u00e1kon \u010d. 231\/2001 Sb.\u201c), v platn\u00e9m zn\u011bn\u00ed, upozor\u0148uje provozovatele FTV Prima, spol. s r.o., I\u010c 48115908, s\u00eddlem Vinohradsk\u00e1 3217\/167, Stra\u0161nice, 100 00 Praha 10, na poru\u0161en\u00ed ustanoven\u00ed \u00a7 53a odst. 3 z\u00e1kona \u010d. 231\/2001 Sb., kter\u00e9ho se dopustil odvys\u00edl\u00e1n\u00edm po\u0159adu Nov\u00fd den dne 30. z\u00e1\u0159\u00ed 2021 od 7:00 hodin na programu Prima, jen\u017e byl po\u0159adem s um\u00edst\u011bn\u00edm produktu a jako takov\u00fd byl z\u0159eteln\u011b ozna\u010den jako po\u0159ad obsahuj\u00edc\u00ed um\u00edst\u011bn\u00ed produktu na za\u010d\u00e1tku a na konci, av\u0161ak nebyl ozna\u010den po p\u0159eru\u0161en\u00ed reklamou, co\u017e tak\u00e9 vy\u017eaduje z\u00e1kon. Rada stanovuje lh\u016ftu k n\u00e1prav\u011b 7 dn\u00ed ode dne doru\u010den\u00ed upozorn\u011bn\u00ed.<\/p>\n<p>&#8211; Rada v r\u00e1mci sv\u00e9 kompetence dan\u00e9 \u00a7 5 p\u00edsm. a) z\u00e1kona \u010d. 231\/2001 Sb., o provozov\u00e1n\u00ed rozhlasov\u00e9ho a televizn\u00edho vys\u00edl\u00e1n\u00ed a o zm\u011bn\u011b dal\u0161\u00edch z\u00e1kon\u016f, v platn\u00e9m zn\u011bn\u00ed (d\u00e1le jen \u201ez\u00e1kon \u010d. 231\/2001 Sb.\u201c) a v souladu s ustanoven\u00edm \u00a7 137 odst. 1 z\u00e1kona \u010d. 500\/2004 Sb., spr\u00e1vn\u00ed \u0159\u00e1d, (d\u00e1le jen \u201ez\u00e1kon \u010d. 500\/2004 Sb.\u201c) \u017e\u00e1d\u00e1 poskytovatele slu\u017eby www.o2tv.cz, spole\u010dnost O2 Czech Republic a.s., I\u010c 60193336, s\u00eddlem Praha 4 &#8211; Michle, Za Brumlovkou 266\/2, PS\u010c 140 22, o pod\u00e1n\u00ed vysv\u011btlen\u00ed k \u0161\u00ed\u0159en\u00ed titulk\u016f pro osoby se sluchov\u00fdm posti\u017een\u00edm prost\u0159ednictv\u00edm uveden\u00e9 slu\u017eby, resp. o vyj\u00e1d\u0159en\u00ed, zda d\u016fsledn\u011b \u0161\u00ed\u0159\u00ed titulky pro osoby se sluchov\u00fdm posti\u017een\u00edm prost\u0159ednictv\u00edm vys\u00edl\u00e1n\u00ed v\u0161ech televizn\u00edch program\u016f, kter\u00e9 tuto slu\u017ebu div\u00e1k\u016fm poskytuj\u00ed a jsou \u0161\u00ed\u0159eny slu\u017ebou www.o2tv.cz. Rada stanovuje lh\u016ftu k pod\u00e1n\u00ed vysv\u011btlen\u00ed 30 dn\u00ed ode dne doru\u010den\u00ed t\u00e9to v\u00fdzvy.<\/p>\n<p>&#8211; Rada se sezn\u00e1mila s anal\u00fdzou kontinu\u00e1ln\u00edch \u00fasek\u016f programu \u010cT24 provozovatele \u010cESK\u00c1 TELEVIZE ze dn\u016f 10. a\u017e 16. 5. 2021, v\u017edy od 8:00 do 23:00 hod.<\/p>\n<p>&#8211; Rada se sezn\u00e1mila s anal\u00fdzou kontinu\u00e1ln\u00edch \u00fasek\u016f programu CNN Prima News provozovatele FTV Prima, spol. s r.o. ze dn\u016f 10. a\u017e 16. 5. 2021, v\u017edy od 8:00 do 23:00 hod.<\/p>\n<p>&#8211; Rada se sezn\u00e1mila s anal\u00fdzou z\u00e1znamu vys\u00edl\u00e1n\u00ed programu HBO (ur\u010den\u00e9ho pro Rumunsko a Mold\u00e1vii) provozovatele HBO Europe, s.r.o. ze dne 30. srpna 2021 od 10:00 do 22:00 hod.<\/p>\n<p>&#8211; Rada se sezn\u00e1mila s v\u00fdsledky systematick\u00e9ho monitoringu hlasitosti obchodn\u00edch sd\u011blen\u00ed na programu CNN Prima News provozovatele FTV Prima, spol. s r.o. ze dne 25. z\u00e1\u0159\u00ed 2021, 20:00 &#8211; 22:00 hodin.<\/p>\n<p>&#8211; Rada se sezn\u00e1mila s podan\u00fdm vysv\u011btlen\u00edm zadavatele reklamy, spole\u010dnost Mountfield a.s., I\u010c: 25620991, se s\u00eddlem Mnichovice, Miro\u0161ovick\u00e1 697, PS\u010c 251 64, ke spotu odvys\u00edlan\u00e9mu na programu Prima dne 4. \u010dervna 2021 od 21:30 hodin, a to z jak\u00e9ho d\u016fvodu byla v reklam\u011b uvedena cena (po slev\u011b) 4 990 K\u010d u obr\u00e1zku grilu, kter\u00fd je prod\u00e1v\u00e1n za 22 990 K\u010d.<\/p>\n<p>&#8211; Rada coby \u00fast\u0159edn\u00ed spr\u00e1vn\u00ed \u00fa\u0159ad v r\u00e1mci sv\u00e9 kompetence dan\u00e9 ustanoven\u00edm \u00a7 7 p\u00edsm. a) z\u00e1kona \u010d. 40\/1995 Sb., o regulaci reklamy a o zm\u011bn\u011b a dopln\u011bn\u00ed z\u00e1kona \u010d. 468\/1991 Sb., o provozov\u00e1n\u00ed rozhlasov\u00e9ho a televizn\u00edho vys\u00edl\u00e1n\u00ed, ve zn\u011bn\u00ed platn\u00fdch p\u0159edpis\u016f (d\u00e1le jen \u201ez\u00e1kon \u010d. 40\/ 1995 Sb.\u201c), v souladu s ustanoven\u00edm \u00a7 78 odst. 1 z\u00e1kona \u010d. 250\/2016 Sb., z\u00e1kona o p\u0159estupc\u00edch a \u0159\u00edzen\u00edch o nich (d\u00e1le jen \u201ez\u00e1kon \u010d. 250\/2016 Sb.\u201c) rozhodla zah\u00e1jit se zadavatelem reklamy, spole\u010dnost\u00ed Mountfield a.s., I\u010c: 25620991, se s\u00eddlem Mnichovice, Miro\u0161ovick\u00e1 697, PS\u010c 251 64, \u0159\u00edzen\u00ed o p\u0159estupku z moci \u00fa\u0159edn\u00ed pro mo\u017en\u00e9 poru\u0161en\u00ed ustanoven\u00ed \u00a7 2 odst. 1 p\u00edsm. b) z\u00e1kona \u010d. 40\/1995 Sb., respektive ustanoven\u00ed \u00a7 4 odst. 3 z\u00e1kona \u010d. 634\/1992 Sb., o ochran\u011b spot\u0159ebitele, respektive ustanoven\u00ed \u00a7 5 odst. 2 p\u00edsm. c) z\u00e1kona \u010d. 634\/1992 Sb., \u010deho\u017e se mohl dopustit zad\u00e1n\u00edm reklamn\u00edm spotu s motivem \u201eMountfield &#8211; Slav\u00edme 30. v\u00fdro\u010d\u00ed\u201c, kter\u00fd byl odvys\u00edl\u00e1n dne 4. \u010dervna 2021 od 21:30 hodin na programu Prima a kter\u00fd m\u016f\u017ee b\u00fdt nekalou obchodn\u00ed praktikou, nebo\u0165 v reklam\u011b byla u obr\u00e1zku zahradn\u00edho grilu zna\u010dky Char-Broil, typ Professional 4400S, u n\u011bho\u017e prodejce na internetov\u00fdch str\u00e1nk\u00e1ch uv\u00e1d\u00ed p\u016fvodn\u00ed cenu 35 900 K\u010d, uvedena ak\u010dn\u00ed cena 4 990 K\u010d, kter\u00e1 se v\u0161ak vztahovala ke zcela jin\u00e9mu grilu, jin\u00e9ho typu i zna\u010dky, kter\u00fd se v reklam\u011b v\u016fbec neobjevil. Reklama tak mohla v\u00e9st spot\u0159ebitele k rozhodnut\u00ed ohledn\u011b koup\u011b, kter\u00e9 by jinak neu\u010dinil, a sice k rozhodnut\u00ed zaj\u00edt do obchodu Mountfield se z\u00e1m\u011brem zakoupit v reklam\u011b prezentovan\u00fd gril, o kter\u00e9m se domn\u00edval, \u017ee jeho cena je 4 990 K\u010d, kdy\u017e ve skute\u010dnosti byla n\u00e1sobn\u011b vy\u0161\u0161\u00ed.<\/p>\n<p>&#8211; Rada schvaluje monitoring vybran\u00fdch p\u0159edvolebn\u00edch po\u0159ad\u016f p\u0159ed volbami do PS P\u010cR, kter\u00e9 se konaly 8. a 9. \u0159\u00edjna 2021.<\/p>\n<p><strong>AUDIOVIZU\u00c1LN\u00cd MEDI\u00c1LN\u00cd SLU\u017dBY NA VY\u017d\u00c1D\u00c1N\u00cd<\/strong><br \/>\n&#8211; Rada se sezn\u00e1mila se zpr\u00e1vou o kontrole televizn\u00edho vys\u00edl\u00e1n\u00ed prost\u0159ednictv\u00edm screeningu za obdob\u00ed \u010derven a \u010dervenec 2021, kter\u00e1 pokr\u00fdv\u00e1 \u00faseky programu \u010cT Sport ve dnech 3. \u010dervna (15:00 &#8211; 22:55), 5. \u010dervna (13:00 &#8211; 19:35), 6. \u010dervna (14:00 &#8211; 21:42), 23. \u010dervence (11:00 &#8211; 24:00) a 24. \u010dervence (00:00 &#8211; 24:00).<\/p>\n<p>&#8211; Rada v r\u00e1mci sv\u00e9 kompetence dan\u00e9 ustanoven\u00edm \u00a7 4 odst. 1 a odst. 2 p\u00edsm. b) a c) a ustanoven\u00edm \u00a7 11 z\u00e1kona \u010d. 132\/2010 Sb., o audiovizu\u00e1ln\u00edch medi\u00e1ln\u00edch slu\u017eb\u00e1ch na vy\u017e\u00e1d\u00e1n\u00ed a o zm\u011bn\u011b n\u011bkter\u00fdch z\u00e1kon\u016f (d\u00e1le jen z\u00e1kon \u010d. 132\/2010 Sb.), upozor\u0148uje poskytovatele Fibonacci Production s.r.o. I\u010c 09536264, se s\u00eddlem Rybn\u00e1 716\/24, 110 00 Praha na poru\u0161en\u00ed \u00a7 6 odst. 1 p\u00edsm. c) z\u00e1kona \u010d. 132\/2010 Sb., nebo\u0165 na internetov\u00fdch str\u00e1nk\u00e1ch slu\u017eby, tj. na www.aetv.cz nen\u00ed uvedena informace o tom, \u017ee org\u00e1nem dohledu nad poskytov\u00e1n\u00edm audiovizu\u00e1ln\u00edch medi\u00e1ln\u00edch slu\u017eeb na vy\u017e\u00e1d\u00e1n\u00ed je Rada. Rada stanovuje poskytovateli lh\u016ftu k n\u00e1prav\u011b 30 dn\u016f ode dne doru\u010den\u00ed tohoto upozorn\u011bn\u00ed.<\/p>\n<p>&#8211; Rada se v r\u00e1mci sv\u00e9 p\u016fsobnosti dan\u00e9 ustanoven\u00edm \u00a7 4 odst. 2 p\u00edsm. a) a b) z\u00e1kona \u010d. 132\/2010 Sb., o audiovizu\u00e1ln\u00edch medi\u00e1ln\u00edch slu\u017eb\u00e1ch na vy\u017e\u00e1d\u00e1n\u00ed a o zm\u011bn\u011b dal\u0161\u00edch z\u00e1kon\u016f (d\u00e1le jen z\u00e1kon \u010d. 132\/2010 Sb.), v platn\u00e9m zn\u011bn\u00ed a v souladu s ustanoven\u00edm \u00a7 78 odst. 1 z\u00e1kona \u010d. 250\/2016 Sb., z\u00e1kona o p\u0159estupc\u00edch a \u0159\u00edzen\u00edch o nich (d\u00e1le jen \u201ez\u00e1kona \u010d. 250\/2016 Sb.\u201c), rozhodla zah\u00e1jit s poskytovatelem Jind\u0159ichohradeck\u00e1 televizn\u00ed s.r.o., I\u010c 28109503, se s\u00eddlem Vajgar 532, Jind\u0159ich\u016fv Hradec, 37701 \u0159\u00edzen\u00ed o p\u0159estupku z moci \u00fa\u0159edn\u00ed pro mo\u017en\u00e9 poru\u0161en\u00ed ustanoven\u00ed \u00a7 5 odst. 1 p\u00edsm. a) a\u017e e) z\u00e1kona \u010d. 132\/2010 Sb., kter\u00e9ho se mohl dopustit t\u00edm, \u017ee na v\u00fdzvu Rady neposkytl informaci o tom, z jak\u00e9ho d\u016fvodu doposud neozn\u00e1mil poskytov\u00e1n\u00ed audiovizu\u00e1ln\u00ed medi\u00e1ln\u00ed slu\u017eby na vy\u017e\u00e1d\u00e1n\u00ed, \u010d\u00edm\u017e poru\u0161il povinnost na p\u00edsemnou v\u00fdzvu poskytnout Rad\u011b vyj\u00e1d\u0159en\u00ed a informace nezbytn\u00e9 k v\u00fdkonu jej\u00ed p\u016fsobnosti podle \u00a7 4 odst. 2 p\u00edsm. a).<\/p>\n<p>&#8211; Rada v r\u00e1mci sv\u00e9 p\u016fsobnosti podle ustanoven\u00ed \u00a7 4 odst. 2 p\u00edsm. a) a \u00a7 5 odst. 3 z\u00e1kona \u010d. 132\/2010 Sb., o audiovizu\u00e1ln\u00edch medi\u00e1ln\u00edch slu\u017eb\u00e1ch na vy\u017e\u00e1d\u00e1n\u00ed, a podle ustanoven\u00ed \u00a7 158 odst. 1 z\u00e1kona \u010d. 500\/2004 Sb., spr\u00e1vn\u00edho \u0159\u00e1du, vyd\u00e1v\u00e1 na z\u00e1klad\u011b p\u00edsemn\u00e9ho ozn\u00e1men\u00ed poskytovatele Minor, I\u010c 00064351, doru\u010den\u00e9ho Rad\u011b dne 6. z\u00e1\u0159\u00ed 2021, toto potvrzen\u00ed: Poskytovatel Minor, p\u0159\u00edsp\u011bvkov\u00e1 organizace, I\u010c 00064351, se s\u00eddlem Vodi\u010dkova 674\/6, 110 00 Praha, byla dne 19. \u0159\u00edjna 2021 zaps\u00e1na do Evidence poskytovatel\u016f audiovizu\u00e1ln\u00edch medi\u00e1ln\u00edch slu\u017eeb na vy\u017e\u00e1d\u00e1n\u00ed ve smyslu ustanoven\u00ed \u00a7 5 z\u00e1kona \u010d. 132\/2010 Sb., o audiovizu\u00e1ln\u00edch medi\u00e1ln\u00edch slu\u017eb\u00e1ch na vy\u017e\u00e1d\u00e1n\u00ed; audiovizu\u00e1ln\u00ed medi\u00e1ln\u00ed slu\u017eba na vy\u017e\u00e1d\u00e1n\u00ed je poskytov\u00e1na ode dne 22. b\u0159ezna 2021 pod n\u00e1zvem televize Minor, um\u00edst\u011bn\u00e1 na internetov\u00e9 adrese https:\/\/tvminor.uscreen.io\/<\/p>\n<p>&#8211; Rada v r\u00e1mci sv\u00e9 p\u016fsobnosti podle ustanoven\u00ed \u00a7 4 odst. 2 p\u00edsm. a) a \u00a7 5 odst. 3 z\u00e1kona \u010d. 132\/2010 Sb., o audiovizu\u00e1ln\u00edch medi\u00e1ln\u00edch slu\u017eb\u00e1ch na vy\u017e\u00e1d\u00e1n\u00ed, a podle ustanoven\u00ed \u00a7 158 odst. 1 z\u00e1kona \u010d. 500\/2004 Sb., spr\u00e1vn\u00edho \u0159\u00e1du, vyd\u00e1v\u00e1 na z\u00e1klad\u011b p\u00edsemn\u00e9ho ozn\u00e1men\u00ed spole\u010dnosti TSD Family Holding, a.s., ze dne 17. z\u00e1\u0159\u00ed 2021, toto potvrzen\u00ed: Poskytovatel TSD Family Holding, a.s., I\u010c 042 42 424, se s\u00eddlem v Olomouci, t\u0159. Kosmonaut\u016f 1288\/1, PS\u010c 779 00, byl dne 19. \u0159\u00edjna 2021 zaps\u00e1n do Evidence poskytovatel\u016f audiovizu\u00e1ln\u00edch medi\u00e1ln\u00edch slu\u017eeb na vy\u017e\u00e1d\u00e1n\u00ed ve smyslu ustanoven\u00ed \u00a7 5 z\u00e1kona \u010d. 132\/2010 Sb., o audiovizu\u00e1ln\u00edch medi\u00e1ln\u00edch slu\u017eb\u00e1ch na vy\u017e\u00e1d\u00e1n\u00ed; audiovizu\u00e1ln\u00ed medi\u00e1ln\u00ed slu\u017eba na vy\u017e\u00e1d\u00e1n\u00ed je poskytov\u00e1na na adres\u00e1ch www.vysilame.tv a www.beaproduction.cz ode dne 17. 9. 2021 pod n\u00e1zvem BEA PRODUCTION.<\/p>\n<p>&#8211; Rada bere na v\u011bdom\u00ed zm\u011bnu poskytovatele audiovizu\u00e1ln\u00ed medi\u00e1ln\u00ed slu\u017eby na vy\u017e\u00e1d\u00e1n\u00ed Internet Mall, a.s., u slu\u017eby na adrese na adrese https:\/\/mall.tv, kter\u00fdm je od 1. \u010dervna 2021 spole\u010dnost Czech Video Center a.s., I\u010cO:098 39 194, se s\u00eddlem Komunard\u016f 1584\/42, Hole\u0161ovice, 170 00 Praha 7.<br \/>\n&#8211; Rada prov\u00e1d\u00ed v\u00fdmaz poskytovatele Hamri Plus, s.r.o., I\u010c: 03599523, se s\u00eddlem N\u00e1dra\u017en\u00ed 52, Jablunkov, PS\u010c 739 91, z Evidence poskytovatel\u016f audiovizu\u00e1ln\u00edch medi\u00e1ln\u00edch slu\u017eeb na vy\u017e\u00e1d\u00e1n\u00ed.<\/p>\n<p>&#8211; Rada se sezn\u00e1mila s monitoringem internetov\u00fdch str\u00e1nek um\u00edst\u011bn\u00fdch na adrese https:\/\/www.xvideos.com.<\/p>\n<p><strong>OSTATN\u00cd<\/strong><br \/>\n&#8211; Rada z\u0159izuje pracovn\u00ed skupinu pro mezin\u00e1rodn\u00ed spolupr\u00e1ci ve slo\u017een\u00ed: Ing. Ji\u0159\u00ed Mace\u0161ka, Mgr. Daniel K\u00f6ppl, Lenka Kr\u00e1lov\u00e1, Marta Smol\u00edkov\u00e1.<br \/>\nV Praze dne 21. 10. 2021<br \/>\nIng. arch. V\u00e1clav Mencl<br \/>\np\u0159edseda Rady pro rozhlasov\u00e9<br \/>\na televizn\u00ed vys\u00edl\u00e1n\u00ed<br \/>\nkontakt: podatelna@rrtv.cz<br \/>\n274 813 830<\/p>\n","protected":false},"excerpt":{"rendered":"<p>Rada pro rozhlasov\u00e9 a televizn\u00ed vys\u00edl\u00e1n\u00ed (d\u00e1le jen &#8222;Rada&#8220;) na sv\u00e9m 18. zased\u00e1n\u00ed projednala 28 bod\u016f programu. Vyhodnotila 24 st\u00ed\u017enost\u00ed div\u00e1k\u016f a poslucha\u010d\u016f, vydala t\u0159i upozorn\u011bn\u00ed na poru\u0161en\u00ed z\u00e1kona, rozhodla o zah\u00e1jen\u00ed dvou spr\u00e1vn\u00edch \u0159\u00edzen\u00ed.<\/p>\n","protected":false},"author":1,"featured_media":0,"comment_status":"open","ping_status":"open","sticky":false,"template":"","format":"standard","meta":{"ngg_post_thumbnail":0,"footnotes":""},"categories":[11],"tags":[],"class_list":["post-12434","post","type-post","status-publish","format-standard","hentry","category-ozvena"],"_links":{"self":[{"href":"https:\/\/www.ladislavjakl.cz\/index.php?rest_route=\/wp\/v2\/posts\/12434","targetHints":{"allow":["GET"]}}],"collection":[{"href":"https:\/\/www.ladislavjakl.cz\/index.php?rest_route=\/wp\/v2\/posts"}],"about":[{"href":"https:\/\/www.ladislavjakl.cz\/index.php?rest_route=\/wp\/v2\/types\/post"}],"author":[{"embeddable":true,"href":"https:\/\/www.ladislavjakl.cz\/index.php?rest_route=\/wp\/v2\/users\/1"}],"replies":[{"embeddable":true,"href":"https:\/\/www.ladislavjakl.cz\/index.php?rest_route=%2Fwp%2Fv2%2Fcomments&post=12434"}],"version-history":[{"count":1,"href":"https:\/\/www.ladislavjakl.cz\/index.php?rest_route=\/wp\/v2\/posts\/12434\/revisions"}],"predecessor-version":[{"id":12435,"href":"https:\/\/www.ladislavjakl.cz\/index.php?rest_route=\/wp\/v2\/posts\/12434\/revisions\/12435"}],"wp:attachment":[{"href":"https:\/\/www.ladislavjakl.cz\/index.php?rest_route=%2Fwp%2Fv2%2Fmedia&parent=12434"}],"wp:term":[{"taxonomy":"category","embeddable":true,"href":"https:\/\/www.ladislavjakl.cz\/index.php?rest_route=%2Fwp%2Fv2%2Fcategories&post=12434"},{"taxonomy":"post_tag","embeddable":true,"href":"https:\/\/www.ladislavjakl.cz\/index.php?rest_route=%2Fwp%2Fv2%2Ftags&post=12434"}],"curies":[{"name":"wp","href":"https:\/\/api.w.org\/{rel}","templated":true}]}}