{"id":12442,"date":"2021-11-02T13:15:13","date_gmt":"2021-11-02T12:15:13","guid":{"rendered":"http:\/\/www.ladislavjakl.cz\/?p=12442"},"modified":"2021-11-02T13:15:13","modified_gmt":"2021-11-02T12:15:13","slug":"pivar-a-blondyna-v-ostravskem-rozhlase-o-knize-o-pivu-o-svete","status":"publish","type":"post","link":"https:\/\/www.ladislavjakl.cz\/?p=12442","title":{"rendered":"Piva\u0159 a Blond\u00fdna v Ostravsk\u00e9m rozhlase. O knize, o pivu, o sv\u011bt\u011b."},"content":{"rendered":"<div class=\"field field-perex\">\n<p>Advok\u00e1tka a n\u011bkdej\u0161\u00ed ministryn\u011b spravedlnosti Daniela Kov\u00e1\u0159ov\u00e1 je nav\u00edc \u00fasp\u011b\u0161nou spisovatelkou. Nejnov\u011bj\u0161\u00ed knihu, kter\u00e1 je o pivu, napsala s Ladislavem Jaklem.<\/p>\n<\/div>\n<p><!--more--><\/p>\n<div class=\"field body\" data-io-article-url=\"https:\/\/ostrava.rozhlas.cz\/pivar-a-blondyna-posezeni-nad-knihou-daniely-kovarove-a-ladislava-jakla-8608369\">\n<p>Daniela Kov\u00e1\u0159ov\u00e1 je autorkou mnoha knih, ve kter\u00fdch se v\u011bnuje sebeironizuj\u00edc\u00edm t\u00e9mat\u016fm, ale hojn\u011b p\u00ed\u0161e i detektivky. A n\u011bkter\u00e9 knihy vznikaj\u00ed i za \u00fa\u010dasti n\u011bkoho dal\u0161\u00edho. Jej\u00ed posledn\u00ed kniha je v\u011bnov\u00e1na pivu.<\/p>\n<p>Pivo, jako sbli\u017euj\u00edc\u00ed n\u00e1poj pro sebe objevila po rozhovorech s Ladislavem Jaklem. Ten m\u00e1 za sebou bigb\u00edtovou, ale i politickou a diplomatickou \u00e9ru. A je prezidentem pivn\u00ed extraligy. Jejich kniha se jmenuje Piva\u0159 a Blond\u00fdna a nejen, \u017ee se pobav\u00edte, ale mo\u017en\u00e1 vezmete pivo na milost.<\/p>\n<p><span class=\"b-041k__audio-length-title\" aria-labelledby=\"d\u00e9lka audia\">D\u00e9lka audia<\/span>&nbsp;<span class=\"b-041k__audio-length-value\">20:57 <a href=\"https:\/\/ostrava.rozhlas.cz\/pivar-a-blondyna-posezeni-nad-knihou-daniely-kovarove-a-ladislava-jakla-8608369\">V\u00edce zde.&nbsp;<\/a><\/span><\/p>\n<\/div>\n","protected":false},"excerpt":{"rendered":"<p>Advok\u00e1tka a n\u011bkdej\u0161\u00ed ministryn\u011b spravedlnosti Daniela Kov\u00e1\u0159ov\u00e1 je nav\u00edc \u00fasp\u011b\u0161nou spisovatelkou. Nejnov\u011bj\u0161\u00ed knihu, kter\u00e1 je o pivu, napsala s Ladislavem Jaklem.<\/p>\n","protected":false},"author":1,"featured_media":0,"comment_status":"open","ping_status":"open","sticky":false,"template":"","format":"standard","meta":{"ngg_post_thumbnail":0,"footnotes":""},"categories":[20,13],"tags":[],"class_list":["post-12442","post","type-post","status-publish","format-standard","hentry","category-pivo","category-rozhovory"],"_links":{"self":[{"href":"https:\/\/www.ladislavjakl.cz\/index.php?rest_route=\/wp\/v2\/posts\/12442","targetHints":{"allow":["GET"]}}],"collection":[{"href":"https:\/\/www.ladislavjakl.cz\/index.php?rest_route=\/wp\/v2\/posts"}],"about":[{"href":"https:\/\/www.ladislavjakl.cz\/index.php?rest_route=\/wp\/v2\/types\/post"}],"author":[{"embeddable":true,"href":"https:\/\/www.ladislavjakl.cz\/index.php?rest_route=\/wp\/v2\/users\/1"}],"replies":[{"embeddable":true,"href":"https:\/\/www.ladislavjakl.cz\/index.php?rest_route=%2Fwp%2Fv2%2Fcomments&post=12442"}],"version-history":[{"count":1,"href":"https:\/\/www.ladislavjakl.cz\/index.php?rest_route=\/wp\/v2\/posts\/12442\/revisions"}],"predecessor-version":[{"id":12443,"href":"https:\/\/www.ladislavjakl.cz\/index.php?rest_route=\/wp\/v2\/posts\/12442\/revisions\/12443"}],"wp:attachment":[{"href":"https:\/\/www.ladislavjakl.cz\/index.php?rest_route=%2Fwp%2Fv2%2Fmedia&parent=12442"}],"wp:term":[{"taxonomy":"category","embeddable":true,"href":"https:\/\/www.ladislavjakl.cz\/index.php?rest_route=%2Fwp%2Fv2%2Fcategories&post=12442"},{"taxonomy":"post_tag","embeddable":true,"href":"https:\/\/www.ladislavjakl.cz\/index.php?rest_route=%2Fwp%2Fv2%2Ftags&post=12442"}],"curies":[{"name":"wp","href":"https:\/\/api.w.org\/{rel}","templated":true}]}}