{"id":1246,"date":"2012-02-15T16:01:31","date_gmt":"2012-02-15T15:01:31","guid":{"rendered":"http:\/\/www.ladislavjakl.cz\/?p=1246"},"modified":"2012-02-15T16:05:29","modified_gmt":"2012-02-15T15:05:29","slug":"kdo-bude-dalsi-prezident-chci-jakla","status":"publish","type":"post","link":"https:\/\/www.ladislavjakl.cz\/?p=1246","title":{"rendered":"Kdo bude dal\u0161\u00ed prezident? Chci Jakla!"},"content":{"rendered":"<p>Jest v\u0161eobecn\u011b zn\u00e1mo, \u017ee to Va\u0161ek za rok a p\u016fl bal\u00ed.  Mus\u00ed, podle \u00fastavy.\u00a0Pro m\u011b je p. prof. Ing. V\u00e1clav Klaus nejlep\u0161\u00ed  prezident\/panovn\u00edk, jak\u00fdho kdy tahle zem\u011b m\u011bla.<\/p>\n<p><!--more--><\/p>\n<p style=\"margin-top: 14px; margin-right: 0px; margin-bottom: 14px; margin-left: 0px; outline-width: 0px; outline-style: initial; outline-color: initial; font-style: inherit; font-size: 15px; font-family: inherit; vertical-align: baseline; background-color: transparent; text-align: justify; padding: 0px; border: 0px initial initial;\">P\u00e1r idiot\u016f bude oslavovat\u00a0<a href=\"http:\/\/www.google.cz\/search?aq=f&amp;sourceid=chrome&amp;ie=UTF-8&amp;q=v%C3%A1clav+klaus+#sclient=psy&amp;hl=cs&amp;source=hp&amp;q=masaryk+st%C5%99elba+do+d%C4%9Bln%C3%ADk%C5%AF&amp;pbx=1&amp;oq=masaryk+st%C5%99e&amp;aq=0&amp;aqi=g1&amp;aql=&amp;gs_sm=e&amp;gs_upl=74698l77642l0l78541l12l10l0l2l2l0l257l1483l2.6.2l10l0&amp;bav=on.2,or.r_gc.r_pw.&amp;fp=4cb196a876d74b92&amp;biw=1280&amp;bih=685\">Masaryka<\/a>,  shit happens (\u00a9 Mmister). Klause si v\u00e1\u017e\u00edm za jeho konsistentn\u00ed (\u201ejeho  neust\u00e1l\u00fd \u017evan\u011bn\u00ed n\u00e1m d\u011bl\u00e1 ostudu\u201c) n\u00e1zory, a\u0165 u\u017e na EU (\u201emodr\u00e1 straka by  nejrad\u0161i pou\u010dovala celou evropu, jak je neviditeln\u00e1 ruka trhu n\u00e1rodu  prosp\u011b\u0161n\u00e1!\u201c) nebo na zelen\u00fd po\u0161uky (\u201e\u00e1\u00e1\u00e1, vrchn\u00ed klimatolog jede za na\u0161e  pen\u00edze p\u0159edn\u00e1\u0161et a nikdo na n\u011bj nen\u00ed zv\u011bdavej\u201c). \u010c\u00edm\u017e nechci \u0159\u00edct, \u017ee  bych s n\u00edm souhlasil v\u017edy a ve v\u0161em, t\u0159eba dnes ud\u011blal z\u00a0<a href=\"http:\/\/zpravy.idnes.cz\/dobes-je-nejlepsi-polistopadovy-ministr-skolstvi-vychvalil-klaus-vv-1kq-\/domaci.aspx?c=A110902_001410_domaci_brm\">V\u00e9V\u00e9 pomalu chudinky a ob\u011bti<\/a> spiknut\u00ed. Hovno chudinky, zasran\u00e1 populistick\u00e1 f\u00edzl\u00e1ck\u00e1 partaj to je.<\/p>\n<p style=\"margin-top: 14px; margin-right: 0px; margin-bottom: 14px; margin-left: 0px; outline-width: 0px; outline-style: initial; outline-color: initial; font-style: inherit; font-size: 15px; font-family: inherit; vertical-align: baseline; background-color: transparent; text-align: justify; padding: 0px; border: 0px initial initial;\">Vezm\u011bme  na v\u011bdom\u00ed, \u017ee Klaus za rok a p\u016fl kon\u010d\u00ed a u\u017e nem\u016f\u017ee kandidovat. Po\u0159\u00e1d u  n\u00e1s (na\u0161t\u011bst\u00ed) funguje nep\u0159\u00edm\u00e1 volba prezidenta. T\u00edm by se prozat\u00edm  mohly odfiltrovat p\u0159\u00edpady typu hokejista \u0160l\u00e9gr, kter\u00fd v \u017eivot\u011b ned\u011blal  nic jin\u00fdho ne\u017e honil puk po led\u011b nebo \u0161vihal ve spr\u0161e spoluhr\u00e1\u010de  ru\u010dn\u00edkem p\u0159es holou prdel, ale dostal se do parlamentu za \u010cSSD.  Pochybuju, \u017ee jinde ne\u017e v \u010cesku by se dostal do parlamentu \u010dlov\u011bk, kter\u00fd  nem\u00e1<a href=\"http:\/\/www.tyden.cz\/rubriky\/domaci\/politika\/poslanec-slegr-poprve-maturoval-za-ctyri-ale-prosel_204248.html\">ani maturitu<\/a>.<\/p>\n<p style=\"margin-top: 14px; margin-right: 0px; margin-bottom: 14px; margin-left: 0px; outline-width: 0px; outline-style: initial; outline-color: initial; font-style: inherit; font-size: 15px; font-family: inherit; vertical-align: baseline; background-color: transparent; text-align: justify; padding: 0px; border: 0px initial initial;\">Koho bych si p\u0159edstavoval na Klausovo postu? Ze sou\u010dasn\u00fd politick\u00fd sc\u00e9ny nikoho. A jinak? Bu\u010f Miroslav Macek nebo Ladislav Jakl.<\/p>\n<p style=\"margin-top: 14px; margin-right: 0px; margin-bottom: 14px; margin-left: 0px; outline-width: 0px; outline-style: initial; outline-color: initial; font-style: inherit; font-size: 15px; font-family: inherit; vertical-align: baseline; background-color: transparent; text-align: justify; padding: 0px; border: 0px initial initial;\">Ladislav Jakl (<a href=\"http:\/\/cs.wikipedia.org\/wiki\/Ladislav_Jakl\">CV<\/a>)  funguje u\u017e 14 let jako poradce prezidenta, zast\u00e1v\u00e1 podobn\u00e9 n\u00e1zory jako  Klaus (fuj EU, fuj EKO, fuj levi\u010d\u00e1ci), nen\u00ed a\u017e tak politicky korektn\u00ed  (\u201esp\u00ed\u0161 se boj\u00edm, aby to nebyly jenom Kecy Ve\u0159ejn\u00e9..\u201c, \u201enovin\u00e1\u0159i jsou  levi\u010d\u00e1ci a ani si to neuv\u011bdomuj\u00ed\u201c) a je to sakra libertari\u00e1n, na kter\u00fdho  nem\u00e1 ani polovina \u010dlen\u016f SSO.<\/p>\n<p style=\"margin-top: 14px; margin-right: 0px; margin-bottom: 14px; margin-left: 0px; outline-width: 0px; outline-style: initial; outline-color: initial; font-style: inherit; font-size: 15px; font-family: inherit; vertical-align: baseline; background-color: transparent; text-align: justify; padding: 0px; border: 0px initial initial;\">Hrozn\u011b  r\u00e1d \u010dtu rozhovory s Ladislavem Jaklem. Jeho n\u00e1zory maj\u00ed hlavu a patu.  Neboj\u00ed se naz\u00fdvat v\u011bci, jak\u00e9 jsou. Neboj\u00ed se je \u0159\u00edkat bez ohledu na  debily, kter\u00fd mu to oml\u00e1t\u00ed o hlavu bez jak\u00e9hokoli n\u00e1znaku argumentu  (\u201ePane Jakle, je mi v\u00e1s l\u00edto, m\u011bl byste se u\u010desat\u201c). Naposledy zvedl  vlnu nevole t\u00edm, \u017ee si dovolil h\u00e1jit\u00a0<a href=\"http:\/\/zpravy.idnes.cz\/jakl-haji-svobodu-slova-i-svobodu-neonacistu-zpivat-fyt-\/domaci.aspx?c=A110818_215816_domaci_abr\">svobodu slova<\/a>.  \u017de si prej m\u016f\u017ee zp\u00edvat ka\u017edej co chcem, no co si to ty lidi dneska  dovolujou?!! V\u010dera vy\u0161el v MF Dnes dal\u0161\u00ed rozhovor, v ti\u0161t\u011bn\u00e9 form\u011b jsem  jej bohu\u017eel nesehnal,\u00a0<a href=\"..\/?p=1237\">online je zde<\/a>.<\/p>\n<p style=\"margin-top: 14px; margin-right: 0px; margin-bottom: 14px; margin-left: 0px; outline-width: 0px; outline-style: initial; outline-color: initial; font-style: inherit; font-size: 15px; font-family: inherit; vertical-align: baseline; background-color: transparent; text-align: justify; padding: 0px; border: 0px initial initial;\">Ladislav Jakl je snad prvn\u00ed, a douf\u00e1m \u017ee ne posledn\u00ed, \u010dlov\u011bk na politick\u00e9 sc\u00e9n\u011b, kterej to \u0159ekl na plnou hubu:<\/p>\n<blockquote style=\"margin-top: 15px; margin-right: 30px; margin-bottom: 0px; margin-left: 10px; padding-top: 0px; padding-right: 0px; padding-bottom: 0px; padding-left: 20px; border-top-width: 0px; border-right-width: 0px; border-bottom-width: 0px; border-left-width: 5px; border-style: initial; border-color: initial; outline-width: 0px; outline-style: initial; outline-color: initial; font-style: inherit; font-size: 15px; font-family: inherit; vertical-align: baseline; background-color: transparent; quotes: ''; color: #777777; border-left-style: solid; border-left-color: #cccccc;\">\n<p style=\"margin-top: 14px; margin-right: 0px; margin-bottom: 14px; margin-left: 0px; outline-width: 0px; outline-style: initial; outline-color: initial; font-style: inherit; font-size: 15px; font-family: inherit; vertical-align: baseline; background-color: transparent; padding: 0px; border: 0px initial initial;\"><strong>Te\u010f v\u00e1\u017en\u011b: m\u011bla by m\u00edt svoboda projevu v demokracii n\u011bjak\u00e9 limity, nebo v\u016fbec \u017e\u00e1dn\u00e9?<\/strong><\/p>\n<p style=\"margin-top: 14px; margin-right: 0px; margin-bottom: 14px; margin-left: 0px; outline-width: 0px; outline-style: initial; outline-color: initial; font-style: inherit; font-size: 15px; font-family: inherit; vertical-align: baseline; background-color: transparent; padding: 0px; border: 0px initial initial;\">Rad\u011bji  \u017e\u00e1dn\u00e9. Jak\u00e1koliv svoboda s sebou nese rizika, to ano. Ale jsem  p\u0159esv\u011bd\u010den o tom, \u017ee hled\u00e1n\u00ed t\u011bch limit\u016f s sebou nese rizika mnohem  v\u011bt\u0161\u00ed.<\/p>\n<p style=\"margin-top: 14px; margin-right: 0px; margin-bottom: 14px; margin-left: 0px; outline-width: 0px; outline-style: initial; outline-color: initial; font-style: inherit; font-size: 15px; font-family: inherit; vertical-align: baseline; background-color: transparent; padding: 0px; border: 0px initial initial;\"><strong>To je pojet\u00ed bl\u00edzk\u00e9 americk\u00e9 svobod\u011b projevu, ale my m\u00e1me jin\u00e9 historick\u00e9 zku\u0161enosti. Nehraje to roli?<\/strong><\/p>\n<p style=\"margin-top: 14px; margin-right: 0px; margin-bottom: 14px; margin-left: 0px; outline-width: 0px; outline-style: initial; outline-color: initial; font-style: inherit; font-size: 15px; font-family: inherit; vertical-align: baseline; background-color: transparent; padding: 0px; border: 0px initial initial;\">Ve  spole\u010dnosti budou v\u017edycky lid\u00e9, kte\u0159\u00ed se budou b\u00e1t svobody. A \u0159eknou,  \u017ee by se m\u011bly zak\u00e1zat kuchy\u0148sk\u00e9 no\u017ee, proto\u017ee nejv\u00edc vra\u017ed bylo sp\u00e1ch\u00e1no  pr\u00e1v\u011b jimi. A pak jsou lid\u00e9 jako j\u00e1, kte\u0159\u00ed budou \u0159\u00edkat, \u017ee svoboda  p\u0159in\u00e1\u0161\u00ed ur\u010dit\u00e1 rizika, ale jej\u00ed omezov\u00e1n\u00ed p\u0159in\u00e1\u0161\u00ed v\u011bt\u0161\u00ed.<\/p>\n<\/blockquote>\n<p style=\"margin-top: 14px; margin-right: 0px; margin-bottom: 14px; margin-left: 0px; outline-width: 0px; outline-style: initial; outline-color: initial; font-style: inherit; font-size: 15px; font-family: inherit; vertical-align: baseline; background-color: transparent; text-align: justify; padding: 0px; border: 0px initial initial;\">Ne\u017e  ho n\u011bkdo nazve rasistou, n\u00e1ckem, nebo \u201epravicov\u00fdm extr\u00e9mistou\u201c, slu\u0161elo  by se dodat, \u017ee je otcem cik\u00e1nsk\u00e9ho kluka (pro m\u011b je cik\u00e1n \u010dlov\u011bk  tmav\u0161\u00ed pleti, kterej norm\u00e1ln\u011b pracuje a funguje; Rom je profesion\u00e1ln\u00ed  parazit).<\/p>\n<p style=\"margin-top: 14px; margin-right: 0px; margin-bottom: 14px; margin-left: 0px; outline-width: 0px; outline-style: initial; outline-color: initial; font-style: inherit; font-size: 15px; font-family: inherit; vertical-align: baseline; background-color: transparent; text-align: justify; padding: 0px; border: 0px initial initial;\">Mimoto  jsem m\u011bl pot\u011b\u0161en\u00ed se s panem Jaklem osobn\u011b poznat, pohovo\u0159it, pod\u011bkovat  mu a pop\u0159\u00e1t hodn\u011b energie do dal\u0161\u00ed pr\u00e1ce. Mus\u00edm potvrdit, \u017ee je to  velice mil\u00fd \u010dlov\u011bk, eleg\u00e1n a jen debil by u n\u011bj hledal nahn\u011bdl\u00e9 n\u00e1zory,  kter\u00e9 nemaj\u00ed \u201eve slu\u0161n\u00e9 demokracii co d\u011blat\u201c.<\/p>\n<p style=\"margin-top: 14px; margin-right: 0px; margin-bottom: 14px; margin-left: 0px; outline-width: 0px; outline-style: initial; outline-color: initial; font-style: inherit; font-size: 15px; font-family: inherit; vertical-align: baseline; background-color: transparent; text-align: justify; padding: 0px; border: 0px initial initial;\"><strong>J\u00e1  m\u00e1m jasno. Nechci za prezidenta \u017e\u00e1dn\u00fdho \u20acvlezdobruselku, nechci ekonoma  na sv\u011btov\u00e9 \u00farovni v\u010d\u00e9erjsempodvacetiletechachcibejtprezidentem  \u0160vejnara, nechci idiota Schwarzenberga. O socanech \u010di komunistech se  nebudu ani zmi\u0148ovat. Nechci soci\u00e1ln\u00edho experiment\u00e1tora. <\/strong><\/p>\n<p style=\"margin-top: 14px; margin-right: 0px; margin-bottom: 14px; margin-left: 0px; outline-width: 0px; outline-style: initial; outline-color: initial; font-style: inherit; font-size: 15px; font-family: inherit; vertical-align: baseline; background-color: transparent; text-align: justify; padding: 0px; border: 0px initial initial;\"><strong>J\u00e1  chci rozumn\u011b p\u0159em\u00fd\u0161lej\u00edc\u00edho pravicov\u011b zalo\u017een\u00e9ho prezidenta, kter\u00fd se z  EU jen tak nepod\u011bl\u00e1! Chci prezidenta odoln\u00e9ho proti r\u016fzn\u00fdm ob\u010dansk\u00fdm  sdru\u017een\u00edm typu Hnut\u00ed Duha nebo Jiho\u010desk\u00e9 matky. Chci prezidenta  liber\u00e1la, kter\u00fd bude usilovat o co nejmen\u0161\u00ed vliv st\u00e1tu. <\/strong><\/p>\n<p style=\"margin-top: 14px; margin-right: 0px; margin-bottom: 14px; margin-left: 0px; outline-width: 0px; outline-style: initial; outline-color: initial; font-style: inherit; font-size: 15px; font-family: inherit; vertical-align: baseline; background-color: transparent; text-align: justify; padding: 0px; border: 0px initial initial;\"><strong>Vych\u00e1z\u00ed mi jen a pouze Ladislav Jakl. Tak a te\u010f z\u00e1sadn\u00ed v\u011bc \u2013 jak ho p\u0159esv\u011bd\u010dit, aby kandidoval?\u00a0<img decoding=\"async\" style=\"border-style: initial; border-color: initial; outline-width: 0px; outline-style: initial; outline-color: initial; font-style: inherit; font-size: 15px; font-family: inherit; vertical-align: baseline; background-color: transparent; padding: 0px; margin: 0px;\" src=\"http:\/\/www.smiling-jack.cz\/wp-includes\/images\/smilies\/icon_biggrin.gif\" border=\"0\" alt=\":-D\" \/> <\/strong><\/p>\n<p style=\"margin-top: 14px; margin-right: 0px; margin-bottom: 14px; margin-left: 0px; outline-width: 0px; outline-style: initial; outline-color: initial; font-style: inherit; font-size: 15px; font-family: inherit; vertical-align: baseline; background-color: transparent; text-align: center; padding: 0px; border: 0px initial initial;\"><em style=\"outline-width: 0px; outline-style: initial; outline-color: initial; font-style: italic; font-size: 15px; font-family: inherit; vertical-align: baseline; background-color: transparent; padding: 0px; margin: 0px; border: 0px initial initial;\"><strong>Nepokus\u00edme se ho, t\u0159eba ve spojen\u00ed s SSO, n\u011bjak p\u0159esv\u011bd\u010dit?<\/strong><\/em><\/p>\n<p style=\"margin: 14px 0px; outline-width: 0px; font-style: inherit; font-size: 15px; font-family: inherit; vertical-align: baseline; background-color: transparent; padding: 0px;\"><a href=\"http:\/\/tomasmarny.blog.idnes.cz\/c\/208396\/Kdo-bude-dalsi-prezident-Chci-Jakla.html\" target=\"_blank\"><span style=\"outline-width: 0px; font-size: 15px; font-family: inherit; vertical-align: baseline; background-color: transparent; padding: 0px; margin: 0px;\">Zdroj<\/span><\/a><em style=\"outline-width: 0px; outline-style: initial; outline-color: initial; font-style: italic; font-size: 15px; font-family: inherit; vertical-align: baseline; background-color: transparent; padding: 0px; margin: 0px; border: 0px initial initial;\"><strong><br \/>\n<\/strong><\/em><\/p>\n","protected":false},"excerpt":{"rendered":"<p>Jest v\u0161eobecn\u011b zn\u00e1mo, \u017ee to Va\u0161ek za rok a p\u016fl bal\u00ed. Mus\u00ed, podle \u00fastavy.\u00a0Pro m\u011b je p. prof. Ing. V\u00e1clav Klaus nejlep\u0161\u00ed prezident\/panovn\u00edk, jak\u00fdho kdy tahle zem\u011b m\u011bla.<\/p>\n","protected":false},"author":1,"featured_media":0,"comment_status":"open","ping_status":"open","sticky":false,"template":"","format":"standard","meta":{"ngg_post_thumbnail":0,"footnotes":""},"categories":[11],"tags":[],"class_list":["post-1246","post","type-post","status-publish","format-standard","hentry","category-ozvena"],"_links":{"self":[{"href":"https:\/\/www.ladislavjakl.cz\/index.php?rest_route=\/wp\/v2\/posts\/1246","targetHints":{"allow":["GET"]}}],"collection":[{"href":"https:\/\/www.ladislavjakl.cz\/index.php?rest_route=\/wp\/v2\/posts"}],"about":[{"href":"https:\/\/www.ladislavjakl.cz\/index.php?rest_route=\/wp\/v2\/types\/post"}],"author":[{"embeddable":true,"href":"https:\/\/www.ladislavjakl.cz\/index.php?rest_route=\/wp\/v2\/users\/1"}],"replies":[{"embeddable":true,"href":"https:\/\/www.ladislavjakl.cz\/index.php?rest_route=%2Fwp%2Fv2%2Fcomments&post=1246"}],"version-history":[{"count":8,"href":"https:\/\/www.ladislavjakl.cz\/index.php?rest_route=\/wp\/v2\/posts\/1246\/revisions"}],"predecessor-version":[{"id":1248,"href":"https:\/\/www.ladislavjakl.cz\/index.php?rest_route=\/wp\/v2\/posts\/1246\/revisions\/1248"}],"wp:attachment":[{"href":"https:\/\/www.ladislavjakl.cz\/index.php?rest_route=%2Fwp%2Fv2%2Fmedia&parent=1246"}],"wp:term":[{"taxonomy":"category","embeddable":true,"href":"https:\/\/www.ladislavjakl.cz\/index.php?rest_route=%2Fwp%2Fv2%2Fcategories&post=1246"},{"taxonomy":"post_tag","embeddable":true,"href":"https:\/\/www.ladislavjakl.cz\/index.php?rest_route=%2Fwp%2Fv2%2Ftags&post=1246"}],"curies":[{"name":"wp","href":"https:\/\/api.w.org\/{rel}","templated":true}]}}