{"id":12465,"date":"2021-11-25T09:41:08","date_gmt":"2021-11-25T08:41:08","guid":{"rendered":"http:\/\/www.ladislavjakl.cz\/?p=12465"},"modified":"2021-11-25T09:41:08","modified_gmt":"2021-11-25T08:41:08","slug":"zazrak-17-listopadu-na-staromaku-tisice-obcanu-se-postavily-na-obranu-svobody-suverenniho-statu-a-naroda-cim-vetsi-je-tma-tim-bliz-jsme-usvitu-vznikne-narodni-forum-bit-se-v-parlamentu-i-na","status":"publish","type":"post","link":"https:\/\/www.ladislavjakl.cz\/?p=12465","title":{"rendered":"Z\u00e1zrak 17. listopadu na Starom\u00e1ku: Tis\u00edce ob\u010dan\u016f se postavily na obranu svobody, suver\u00e9nn\u00edho st\u00e1tu a n\u00e1roda. \u010c\u00edm v\u011bt\u0161\u00ed je tma, t\u00edm bl\u00ed\u017e jsme \u00fasvitu. Vznikne &#8222;N\u00e1rodn\u00ed f\u00f3rum&#8220;? B\u00edt se v parlamentu i na ulici. Nic nen\u00ed ztraceno!"},"content":{"rendered":"<p>O leto\u0161n\u00edm dvaat\u0159ic\u00e1t\u00e9m v\u00fdro\u010d\u00ed listopadov\u00e9ho p\u0159evratu jsme byli 17. listopadu odpoledne sv\u011bdky na Starom\u011bstsk\u00e9m n\u00e1m\u011bst\u00ed v&nbsp;Praze z\u00e1zraku. I p\u0159es masivn\u00ed propagandu proti v\u0161em obh\u00e1jc\u016fm svobody a st\u00e1tn\u00ed suverenity se Starom\u00e1k zaplnil ob\u010dany, kte\u0159\u00ed maj\u00ed pln\u00e9 zuby sou\u010dasn\u00e9 diktatury u\u017e jen form\u00e1ln\u011b p\u0159edst\u00edraj\u00edc\u00ed demokraci\u00ed. Spole\u010dn\u00e1 akce 30 stran, hnut\u00ed, spolk\u016f a inciativ, kter\u00e9 p\u0159i\u0161ly \u0159\u00edci sou\u010dasn\u00e9mu covidov\u00e9mu re\u017eimu sv\u00e9 rozhodn\u00e9 NE zarezonovala ve spole\u010dnosti ji\u017e t\u00e9m\u011b\u0159 op\u011bt zbaven\u00e9 ob\u010dansk\u00fdch pr\u00e1v a svobod v\u00edce ne\u017e razantn\u011b.<\/p>\n<p><!--more--><\/p>\n<p>Iniciativa \u0158\u00edp a hnut\u00ed Otev\u0159eme \u010cesko &#8211; Chc\u00edpl pes, kter\u00e9 bylo ofici\u00e1ln\u00edm po\u0159adatelem cel\u00e9 akce, p\u0159ivedly do st\u0159edu na\u0161eho hlavn\u00edho m\u011bsta zhruba dv\u011b des\u00edtky tis\u00edc lid\u00ed, a stala se tak nejv\u011bt\u0161\u00edm vystoupen\u00edm vlasteneck\u00fdch sil od listopadu 1989.&nbsp;<\/p>\n<p>Masovou demonstraci, kterou moderoval majitel restaurace \u0160eber\u00e1k Jakub Olbert (se sv\u00fdm kolegou Ji\u0159\u00edm Havlem), kter\u00fd se nepodvolil ani v&nbsp;dob\u011b nejtvrd\u0161\u00edho lockdownu, zah\u00e1jil p\u0159edseda Svobodn\u00fdch Libor Vondr\u00e1\u010dek. Mimo jin\u00e9 zd\u016fraznil, \u017ee se v&nbsp;na\u0161\u00ed zemi m\u00edsto zdravotn\u00ed roz\u0161\u00ed\u0159ila pandemie zv\u016fle moci a \u0161\u00ed\u0159en\u00ed nen\u00e1visti a rozd\u011blov\u00e1n\u00ed lid\u00ed.<\/p>\n<p>To potvrdila i p\u0159edsedkyn\u011b hnut\u00ed Trikol\u00f3ra Zuzana Majerov\u00e1 Zahradn\u00edkov\u00e1, kter\u00e1 srovnala sou\u010dasnu dobu s&nbsp;listopadem 1989:&nbsp;<em>\u201eKomunistickou totalitu nahradila totalita covidov\u00e1. Je t\u0159eba neuh\u00fdbat p\u0159ed probl\u00e9my a nep\u0159ihl\u00ed\u017eet bezpr\u00e1v\u00ed. N\u00e1\u0161 st\u00e1t pot\u0159ebuje lidi vzd\u011blan\u00e9, ale je\u0161t\u011b v\u00edce pot\u0159ebuje lidi poctiv\u00e9. Nikoli lidi s&nbsp;diplomem a pok\u0159iven\u00fdm sv\u011bdom\u00edm. Poj\u010fme se neb\u00e1t. Kdo, kdy\u017e ne my, kdy, kdy\u017e ne te\u010f!, \u201c<\/em>&nbsp;zakon\u010dila sv\u00e9 vystoupen\u00ed sloganem, kter\u00fd dun\u011bl ulicemi v&nbsp;listopadov\u00fdch dnech p\u0159ed dvaat\u0159iceti lety.<\/p>\n<p>Martina Novotn\u00e1 z&nbsp;iniciativy Vra\u0165me d\u011bti do \u0161kol bez podm\u00ednek, vyzvala p\u0159\u00edtomn\u00e9, aby si sou\u010dasn\u00e9 bezpr\u00e1v\u00ed p\u00e1chan\u00e9 na d\u011btech nenechali l\u00edbit. Po\u0159adatel\u00e9 cel\u00e9 akce Ji\u0159\u00ed Jane\u010dek s Jakubem Olbertem, dva hospod\u0161t\u00ed, kte\u0159\u00ed dok\u00e1zali vzdorovat covidov\u00fdm opat\u0159en\u00edm i v t\u011bch nejt\u011b\u017e\u0161\u00edch \u010dasech, kdy m\u011bly b\u00fdt hospody podle protipr\u00e1vn\u00edho dikt\u00e1tu vl\u00e1dy zav\u0159en\u00e9, vzpom\u00ednali na doby, kdy odpor proti covidov\u00e9 totalit\u011b spole\u010dn\u011b rozj\u00ed\u017ed\u011bli.&nbsp;<em>\u201eTady jsme st\u00e1li a \u0159\u00edkali si, co n\u00e1m m\u016f\u017eou ud\u011blat? U\u017e n\u00e1m v\u0161echno sebrali. Tak\u017ee n\u00e1m u\u017e nic vz\u00edt nem\u016f\u017eou. Jen tu svou svobodu je\u0161t\u011b m\u00e1me. Tak\u017ee nikdy neuhneme.\u201c&nbsp;<\/em><\/p>\n<p>Ji\u0159\u00ed Havel zm\u00ednil heslo Mah\u00e1tm\u00e1 G\u00e1ndh\u00edho:&nbsp;<em>\u201eNejd\u0159\u00edv t\u011b budou ignorovat, pak se ti budou sm\u00e1t, pak proti tob\u011b budou bojovat a potom zv\u00edt\u011bz\u00ed\u0161.\u201c<\/em>&nbsp;David Tesa\u0159 za hnut\u00ed Manifest vzk\u00e1zal sou\u010dasn\u00fdm a budouc\u00edm vl\u00e1dn\u00edm politik\u016fm:&nbsp;<em>\u201eSna\u017e\u00edte se vl\u00e1dnout tvrdou rukou, ale ta ruka se v\u00e1m u\u017e t\u0159ese. A t\u0159\u00e1st se bude je\u0161t\u011b v\u00edc. Chceme slu\u0161n\u00fd \u017eivot pro n\u00e1\u0161 n\u00e1rod, pro na\u0161e rodiny a pro n\u00e1s pro v\u0161echny.\u201c<\/em><\/p>\n<p>\u0160\u00e9f hnut\u00ed \u0160v\u00fdcarsk\u00e1 demokracie Roman Ra\u017ed\u00edk upozornil mimo jin\u00e9 na pot\u0159ebu uz\u00e1kon\u011bn\u00ed referenda (je v \u00fastav\u011b, ale politici bruselsk\u00e9 p\u011btky jej\u00edmu napln\u011bn\u00ed br\u00e1n\u00ed), abychom mohli rozhodovat o tak z\u00e1sadn\u00edch v\u011bcech jako je nap\u0159\u00edklad na\u0161e (ne)\u010dlenstv\u00ed v&nbsp;EU.<\/p>\n<p>P\u0159edsedkyn\u011b Aliance n\u00e1rodn\u00edch sil Vladim\u00edra V\u00edtov\u00e1, upozornila na skute\u010dnost, \u017ee vl\u00e1da a v\u011bt\u0161ina poslanc\u016f jsou poskoky nadn\u00e1rodn\u00edch spole\u010dnost\u00ed a farmaceutick\u00fdch firem a zav\u00e1d\u011bj\u00ed biologick\u00fd apartheid.&nbsp;<em>\u201eSt\u00e1t rozhoduje o t\u011blech ob\u010dan\u016f navzdory \u00fastavn\u00edm z\u00e1ruk\u00e1m. Demokracie a pr\u00e1vn\u00ed st\u00e1t um\u00edraj\u00ed tam, kde se \u00fastavn\u00ed pr\u00e1va st\u00e1vaj\u00ed privilegiem jen pro n\u011bkter\u00e9. Dnes doch\u00e1z\u00ed k&nbsp;demont\u00e1\u017ei \u00fastavy ve jm\u00e9nu \u00fadajn\u00e9ho zdrav\u00ed. Jsme sv\u011bdky biologick\u00e9 a digit\u00e1ln\u00ed diktatury, kter\u00e1 u\u017e nec\u00edt\u00ed pot\u0159ebu ani nic skr\u00fdvat,\u201c<\/em>&nbsp;uzav\u0159ela V\u00edtov\u00e1.&nbsp;<\/p>\n<p>P\u0159edstavitel spolku HON Ivan Sochor upozornil na d\u016fle\u017eitost svobody a svornosti.&nbsp;<em>\u201eSvobodu si mus\u00edme vybojovat. Svoboda se velmi snadno ztr\u00e1c\u00ed, ale velmi t\u011b\u017eko se dost\u00e1v\u00e1 zp\u00e1tky. Dnes o ni velmi rychle p\u0159ich\u00e1z\u00edme. Nenechme se rozd\u011blit. Nehledejme mezi sebou rozd\u00edly. Hledejme to, co n\u00e1s spojuje.\u201c&nbsp;&nbsp;&nbsp;&nbsp;&nbsp;&nbsp;<\/em><\/p>\n<p>M\u00edstop\u0159edseda Akce D.O.S.T. Michal Sem\u00edn ve sv\u00e9m vystoupen\u00ed pod\u011bkoval i v\u0161em state\u010dn\u00fdm pr\u00e1vn\u00edk\u016fm, kte\u0159\u00ed dnes h\u00e1j\u00ed na\u0161e svobody p\u0159ed st\u00e1tn\u00ed zv\u016fl\u00ed.&nbsp;<em>\u201eMus\u00edme se br\u00e1nit osobn\u00edm p\u0159\u00edkladem a vz\u00e1jemnou solidaritou. Pokud z\u016fstaneme vnit\u0159n\u011b svobodn\u00ed a uchov\u00e1me si zdrav\u00fd rozum a smysl pro spravedlnost a pravdu, tak sv\u00fdm p\u0159\u00edkladem strhneme lidi v&nbsp;na\u0161em okol\u00ed.&nbsp;&nbsp;A pak i z t\u011bch nejzr\u016fdn\u011bj\u0161\u00edch vl\u00e1dn\u00edch na\u0159\u00edzen\u00ed zbude jen c\u00e1r pap\u00edru. Co je zjevn\u011b nespravedliv\u00e9, tomu se nem\u00e1me pod\u0159izovat. Syst\u00e9m zalo\u017een\u00fd na l\u017ei, manipulaci, mystifikaci a \u0161ikan\u011b se zhrout\u00ed jak dome\u010dek z&nbsp;karet. Vytrvejme a zv\u00edt\u011bz\u00edme!\u201c<\/em>&nbsp;uzav\u0159el za bou\u0159liv\u00e9ho potlesku pln\u00e9ho Starom\u011bstsk\u00e9ho n\u00e1m\u011bst\u00ed.&nbsp;<\/p>\n<p>P\u0159edstavitel hnut\u00ed Prameny Anton\u00edn Baudy\u0161, kter\u00fd m\u011bl lv\u00ed pod\u00edl na vzniku iniciativy \u0158\u00edp, je\u017e se stala z\u00e1kladem pro spole\u010dnou platformu komunikace vlasteneck\u00fdch sil (d\u00edky \u010demu\u017e se poda\u0159ilo uspo\u0159\u00e1dat i st\u0159ede\u010dn\u00ed demonstraci), upozornil na pot\u0159ebu podpory a spolupr\u00e1ce. Vyzdvihl i hodnotu rodinn\u00fdch vztah\u016f.&nbsp;<em>\u201eUkazuje se, jak je d\u016fle\u017eit\u00e9 v\u00e1\u017eit si sv\u00e9 rodiny. Obrovsky vzrostla hodnota d\u016fv\u011bry a l\u00e1sky. Je to ur\u010dit\u00fd za\u010d\u00e1tek. Z\u00e1rodek p\u0159\u00ed\u0161t\u00ed spole\u010dnosti,\u201c<\/em>&nbsp;douf\u00e1 Baudy\u0161&nbsp;&nbsp;<\/p>\n<p>P\u0159edstavitelka Voln\u00e9ho Bloku Jana Volfov\u00e1, upozornila na skute\u010dnost, \u017ee po vzniku spole\u010dn\u00e9 platformy, je tu n\u011bkdo, koho se mus\u00ed sou\u010dasn\u00ed mocn\u00ed za\u010d\u00edt b\u00e1t.&nbsp;<em>\u201eJste s\u00edla, kter\u00e1 znamen\u00e1, \u017ee \u010cesk\u00e1 republika z\u016fstane suver\u00e9nn\u00edm st\u00e1tem. A \u017ee velmi rychle uspo\u0159\u00e1d\u00e1me referendum na vstoupen\u00ed z&nbsp;EU a z&nbsp;NATO.\u201c<\/em>&nbsp;Z\u00e1rove\u0148 na d\u00e1lku poslala vzkaz prezidentu Milo\u0161i Zemanovi a pop\u0159\u00e1la mu ode v\u011bch \u00fa\u010dastn\u00edk\u016f rychl\u00e9 uzdraven\u00ed.&nbsp;&nbsp;&nbsp;<\/p>\n<p>P\u0159edseda D\u011blnick\u00e9 strany soci\u00e1ln\u00ed spravedlnosti Tom\u00e1\u0161 Vandas vyzval k&nbsp;boji proti covidov\u00e9mu apartheidu, kter\u00fd podle n\u011bho zaplavuje na\u0161i zemi.&nbsp;<em>\u201eDosluhuj\u00edc\u00ed vl\u00e1da i ta nov\u00e1 jedou p\u0159esn\u011b podle nalajnovan\u00e9ho sc\u00e9n\u00e1\u0159e. C\u00edlem je zotro\u010den\u00ed lid\u00ed a nadvl\u00e1da nade v\u0161emi ob\u010dany. Za na\u0161i svobodu budeme bojovat. Je naprosto jasn\u00e9, \u017ee elita n\u00e1m ukraden\u00e9 svobody nevr\u00e1t\u00ed, ty si mus\u00edme vybojovat. Jestli\u017ee chceme b\u00fdt svobodn\u00fdm n\u00e1rodem, mus\u00edme vystoupit z&nbsp;EU. Jin\u00e1 mo\u017enost dnes nen\u00ed. Mus\u00edme nastoupit n\u00e1rodn\u00ed cestu, m\u00edt n\u00e1rodn\u00ed vl\u00e1du a bojovat za svobodu<\/em>.&#8220;&nbsp;<\/p>\n<p>Krom\u011b mimoparlamentn\u00edch politik\u016f vystoupila i cel\u00e1 \u0159ada odborn\u00edk\u016f, kte\u0159\u00ed uv\u00e1d\u011bli vl\u00e1dou i Bruselskou p\u011btkou \u0161\u00ed\u0159en\u00e9 katastrofick\u00e9 covidov\u00e9 sc\u00e9n\u00e1\u0159e na pravou m\u00edru a vyzvali sv\u00e9 m\u00e9n\u011b state\u010dn\u00e9 kolegy, aby se nezpronev\u011b\u0159ovali sv\u00e9mu poslan\u00ed. A\u0165 u\u017e jde o pr\u00e1vn\u00edky, u\u010ditele \u010di l\u00e9ka\u0159e.&nbsp;<\/p>\n<p>V&nbsp;z\u00e1v\u011bru vystoupil b\u00fdval\u00fd tajemn\u00edk prezidenta V\u00e1clava Klause a rockov\u00fd hudebn\u00edk Ladislav Jakl, kter\u00fd p\u0159\u00edtomn\u00e9 vyzval, aby se nepodvolili a vydr\u017eeli v&nbsp;odporu proti sou\u010dasn\u00e9mu nedemokratick\u00e9mu re\u017eimu.&nbsp;<em>\u201eMnoz\u00ed se ptaj\u00ed&nbsp;&nbsp;pro\u010d n\u00e1m to sou\u010dasn\u00fd re\u017eim d\u011bl\u00e1. Pro\u010d n\u00e1s melou, pro\u010d n\u00e1s drt\u00ed, pro\u010d n\u00e1m kradou svobodu? Pro\u010d? Proto\u017ee mohou. A pro\u010d mohou? Proto\u017ee jim to velk\u00e1 \u010d\u00e1st n\u00e1roda dovol\u00ed.&nbsp;&nbsp;Dovol\u00ed jim to svou ustra\u0161enost\u00ed. Dovol\u00ed jim to svou poslu\u0161nost\u00ed a n\u011bkdy i vypo\u010d\u00edtavost\u00ed. \u010c\u00edm v\u00edc na sob\u011b bude nechat n\u00e1rod d\u0159\u00edv\u00ed \u0161t\u00edpat, t\u00edm v\u00edce n\u00e1m budou utahovat \u0161rouby. M\u016f\u017eeme s&nbsp;t\u00edm n\u011bco d\u011blat? M\u016f\u017eeme. My se nepodvol\u00edme!\u201c<\/em>&nbsp;uzav\u0159el za bou\u0159liv\u00e9ho potlesku pln\u00e9ho Starom\u011bstsk\u00e9ho n\u00e1m\u011bst\u00ed.&nbsp;<\/p>\n<p>Pak se tis\u00edce lid\u00ed vydali na pochod n\u00e1b\u0159e\u017e\u00edm na V\u00e1clavsk\u00e9 n\u00e1m\u011bst\u00ed p\u0159es N\u00e1rodn\u00ed t\u0159\u00eddu, kde mohutn\u00fd pr\u016fvod zastavil dopravu a za skandov\u00e1n\u00ed hesel pro\u0161el centrem hlavn\u00edho m\u011bsta zp\u011bt na Starom\u011bstsk\u00e9 n\u00e1m\u011bst\u00ed.<\/p>\n<p>Teprve \u010das ale uk\u00e1\u017ee, jestli tato prvn\u00ed mohutn\u00e1 demonstrace odporu byla po\u010d\u00e1tkem rod\u00edc\u00edho se \u201en\u00e1rodn\u00edho f\u00f3ra\u201c. Jednu z&nbsp;d\u016fle\u017eit\u00fdch v\u00fdzev adresoval jeden \u0159e\u010dn\u00edk\u016f i jedin\u00e9 vlasteneck\u00e9 s\u00edle v&nbsp;parlamentu, poslanc\u016fm SPD: My jsme na ulici a vy&nbsp;uka\u017ete, \u017ee se um\u00edte za n\u00e1s porvat v parlamentu.<\/p>\n<p>Oboj\u00ed bude v n\u00e1sleduj\u00edc\u00edch dnech bl\u00ed\u017e\u00edc\u00ed se rozhoduj\u00edc\u00ed bitvy o svobodu a st\u00e1tn\u00ed suverenitu t\u0159eba. Prvn\u00ed kolo n\u00e1s \u010dek\u00e1 v&nbsp;nejbli\u017e\u0161\u00edch dnech p\u0159i snaze Bruselsk\u00e9 p\u011btky protla\u010dit silou koresponden\u010dn\u00ed a elektronick\u00e9 volby, co\u017e by otev\u0159elo cestu k&nbsp;volebn\u00edm podvod\u016fm &#8211; tak, jak je zn\u00e1me ze zem\u00ed na z\u00e1pad od n\u00e1s. Doufejme, \u017ee si to n\u00e1rodn\u00ed v\u016fdci v&nbsp;parlamentu i mimo n\u011bj uv\u011bdom\u00ed a dok\u00e1\u017eou se t\u00e9to zv\u016fli postavit tak jako letos 17. listopadu na Starom\u00e1ku.&nbsp;&nbsp;&nbsp;&nbsp;&nbsp;&nbsp;&nbsp;<\/p>\n<p>To, co se odehr\u00e1lo v ulic\u00edch Prahy, je cosi v\u00fdjime\u010dn\u00e9ho. Po\u010det \u00fa\u010dastn\u00edk\u016f demonstrace, kter\u00e1 pochodovala po N\u00e1rodn\u00ed, byl zhruba stejn\u00fd, jako ta studentsk\u00e1 p\u0159ed dvavat\u0159iceti lety.<\/p>\n<p>Boj za st\u00e1tn\u00ed a n\u00e1rodn\u00ed existenci za\u010d\u00edn\u00e1 &#8211; ale tentokr\u00e1t doopravdy.<\/p>\n<p><a href=\"https:\/\/www.protiproud.cz\/politika\/6139-zazrak-17-listopadu-na-staromaku-tisice-obcanu-se-postavili-na-obranu-svobody-suverenniho-statu-a-naroda-cim-vetsi-je-tma-tim-bliz-jsme-usvitu-vznikne-narodni-forum-bit-se-v-parlamentu-i-na-ulici-nic-neni-ztraceno.htm\">Zdroj<\/a><\/p>\n","protected":false},"excerpt":{"rendered":"<p>O leto\u0161n\u00edm dvaat\u0159ic\u00e1t\u00e9m v\u00fdro\u010d\u00ed listopadov\u00e9ho p\u0159evratu jsme byli 17. listopadu odpoledne sv\u011bdky na Starom\u011bstsk\u00e9m n\u00e1m\u011bst\u00ed v&nbsp;Praze z\u00e1zraku. I p\u0159es masivn\u00ed propagandu proti v\u0161em obh\u00e1jc\u016fm svobody a st\u00e1tn\u00ed suverenity se Starom\u00e1k zaplnil ob\u010dany, kte\u0159\u00ed maj\u00ed pln\u00e9 zuby sou\u010dasn\u00e9 diktatury u\u017e jen form\u00e1ln\u011b p\u0159edst\u00edraj\u00edc\u00ed demokraci\u00ed. Spole\u010dn\u00e1 akce 30 stran, hnut\u00ed, spolk\u016f a inciativ, kter\u00e9 p\u0159i\u0161ly \u0159\u00edci sou\u010dasn\u00e9mu [&hellip;]<\/p>\n","protected":false},"author":1,"featured_media":0,"comment_status":"open","ping_status":"open","sticky":false,"template":"","format":"standard","meta":{"ngg_post_thumbnail":0,"footnotes":""},"categories":[11],"tags":[],"class_list":["post-12465","post","type-post","status-publish","format-standard","hentry","category-ozvena"],"_links":{"self":[{"href":"https:\/\/www.ladislavjakl.cz\/index.php?rest_route=\/wp\/v2\/posts\/12465","targetHints":{"allow":["GET"]}}],"collection":[{"href":"https:\/\/www.ladislavjakl.cz\/index.php?rest_route=\/wp\/v2\/posts"}],"about":[{"href":"https:\/\/www.ladislavjakl.cz\/index.php?rest_route=\/wp\/v2\/types\/post"}],"author":[{"embeddable":true,"href":"https:\/\/www.ladislavjakl.cz\/index.php?rest_route=\/wp\/v2\/users\/1"}],"replies":[{"embeddable":true,"href":"https:\/\/www.ladislavjakl.cz\/index.php?rest_route=%2Fwp%2Fv2%2Fcomments&post=12465"}],"version-history":[{"count":1,"href":"https:\/\/www.ladislavjakl.cz\/index.php?rest_route=\/wp\/v2\/posts\/12465\/revisions"}],"predecessor-version":[{"id":12466,"href":"https:\/\/www.ladislavjakl.cz\/index.php?rest_route=\/wp\/v2\/posts\/12465\/revisions\/12466"}],"wp:attachment":[{"href":"https:\/\/www.ladislavjakl.cz\/index.php?rest_route=%2Fwp%2Fv2%2Fmedia&parent=12465"}],"wp:term":[{"taxonomy":"category","embeddable":true,"href":"https:\/\/www.ladislavjakl.cz\/index.php?rest_route=%2Fwp%2Fv2%2Fcategories&post=12465"},{"taxonomy":"post_tag","embeddable":true,"href":"https:\/\/www.ladislavjakl.cz\/index.php?rest_route=%2Fwp%2Fv2%2Ftags&post=12465"}],"curies":[{"name":"wp","href":"https:\/\/api.w.org\/{rel}","templated":true}]}}