{"id":12469,"date":"2021-11-25T09:47:07","date_gmt":"2021-11-25T08:47:07","guid":{"rendered":"http:\/\/www.ladislavjakl.cz\/?p=12469"},"modified":"2021-11-25T09:47:07","modified_gmt":"2021-11-25T08:47:07","slug":"zdravice-ladislava-jakla-na-demonstraci-za-svobodu-a-demokracii-konane-17-listopadu-2021-na-staromestskem-namesti","status":"publish","type":"post","link":"https:\/\/www.ladislavjakl.cz\/?p=12469","title":{"rendered":"Zdravice Ladislava Jakla  na Demonstraci za svobodu a demokracii  konan\u00e9 17. listopadu 2021 na Starom\u011bstsk\u00e9m n\u00e1m\u011bst\u00ed"},"content":{"rendered":"<p>Kr\u00e1sn\u00fd den v\u00e1m v\u0161em, kte\u0159\u00ed jste se nepodvolili, je skv\u011bl\u00e9 v\u00e1s tady vid\u011bt.<\/p>\n<p><!--more--><\/p>\n<p>Vis\u00ed tady ve vzduchu jedna z\u00e1sadn\u00ed ot\u00e1zka. Pro\u010d n\u00e1m to v\u0161e d\u011blaj\u00ed? Pro\u010d n\u00e1s melou, pro\u010d n\u00e1s drt\u00ed, pro\u010d n\u00e1m kradou na\u0161i svobodu? Pro\u010d? Proto\u017ee m\u016f\u017eou!<\/p>\n<p>A pro\u010d m\u016f\u017eou? Proto\u017ee jim to velk\u00e1 \u010d\u00e1st n\u00e1roda dovol\u00ed.<\/p>\n<p>Dovol\u00ed jim to ze strachu, z&nbsp;vyd\u011b\u0161enosti, z&nbsp;vypo\u010d\u00edtavosti, z&nbsp;poslu\u0161nosti, z d\u016fv\u011b\u0159ivosti.<\/p>\n<p>Ale \u010d\u00edm ochotn\u011bji se lid\u00e9 budou podvolovat moci, \u010d\u00edm odevzdan\u011bji na sob\u011b budou ochotni nechat \u0161t\u00edpat d\u0159\u00edv\u00ed, t\u00edm v\u00edc bude st\u00e1tn\u00ed moc d\u00e1l utahovat \u0161rouby.<\/p>\n<p>Co s&nbsp;t\u00edm m\u016f\u017eeme d\u011blat my? A m\u016f\u017eeme v\u016fbec n\u011bco d\u011blat? M\u016f\u017eeme. A mus\u00edme!<\/p>\n<p>Mus\u00edme odm\u00edtat nesmysln\u00e1 omezen\u00ed, vzdorovat jim, viditeln\u011b se od nich distancovat.<\/p>\n<p>T\u00edm d\u00e1me p\u0159\u00edklad i ostatn\u00edm. I ostatn\u00ed pak uvid\u00ed, \u017ee to jde, \u017ee lze se nepodvolit.<\/p>\n<p>Ti podvolen\u00ed dnes zu\u017euj\u00ed prostor pro svobodu nejen sob\u011b, ale i v\u0161em ostatn\u00edm, pro kter\u00e9 je pak t\u011b\u017e\u0161\u00ed se nedat.<\/p>\n<p>Ale naopak ti, co se neohnou, roz\u0161i\u0159uj\u00ed prostor svobody nejen pro sebe, ale i pro ty ostatn\u00ed. Dod\u00e1vejme ostatn\u00edm odvahu, argumenty, a hlavn\u011b p\u0159\u00edklad.<\/p>\n<p>P\u0159\u00ed\u0161t\u011b bude takov\u00fdch, jako jsme my, v\u00edc a v\u00edc, a st\u00e1tn\u00ed moc to s&nbsp;utahov\u00e1n\u00edm \u0161roub\u016f bude m\u00edt t\u011b\u017e\u0161\u00ed a t\u011b\u017e\u0161\u00ed.<\/p>\n<p>Vzka\u017eme t\u011bm ostatn\u00edm: My se ned\u00e1me, nedejte se tak\u00e9.&nbsp;&nbsp;&nbsp;&nbsp;<\/p>\n","protected":false},"excerpt":{"rendered":"<p>Kr\u00e1sn\u00fd den v\u00e1m v\u0161em, kte\u0159\u00ed jste se nepodvolili, je skv\u011bl\u00e9 v\u00e1s tady vid\u011bt.<\/p>\n","protected":false},"author":1,"featured_media":0,"comment_status":"open","ping_status":"open","sticky":false,"template":"","format":"standard","meta":{"ngg_post_thumbnail":0,"footnotes":""},"categories":[19],"tags":[],"class_list":["post-12469","post","type-post","status-publish","format-standard","hentry","category-jakl-leaks"],"_links":{"self":[{"href":"https:\/\/www.ladislavjakl.cz\/index.php?rest_route=\/wp\/v2\/posts\/12469","targetHints":{"allow":["GET"]}}],"collection":[{"href":"https:\/\/www.ladislavjakl.cz\/index.php?rest_route=\/wp\/v2\/posts"}],"about":[{"href":"https:\/\/www.ladislavjakl.cz\/index.php?rest_route=\/wp\/v2\/types\/post"}],"author":[{"embeddable":true,"href":"https:\/\/www.ladislavjakl.cz\/index.php?rest_route=\/wp\/v2\/users\/1"}],"replies":[{"embeddable":true,"href":"https:\/\/www.ladislavjakl.cz\/index.php?rest_route=%2Fwp%2Fv2%2Fcomments&post=12469"}],"version-history":[{"count":1,"href":"https:\/\/www.ladislavjakl.cz\/index.php?rest_route=\/wp\/v2\/posts\/12469\/revisions"}],"predecessor-version":[{"id":12470,"href":"https:\/\/www.ladislavjakl.cz\/index.php?rest_route=\/wp\/v2\/posts\/12469\/revisions\/12470"}],"wp:attachment":[{"href":"https:\/\/www.ladislavjakl.cz\/index.php?rest_route=%2Fwp%2Fv2%2Fmedia&parent=12469"}],"wp:term":[{"taxonomy":"category","embeddable":true,"href":"https:\/\/www.ladislavjakl.cz\/index.php?rest_route=%2Fwp%2Fv2%2Fcategories&post=12469"},{"taxonomy":"post_tag","embeddable":true,"href":"https:\/\/www.ladislavjakl.cz\/index.php?rest_route=%2Fwp%2Fv2%2Ftags&post=12469"}],"curies":[{"name":"wp","href":"https:\/\/api.w.org\/{rel}","templated":true}]}}