{"id":12473,"date":"2021-11-29T15:08:19","date_gmt":"2021-11-29T14:08:19","guid":{"rendered":"http:\/\/www.ladislavjakl.cz\/?p=12473"},"modified":"2021-11-29T15:08:19","modified_gmt":"2021-11-29T14:08:19","slug":"tiskova-zprava-z-20-zasedani-2021-konaneho-dne-23-11-2021","status":"publish","type":"post","link":"https:\/\/www.ladislavjakl.cz\/?p=12473","title":{"rendered":"Tiskov\u00e1 zpr\u00e1va z 20. zased\u00e1n\u00ed 2021, konan\u00e9ho dne 23. 11. 2021"},"content":{"rendered":"<p>Rada pro rozhlasov\u00e9 a televizn\u00ed vys\u00edl\u00e1n\u00ed (d\u00e1le jen &#8222;Rada&#8220;) na sv\u00e9m 20. zased\u00e1n\u00ed projednala 41 bod\u016f programu. Vyhodnotila 13 st\u00ed\u017enost\u00ed div\u00e1k\u016f a poslucha\u010d\u016f, vydala p\u011bt upozorn\u011bn\u00ed na poru\u0161en\u00ed z\u00e1kona, rozhodla o zah\u00e1jen\u00ed dvou spr\u00e1vn\u00edch \u0159\u00edzen\u00ed.<\/p>\n<p><!--more-->Rada ulo\u017eila provozovateli AIDEM &amp; Vy\u0161\u0161\u00ed odborn\u00e1 \u0161kola televizn\u00ed Brno a.s., pokutu ve v\u00fd\u0161i 20 000,- K\u010d pro poru\u0161en\u00ed povinnosti stanoven\u00e9 \u00a7 32 odst. 6 z\u00e1kona \u010d. 231\/2001 Sb., kter\u00e9ho se dopustil t\u00edm, \u017ee neposkytl informace o opat\u0159en\u00edch p\u0159ijat\u00fdch na podporu medi\u00e1ln\u00ed gramotnosti za rok 2020, resp. poru\u0161il povinnost na p\u00edsemnou v\u00fdzvu poskytnout Rad\u011b vyj\u00e1d\u0159en\u00ed a informace nezbytn\u00e9 k v\u00fdkonu jej\u00ed p\u016fsobnosti podle \u00a7 5 p\u00edsm. t) a\u017e w) nebo \u00a7 6 odst. 1 a 5.<\/p>\n<p>Rada ulo\u017eila provozovateli JAMES DEAN CO. s.r.o., pokutu ve v\u00fd\u0161i 20 000,- K\u010d pro poru\u0161en\u00ed povinnosti stanoven\u00e9 \u00a7 32 odst. 6 z\u00e1kona \u010d. 231\/2001 Sb., kter\u00e9ho se dopustil t\u00edm, \u017ee neposkytl informace o opat\u0159en\u00edch p\u0159ijat\u00fdch na podporu medi\u00e1ln\u00ed gramotnosti za rok 2020, resp. poru\u0161il povinnost na p\u00edsemnou v\u00fdzvu poskytnout Rad\u011b vyj\u00e1d\u0159en\u00ed a informace nezbytn\u00e9 k v\u00fdkonu jej\u00ed p\u016fsobnosti podle \u00a7 5 p\u00edsm. t) a\u017e w) nebo \u00a7 6 odst. 1 a 5.<\/p>\n<p>Rada d\u00e1le uznala provozovatele Meridi s.r.o., PROVIZI spol. s.r.o. a V\u010cTV s.r.o. vinn\u00fdmi pro poru\u0161en\u00ed povinnosti stanoven\u00e9 \u00a7 32 odst. 6 z\u00e1kona \u010d. 231\/2001 Sb., kter\u00e9ho se dopustili t\u00edm, \u017ee neposkytli informace o opat\u0159en\u00edch p\u0159ijat\u00fdch na podporu medi\u00e1ln\u00ed gramotnosti za rok 2020, resp. poru\u0161ili povinnost na p\u00edsemnou v\u00fdzvu poskytnout Rad\u011b vyj\u00e1d\u0159en\u00ed a informace nezbytn\u00e9 k v\u00fdkonu jej\u00ed p\u016fsobnosti podle \u00a7 5 p\u00edsm. t) a\u017e w) nebo \u00a7 6 odst. 1 a 5. Rada od ulo\u017een\u00ed spr\u00e1vn\u00edho trestu upustila, nebo\u0165 m\u00e1 za to, \u017ee vzhledem k z\u00e1va\u017enosti p\u0159estupku samotn\u00e9 projedn\u00e1n\u00ed v\u011bci posta\u010dilo k n\u00e1prav\u011b vyt\u00fdkan\u00e9ho stavu.<\/p>\n<p>Rada na sv\u00e9m 20. zased\u00e1n\u00ed ud\u011blila dv\u011b licence k provozov\u00e1n\u00ed rozhlasov\u00e9mu vys\u00edl\u00e1n\u00ed. Spole\u010dnosti RADIO PROGLAS s.r.o. k provozov\u00e1n\u00ed zemsk\u00e9ho digit\u00e1ln\u00edho rozhlasov\u00e9ho vys\u00edl\u00e1n\u00ed programu Radio Proglas a spole\u010dnosti RADIO UNITED BROADCASTING, s.r.o. k provozov\u00e1n\u00ed rozhlasov\u00e9ho vys\u00edl\u00e1n\u00ed \u0161\u00ed\u0159en\u00e9ho prost\u0159ednictv\u00edm vys\u00edla\u010d\u016f se soubory technick\u00fdch parametr\u016f Brunt\u00e1l m\u011bsto 94,6 MHz \/ 200 W; Mari\u00e1nsk\u00e9 L\u00e1zn\u011b m\u011bsto 97,2 MHz \/ 200 W; Prachatice m\u011bsto 88,2 MHz \/ 100 W a Litomy\u0161l Nedo\u0161\u00edn 103,7 MHz \/ 200 W pro program COUNTRY RADIO.<br \/>\nRada schv\u00e1lila priority sv\u00e9 \u010dinnosti pro rok 2022.<br \/>\nPodrobn\u011bj\u0161\u00ed informace naleznete v p\u0159episech usnesen\u00ed Rady:<\/p>\n<p><strong>ROZHLASOV\u00c9 VYS\u00cdL\u00c1N\u00cd<\/strong><br \/>\n&#8211; Rada v souladu s ustanoven\u00edmi \u00a7 5 p\u00edsm. b), \u00a7 12 a \u00a7 25 z\u00e1kona \u010d. 231\/2001 Sb., o provozov\u00e1n\u00ed rozhlasov\u00e9ho a televizn\u00edho vys\u00edl\u00e1n\u00ed a o zm\u011bn\u011b dal\u0161\u00edch z\u00e1kon\u016f, v platn\u00e9m zn\u011bn\u00ed (d\u00e1le jen \u201ez\u00e1kon \u010d. 231\/2001 Sb.\u201c), a ustanoven\u00edm \u00a7 67 z\u00e1kona \u010d. 500\/2004 Sb., spr\u00e1vn\u00edho \u0159\u00e1du (d\u00e1le jen \u201ez\u00e1kon \u010d. 500\/2004 Sb.\u201c), vyd\u00e1v\u00e1 toto rozhodnut\u00ed: Rada ud\u011bluje spole\u010dnosti RADIO PROGLAS s.r.o., I\u010c: 494 35 001, se s\u00eddlem Olomouck\u00e1 3419\/7, PS\u010c 618 00 Brno, licenci k provozov\u00e1n\u00ed zemsk\u00e9ho digit\u00e1ln\u00edho rozhlasov\u00e9ho vys\u00edl\u00e1n\u00ed programu Radio Proglas, \u0161\u00ed\u0159en\u00e9ho prost\u0159ednictv\u00edm vys\u00edla\u010d\u016f. Licence se ud\u011bluje s dobou platnosti od 13. prosince 2021 na dobu ur\u010ditou, a to na dobu 8 let od pr\u00e1vn\u00ed moci tohoto rozhodnut\u00ed.<br \/>\n&#8211; Rada ud\u011bluje spole\u010dnosti RADIO UNITED BROADCASTING, s.r.o., I\u010c: 291 31 901, se s\u00eddlem Vinohradsk\u00e1 3217\/167, PS\u010c 100 00 Praha, podle \u00a7 18 z\u00e1kona \u010d. 231\/2001 Sb. licenci k provozov\u00e1n\u00ed rozhlasov\u00e9ho vys\u00edl\u00e1n\u00ed \u0161\u00ed\u0159en\u00e9ho prost\u0159ednictv\u00edm vys\u00edla\u010d\u016f se soubory technick\u00fdch parametr\u016f Brunt\u00e1l m\u011bsto 94,6 MHz \/ 200 W; Mari\u00e1nsk\u00e9 L\u00e1zn\u011b m\u011bsto 97,2 MHz \/ 200 W; Prachatice m\u011bsto 88,2 MHz \/ 100 W a Litomy\u0161l Nedo\u0161\u00edn 103,7 MHz \/ 200 W pro program COUNTRY RADIO na dobu 8 let, nejd\u00e9le v\u0161ak do 10. \u0159\u00edjna 2025.<\/p>\n<p>&#8211; Rada vyhla\u0161uje licen\u010dn\u00ed \u0159\u00edzen\u00ed k provozov\u00e1n\u00ed rozhlasov\u00e9ho vys\u00edl\u00e1n\u00ed prost\u0159ednictv\u00edm vys\u00edla\u010d\u016f se souborem technick\u00fdch parametr\u016f Pardubice Polabiny 94,5 MHz \/ 100 W, sou\u0159adnice WGS 84: 15 45 26 \/ 50 02 46 se lh\u016ftou pro doru\u010den\u00ed \u017e\u00e1dost\u00ed do 29. prosince 2021.<\/p>\n<p>&#8211; Rada coby \u00fast\u0159edn\u00ed spr\u00e1vn\u00ed \u00fa\u0159ad v r\u00e1mci sv\u00e9 p\u016fsobnosti dan\u00e9 \u00a7 5 p\u00edsm. a) a f) z\u00e1kona \u010d. 231\/2001 Sb., o provozov\u00e1n\u00ed rozhlasov\u00e9ho a televizn\u00edho vys\u00edl\u00e1n\u00ed a o zm\u011bn\u011b dal\u0161\u00edch z\u00e1kon\u016f, podle ustanoven\u00ed \u00a7 86 odst. 1 p\u00edsm. c) z\u00e1kona \u010d. 250\/2016 Sb., o odpov\u011bdnosti za p\u0159estupky a \u0159\u00edzen\u00ed o nich, vyd\u00e1v\u00e1 toto usnesen\u00ed: Rada zastavuje \u0159\u00edzen\u00ed o p\u0159estupku sp.zn. 2021\/84\/blu veden\u00e9 s obvin\u011bnou spole\u010dnost\u00ed MAXIMA REALITY, s.r.o., I\u010c: 25149610, se s\u00eddlem Revolu\u010dn\u00ed 655\/1, Star\u00e9 M\u011bsto, 110 00 Praha 1, pro mo\u017en\u00e9 poru\u0161en\u00ed ustanoven\u00ed \u00a7 2 odst. 1 p\u00edsm. b) z\u00e1kona \u010d. 40\/1995 Sb., o regulaci reklamy, kter\u00e9ho se m\u011bl dopustit zad\u00e1n\u00edm reklamy, kter\u00e1 byla odvys\u00edl\u00e1na dne 23. z\u00e1\u0159\u00ed 2020 v \u010dase 09:45:03 hod na programu R\u00c1DIO IMPULS (Praha 96,6 MHz) provozovatele LONDA spol. s r.o., nebo\u0165 sp\u00e1ch\u00e1n\u00ed skutku, o n\u011bm\u017e se vede \u0159\u00edzen\u00ed, nebylo obvin\u011bn\u00e9mu prok\u00e1z\u00e1no.<\/p>\n<p>&#8211; Rada se sezn\u00e1mila s anal\u00fdzami obchodn\u00edch sd\u011blen\u00ed odvys\u00edlan\u00fdch provozovateli MEDIA BOHEMIA a.s. (program Hitr\u00e1dio City; Brno 99,0 MHz) dne 10. listopadu 2021, RADIO UNITED BROADCASTING s.r.o. (program Radio BEAT; Plze\u0148 107,3 MHz) dne 10. listopadu 2021, R\u00e1dio P\u00e1lava s.r.o. (program R\u00c1DIO JIH; Brno-Kohoutovice 105,1 MHz) dne 10. listopadu 2021, LONDA spol. s r.o. (program Rock Zone 105,9; Praha 105,9 MHz) dne 10. listopadu 2021, EVROPA 2, spol. s r.o. (program EVROPA 2; \u00dast\u00ed nad Labem 107,2 MHz) dne 10. listopadu 2021 a NONSTOP s.r.o. (program R\u00c1DIO KROKOD\u00ddL; Brno 103,0 MHz) dne 10. listopadu 2021.<\/p>\n<p>&#8211; Rada se sezn\u00e1mila s ozn\u00e1men\u00edm provozovatele LONDA spol. s r.o., I\u010c: 49241931, doru\u010den\u00fdm Rad\u011b dne 2. listopadu 2021 pod \u010d.j. RRTV\/13578\/2021-vra, spo\u010d\u00edvaj\u00edc\u00edm ve v\u00fdluk\u00e1ch vys\u00edl\u00e1n\u00ed program\u016f R\u00c1DIO IMPULS a Rock Zone 105,9 v dob\u011b od 1. do 2. listopadu 2021. Rada se sezn\u00e1mila s ozn\u00e1men\u00edm provozovatele LIN a.s. I\u010c: 25720767, doru\u010den\u00fdm Rad\u011b dne 2. listopadu 2021 pod \u010d.j. RRTV\/13577\/2021-vra, spo\u010d\u00edvaj\u00edc\u00edm ve v\u00fdluk\u00e1ch vys\u00edl\u00e1n\u00ed programu \u010cesk\u00fd Impuls v dob\u011b od 1. do 2. listopadu 2021. Rada se sezn\u00e1mila s ozn\u00e1men\u00edm provozovatele RADIO PROGLAS s.r.o., I\u010c: 49435001, doru\u010den\u00fdm Rad\u011b dne 4. listopadu 2021 pod \u010d.j. RRTV\/14016\/2021-vra, spo\u010d\u00edvaj\u00edc\u00edm ve v\u00fdluk\u00e1ch vys\u00edl\u00e1n\u00ed programu Radio Proglas za m\u011bs\u00edc \u0159\u00edjen 2021 dle uveden\u00e9ho p\u0159ehledu. Rada se sezn\u00e1mila s ozn\u00e1men\u00edm provozovatele MEDIA BOHEMIA a.s., I\u010c: 26765586, doru\u010den\u00fdm Rad\u011b dne 2. listopadu 2021 pod \u010d.j. RRTV\/13585\/2021-vra, spo\u010d\u00edvaj\u00edc\u00edm v tom, \u017ee dne 1: listopadu 2021 do\u0161lo v souladu s rozhodnut\u00edm Rady sp.zn. RRTV\/2021\/728\/zab ze dne 5. \u0159\u00edjna 2021 k ukon\u010den\u00ed vys\u00edl\u00e1n\u00ed programu Hitr\u00e1dio Magic (sp.zn. Ru\/282\/00) na kmito\u010dtu Pardubice 94,5 MHz \/ 0,1 kW. Rada se sezn\u00e1mila s ozn\u00e1men\u00edm provozovatele MEDIA BOHEMIA a.s., I\u010c: 26765586, doru\u010den\u00fdm Rad\u011b dne 1. listopadu 2021 pod \u010d.j. RRTV\/13564\/2021-vra, spo\u010d\u00edvaj\u00edc\u00edm v tom, \u017ee dne 27. \u0159\u00edjna 2021 na kmito\u010dtu N\u00e1chod 87,6 MHz \/ 50 W a dne 29. \u0159\u00edjna 2021 na kmito\u010dtu Mlad\u00e1 Boleslav 87,6 MHz \/ 100 W zah\u00e1jil vys\u00edl\u00e1n\u00ed programu Fajn radio \u0161\u00ed\u0159en\u00e9ho prost\u0159ednictv\u00edm vys\u00edla\u010d\u016f na z\u00e1klad\u011b rozhodnut\u00ed Rady sp.zn. RRTV\/2021\/151\/zab ze dne 20. \u010dervence 2021.<\/p>\n<p>&#8211; Rada se sezn\u00e1mila se st\u00ed\u017enost\u00ed \u010d. j. RRTV\/13561\/2021-vra ohledn\u011b \u00fadajn\u00e9 nevyv\u00e1\u017eenosti a neobjektivity epizody po\u0159adu L\u00e9k\u00e1rna ze dne 14. 10. 2021 na programu \u010cRo Ostrava.<\/p>\n<p><strong>TELEVIZN\u00cd VYS\u00cdL\u00c1N\u00cd<\/strong><br \/>\n&#8211; Rada se sezn\u00e1mila s \u017e\u00e1dost\u00ed O2 TV s.r.o., I\u010c 039 98 380, se s\u00eddlem Za Brumlovkou 266\/2, Michle, 140 00 Praha 4, o souhlas s p\u0159eru\u0161en\u00edm vys\u00edl\u00e1n\u00ed televizn\u00edho programu Orange Sport 3 \u0161\u00ed\u0159en\u00e9ho prost\u0159ednictv\u00edm dru\u017eice na z\u00e1klad\u011b licence \u010d.j. RRTV\/14208\/2018-zem, spis. zn.: RRTV\/2018\/543\/zem, ze dne 17. \u010dervence 2018, v rozsahu pod\u00e1n\u00ed doru\u010den\u00e9ho dne 27. \u0159\u00edjna 2021 pod \u010d.j. RRTV\/13491\/2021-vra.<\/p>\n<p>&#8211; Rada podle ustanoven\u00ed \u00a7 32 odst. 1 p\u00edsm. r) z\u00e1kona \u010d. 231\/2001 Sb., ud\u011bluje provozovateli O2 TV s.r.o., I\u010c 039 98 380, se s\u00eddlem Za Brumlovkou 266\/2, Michle, 140 00 Praha 4, souhlas s p\u0159eru\u0161en\u00edm vys\u00edl\u00e1n\u00ed televizn\u00edho programu Orange Sport 3 \u0161\u00ed\u0159en\u00e9ho prost\u0159ednictv\u00edm dru\u017eice, na z\u00e1klad\u011b licence \u010d.j. RRTV\/14208\/2018-zem, spis. zn.: RRTV\/2018\/543\/zem, ze dne 17. \u010dervence 2018, v rozsahu dle \u017e\u00e1dosti doru\u010den\u00e9 dne 27. \u0159\u00edjna 2021 pod \u010d.j. RRTV\/13491\/2021-vra.<\/p>\n<p>&#8211; Rada se sezn\u00e1mila s \u017e\u00e1dost\u00ed O2 TV s.r.o., I\u010c 039 98 380, se s\u00eddlem Za Brumlovkou 266\/2, Michle, 140 00 Praha 4, o souhlas s p\u0159eru\u0161en\u00edm vys\u00edl\u00e1n\u00ed televizn\u00edho programu Orange Sport 4 \u0161\u00ed\u0159en\u00e9ho prost\u0159ednictv\u00edm dru\u017eice na z\u00e1klad\u011b licence \u010d.j. RRTV\/14209\/2018-zem, spis. zn.: RRTV\/2018\/544\/zem, ze dne 17. \u010dervence 2018, v rozsahu pod\u00e1n\u00ed doru\u010den\u00e9ho dne 27. \u0159\u00edjna 2021 pod \u010d.j. RRTV\/13491\/2021-vra.<\/p>\n<p>&#8211; Rada podle ustanoven\u00ed \u00a7 32 odst. 1 p\u00edsm. r) z\u00e1kona \u010d. 231\/2001 Sb., ud\u011bluje provozovateli O2 TV s.r.o., I\u010c 039 98 380, se s\u00eddlem Za Brumlovkou 266\/2, Michle, 140 00 Praha 4, souhlas s p\u0159eru\u0161en\u00edm vys\u00edl\u00e1n\u00ed televizn\u00edho programu Orange Sport 4 \u0161\u00ed\u0159en\u00e9ho prost\u0159ednictv\u00edm dru\u017eice, na z\u00e1klad\u011b licence \u010d.j. RRTV\/14209\/2018-zem, spis. zn.: RRTV\/2018\/544\/zem, ze dne 17. \u010dervence 2018, v rozsahu dle \u017e\u00e1dosti doru\u010den\u00e9 dne 27. \u0159\u00edjna 2021 pod \u010d.j. RRTV\/13491\/2021-vra.<\/p>\n<p>&#8211; Rada podle ustanoven\u00ed \u00a7 32 odst. 1 p\u00edsm. r) z\u00e1kona \u010d. 231\/2001 Sb., ud\u011bluje provozovateli Fajn Rock Media, s.r.o., I\u010c 268 39 407, se s\u00eddlem Stavebn\u00ed 992\/1, Poruba, 708 00 Ostrava, souhlas s p\u0159eru\u0161en\u00edm vys\u00edl\u00e1n\u00ed televizn\u00edho programu REBEL 2 SLU\u0160NEJ KAN\u00c1L \u0161\u00ed\u0159en\u00e9ho prost\u0159ednictv\u00edm kabelov\u00fdch syst\u00e9m\u016f na z\u00e1klad\u011b licence \u010d.j. sve\/307\/2012 ze dne 17. ledna 2012, a to do 31. prosince 2022, v rozsahu dle \u017e\u00e1dosti doru\u010den\u00e9 dne 9. listopadu 2021 pod \u010d.j. RRTV\/14149\/2021-vra.<\/p>\n<p>&#8211; Rada konstatuje, \u017ee dne 1. \u0159\u00edjna 2021 zanikla podle \u00a7 30 odst. 1 p\u00edsm. a) z\u00e1kona \u010d. 231\/2001 Sb., v d\u016fsledku z\u00e1niku pr\u00e1vnick\u00e9 osoby, registrace spole\u010dnosti Telly CE s.r.o., I\u010c 033 17 137, se s\u00eddlem P\u0159\u00edkop 843\/4, Z\u00e1brdovice, 602 00 Brno, \u010d.j. FIA\/3911\/2014, spis. zn.: 2014\/1044\/FIA\/Tel, ze dne 4. listopadu 2014, k provozov\u00e1n\u00ed p\u0159evzat\u00e9ho vys\u00edl\u00e1n\u00ed \u0161\u00ed\u0159en\u00e9ho prost\u0159ednictv\u00edm kabelov\u00fdch syst\u00e9m\u016f.<\/p>\n<p>&#8211; Rada konstatuje, \u017ee dne 1. \u0159\u00edjna 2021 zanikla podle \u00a7 30 odst. 1 p\u00edsm. a) z\u00e1kona \u010d. 231\/2001 Sb., v d\u016fsledku z\u00e1niku pr\u00e1vnick\u00e9 osoby, registrace spole\u010dnosti Telly CE s.r.o., I\u010c 033 17 137, se s\u00eddlem P\u0159\u00edkop 843\/4, Z\u00e1brdovice, 602 00 Brno, \u010d.j. RRTV\/1577\/2015-FIA, spis. zn.: 2015\/319\/FIA\/Tel, ze dne 14. dubna 2015, k provozov\u00e1n\u00ed p\u0159evzat\u00e9ho vys\u00edl\u00e1n\u00ed \u0161\u00ed\u0159en\u00e9ho prost\u0159ednictv\u00edm dru\u017eice.<\/p>\n<p>&#8211; Rada konstatuje, \u017ee dne 1. \u0159\u00edjna 2021 zanikla podle \u00a7 30 odst. 1 p\u00edsm. a) z\u00e1kona \u010d. 231\/2001 Sb., v d\u016fsledku z\u00e1niku pr\u00e1vnick\u00e9 osoby, registrace spole\u010dnosti Telly CE s.r.o., I\u010c 033 17 137, se s\u00eddlem P\u0159\u00edkop 843\/4, Z\u00e1brdovice, 602 00 Brno, \u010d.j. RRTV\/4598\/2015-FIA, spis. zn.: 2015\/978\/FIA\/Tel, ze dne 15. prosince 2015, k provozov\u00e1n\u00ed p\u0159evzat\u00e9ho vys\u00edl\u00e1n\u00ed \u0161\u00ed\u0159en\u00e9ho prost\u0159ednictv\u00edm zvl\u00e1\u0161tn\u00edch p\u0159enosov\u00fdch syst\u00e9m\u016f.<\/p>\n<p>&#8211; Rada registruje provozovateli SATTURN HOLE\u0160OV spol. s r.o., I\u010c 469 00 250, se s\u00eddlem Dla\u017e\u00e1nky 305\/16, 769 01 Hole\u0161ov, dle \u00a7 29 odst. 1 p\u00edsm. d) z\u00e1kona \u010d. 231\/2001 Sb., zm\u011bnu skute\u010dnost\u00ed uv\u00e1d\u011bn\u00fdch v p\u0159ihl\u00e1\u0161ce k registraci \u010d.j. Rg\/34\/96\/1116 ze dne 25. \u010dervna 1996, a to zm\u011bnu \u00fazemn\u00edho rozsahu vys\u00edl\u00e1n\u00ed spo\u010d\u00edvaj\u00edc\u00ed v ukon\u010den\u00ed provozov\u00e1n\u00ed p\u0159evzat\u00e9ho vys\u00edl\u00e1n\u00ed v kabelov\u00fdch syst\u00e9mech v katastr\u00e1ln\u00edch \u00fazem\u00edch: Podkopn\u00e1 Lhota &#8211; 723843 (okres Zl\u00edn) a Koj\u00e1tky &#8211; 667820 (okres Vy\u0161kov) ke dni 31. prosince 2021, v rozsahu dle \u017e\u00e1dosti doru\u010den\u00e9 dne 9. listopadu 2021 pod \u010d.j. RRTV\/14144\/2021-vra.<\/p>\n<p>&#8211; Rada se sezn\u00e1mila s ozn\u00e1men\u00edm a aktu\u00e1ln\u00edm v\u00fdpisem z obchodn\u00edho rejst\u0159\u00edku provozovatele p\u0159evzat\u00e9ho rozhlasov\u00e9ho a televizn\u00edho vys\u00edl\u00e1n\u00ed prost\u0159ednictv\u00edm pozemn\u00edch vys\u00edla\u010d\u016f, Czech Digital Group, a.s., I\u010c: 258 42 609, se s\u00eddlem Skokansk\u00e1 2117\/1, B\u0159evnov, 169 00 Praha 6, dle ustanoven\u00ed \u00a7 29 odst. 3 z\u00e1kona \u010d. 231\/2001 Sb., se zm\u011bnou ostatn\u00edch skute\u010dnost\u00ed uveden\u00fdch v p\u0159ihl\u00e1\u0161ce k registraci, sp. zn.: 2008\/70\/FIA\/CDG, \u010d.j.: Fia\/645\/08, ze dne 22. ledna 2008, spo\u010d\u00edvaj\u00edc\u00ed v op\u011btovn\u00e9m zvolen\u00ed pana Marcela Proch\u00e1zky, za \u010dlena dozor\u010d\u00ed rady Spole\u010dnosti (po skon\u010den\u00ed jeho p\u0159edchoz\u00edho funk\u010dn\u00edho obdob\u00ed) a zaps\u00e1n\u00ed t\u00e9to skute\u010dnosti dne 11. \u0159\u00edjna 2021 do obchodn\u00edho rejst\u0159\u00edku, v rozsahu ozn\u00e1men\u00ed ze dne 27. \u0159\u00edjna 2021, \u010d.j.: RRTV\/13517\/2021-vra.<\/p>\n<p>&#8211; Rada v r\u00e1mci sv\u00e9 kompetence dan\u00e9 ustanoven\u00edm \u00a7 5 p\u00edsm. a) a f), \u00a7 59 odst. 1 &#8211; 3 z\u00e1kona \u010d. 231\/2001 Sb., upozor\u0148uje provozovatele p\u0159evzat\u00e9ho rozhlasov\u00e9ho a televizn\u00edho vys\u00edl\u00e1n\u00ed prost\u0159ednictv\u00edm pozemn\u00edch vys\u00edla\u010d\u016f, Czech Digital Group, a.s., I\u010c: 258 42 609, se s\u00eddlem Skokansk\u00e1 2117\/1, B\u0159evnov, 169 00 Praha 6, na poru\u0161en\u00ed ustanoven\u00ed \u00a7 29 odst. 3 z\u00e1kona \u010d. 231\/2001 Sb., kter\u00e9ho se dopustil t\u00edm, \u017ee v z\u00e1konem stanoven\u00e9 lh\u016ft\u011b neozn\u00e1mil Rad\u011b zm\u011bnu ostatn\u00edch skute\u010dnost\u00ed uveden\u00fdch v p\u0159ihl\u00e1\u0161ce k registraci, sp. zn.: 2008\/70\/FIA\/CDG, \u010d.j.: Fia\/645\/08, ze dne 22. ledna 2008, spo\u010d\u00edvaj\u00edc\u00ed v neozn\u00e1men\u00ed zm\u011bny v dozor\u010d\u00ed rad\u011b spole\u010dnosti do 15 dn\u016f ode dne, kdy k t\u011bmto zm\u011bn\u00e1m do\u0161lo. Rada stanovuje provozovateli lh\u016ftu k n\u00e1prav\u011b 30 dn\u016f ode dne doru\u010den\u00ed tohoto upozorn\u011bn\u00ed.<\/p>\n<p>&#8211; Rada se sezn\u00e1mila s ozn\u00e1men\u00edm a aktu\u00e1ln\u00edm v\u00fdpisem z obchodn\u00edho rejst\u0159\u00edku provozovatele televizn\u00edho vys\u00edl\u00e1n\u00ed \u0161\u00ed\u0159en\u00e9ho prost\u0159ednictv\u00edm kabelov\u00fdch syst\u00e9m\u016f a provozovatele p\u0159evzat\u00e9ho vys\u00edl\u00e1n\u00ed \u0161\u00ed\u0159en\u00e9ho prost\u0159ednictv\u00edm kabelov\u00fdch syst\u00e9m\u016f a dru\u017eice a zvl\u00e1\u0161tn\u00edch p\u0159enosov\u00fdch syst\u00e9m\u016f, T-Mobile Czech Republic a.s., I\u010c: 649 49 681, se s\u00eddlem Tom\u00ed\u010dkova 2144\/1, Chodov, 148 00 Praha 4, dle ustanoven\u00ed \u00a7 21 odst. 2 a \u00a7 29 odst. 3 z\u00e1kona \u010d. 231\/2001 Sb., se zm\u011bnou ostatn\u00edch skute\u010dnost\u00ed uveden\u00fdch v \u017e\u00e1dosti o licenci, \u010d.j.: RRTV\/7247\/2017-smu, ze dne 25. dubna 2017 a v p\u0159ihl\u00e1\u0161ce k registraci, \u010d.j.: zem\/635\/2014, ze dne 18. \u00fanora 2014 a \u010d.j.: KOZ\/2786\/2010, ze dne 24. srpna 2010, spo\u010d\u00edvaj\u00edc\u00ed ve zm\u011bn\u011b v osob\u00e1ch \u010dlen\u016f statut\u00e1rn\u00edho org\u00e1nu a dozor\u010d\u00ed rady spole\u010dnosti, v rozsahu ozn\u00e1men\u00ed ze dne 3. listopadu 2021, \u010d.j.: RRTV\/13983\/2021-vra.<\/p>\n<p>&#8211; Rada v r\u00e1mci sv\u00e9 kompetence dan\u00e9 ustanoven\u00edm \u00a7 5 p\u00edsm. a) a f), \u00a7 59 odst. 1 &#8211; 3 z\u00e1kona \u010d. 231\/2001 Sb., upozor\u0148uje provozovatele televizn\u00edho vys\u00edl\u00e1n\u00ed \u0161\u00ed\u0159en\u00e9ho prost\u0159ednictv\u00edm kabelov\u00fdch syst\u00e9m\u016f a provozovatele p\u0159evzat\u00e9ho vys\u00edl\u00e1n\u00ed \u0161\u00ed\u0159en\u00e9ho prost\u0159ednictv\u00edm kabelov\u00fdch syst\u00e9m\u016f a dru\u017eice a zvl\u00e1\u0161tn\u00edch p\u0159enosov\u00fdch syst\u00e9m\u016f, T &#8211; Mobile Czech Republic a.s., I\u010c: 649 49 681, se s\u00eddlem Tom\u00ed\u010dkova 2144\/1, Chodov, 148 00 Praha 4, na poru\u0161en\u00ed ustanoven\u00ed \u00a7 21 odst. 2 a \u00a7 29 odst. 3, kter\u00e9ho se dopustil t\u00edm, \u017ee neozn\u00e1mil Rad\u011b zm\u011bnu ostatn\u00edch skute\u010dnost\u00ed uveden\u00fdch v \u017e\u00e1dosti o licenci, \u010d.j.: RRTV\/7247\/2017-smu, ze dne 25. dubna 2017 a v p\u0159ihl\u00e1\u0161ce k registraci, \u010d.j.: zem\/635\/2014, ze dne 18.2.2014 a \u010d.j.: KOZ\/2786\/2010, ze dne 24. srpna 2010, spo\u010d\u00edvaj\u00edc\u00ed ve zm\u011bn\u011b v osob\u00e1ch statut\u00e1rn\u00edho org\u00e1nu a dozor\u010d\u00ed rady spole\u010dnosti, ve lh\u016ft\u011b do 30 dn\u016f ode dne zaps\u00e1n\u00ed zm\u011bny v obchodn\u00edm rejst\u0159\u00edku (licence) a ve zm\u011bn\u011b v osob\u00e1ch statut\u00e1rn\u00edho org\u00e1nu a dozor\u010d\u00ed rady spole\u010dnosti a tuto zm\u011bnu neozn\u00e1mil Rad\u011b ve lh\u016ft\u011b do 15 dn\u016f ode dne, kdy k t\u00e9to zm\u011bn\u011b do\u0161lo (registrace), a stanov\u00ed mu lh\u016ftu k n\u00e1prav\u011b 30 dn\u016f ode dne doru\u010den\u00ed tohoto upozorn\u011bn\u00ed.<\/p>\n<p>&#8211; Rada se dle ustanoven\u00ed \u00a7 29 odst. 3 z\u00e1kona \u010d. 231\/2001 Sb., sezn\u00e1mila s ozn\u00e1men\u00edm provozovatele p\u0159evzat\u00e9ho vys\u00edl\u00e1n\u00ed \u0161\u00ed\u0159en\u00e9ho prost\u0159ednictv\u00edm kabelov\u00fdch syst\u00e9m\u016f, Vodafone Czech Republic a.s., I\u010c 257 88 001, se s\u00eddlem: n\u00e1m\u011bst\u00ed Junkov\u00fdch 2802\/2, Stod\u016flky, 155 00 Praha 5, o zm\u011bn\u011b ostatn\u00edch skute\u010dnost\u00ed uveden\u00fdch v p\u0159ihl\u00e1\u0161ce k registraci \u010d.j. RRTV\/8190\/2019-smu, spis. zn.: RRTV\/2019\/395\/smu, ze dne 25. \u010dervna 2019, spo\u010d\u00edvaj\u00edc\u00edm v roz\u0161\u00ed\u0159en\u00ed programov\u00e9 nab\u00eddky o \u010desk\u00e9 televizn\u00ed programy Nova Lady (HD\/SD), Prima STAR (HD\/SD), Prima SHOW (HD\/SD) a vy\u0159azen\u00ed ze sv\u00e9 programov\u00e9 nab\u00eddky \u010desk\u00e9ho televizn\u00edho programu Hunter TV (HD), v rozsahu pod\u00e1n\u00ed doru\u010den\u00e9ho dne 29. \u0159\u00edjna 2021 pod \u010d.j. RRTV\/13520\/2021-vra.<\/p>\n<p>&#8211; Rada se dle ustanoven\u00ed \u00a7 29 odst. 3 z\u00e1kona \u010d. 231\/2001 Sb., sezn\u00e1mila s ozn\u00e1men\u00edm provozovatele p\u0159evzat\u00e9ho vys\u00edl\u00e1n\u00ed \u0161\u00ed\u0159en\u00e9ho prost\u0159ednictv\u00edm zvl\u00e1\u0161tn\u00edch p\u0159enosov\u00fdch syst\u00e9m\u016f, Vodafone Czech Republic a.s., I\u010c 257 88 001, se s\u00eddlem: n\u00e1m\u011bst\u00ed Junkov\u00fdch 2802\/2, Stod\u016flky, 155 00 Praha 5, o zm\u011bn\u011b ostatn\u00edch skute\u010dnost\u00ed uveden\u00fdch v p\u0159ihl\u00e1\u0161ce k registraci \u010d.j. RRTV\/8188\/2019-smu, spis. zn.: RRTV\/2019\/419\/smu, ze dne 25. \u010dervna 2019, spo\u010d\u00edvaj\u00edc\u00edm v roz\u0161\u00ed\u0159en\u00ed programov\u00e9 nab\u00eddky o o \u010desk\u00e9 televizn\u00ed programy Nova Lady (HD\/SD), Prima STAR (HD\/SD), Prima SHOW (HD\/SD) a vy\u0159azen\u00ed ze sv\u00e9 programov\u00e9 nab\u00eddky \u010desk\u00e9ho televizn\u00edho programu Hunter TV (HD), v rozsahu pod\u00e1n\u00ed doru\u010den\u00e9ho dne 29. \u0159\u00edjna 2021 pod \u010d.j. RRTV\/13520\/2021-vra.<\/p>\n<p>&#8211; Rada se sezn\u00e1mila s n\u00e1sleduj\u00edc\u00edmi pod\u00e1n\u00edmi k obsahu televizn\u00edch program\u016f a audiovizu\u00e1ln\u00edch medi\u00e1ln\u00edch slu\u017eeb na vy\u017e\u00e1d\u00e1n\u00ed doru\u010den\u00fdmi od 1. listopadu do 12. listopadu 2021: \u010cESK\u00c1 TELEVIZE \/ \u010cT1 &#8211; r\u016fzn\u00e9 po\u0159ady; \u010cESK\u00c1 TELEVIZE \/ \u010cT1, \u010cT24 &#8211; Ud\u00e1losti, Ekumenick\u00e1 modlitba za vlast, 27. 10. 2021 v 19:00 hod.; \u010cESK\u00c1 TELEVIZE \/ \u010cT1, \u010cT24 &#8211; Ud\u00e1losti, P\u0159\u00edsn\u011bj\u0161\u00ed re\u017eim v restaurac\u00edch a hospod\u00e1ch, 1. 11. 2021 v 19:00 hod.; \u010cESK\u00c1 TELEVIZE \/ \u010cT1, \u010cT24 &#8211; Ot\u00e1zky V\u00e1clava Moravce I, 7. 11. 2021 v 12:00 hod.; \u010cESK\u00c1 TELEVIZE \/ \u010cT24 &#8211; Studio, \u010cT24, Sn\u011bm Svazu pr\u016fmyslu a dopravy \u010cR, 9. 11. 2021 13:33 hod.; \u010cESK\u00c1 TELEVIZE \/ \u010cT2 &#8211; Boj o d\u011bti, 7. 11. 2021 v 18:05 hod.; \u010cESK\u00c1 TELEVIZE \/ \u010cT24 &#8211; Heydrich &#8211; kone\u010dn\u00e9 \u0159e\u0161en\u00ed (9\/44), 29. 10. 2021 v 18:20 hod.; FTV Prima, spol. s r.o. \/ Prima &#8211; Autosalon.tv, 30. 10. 2021 v 08:30 hod.; FTV Prima, spol. s r.o. \/ Prima COOL &#8211; reklama Bohemia Energy; Ministerstvo zdravotnictv\u00ed \u010cR \/ \u010cT1, R\u00e1dio BLAN\u00cdK &#8211; o\u010dkovac\u00ed kampa\u0148 (Ud\u011blejme te\u010dku za koronavirem); Ministerstvo zdravotnictv\u00ed \u010cR \/ www.ceskoockuje.cz &#8211; o\u010dkovac\u00ed kampa\u0148 (Ud\u011blejme te\u010dku za koronavirem); Televize Natura s.r.o. \/ www.tvnatura.cz &#8211; Pandemie nebo le\u017e? 2. d\u00edl.<\/p>\n<p>&#8211; Rada se sezn\u00e1mila s anal\u00fdzou kontinu\u00e1ln\u00edho z\u00e1znamu vys\u00edl\u00e1n\u00ed programu \u00d3\u010dko STAR provozovatele Stanice O, a.s. ze dne 14. z\u00e1\u0159\u00ed 2021 v \u010dase 14:00 &#8211; 22:00 hodin.<\/p>\n<p>&#8211; Rada se sezn\u00e1mila s anal\u00fdzou z\u00e1znamu vys\u00edl\u00e1n\u00ed programu TELEVIZE NATURA provozovatelky Jany Peterkov\u00e9 ze dne 30. srpna 2021 od 10:00 do 22:00 hod.<\/p>\n<p>&#8211; Rada v r\u00e1mci sv\u00e9 p\u016fsobnosti dan\u00e9 ustanoven\u00edm \u00a7 5 p\u00edsm. a) a f) a \u00a7 59 odst. 1 &#8211; 3 z\u00e1kona \u010d. 231\/2001 Sb., o provozov\u00e1n\u00ed rozhlasov\u00e9ho a televizn\u00edho vys\u00edl\u00e1n\u00ed a o zm\u011bn\u011b dal\u0161\u00edch z\u00e1kon\u016f (d\u00e1le jen z\u00e1kon \u010d. 231\/2001 Sb.), v platn\u00e9m zn\u011bn\u00ed, upozor\u0148uje provozovatelku Janu Peterkovou, I\u010c 16893085, se s\u00eddlem K\u0159enovice 106, Dubn\u00e9, PS\u010c 373 84, na poru\u0161en\u00ed ustanoven\u00ed \u00a7 53a odst. 2 p\u00edsm. b) a c) z\u00e1kona \u010d. 231\/2001 Sb., kter\u00e9ho se dopustila odvys\u00edl\u00e1n\u00edm po\u0159adu &#8211; rozhovoru s Janem \u0160r\u00e1mkem dne 30. srpna 2021 v 15:01 hod. na programu TELEVIZE NATURA, kter\u00fd byl po\u0159adem obsahuj\u00edc\u00edm um\u00edst\u011bn\u00fd produkt, v n\u011bm\u017e do\u0161lo k p\u0159\u00edm\u00e9mu nab\u00e1d\u00e1n\u00ed k n\u00e1kupu zbo\u017e\u00ed nebo slu\u017eeb zvl\u00e1\u0161tn\u00edm zmi\u0148ov\u00e1n\u00edm tohoto zbo\u017e\u00ed nebo slu\u017eeb za \u00fa\u010delem jejich propagace a k nepat\u0159i\u010dn\u00e9mu zd\u016frazn\u011bn\u00ed um\u00edst\u011bn\u00fdch slu\u017eeb a produkt\u016f. V pr\u016fb\u011bhu cel\u00e9ho rozhovoru byla propagov\u00e1na firma LR HEALTH &amp; BEAUTY. K p\u0159\u00edm\u00e9mu nab\u00e1d\u00e1n\u00ed k n\u00e1kupu zbo\u017e\u00ed nebo slu\u017eeb do\u0161lo t\u00edm, \u017ee se v pr\u016fb\u011bhu po\u0159adu na obrazovce opakovan\u011b objevovaly kontaktn\u00ed \u00fadaje, skrze n\u011b\u017e je mo\u017en\u00e9 se do s\u00edt\u011b firmy LR HEALTH &amp; BEAUTY registrovat. V z\u00e1v\u011bru po\u0159adu se rovn\u011b\u017e objevilo p\u0159\u00edm\u00e9 verb\u00e1ln\u00ed nab\u00e1d\u00e1n\u00ed k registraci: \u201ePoj\u010fme do toho, p\u016fl je hotovo.\u201c (15:25:16 &#8211; 15:25:18). Nepat\u0159i\u010dn\u00e9 zd\u016frazn\u011bn\u00ed um\u00edst\u011bn\u00fdch slu\u017eeb a produkt\u016f se projevilo v celkov\u00e9m zp\u016fsobu zpracov\u00e1n\u00ed po\u0159adu, kter\u00fd byl od za\u010d\u00e1tku do konce zam\u011bniteln\u00fd s reklamn\u00ed nab\u00eddkou. Krom verb\u00e1ln\u011b propaga\u010dn\u00ed slo\u017eky byl rozhovor doprov\u00e1zen vizu\u00e1ln\u00edmi odkazy na p\u0159\u00edslu\u0161n\u00e9 produkty \u010di slu\u017eby (po celou dobu trv\u00e1n\u00ed po\u0159adu byla na pozad\u00ed um\u00edst\u011bna obrazovka s logem firmy LR HEALTH &amp; BEAUTY a p\u0159\u00edslu\u0161n\u00fdmi reklamn\u00edmi slogany). Rada stanovuje lh\u016ftu k n\u00e1prav\u011b 7 dn\u00ed ode dne doru\u010den\u00ed upozorn\u011bn\u00ed.<\/p>\n<p>&#8211; Rada v r\u00e1mci sv\u00e9 p\u016fsobnosti dan\u00e9 ustanoven\u00edm \u00a7 5 p\u00edsm. a) a f) a \u00a7 59 odst. 1 &#8211; 3 z\u00e1kona \u010d. 231\/2001 Sb., o provozov\u00e1n\u00ed rozhlasov\u00e9ho a televizn\u00edho vys\u00edl\u00e1n\u00ed a o zm\u011bn\u011b dal\u0161\u00edch z\u00e1kon\u016f (d\u00e1le jen z\u00e1kon \u010d. 231\/2001 Sb.), v platn\u00e9m zn\u011bn\u00ed, upozor\u0148uje provozovatelku Janu Peterkovou, I\u010c 16893085, se s\u00eddlem K\u0159enovice 106, Dubn\u00e9, PS\u010c 373 84, na poru\u0161en\u00ed ustanoven\u00ed \u00a7 53a odst. 2 p\u00edsm. b) a c) z\u00e1kona \u010d. 231\/2001 Sb., kter\u00e9ho se dopustila odvys\u00edl\u00e1n\u00edm po\u0159adu &#8211; rozhovoru s Hanou B\u00e1rtovou dne 30. srpna 2021 v 15:47 hod. na programu TELEVIZE NATURA, kter\u00fd byl po\u0159adem obsahuj\u00edc\u00edm um\u00edst\u011bn\u00fd produkt, v n\u011bm\u017e do\u0161lo k p\u0159\u00edm\u00e9mu nab\u00e1d\u00e1n\u00ed k n\u00e1kupu zbo\u017e\u00ed nebo slu\u017eeb zvl\u00e1\u0161tn\u00edm zmi\u0148ov\u00e1n\u00edm tohoto zbo\u017e\u00ed nebo slu\u017eeb za \u00fa\u010delem jejich propagace a k nepat\u0159i\u010dn\u00e9mu zd\u016frazn\u011bn\u00ed um\u00edst\u011bn\u00fdch slu\u017eeb a produkt\u016f. V pr\u016fb\u011bhu cel\u00e9ho rozhovoru byla propagov\u00e1na spole\u010dnost 1. zapper detox centrum (resp. jej\u00ed slu\u017eby, p\u0159\u00edstroje, a p\u0159\u00edpravky &#8211; Oberon, plazmov\u00fd gener\u00e1tor, kranio biodynamick\u00e9 o\u0161et\u0159en\u00ed, p\u0161tros\u00ed olej). K p\u0159\u00edm\u00e9mu nab\u00e1d\u00e1n\u00ed k n\u00e1kupu zbo\u017e\u00ed nebo slu\u017eeb do\u0161lo t\u00edm, \u017ee se v pr\u016fb\u011bhu po\u0159adu na obrazovce opakovan\u011b objevoval odkaz na webov\u00e9 str\u00e1nky, skrze n\u011b\u017e je mo\u017en\u00e9 p\u0159edm\u011btn\u00e9 slu\u017eby \u010di produkty objednat. V z\u00e1v\u011bru po\u0159adu se rovn\u011b\u017e objevilo p\u0159\u00edm\u00e9 verb\u00e1ln\u00ed nab\u00e1d\u00e1n\u00ed ke kontaktov\u00e1n\u00ed centra: \u201eJ\u00e1 bych byla r\u00e1da, kdyby si to samoz\u0159ejm\u011b p\u0159i\u0161li vyzkou\u0161et. A nejenom vyzkou\u0161et, ale aby d\u00edky tomu za\u010dli na sob\u011b pracovat, proto\u017ee m\u00e1m pocit, \u017ee vlastn\u011b i t\u00edmdlet\u00edm p\u0159in\u00e1\u0161\u00edm malinko sv\u011btla na zem.\u201c (16:17:06 &#8211; 16:17:20) Nepat\u0159i\u010dn\u00e9 zd\u016frazn\u011bn\u00ed um\u00edst\u011bn\u00fdch slu\u017eeb a produkt\u016f se projevilo v celkov\u00e9m zp\u016fsobu zpracov\u00e1n\u00ed po\u0159adu, kter\u00fd byl od za\u010d\u00e1tku do konce zam\u011bniteln\u00fd s reklamn\u00ed nab\u00eddkou. Krom verb\u00e1ln\u011b propaga\u010dn\u00ed slo\u017eky byl rozhovor doprov\u00e1zen vizu\u00e1ln\u00edmi odkazy na p\u0159\u00edslu\u0161n\u00e9 produkty \u010di slu\u017eby (po celou dobu trv\u00e1n\u00ed po\u0159adu byla na pozad\u00ed um\u00edst\u011bna obrazovka s logem spole\u010dnosti 1. zapper detox centrum; na stole st\u00e1ly produkty distribuovan\u00e9 t\u00edmto centrem; p\u0161tros\u00ed olej byl nastaven do kamery pro detailn\u00ed z\u00e1b\u011br). Rada stanovuje lh\u016ftu k n\u00e1prav\u011b 7 dn\u00ed ode dne doru\u010den\u00ed upozorn\u011bn\u00ed.<\/p>\n<p>&#8211; Rada v r\u00e1mci sv\u00e9 p\u016fsobnosti dan\u00e9 ustanoven\u00edm \u00a7 5 p\u00edsm. a) a f) a \u00a7 59 odst. 1 &#8211; 3 z\u00e1kona \u010d. 231\/2001 Sb., o provozov\u00e1n\u00ed rozhlasov\u00e9ho a televizn\u00edho vys\u00edl\u00e1n\u00ed a o zm\u011bn\u011b dal\u0161\u00edch z\u00e1kon\u016f (d\u00e1le jen z\u00e1kon \u010d. 231\/2001 Sb.), v platn\u00e9m zn\u011bn\u00ed, upozor\u0148uje provozovatelku Janu Peterkovou, I\u010c 16893085, se s\u00eddlem K\u0159enovice 106, Dubn\u00e9, PS\u010c 373 84, na poru\u0161en\u00ed ustanoven\u00ed \u00a7 53a odst. 2 p\u00edsm. b) a c) z\u00e1kona \u010d. 231\/2001 Sb., kter\u00e9ho se dopustila odvys\u00edl\u00e1n\u00edm po\u0159adu &#8211; rozhovoru s Tade\u00e1\u0161em Nov\u00e1\u010dkem dne 30. srpna 2021 v 16:54 hod. na programu TELEVIZE NATURA, kter\u00fd byl po\u0159adem obsahuj\u00edc\u00edm um\u00edst\u011bn\u00fd produkt, v n\u011bm\u017e do\u0161lo k p\u0159\u00edm\u00e9mu nab\u00e1d\u00e1n\u00ed k n\u00e1kupu zbo\u017e\u00ed nebo slu\u017eeb zvl\u00e1\u0161tn\u00edm zmi\u0148ov\u00e1n\u00edm tohoto zbo\u017e\u00ed nebo slu\u017eeb za \u00fa\u010delem jejich propagace a k nepat\u0159i\u010dn\u00e9mu zd\u016frazn\u011bn\u00ed um\u00edst\u011bn\u00fdch slu\u017eeb a produkt\u016f. V pr\u016fb\u011bhu cel\u00e9ho rozhovoru byla propagov\u00e1na jednotka Stabfor distribuovan\u00e1 spole\u010dnost\u00ed NaturVibes. K p\u0159\u00edm\u00e9mu nab\u00e1d\u00e1n\u00ed k n\u00e1kupu zbo\u017e\u00ed do\u0161lo t\u00edm, \u017ee se v pr\u016fb\u011bhu po\u0159adu na obrazovce opakovan\u011b objevoval odkaz na webov\u00e9 str\u00e1nky, skrze n\u011b\u017e je mo\u017en\u00e9 p\u0159edm\u011btn\u00fd produkt objednat. V z\u00e1v\u011bru po\u0159adu se rovn\u011b\u017e objevilo p\u0159\u00edm\u00e9 verb\u00e1ln\u00ed nab\u00e1d\u00e1n\u00ed ke kontaktov\u00e1n\u00ed p\u0159\u00edslu\u0161n\u00e9 spole\u010dnosti: \u201eUr\u010dit\u011b, ka\u017ed\u00fd si m\u016f\u017ee naj\u00edt str\u00e1nky www.naturvibes.cz, m\u016f\u017ee se pod\u00edvat, m\u016f\u017ee m\u011b pak kontaktovat, j\u00e1 si s n\u00edm r\u00e1d sednu, d\u00e1m kafe, \u010daj, popov\u00edd\u00e1m, nen\u00ed probl\u00e9m prost\u011b.\u201c (17:30:34 &#8211; 17:30:45) Nepat\u0159i\u010dn\u00e9 zd\u016frazn\u011bn\u00ed um\u00edst\u011bn\u00fdch slu\u017eeb a produkt\u016f se projevilo v celkov\u00e9m zp\u016fsobu zpracov\u00e1n\u00ed po\u0159adu, kter\u00fd byl od za\u010d\u00e1tku do konce zam\u011bniteln\u00fd s reklamn\u00ed nab\u00eddkou. Krom verb\u00e1ln\u011b propaga\u010dn\u00ed slo\u017eky byl rozhovor doprov\u00e1zen vizu\u00e1ln\u00edmi odkazy na p\u0159\u00edslu\u0161n\u00e9 produkty \u010di slu\u017eby (po celou dobu trv\u00e1n\u00ed po\u0159adu byla na pozad\u00ed um\u00edst\u011bna obrazovka s logem spole\u010dnosti NaturVibes a pro jednotku Stabfor lichotiv\u00fd obraz srovn\u00e1vaj\u00edc\u00ed kvalitu vod z r\u016fzn\u00fdch zdroj\u016f, jednotka Stabfor byla prakticky po celou dobu trv\u00e1n\u00ed po\u0159adu v z\u00e1b\u011bru kamery). Rada stanovuje lh\u016ftu k n\u00e1prav\u011b 7 dn\u00ed ode dne doru\u010den\u00ed upozorn\u011bn\u00ed.<\/p>\n<p>&#8211; Rada v r\u00e1mci sv\u00e9 p\u016fsobnosti dan\u00e9 ustanoven\u00edm \u00a7 5 p\u00edsm. a) a f) a \u00a7 59 odst. 1 &#8211; 3 z\u00e1kona \u010d. 231\/2001 Sb., o provozov\u00e1n\u00ed rozhlasov\u00e9ho a televizn\u00edho vys\u00edl\u00e1n\u00ed a o zm\u011bn\u011b dal\u0161\u00edch z\u00e1kon\u016f (d\u00e1le jen z\u00e1kon \u010d. 231\/2001 Sb.), v platn\u00e9m zn\u011bn\u00ed, upozor\u0148uje provozovatelku Janu Peterkovou, I\u010c 16893085, se s\u00eddlem K\u0159enovice 106, Dubn\u00e9, PS\u010c 373 84, na poru\u0161en\u00ed ustanoven\u00ed \u00a7 48 odst. 1 p\u00edsm. b) z\u00e1kona \u010d. 231\/2001 Sb., je\u017e zakazuje provozovatel\u016fm za\u0159azovat do vys\u00edl\u00e1n\u00ed obchodn\u00ed sd\u011blen\u00ed, kter\u00e1 podporuj\u00ed chov\u00e1n\u00ed ohro\u017euj\u00edc\u00ed zdrav\u00ed. K poru\u0161en\u00ed z\u00e1konn\u00e9 povinnosti do\u0161lo odvys\u00edl\u00e1n\u00edm po\u0159adu &#8211; rozhovoru s Hanou B\u00e1rtovou dne 30. srpna 2021 v 15:47 hod. na programu TELEVIZE NATURA, kter\u00fd byl po\u0159adem obsahuj\u00edc\u00edm um\u00edst\u011bn\u00fd produkt. V po\u0159adu zazn\u011bly v\u00fdroky o slu\u017eb\u00e1ch poskytovan\u00fdch 1. zapper detox centrem, jako nap\u0159\u00edklad: \u201epak klienta posad\u00edm k plasmov\u00fdmu gener\u00e1toru, nastav\u00edm frekvence, aby se zabily ur\u010dit\u00fd ty patogeny. No a z\u00e1le\u017e\u00ed na tom, jestli p\u0159ijde p\u0159\u00edmo s bolestma, anebo ne, anebo s psychick\u00fdma pot\u00ed\u017eema, proto\u017ee po t\u00fd plasmov\u00fd terapii d\u011bl\u00e1m je\u0161t\u011b t\u0159eba uk\u00e1zku toho krania. (&#8230;) A j\u00e1 si mysl\u00edm, \u017ee to docela funguje. Jako sama jsi to asi za\u017eila.\u201c (15:53:52 &#8211; 15:54:32), a dal\u0161\u00ed, kter\u00e9 implikovaly l\u00e9\u010debn\u00e9 i preventivn\u00ed \u00fa\u010dinky t\u011bchto postup\u016f\/produkt\u016f. Div\u00e1ci pod vlivem t\u011bchto tvrzen\u00ed mohli zanedbat \u0159\u00e1dnou p\u00e9\u010di o sv\u00e9 zdrav\u00ed a spol\u00e9hat se p\u0159i potenci\u00e1ln\u00edch zdravotn\u00edch a psychick\u00fdch probl\u00e9mech na propagovan\u00e9 slu\u017eby\/produkty. D\u016fsledkem takov\u00e9ho jedn\u00e1n\u00ed m\u016f\u017ee b\u00fdt ohro\u017een\u00ed zdrav\u00ed spot\u0159ebitel\u016f. Rada stanovuje lh\u016ftu k n\u00e1prav\u011b 7 dn\u00ed ode dne doru\u010den\u00ed upozorn\u011bn\u00ed.<\/p>\n<p>&#8211; Rada v r\u00e1mci sv\u00e9 p\u016fsobnosti dan\u00e9 ustanoven\u00edm \u00a7 5 p\u00edsm. a) a f) a \u00a7 59 odst. 1 &#8211; 3 z\u00e1kona \u010d. 231\/2001 Sb., o provozov\u00e1n\u00ed rozhlasov\u00e9ho a televizn\u00edho vys\u00edl\u00e1n\u00ed a o zm\u011bn\u011b dal\u0161\u00edch z\u00e1kon\u016f (d\u00e1le jen z\u00e1kon \u010d. 231\/2001 Sb.), v platn\u00e9m zn\u011bn\u00ed, upozor\u0148uje provozovatelku Janu Peterkovou, I\u010c 16893085, se s\u00eddlem K\u0159enovice 106, Dubn\u00e9, PS\u010c 373 84, na poru\u0161en\u00ed ustanoven\u00ed \u00a7 48 odst. 1 p\u00edsm. b) z\u00e1kona \u010d. 231\/2001 Sb., je\u017e zakazuje provozovatel\u016fm za\u0159azovat do vys\u00edl\u00e1n\u00ed obchodn\u00ed sd\u011blen\u00ed, kter\u00e1 podporuj\u00ed chov\u00e1n\u00ed ohro\u017euj\u00edc\u00ed zdrav\u00ed. K poru\u0161en\u00ed z\u00e1konn\u00e9 povinnosti do\u0161lo odvys\u00edl\u00e1n\u00edm po\u0159adu &#8211; rozhovoru s Tade\u00e1\u0161em Nov\u00e1\u010dkem dne 30. srpna 2021 v 16:54 hod. na programu TELEVIZE NATURA, kter\u00fd byl po\u0159adem obsahuj\u00edc\u00edm um\u00edst\u011bn\u00fd produkt. V po\u0159adu zazn\u011bly v\u00fdroky o vod\u011b pro\u0161l\u00e9 jednotkou Stabfor, jako nap\u0159\u00edklad: \u201ePak je tam je\u0161t\u011b v\u00ed\u0159iv\u00e1 technologie, tu vodu to v\u00ed\u0159\u00ed, a ta voda dost\u00e1v\u00e1 n\u011bjak\u00fd v\u011bci, informace, \u017ee t\u0159eba podporuje pak samoozdravn\u00fd procesy v t\u011ble.\u201c (17:10:28 &#8211; 17:10:40), kter\u00e9 implikovaly l\u00e9\u010debn\u00e9 \u00fa\u010dinky t\u011bchto postup\u016f\/produktu. Div\u00e1ci pod vlivem t\u011bchto tvrzen\u00ed mohli zanedbat \u0159\u00e1dnou p\u00e9\u010di o sv\u00e9 zdrav\u00ed a spol\u00e9hat se p\u0159i potenci\u00e1ln\u00edch zdravotn\u00edch probl\u00e9mech na propagovan\u00fd produkt. D\u016fsledkem takov\u00e9ho jedn\u00e1n\u00ed m\u016f\u017ee b\u00fdt ohro\u017een\u00ed zdrav\u00ed spot\u0159ebitel\u016f. Rada stanovuje lh\u016ftu k n\u00e1prav\u011b 7 dn\u00ed ode dne doru\u010den\u00ed upozorn\u011bn\u00ed.<\/p>\n<p>&#8211; Rada v r\u00e1mci sv\u00e9 p\u016fsobnosti dan\u00e9 ustanoven\u00edm \u00a7 5 p\u00edsm. a) z\u00e1kona \u010d. 231\/2001 Sb., o provozov\u00e1n\u00ed rozhlasov\u00e9ho a televizn\u00edho vys\u00edl\u00e1n\u00ed a o zm\u011bn\u011b dal\u0161\u00edch z\u00e1kon\u016f (d\u00e1le jen z\u00e1kon \u010d. 231\/2001 Sb.), v platn\u00e9m zn\u011bn\u00ed, a v souladu s ustanoven\u00edm \u00a7 137 odst. 1 z\u00e1kona \u010d. 500\/2004 Sb., spr\u00e1vn\u00ed \u0159\u00e1d (d\u00e1le jen \u201ez\u00e1kon \u010d. 500\/2004 Sb.\u201c) \u017e\u00e1d\u00e1 provozovatelku Janu Peterkovou, I\u010c 16893085, se s\u00eddlem K\u0159enovice 106, Dubn\u00e9, PS\u010c 373 84, o pod\u00e1n\u00ed vysv\u011btlen\u00ed, jak\u00e9 typy obchodn\u00edch sd\u011blen\u00ed za\u0159azuje do \u00fasek\u016f vys\u00edl\u00e1n\u00ed ozna\u010den\u00fdch jako \u201eupout\u00e1vkov\u00fd blok\u201c a zda jsou v\u0161echna zde uv\u00e1d\u011bn\u00e1 obchodn\u00ed sd\u011blen\u00ed vys\u00edl\u00e1na za \u00faplatu \u010di obdobnou protihodnotu. Rada stanovuje lh\u016ftu k pod\u00e1n\u00ed vysv\u011btlen\u00ed 30 dn\u00ed ode dne doru\u010den\u00ed t\u00e9to v\u00fdzvy.<\/p>\n<p>&#8211; Rada se sezn\u00e1mila s anal\u00fdzou programu CS Horror provozovatele \u010ceskoslovensk\u00e1 filmov\u00e1 spole\u010dnost, s.r.o. ze dne 11. z\u00e1\u0159\u00ed 2021 v \u010dasov\u00e9m \u00faseku 0:00 &#8211; 6:00 hodin.<\/p>\n<p>&#8211; Rada se sezn\u00e1mila s anal\u00fdzou vys\u00edl\u00e1n\u00ed programu SPORT3 provozovatele AMC Networks Central Europe s.r.o. ze dne 29. srpna 2021, \u010dasov\u00e9ho \u00faseku 14 &#8211; 19 hodin.<\/p>\n<p>&#8211; Rada se sezn\u00e1mila s v\u00fdsledky anal\u00fdzy obchodn\u00edch sd\u011blen\u00ed za m\u011bs\u00edc srpen 2021.<\/p>\n<p>&#8211; Rada se sezn\u00e1mila s podan\u00fdm vysv\u011btlen\u00edm zadavatele obchodn\u00edho sd\u011blen\u00ed, spole\u010dnosti Institut v\u00fd\u017eivy a imunity s.r.o., ze dne 20. \u0159\u00edjna 2021, kter\u00fdm informuje o tom, \u017ee produkty GASTRO Veritas a IMUNO Veritas spadaj\u00ed do kategorie produkt\u016f dopl\u0148k\u016f stravy.<\/p>\n<p>&#8211; Rada v r\u00e1mci sv\u00e9 kompetence dan\u00e9 \u00a7 7 p\u00edsm. a) z\u00e1kona \u010d. 40\/1995 Sb., o regulaci reklamy a o zm\u011bn\u011b a dopln\u011bn\u00ed z\u00e1kona \u010d. 468\/1991 Sb., o provozov\u00e1n\u00ed rozhlasov\u00e9ho a televizn\u00edho vys\u00edl\u00e1n\u00ed, ve zn\u011bn\u00ed platn\u00fdch p\u0159edpis\u016f (d\u00e1le jen \u201ez\u00e1kon \u010d. 40\/1995 Sb.\u201c), v souladu s ustanoven\u00edm \u00a7 78 odst. 1 z\u00e1kona \u010d. 250\/2016 Sb., z\u00e1kona o p\u0159estupc\u00edch a \u0159\u00edzen\u00edch o nich (d\u00e1le jen \u201ez\u00e1kon \u010d. 250\/2016 Sb.\u201c) rozhodla zah\u00e1jit se zadavatelem reklamy, spole\u010dnost\u00ed Institut v\u00fd\u017eivy a imunity s r.o., I\u010c 09484787, s\u00eddlem Francouzsk\u00e1 172\/30, Praha 2, 120 00, \u0159\u00edzen\u00ed o p\u0159estupku z moci \u00fa\u0159edn\u00ed pro mo\u017en\u00e9 poru\u0161en\u00ed \u00a7 5d odst. 3 z\u00e1kona \u010d. 40\/1995 Sb., nebo\u0165 zad\u00e1n\u00edm reklamy s motivem \u201eSEYES -GASTRO a IMUNO Veritas&#8220; odvys\u00edlan\u00e9 premi\u00e9rov\u011b dne 5. \u010dervna 2021 v \u010dase 9:00 hodin na programu \u0160L\u00c1GR TV, mohlo doj\u00edt k poru\u0161en\u00ed povinnosti, aby reklama, prost\u0159ednictv\u00edm kter\u00e9 byly propagov\u00e1ny dopl\u0148ky stravy GASTRO Veritas a IMUNO Veritas, obsahovala z\u00e1konn\u00fd text \u201edopln\u011bk stravy\u201c. V obchodn\u00edm sd\u011blen\u00ed z\u0159eteln\u00fd text informuj\u00edc\u00ed o faktu, \u017ee p\u0159\u00edpravky GASTRO Veritas a IMUNO Veritas jsou dopl\u0148ky stravy, absentuje v obrazov\u00e9 i zvukov\u00e9 slo\u017ece.<\/p>\n<p>&#8211; Rada coby \u00fast\u0159edn\u00ed spr\u00e1vn\u00ed \u00fa\u0159ad v r\u00e1mci sv\u00e9 p\u016fsobnosti dan\u00e9 \u00a7 5 p\u00edsm. f) z\u00e1kona \u010d. 231\/2001 Sb., o provozov\u00e1n\u00ed rozhlasov\u00e9ho a televizn\u00edho vys\u00edl\u00e1n\u00ed a o zm\u011bn\u011b dal\u0161\u00edch z\u00e1kon\u016f, v platn\u00e9m zn\u011bn\u00ed (d\u00e1le jen z\u00e1kon \u010d. 231\/2001 Sb.), dle \u00a7 60 odst. 1 p\u00edsm. t) a \u00a7 60 odst. 7 p\u00edsm. a) z\u00e1kona \u010d. 231\/2001 Sb., v platn\u00e9m zn\u011bn\u00ed, v \u0159\u00edzen\u00ed o p\u0159estupku veden\u00e9m podle z\u00e1kona \u010d. 250\/2016 Sb., o odpov\u011bdnosti za p\u0159estupky a \u0159\u00edzen\u00ed o nich (d\u00e1le jen \u201ez\u00e1kon o odpov\u011bdnosti za p\u0159estupky\u201c), rozhodla dne 23. listopadu 2021 takto: I. Obvin\u011bn\u00fd z p\u0159estupku, provozovatel AIDEM &amp; Vy\u0161\u0161\u00ed odborn\u00e1 \u0161kola televizn\u00ed Brno a.s., I\u010c: 27695964, V\u00edde\u0148sk\u00e1, P\u0159\u00edz\u0159enice, Brno, \u010d.o.51, \u010d.p.122, 61900, se uzn\u00e1v\u00e1 vinn\u00fdm v souladu s \u00a7 60 odst. 1 p\u00edsm. t) z\u00e1kona \u010d. 231\/2001 Sb. pro poru\u0161en\u00ed povinnosti stanoven\u00e9 \u00a7 32 odst. 6 z\u00e1kona \u010d. 231\/2001 Sb., kter\u00e9ho se dopustil t\u00edm, \u017ee neposkytl informace o opat\u0159en\u00edch p\u0159ijat\u00fdch na podporu medi\u00e1ln\u00ed gramotnosti za rok 2020, resp. poru\u0161il povinnost na p\u00edsemnou v\u00fdzvu poskytnout Rad\u011b vyj\u00e1d\u0159en\u00ed a informace nezbytn\u00e9 k v\u00fdkonu jej\u00ed p\u016fsobnosti podle \u00a7 5 p\u00edsm. t) a\u017e w) nebo \u00a7 6 odst. 1 a 5. II. Za p\u0159estupek se pachateli v souladu s ustanoven\u00edm \u00a7 60 odst. 1 p\u00edsm. t), ustanoven\u00edm \u00a7 60 odst. 7 p\u00edsm. a) z\u00e1kona \u010d. 231\/2001 Sb. a ustanoven\u00edm \u00a7 35 p\u00edsm. b) a \u00a7 46 odst. 1 z\u00e1kona \u010d. 250\/2016 Sb., ukl\u00e1d\u00e1 pokuta ve v\u00fd\u0161i 20 000,-K\u010d. Pokuta je splatn\u00e1 ve lh\u016ft\u011b 30 dn\u016f ode dne pr\u00e1vn\u00ed moci tohoto rozhodnut\u00ed na \u00fa\u010det 3754-19223001\/0710, variabiln\u00ed symbol 2021341. III. V souladu s ustanoven\u00edm \u00a7 95 odst. 1 z\u00e1kona \u010d. 250\/2016, o odpov\u011bdnosti za p\u0159estupky, a \u00a7 6 vyhl\u00e1\u0161ky \u010d. 520\/2005 Sb., ukl\u00e1d\u00e1 Rada obvin\u011bn\u00e9mu povinnost uhradit pau\u0161\u00e1ln\u00ed \u010d\u00e1stku n\u00e1klad\u016f \u0159\u00edzen\u00ed ve v\u00fd\u0161i 1 000 K\u010d. \u00dahrada n\u00e1klad\u016f \u0159\u00edzen\u00ed je splatn\u00e1 do p\u011bti pracovn\u00edch dn\u016f ode dne doru\u010den\u00ed tohoto rozhodnut\u00ed na \u00fa\u010det \u010d. 3711- 19223001\/0710, variabiln\u00ed symbol 2021341.<\/p>\n<p>&#8211; Rada coby \u00fast\u0159edn\u00ed spr\u00e1vn\u00ed \u00fa\u0159ad v r\u00e1mci sv\u00e9 p\u016fsobnosti dan\u00e9 \u00a7 5 p\u00edsm. f) z\u00e1kona \u010d. 231\/2001 Sb., o provozov\u00e1n\u00ed rozhlasov\u00e9ho a televizn\u00edho vys\u00edl\u00e1n\u00ed a o zm\u011bn\u011b dal\u0161\u00edch z\u00e1kon\u016f, v platn\u00e9m zn\u011bn\u00ed (d\u00e1le jen z\u00e1kon \u010d. 231\/2001 Sb.), dle \u00a7 60 odst. 1 p\u00edsm. t) a \u00a7 60 odst. 7 p\u00edsm. a) z\u00e1kona \u010d. 231\/2001 Sb., v platn\u00e9m zn\u011bn\u00ed, v \u0159\u00edzen\u00ed o p\u0159estupku veden\u00e9m podle z\u00e1kona \u010d. 250\/2016 Sb., o odpov\u011bdnosti za p\u0159estupky a \u0159\u00edzen\u00ed o nich (d\u00e1le jen \u201ez\u00e1kon o odpov\u011bdnosti za p\u0159estupky\u201c), rozhodla dne 23. listopadu 2021 takto: I. Obvin\u011bn\u00fd z p\u0159estupku, provozovatel JAMES DEAN CO. s.r.o., I\u010c: 24229814, s\u00eddlem Charv\u00e1tova, \u010d.o.3, \u010d.p.1988, 11000, Hlavn\u00ed m\u011bsto Praha, \u010cesk\u00e1 republika, se uzn\u00e1v\u00e1 vinn\u00fdm v souladu s \u00a7 60 odst. 1 p\u00edsm. t) z\u00e1kona \u010d. 231\/2001 Sb. pro poru\u0161en\u00ed povinnosti stanoven\u00e9 \u00a7 32 odst. 6 z\u00e1kona \u010d. 231\/2001 Sb., kter\u00e9ho se dopustil t\u00edm, \u017ee neposkytl informace o opat\u0159en\u00edch p\u0159ijat\u00fdch na podporu medi\u00e1ln\u00ed gramotnosti za rok 2020, resp. poru\u0161il povinnost na p\u00edsemnou v\u00fdzvu poskytnout Rad\u011b vyj\u00e1d\u0159en\u00ed a informace nezbytn\u00e9 k v\u00fdkonu jej\u00ed p\u016fsobnosti podle \u00a7 5 p\u00edsm. t) a\u017e w) nebo \u00a7 6 odst. 1 a 5. II. Za p\u0159estupek se pachateli v souladu s ustanoven\u00edm \u00a7 60 odst. 1 p\u00edsm. t), ustanoven\u00edm \u00a7 60 odst. 7 p\u00edsm. a) z\u00e1kona \u010d. 231\/2001 Sb. a ustanoven\u00edm \u00a7 35 p\u00edsm. b) a \u00a7 46 odst. 1 z\u00e1kona \u010d. 250\/2016 Sb., ukl\u00e1d\u00e1 pokuta ve v\u00fd\u0161i 20 000,-K\u010d. Pokuta je splatn\u00e1 ve lh\u016ft\u011b 30 dn\u016f ode dne pr\u00e1vn\u00ed moci tohoto rozhodnut\u00ed na \u00fa\u010det 3754-19223001\/0710, variabiln\u00ed symbol 2021347. III. V souladu s ustanoven\u00edm \u00a7 95 odst. 1 z\u00e1kona \u010d. 250\/2016, o odpov\u011bdnosti za p\u0159estupky, a \u00a7 6 vyhl\u00e1\u0161ky \u010d. 520\/2005 Sb., ukl\u00e1d\u00e1 Rada obvin\u011bn\u00e9mu povinnost uhradit pau\u0161\u00e1ln\u00ed \u010d\u00e1stku n\u00e1klad\u016f \u0159\u00edzen\u00ed ve v\u00fd\u0161i 1 000 K\u010d. \u00dahrada n\u00e1klad\u016f \u0159\u00edzen\u00ed je splatn\u00e1 do p\u011bti pracovn\u00edch dn\u016f ode dne doru\u010den\u00ed tohoto rozhodnut\u00ed na \u00fa\u010det \u010d. 3711- 19223001\/0710, variabiln\u00ed symbol 2021347.<\/p>\n<p>&#8211; Rada coby \u00fast\u0159edn\u00ed spr\u00e1vn\u00ed \u00fa\u0159ad v r\u00e1mci sv\u00e9 p\u016fsobnosti dan\u00e9 \u00a7 5 p\u00edsm. f) z\u00e1kona \u010d. 231\/2001 Sb., o provozov\u00e1n\u00ed rozhlasov\u00e9ho a televizn\u00edho vys\u00edl\u00e1n\u00ed a o zm\u011bn\u011b dal\u0161\u00edch z\u00e1kon\u016f, v platn\u00e9m zn\u011bn\u00ed (d\u00e1le jen z\u00e1kon \u010d. 231\/2001 Sb.), dle \u00a7 60 odst. 1 p\u00edsm. t) a \u00a7 60 odst. 7 p\u00edsm. a) z\u00e1kona \u010d. 231\/2001 Sb., v platn\u00e9m zn\u011bn\u00ed, v \u0159\u00edzen\u00ed o p\u0159estupku veden\u00e9m podle z\u00e1kona \u010d. 250\/2016 Sb., o odpov\u011bdnosti za p\u0159estupky a \u0159\u00edzen\u00ed o nich (d\u00e1le jen \u201ez\u00e1kon o odpov\u011bdnosti za p\u0159estupky\u201c), rozhodla dne 23. listopadu 2021 takto: I. Obvin\u011bn\u00e1 z p\u0159estupku, spole\u010dnost Meridi s.r.o., I\u010c 28147324, Husova t\u0159. 523, 370 05 \u010cesk\u00e9 Bud\u011bjovice, se v souladu s \u00a7 60 odst. 1 p\u00edsm. t) z\u00e1kona \u010d. 231\/2001 Sb. uzn\u00e1v\u00e1 vinnou pro poru\u0161en\u00ed povinnosti stanoven\u00e9 \u00a7 32 odst. 6 z\u00e1kona \u010d. 231\/2001 Sb., kter\u00e9ho se dopustila t\u00edm, \u017ee neposkytla informace o opat\u0159en\u00edch p\u0159ijat\u00fdch na podporu medi\u00e1ln\u00ed gramotnosti za rok 2020, resp. poru\u0161ila povinnost na p\u00edsemnou v\u00fdzvu poskytnout Rad\u011b vyj\u00e1d\u0159en\u00ed a informace nezbytn\u00e9 k v\u00fdkonu jej\u00ed p\u016fsobnosti podle \u00a7 5 p\u00edsm. t) a\u017e w) nebo \u00a7 6 odst. 1 a 5. II. V souladu s \u00a7 43 odst. 2 z\u00e1kona \u010d. 250\/2016 Sb., se od ulo\u017een\u00ed spr\u00e1vn\u00edho trestu upou\u0161t\u00ed, nebo\u0165 m\u00e1 Rada za to, \u017ee vzhledem k z\u00e1va\u017enosti p\u0159estupku samotn\u00e9 projedn\u00e1n\u00ed v\u011bci posta\u010dilo k n\u00e1prav\u011b vyt\u00fdkan\u00e9ho stavu.<\/p>\n<p>&#8211; Rada coby \u00fast\u0159edn\u00ed spr\u00e1vn\u00ed \u00fa\u0159ad v r\u00e1mci sv\u00e9 p\u016fsobnosti dan\u00e9 \u00a7 5 p\u00edsm. f) z\u00e1kona \u010d. 231\/2001 Sb., o provozov\u00e1n\u00ed rozhlasov\u00e9ho a televizn\u00edho vys\u00edl\u00e1n\u00ed a o zm\u011bn\u011b dal\u0161\u00edch z\u00e1kon\u016f, v platn\u00e9m zn\u011bn\u00ed (d\u00e1le jen z\u00e1kon \u010d. 231\/2001 Sb.), dle \u00a7 60 odst. 1 p\u00edsm. t) a \u00a7 60 odst. 7 p\u00edsm. a) z\u00e1kona \u010d. 231\/2001 Sb., v platn\u00e9m zn\u011bn\u00ed, v \u0159\u00edzen\u00ed o p\u0159estupku veden\u00e9m podle z\u00e1kona \u010d. 250\/2016 Sb., o odpov\u011bdnosti za p\u0159estupky a \u0159\u00edzen\u00ed o nich (d\u00e1le jen \u201ez\u00e1kon o odpov\u011bdnosti za p\u0159estupky\u201c), rozhodla dne 23. listopadu 2021 takto: I. Obvin\u011bn\u00e1 z p\u0159estupku, spole\u010dnost PROVIZI spol. s.r.o., I\u010c 25416952, \u0160kr\u00e9tova 1961, 412 01 Litom\u011b\u0159ice, se v souladu s \u00a7 60 odst. 1 p\u00edsm. t) z\u00e1kona \u010d. 231\/2001 Sb. uzn\u00e1v\u00e1 vinnou pro poru\u0161en\u00ed povinnosti stanoven\u00e9 \u00a7 32 odst. 6 z\u00e1kona \u010d. 231\/2001 Sb., kter\u00e9ho se dopustila t\u00edm, \u017ee neposkytla informace o opat\u0159en\u00edch p\u0159ijat\u00fdch na podporu medi\u00e1ln\u00ed gramotnosti za rok 2020, resp. poru\u0161ila povinnost na p\u00edsemnou v\u00fdzvu poskytnout Rad\u011b vyj\u00e1d\u0159en\u00ed a informace nezbytn\u00e9 k v\u00fdkonu jej\u00ed p\u016fsobnosti podle \u00a7 5 p\u00edsm. t) a\u017e w) nebo \u00a7 6 odst. 1 a 5. II. V souladu s \u00a7 43 odst. 2 z\u00e1kona \u010d. 250\/2016 Sb., se od ulo\u017een\u00ed spr\u00e1vn\u00edho trestu upou\u0161t\u00ed, nebo\u0165 m\u00e1 Rada za to, \u017ee vzhledem k z\u00e1va\u017enosti p\u0159estupku samotn\u00e9 projedn\u00e1n\u00ed v\u011bci posta\u010dilo k n\u00e1prav\u011b vyt\u00fdkan\u00e9ho stavu.<\/p>\n<p>&#8211; Rada coby \u00fast\u0159edn\u00ed spr\u00e1vn\u00ed \u00fa\u0159ad v r\u00e1mci sv\u00e9 p\u016fsobnosti dan\u00e9 \u00a7 5 p\u00edsm. f) z\u00e1kona \u010d. 231\/2001 Sb., o provozov\u00e1n\u00ed rozhlasov\u00e9ho a televizn\u00edho vys\u00edl\u00e1n\u00ed a o zm\u011bn\u011b dal\u0161\u00edch z\u00e1kon\u016f, v platn\u00e9m zn\u011bn\u00ed (d\u00e1le jen z\u00e1kon \u010d. 231\/2001 Sb.), dle \u00a7 60 odst. 1 p\u00edsm. t) a \u00a7 60 odst. 7 p\u00edsm. a) z\u00e1kona \u010d. 231\/2001 Sb., v platn\u00e9m zn\u011bn\u00ed, v \u0159\u00edzen\u00ed o p\u0159estupku veden\u00e9m podle z\u00e1kona \u010d. 250\/2016 Sb., o odpov\u011bdnosti za p\u0159estupky a \u0159\u00edzen\u00ed o nich (d\u00e1le jen \u201ez\u00e1kon o odpov\u011bdnosti za p\u0159estupky\u201c), rozhodla dne 23. listopadu 2021 takto: I. Obvin\u011bn\u00e1 z p\u0159estupku, spole\u010dnost V\u010cTV s.r.o., I\u010c 28846907, Semt\u00edn 80, 533 53 Pardubice, se v souladu s \u00a7 60 odst. 1 p\u00edsm. t) z\u00e1kona \u010d. 231\/2001 Sb. uzn\u00e1v\u00e1 vinnou pro poru\u0161en\u00ed povinnosti stanoven\u00e9 \u00a7 32 odst. 6 z\u00e1kona \u010d. 231\/2001 Sb., kter\u00e9ho se dopustila t\u00edm, \u017ee neposkytla informace o opat\u0159en\u00edch p\u0159ijat\u00fdch na podporu medi\u00e1ln\u00ed gramotnosti za rok 2020, resp. poru\u0161ila povinnost na p\u00edsemnou v\u00fdzvu poskytnout Rad\u011b vyj\u00e1d\u0159en\u00ed a informace nezbytn\u00e9 k v\u00fdkonu jej\u00ed p\u016fsobnosti podle \u00a7 5 p\u00edsm. t) a\u017e w) nebo \u00a7 6 odst. 1 a 5. II. V souladu s \u00a7 43 odst. 2 z\u00e1kona \u010d. 250\/2016 Sb., se od ulo\u017een\u00ed spr\u00e1vn\u00edho trestu upou\u0161t\u00ed, nebo\u0165 m\u00e1 Rada za to, \u017ee vzhledem k z\u00e1va\u017enosti p\u0159estupku samotn\u00e9 projedn\u00e1n\u00ed v\u011bci posta\u010dilo k n\u00e1prav\u011b vyt\u00fdkan\u00e9ho stavu.<\/p>\n<p>&#8211; Rada se sezn\u00e1mila s podan\u00fdm vysv\u011btlen\u00edm provozovatele vys\u00edl\u00e1n\u00ed O2 TV s.r.o., I\u010c 039 98 3801, se s\u00eddlem Za Brumlovkou 266\/2, Praha 4 Michle, PS\u010c 140 00, kdo um\u00edstil virtu\u00e1ln\u00ed obchodn\u00ed sd\u011blen\u00ed um\u00edst\u011bn\u00e9 na div\u00e1ky na tribun\u011b za jednou z branek, kter\u00e9 inzerovalo zna\u010dku \u201eClavin Collection\u201c a ve vys\u00edl\u00e1n\u00ed se objevilo dne 14. srpna 2021 b\u011bhem fotbalov\u00e9ho z\u00e1pasu Bohemians-Sparta v \u010dasech od 19:28:13 do 19:28:18 hod., od 20:16:07 do 20:16:12 hod., od 20:57:30 do 20:57:34 hod. a od 21:47:19 do 21:47:24 hod. na programu O2 Sport.<\/p>\n<p>&#8211; Rada coby \u00fast\u0159edn\u00ed spr\u00e1vn\u00ed \u00fa\u0159ad v r\u00e1mci sv\u00e9 p\u016fsobnosti dan\u00e9 ustanoven\u00edm \u00a7 5 p\u00edsm. a) a f) z\u00e1kona \u010d. 231\/2001 Sb., o provozov\u00e1n\u00ed rozhlasov\u00e9ho a televizn\u00edho vys\u00edl\u00e1n\u00ed a o zm\u011bn\u011b dal\u0161\u00edch z\u00e1kon\u016f, v platn\u00e9m zn\u011bn\u00ed (d\u00e1le jen z\u00e1kon \u010d. 231\/2001 Sb.), v souladu s ustanoven\u00edm \u00a7 78 odst. 1 z\u00e1kona \u010d. 250\/2016 Sb., z\u00e1kona o p\u0159estupc\u00edch a \u0159\u00edzen\u00edch o nich (d\u00e1le jen z\u00e1kon \u010d. 250\/2016 Sb.) rozhodla zah\u00e1jit s provozovatelem vys\u00edl\u00e1n\u00ed, O2 TV s.r.o., I\u010c 039 98 3801, se s\u00eddlem Za Brumlovkou 266\/2, Praha 4 Michle, PS\u010c 140 00, (d\u00e1le \u201eobvin\u011bn\u00fd\u201c), \u0159\u00edzen\u00ed o p\u0159estupku z moci \u00fa\u0159edn\u00ed pro mo\u017en\u00e9 poru\u0161en\u00ed ustanoven\u00ed \u00a7 49 odst. 1 p\u00edsm. c) z\u00e1kona \u010d. 231\/2001 Sb., kter\u00e9ho se mohl dopustit odvys\u00edl\u00e1n\u00edm virtu\u00e1ln\u00edho obchodn\u00edho sd\u011blen\u00ed um\u00edst\u011bn\u00e9ho na div\u00e1ky na tribun\u011b za jednou z branek, kter\u00e9 inzerovalo zna\u010dku \u201eClavin Collection\u201c a ve vys\u00edl\u00e1n\u00ed se objevilo dne 14. srpna 2021 b\u011bhem fotbalov\u00e9ho z\u00e1pasu Bohemians-Sparta v \u010dasech od 19:28:13 do 19:28:18 hod., od 20:16:07 do 20:16:12 hod., od 20:57:30 do 20:57:34 hod. a od 21:47:19 do 21:47:24 hod. na programu O2 Sport, \u010d\u00edm\u017e mohl poru\u0161it povinnost zajistit, aby obchodn\u00ed sd\u011blen\u00ed t\u00fdkaj\u00edc\u00ed se erotick\u00fdch slu\u017eeb, erotick\u00fdch v\u00fdrobk\u016f a hum\u00e1nn\u00edch l\u00e9\u010div\u00fdch p\u0159\u00edpravk\u016f nebo dopl\u0148k\u016f stravy na podporu sexu\u00e1ln\u00ed v\u00fdkonnosti nebyly za\u0159azov\u00e1ny do vys\u00edl\u00e1n\u00ed v dob\u011b od 06.00 hodin do 22.00 hodin.<\/p>\n<p>&#8211; Rada se sezn\u00e1mila s podan\u00fdm vysv\u011btlen\u00edm provozovatele \u010cESK\u00c1 TELEVIZE, I\u010c 00027383, s\u00eddlem Na h\u0159ebenech II 1132\/4, Praha 4, PS\u010c 14700, zda se v p\u0159\u00edpad\u011b po\u0159adu Tamtam plus (12\/16), odvys\u00edlan\u00e9ho dne 13. srpna 2021 od 20:09 hodin na programu \u010cT1 jedn\u00e1 o po\u0159ad pro d\u011bti, a d\u00e1le, na z\u00e1klad\u011b jak\u00fdch smluvn\u00edch ujedn\u00e1n\u00ed byly v po\u0159adu um\u00edst\u011bny produkty, resp. zda byla v souvislosti s um\u00edst\u011bn\u00edm produktu provedena platba.<\/p>\n<p>&#8211; Rada coby \u00fast\u0159edn\u00ed spr\u00e1vn\u00ed \u00fa\u0159ad v r\u00e1mci sv\u00e9 kompetence dan\u00e9 ustanoven\u00edm \u00a7 5 p\u00edsm. a) z\u00e1kona \u010d. 231\/2001 Sb., o provozov\u00e1n\u00ed rozhlasov\u00e9ho a televizn\u00edho vys\u00edl\u00e1n\u00ed a o zm\u011bn\u011b dal\u0161\u00edch z\u00e1kon\u016f (d\u00e1le jen z\u00e1kon \u010d. 231\/2001 Sb.), rozhodla v souladu s ustanoven\u00edm \u00a7 76 odst. 1 p\u00edsm. a) z\u00e1kona \u010d. 250\/2016 Sb., o odpov\u011bdnosti za p\u0159estupky a \u0159\u00edzen\u00ed o nich, v platn\u00e9m zn\u011bn\u00ed, ve v\u011bci mo\u017en\u00e9ho p\u0159estupku sp\u00e1chan\u00e9ho odvys\u00edl\u00e1n\u00edm po\u0159adu Tamtam plus (12\/16) dne 13. srpna 2021 v 20:09 hodin na programu \u010cT1, \u017ee v\u011bc odkl\u00e1d\u00e1.<\/p>\n<p>&#8211; Rada se sezn\u00e1mila s podan\u00fdm vysv\u011btlen\u00edm provozovatele FTV Prima, spol. s r. o., na z\u00e1klad\u011b jak\u00fdch smluvn\u00edch ujedn\u00e1n\u00ed \u010di jin\u00fdch dohod odvys\u00edlal na programu Prima dne 16. srpna 2021 v 21:18 hodin sd\u011blen\u00ed, kter\u00e9 propaguje film Ve\u010d\u00edrek, resp. uveden\u00ed jmenovan\u00e9ho sn\u00edmku v kinech.<\/p>\n<p>&#8211; Rada se sezn\u00e1mila s reakc\u00ed provozovatele Ale\u0161 Kadlec, I\u010c 11482907, Nov\u00e1 1057, 664 34 Ku\u0159im, na upozorn\u011bn\u00ed na poru\u0161en\u00ed ustanoven\u00ed \u00a7 32 odst. 6 z\u00e1kona \u010d. 231\/2001 Sb., kter\u00e9ho se dopustil t\u00edm, \u017ee na p\u00edsemnou v\u00fdzvu neposkytl Rad\u011b informace o opat\u0159en\u00edch p\u0159ijat\u00fdch na podporu medi\u00e1ln\u00ed gramotnosti, \u010d\u00edm\u017e poru\u0161il povinnost na p\u00edsemnou v\u00fdzvu poskytnout Rad\u011b vyj\u00e1d\u0159en\u00ed a informace nezbytn\u00e9 k v\u00fdkonu jej\u00ed p\u016fsobnosti podle \u00a7 5 p\u00edsm. t) a\u017e w) nebo \u00a7 6 odst. 1 a 5.<\/p>\n<p>&#8211; Rada se sezn\u00e1mila s reakc\u00ed provozovatele Hudebn\u00ed televize, s. r. o., na upozorn\u011bn\u00ed na poru\u0161en\u00ed z\u00e1kona, ke kter\u00e9mu do\u0161lo odvys\u00edl\u00e1n\u00edm neodd\u011blen\u00e9 reklamy Iceland dne 6. \u010dervna 2021 v 8:02 hodin na programu Retro Music Television.<br \/>\n&#8211; Rada v r\u00e1mci \u0159\u00edzen\u00ed o p\u0159estupku sp. zn. RRTV\/2021\/435\/rud provedla d\u016fkaz zhl\u00e9dnut\u00edm po\u0159adu Eva testuje (3) odvys\u00edlan\u00e9ho na programu Prima dne 17. dubna 2021 od 18:40 hodin.<\/p>\n<p><strong>AUDIOVIZU\u00c1LN\u00cd MEDI\u00c1LN\u00cd SLU\u017dBY NA VY\u017d\u00c1D\u00c1N\u00cd<\/strong><\/p>\n<p>&#8211; Rada v r\u00e1mci sv\u00e9 p\u016fsobnosti podle ustanoven\u00ed \u00a7 4 odst. 2 p\u00edsm. a) a \u00a7 5 odst. 3 z\u00e1kona \u010d. 132\/2010 Sb., o audiovizu\u00e1ln\u00edch medi\u00e1ln\u00edch slu\u017eb\u00e1ch na vy\u017e\u00e1d\u00e1n\u00ed, a podle ustanoven\u00ed \u00a7 158 odst. 1 z\u00e1kona \u010d. 500\/2004 Sb., spr\u00e1vn\u00edho \u0159\u00e1du, vyd\u00e1v\u00e1 na z\u00e1klad\u011b p\u00edsemn\u00e9ho ozn\u00e1men\u00ed poskytovatele Jind\u0159ichohradeck\u00e1 televizn\u00ed s.r.o., I\u010c 28109503, doru\u010den\u00e9ho Rad\u011b dne 1. listopadu 2021, toto potvrzen\u00ed: Poskytovatel, Jind\u0159ichohradeck\u00e1 televizn\u00ed s.r.o., I\u010c 28109503, se s\u00eddlem Vajgar 532, 377 01 Jind\u0159ich\u016fv Hradec, byla dne 23. listopadu 2021 zaps\u00e1na do Evidence poskytovatel\u016f audiovizu\u00e1ln\u00edch medi\u00e1ln\u00edch slu\u017eeb na vy\u017e\u00e1d\u00e1n\u00ed ve smyslu ustanoven\u00ed \u00a7 5 z\u00e1kona \u010d. 132\/2010 Sb., o audiovizu\u00e1ln\u00edch medi\u00e1ln\u00edch slu\u017eb\u00e1ch na vy\u017e\u00e1d\u00e1n\u00ed; audiovizu\u00e1ln\u00ed medi\u00e1ln\u00ed slu\u017eba na vy\u017e\u00e1d\u00e1n\u00ed je poskytov\u00e1na ode dne 3. \u00fanora 2012 pod n\u00e1zvem Jind\u0159ichohradeck\u00e1 televize, um\u00edst\u011bn\u00e1 na internetov\u00e9 adrese https:\/\/ www.jhtv.cz.<\/p>\n<p>&#8211; Rada coby \u00fast\u0159edn\u00ed spr\u00e1vn\u00ed \u00fa\u0159ad v r\u00e1mci sv\u00e9 p\u016fsobnosti dan\u00e9 \u00a7 4 odst. 2 p\u00edsm. a) a b) z\u00e1kona \u010d. 132\/2010 Sb., o audiovizu\u00e1ln\u00edch medi\u00e1ln\u00edch slu\u017eb\u00e1ch na vy\u017e\u00e1d\u00e1n\u00ed a o zm\u011bn\u011b dal\u0161\u00edch z\u00e1kon\u016f (d\u00e1le jen z\u00e1kon \u010d. 132\/2010 Sb.) a podle ustanoven\u00ed \u00a7 86 odst. 1 p\u00edsm. c) z\u00e1kona \u010d. 250\/2016 Sb., o odpov\u011bdnosti za p\u0159estupky a \u0159\u00edzen\u00ed o nich, vydala dne 20. listopadu 2021 toto usnesen\u00ed: Rada zastavuje s poskytovatelem Jind\u0159ichohradeck\u00e1 televizn\u00ed s.r.o., I\u010c 28109503, se s\u00eddlem Vajgar 532, Jind\u0159ich\u016fv Hradec, 37701, \u0159\u00edzen\u00ed o p\u0159estupku pro mo\u017en\u00e9 poru\u0161en\u00ed \u00a7 5 odst. 1 p\u00edsm. a) a\u017e e), nebo\u0165 sp\u00e1ch\u00e1n\u00ed skutku, o n\u011bm\u017e se vede \u0159\u00edzen\u00ed, nebylo obvin\u011bn\u00e9mu prok\u00e1z\u00e1no.<\/p>\n<p><strong>OSTATN\u00cd<\/strong><\/p>\n<p>&#8211; Rada schvaluje term\u00edny zased\u00e1n\u00ed v roce 2022<\/p>\n<p>&#8211; Rada se sezn\u00e1mila s p\u0159ehledem zm\u011bn v rozhlasov\u00e9m a televizn\u00edm vys\u00edl\u00e1n\u00ed za t\u0159et\u00ed \u010dtvrtlet\u00ed roku 2021.<\/p>\n<p>&#8211; Rada pov\u011b\u0159uje zam\u011bstnankyni \u00da\u0159adu Rady Mgr. Terezu B\u011bhounkovou k zastupov\u00e1n\u00ed Rady p\u0159ed M\u011bstsk\u00fdm soudem v Praze a Nejvy\u0161\u0161\u00edm spr\u00e1vn\u00edm soudem. Pov\u011b\u0159en\u00e1 zam\u011bstnankyn\u011b je opr\u00e1vn\u011bna zejm\u00e9na \u00fa\u010dastnit se jedn\u00e1n\u00ed, pod\u00e1vat vyj\u00e1d\u0159en\u00ed, n\u00e1vrhy \u010di jin\u00e1 pod\u00e1n\u00ed, v\u010detn\u011b mimo\u0159\u00e1dn\u00fdch opravn\u00fdch prost\u0159edk\u016f, vy\u0159izovat korespondenci s v\u00fd\u0161e uveden\u00fdmi soudy a \u010dinit ve\u0161ker\u00e9 \u00fakony s t\u00edm souvisej\u00edc\u00ed, v\u010detn\u011b nahl\u00ed\u017een\u00ed do spis\u016f a po\u0159izov\u00e1n\u00ed v\u00fdpis\u016f \u010di opis\u016f dokument\u016f. Toto pov\u011b\u0159en\u00ed se ud\u011bluje na dobu neur\u010ditou do doby, dokud nebude p\u00edsemn\u011b odvol\u00e1no ze strany Rady.<br \/>\nV Praze dne 25. 11. 2021<br \/>\nIng. arch. V\u00e1clav Mencl<br \/>\np\u0159edseda Rady pro rozhlasov\u00e9<br \/>\na televizn\u00ed vys\u00edl\u00e1n\u00ed<br \/>\nkontakt: podatelna@rrtv.cz<br \/>\n274 813 830<\/p>\n","protected":false},"excerpt":{"rendered":"<p>Rada pro rozhlasov\u00e9 a televizn\u00ed vys\u00edl\u00e1n\u00ed (d\u00e1le jen &#8222;Rada&#8220;) na sv\u00e9m 20. zased\u00e1n\u00ed projednala 41 bod\u016f programu. Vyhodnotila 13 st\u00ed\u017enost\u00ed div\u00e1k\u016f a poslucha\u010d\u016f, vydala p\u011bt upozorn\u011bn\u00ed na poru\u0161en\u00ed z\u00e1kona, rozhodla o zah\u00e1jen\u00ed dvou spr\u00e1vn\u00edch \u0159\u00edzen\u00ed.<\/p>\n","protected":false},"author":1,"featured_media":0,"comment_status":"open","ping_status":"open","sticky":false,"template":"","format":"standard","meta":{"ngg_post_thumbnail":0,"footnotes":""},"categories":[11],"tags":[],"class_list":["post-12473","post","type-post","status-publish","format-standard","hentry","category-ozvena"],"_links":{"self":[{"href":"https:\/\/www.ladislavjakl.cz\/index.php?rest_route=\/wp\/v2\/posts\/12473","targetHints":{"allow":["GET"]}}],"collection":[{"href":"https:\/\/www.ladislavjakl.cz\/index.php?rest_route=\/wp\/v2\/posts"}],"about":[{"href":"https:\/\/www.ladislavjakl.cz\/index.php?rest_route=\/wp\/v2\/types\/post"}],"author":[{"embeddable":true,"href":"https:\/\/www.ladislavjakl.cz\/index.php?rest_route=\/wp\/v2\/users\/1"}],"replies":[{"embeddable":true,"href":"https:\/\/www.ladislavjakl.cz\/index.php?rest_route=%2Fwp%2Fv2%2Fcomments&post=12473"}],"version-history":[{"count":1,"href":"https:\/\/www.ladislavjakl.cz\/index.php?rest_route=\/wp\/v2\/posts\/12473\/revisions"}],"predecessor-version":[{"id":12474,"href":"https:\/\/www.ladislavjakl.cz\/index.php?rest_route=\/wp\/v2\/posts\/12473\/revisions\/12474"}],"wp:attachment":[{"href":"https:\/\/www.ladislavjakl.cz\/index.php?rest_route=%2Fwp%2Fv2%2Fmedia&parent=12473"}],"wp:term":[{"taxonomy":"category","embeddable":true,"href":"https:\/\/www.ladislavjakl.cz\/index.php?rest_route=%2Fwp%2Fv2%2Fcategories&post=12473"},{"taxonomy":"post_tag","embeddable":true,"href":"https:\/\/www.ladislavjakl.cz\/index.php?rest_route=%2Fwp%2Fv2%2Ftags&post=12473"}],"curies":[{"name":"wp","href":"https:\/\/api.w.org\/{rel}","templated":true}]}}