{"id":12476,"date":"2021-11-30T13:59:51","date_gmt":"2021-11-30T12:59:51","guid":{"rendered":"http:\/\/www.ladislavjakl.cz\/?p=12476"},"modified":"2021-11-30T14:03:16","modified_gmt":"2021-11-30T13:03:16","slug":"vaxeri-a-antivaxeri","status":"publish","type":"post","link":"https:\/\/www.ladislavjakl.cz\/?p=12476","title":{"rendered":"Vaxe\u0159i a antivaxe\u0159i"},"content":{"rendered":"<div class=\"opener\">Tak se n\u00e1m pr\u00fd spole\u010dnost rozd\u011blila na dva nesmi\u0159iteln\u00e9 kmeny. Vaxery a antivaxery. Sly\u0161\u00edme tyhle term\u00edny kolem sebe tak \u010dasto, \u017ee je na\u010dase ud\u011blat si v nich kone\u010dn\u011b trochu po\u0159\u00e1dek.<\/div>\n<p><!--more--><\/p>\n<div id=\"art-text\" class=\"text\">\n<p>Vaxer. Kdo to je? Je to \u010dlov\u011bk, kter\u00fd koncem lo\u0148sk\u00e9ho roku upnul v\u0161echny sv\u00e9 nad\u011bje k informac\u00edm, \u017ee u\u017eu\u017e tu m\u00e1me vakc\u00ednu, kter\u00e1 celou onu kovidovou epidemii r\u00e1zem ukon\u010d\u00ed a s n\u00ed i v\u0161echnymo\u017en\u00e9 restrice? Je to ten, kdo za\u010d\u00e1tkem leto\u0161n\u00edho roku adoptoval p\u0159esv\u011bd\u010den\u00ed, \u017ee po dvou d\u00e1vk\u00e1ch budou m\u00edt z\u00e1jemci o o\u010dkov\u00e1n\u00ed pokoj a te\u010dka? Nebo ten, kdo na ja\u0159e za jedinou pravdu vyhla\u0161oval, \u017ee o\u010dkovan\u00fd \u010dlov\u011bk nikdy neonemocn\u00ed kovidem a ani nebude moci b\u00fdt rozna\u0161e\u010dem viru SARS CoV \u2013 2? Nebo snad ten, co v l\u00e9t\u011b zas coby nedotknuteln\u00e9 dogma h\u00e1jil tezi, \u017ee t\u0159ikr\u00e1t a dost a \u017ee po t\u0159et\u00ed \u201eposiluj\u00edc\u00ed\u201c d\u00e1vce budou doty\u010dn\u00ed kone\u010dn\u011b bezpe\u010dn\u011b chr\u00e1n\u011bni?<\/p>\n<p>Nikoli. Nic z toho nejsou atributy vaxera. V\u00edra \u010dlov\u011bka je i zde jen jeho v\u011bc\u00ed. Defini\u010dn\u00edm znakem vaxera je n\u011bco jin\u00e9ho: vynucov\u00e1n\u00ed toho, \u017ee o\u010dkov\u00e1ni musej\u00ed b\u00fdt v\u0161ichni. Vol\u00e1n\u00ed, aby v\u0161ichni ostatn\u00ed byli k o\u010dkov\u00e1n\u00ed donuceni n\u00e1sil\u00edm. Ne pouze n\u00e1tlakem, kdy je dosud neo\u010dkovan\u00fdm up\u00edr\u00e1na mo\u017enost i j\u00edt se naj\u00edst. Ne pouze hrozbami, \u017ee narozd\u00edl od riskuj\u00edc\u00edch sportovc\u016f, \u0159idi\u010d\u016f, p\u0159ech\u00e1zej\u00edc\u00edch na \u010dervenou a dal\u0161\u00edch hazard\u00e9r\u016f se sv\u00fdm zdrav\u00edm m\u00e1 b\u00fdt pr\u00e1v\u011b jen neo\u010dkovan\u00e9mu up\u0159ena l\u00e9ka\u0159sk\u00e1 p\u00e9\u010de. Vaxer tvrd\u00ed, \u017ee to nesta\u010d\u00ed, \u017ee neo\u010dkovan\u00ed maj\u00ed b\u00fdt ke vpichu donuceni z\u00e1konnou povinnost\u00ed, vynutitelnou st\u00e1tn\u00ed moc\u00ed. Atributem vaxera je i postoj, \u017ee nositel\u00e9 jin\u00fdch n\u00e1zor\u016f maj\u00ed b\u00fdt uml\u010deni. Jen to je vaxer. Zn\u00e1te takov\u00e9? A kolik?<\/p>\n<p>A antivaxer? Kdo to je? Ur\u010dit\u011b to nen\u00ed ten, kdo se z n\u011bjak\u00e9ho d\u016fvodu dosud nerozhodl pro o\u010dkov\u00e1n\u00ed. Stejn\u011b jako ka\u017ed\u00fd o\u010dkovanec nen\u00ed automaticky vaxerem. Antivaxer zcela zrcadlov\u011b k vaxerovi je jen ten, kdo si chce vynutit, aby o\u010dkov\u00e1n nebyl nikdo. Je to ten, kdo chce silou br\u00e1nit ostatn\u00edm v mo\u017enosti nechat se o\u010dkovat. Kdo zapaluje nebo vyhazuje do pov\u011bt\u0159\u00ed vakcina\u010dn\u00ed m\u00edsta. Kdo ozbrojen br\u00e1n\u00ed z\u00e1jemc\u016fm o o\u010dkov\u00e1n\u00ed v p\u0159\u00edstupu k o\u010dkovac\u00ed l\u00e1tce. A je to hlasatel postoje, \u017ee nositel\u00e9 jin\u00fdch n\u00e1zor\u016f maj\u00ed b\u00fdt uml\u010deni. Jen to je antivaxer. Zn\u00e1te takov\u00e9? A kolik?<\/p>\n<p>Velk\u00e1 v\u011bt\u0161ina spole\u010dnosti se ne\u0159ad\u00ed ani do jednoho z obou extr\u00e9m\u016f. Jen\u017ee se n\u00e1m do ve\u0159ejn\u00e9 diskuse vloudil takov\u00fd ne\u0161var &#8211; n\u00e1lepkovat coby antivaxera (a tedy extremistu srovnateln\u00e9ho s vymaha\u010di povinn\u00e9ho o\u010dkov\u00e1n\u00ed) ka\u017ed\u00e9ho norm\u00e1ln\u00edho \u010dlov\u011bka, kter\u00fd se jen pt\u00e1, kter\u00fd p\u0159em\u00fd\u0161l\u00ed, kter\u00fd pochybuje, kter\u00fd chce diskutovat a kter\u00fd se nespokoj\u00ed s vnucovan\u00fdmi daty. V t\u00e9to skupin\u011b norm\u00e1ln\u00edch jsou o\u010dkovan\u00ed i neo\u010dkovan\u00ed, opatrn\u011bj\u0161\u00ed i m\u00e9n\u011b opatrn\u00ed, v\u00edce disciplinovan\u00ed i nedisciplinovan\u011bj\u0161\u00ed, \u00fazkostliv\u011bj\u0161\u00ed i laxn\u011bj\u0161\u00ed. Ale v\u0161ichni tito norm\u00e1ln\u00ed lid\u00e9 berou absolutistick\u00e9 v\u00fdk\u0159iky kolem nov\u00e9ho viru s rezervou a maj\u00ed snahu d\u011blat si sv\u016fj n\u00e1zor.<\/p>\n<p>Ne, tady nejde o spor vaxer\u016f a antivaxer\u016f. Tady jde o boj vaxer\u016f proti v\u0161em ostatn\u00edm, p\u0159edev\u0161\u00edm proti norm\u00e1ln\u00edm.<\/p>\n<\/div>\n<p><a href=\"https:\/\/jakl.blog.idnes.cz\/blog.aspx?c=779638\">Zdroj<\/a><\/p>\n","protected":false},"excerpt":{"rendered":"<p>Tak se n\u00e1m pr\u00fd spole\u010dnost rozd\u011blila na dva nesmi\u0159iteln\u00e9 kmeny. Vaxery a antivaxery. Sly\u0161\u00edme tyhle term\u00edny kolem sebe tak \u010dasto, \u017ee je na\u010dase ud\u011blat si v nich kone\u010dn\u011b trochu po\u0159\u00e1dek.<\/p>\n","protected":false},"author":1,"featured_media":0,"comment_status":"open","ping_status":"open","sticky":false,"template":"","format":"standard","meta":{"ngg_post_thumbnail":0,"footnotes":""},"categories":[1],"tags":[],"class_list":["post-12476","post","type-post","status-publish","format-standard","hentry","category-publikovane-clanky"],"_links":{"self":[{"href":"https:\/\/www.ladislavjakl.cz\/index.php?rest_route=\/wp\/v2\/posts\/12476","targetHints":{"allow":["GET"]}}],"collection":[{"href":"https:\/\/www.ladislavjakl.cz\/index.php?rest_route=\/wp\/v2\/posts"}],"about":[{"href":"https:\/\/www.ladislavjakl.cz\/index.php?rest_route=\/wp\/v2\/types\/post"}],"author":[{"embeddable":true,"href":"https:\/\/www.ladislavjakl.cz\/index.php?rest_route=\/wp\/v2\/users\/1"}],"replies":[{"embeddable":true,"href":"https:\/\/www.ladislavjakl.cz\/index.php?rest_route=%2Fwp%2Fv2%2Fcomments&post=12476"}],"version-history":[{"count":1,"href":"https:\/\/www.ladislavjakl.cz\/index.php?rest_route=\/wp\/v2\/posts\/12476\/revisions"}],"predecessor-version":[{"id":12477,"href":"https:\/\/www.ladislavjakl.cz\/index.php?rest_route=\/wp\/v2\/posts\/12476\/revisions\/12477"}],"wp:attachment":[{"href":"https:\/\/www.ladislavjakl.cz\/index.php?rest_route=%2Fwp%2Fv2%2Fmedia&parent=12476"}],"wp:term":[{"taxonomy":"category","embeddable":true,"href":"https:\/\/www.ladislavjakl.cz\/index.php?rest_route=%2Fwp%2Fv2%2Fcategories&post=12476"},{"taxonomy":"post_tag","embeddable":true,"href":"https:\/\/www.ladislavjakl.cz\/index.php?rest_route=%2Fwp%2Fv2%2Ftags&post=12476"}],"curies":[{"name":"wp","href":"https:\/\/api.w.org\/{rel}","templated":true}]}}