{"id":1250,"date":"2011-09-06T08:56:25","date_gmt":"2011-09-06T07:56:25","guid":{"rendered":"http:\/\/www.ladislavjakl.cz\/?p=1250"},"modified":"2011-09-06T08:56:25","modified_gmt":"2011-09-06T07:56:25","slug":"za-jakla-jsem-rad-svobodu-vidim-stejne","status":"publish","type":"post","link":"https:\/\/www.ladislavjakl.cz\/?p=1250","title":{"rendered":"Za Jakla jsem r\u00e1d. Svobodu vid\u00edm stejn\u011b"},"content":{"rendered":"<p>Prezident\u016fv tajemn\u00edk Ladislav Jakl je v nejvy\u0161\u0161\u00edch  patrech \u010desk\u00e9 politiky tak trochu v\u00fdjime\u010dn\u00fd ukaz. A to v pozitivn\u00edm  slova smyslu. Jakl toti\u017e jako jeden z m\u00e1la pat\u0159\u00ed k zast\u00e1nc\u016fm absolutn\u00edho  pr\u00e1va svobody projevu. I n\u00e1ckov\u00e9 maj\u00ed pr\u00e1vo zp\u00edvat, \u0159\u00edk\u00e1 Jakl.  Souhlas\u00edm a mysl\u00edm, \u017ee Jakl u n\u00e1s ud\u011blal pro svobodu asi nejv\u00edc ze v\u0161ech  polistopadov\u00fdch politik\u016f, mezi kter\u00e9 ho tak\u00e9 po\u010d\u00edt\u00e1m.<\/p>\n<p><a name=\"t2\"><\/a><!--more--><\/p>\n<div>\n<p>Zvl\u00e1\u0161t\u011b \u010derstv\u00fd Jakl\u016fv  v\u00fdrok bychom m\u011bli m\u00edt neust\u00e1le v pam\u011bti a m\u011bli bychom se podle n\u011bj  chovat, nechceme-li svobodu nechat zhynout.<\/p>\n<p>\u201eP\u0159\u00edtel svobody je jen ten, kdo ji chr\u00e1n\u00ed i tehdy, kdy\u017e ta svoboda nese i plody jin\u00e9, ne\u017e jak\u00e9 mu chutnaj\u00ed.\u201c<\/p>\n<p>P\u0159i  zamy\u0161len\u00edm nad Jaklov\u00fdm cit\u00e1tem se mi vybavuj\u00ed dal\u0161\u00ed dva, kter\u00e9 bych na  tomto m\u00edst\u011b r\u00e1d p\u0159ipomenul, p\u0159esto\u017ee jsou v\u011bt\u0161in\u011b \u010dten\u00e1\u0159\u016f nejsp\u00ed\u0161e  zn\u00e1my.<\/p>\n<p>Francouzsk\u00e9mu filozofovi Fran\u00e7ois Voltairovi je  p\u0159ipisov\u00e1n, a je celkem jedno, \u017ee nesp\u00ed\u0161e chybn\u011b (p\u0159i\u0161la s n\u00edm toti\u017e a\u017e  autorka Voltairova \u017eivotopisu Evelyn Beatrice Hall), n\u00e1sleduj\u00edc\u00ed v\u00fdrok:  &#8222;Nesouhlas\u00edm s t\u00edm, co \u0159\u00edk\u00e1te, ale a\u017e do smrti budu h\u00e1jit va\u0161e pr\u00e1vo to  \u0159\u00edkat.&#8220;<\/p>\n<p>Pro\u010d je d\u016fle\u017eit\u00e9 h\u00e1jit i svobodu pro na\u0161e odp\u016frce si  uv\u011bdomil i luter\u00e1nsk\u00fd pastor Martin Niem\u00f6ller. Bohu\u017eel a\u017e tehdy, kdy si  ne\u010dinnost jeho a mnoh\u00fdch dal\u0161\u00edch vy\u017e\u00e1dala ob\u011bti. O to siln\u011bj\u0161\u00ed jsou pak  jeho slova:<\/p>\n<p>&#8222;Kdy\u017e p\u0159i\u0161li nacist\u00e9 pro komunisty, ml\u010del jsem; nebyl jsem p\u0159ece komunista.<br \/>\nKdy\u017e zav\u00edrali soci\u00e1ln\u00ed demokraty, ml\u010del jsem; nebyl jsem p\u0159ece soci\u00e1ln\u00ed demokrat.<br \/>\nKdy\u017e p\u0159i\u0161li pro odbor\u00e1\u0159e, ml\u010del jsem; nebyl jsem p\u0159ece odbor\u00e1\u0159.<br \/>\nKdy\u017e p\u0159i\u0161li pro \u017didy, ml\u010del jsem, proto\u017ee jsem nebyl \u017did.<br \/>\nKdy\u017e p\u0159i\u0161li pro m\u011b, nebyl u\u017e nikdo, kdo by se m\u011b mohl zastat.&#8220;<\/p>\n<p>Jaklova, Voltairova i Niem\u00f6llerova slova je zapot\u0159eb\u00ed m\u00edt na pam\u011bti neust\u00e1le. T\u0159eba tehdy, kdy\u017e <a href=\"http:\/\/numerato.blog.idnes.cz\/c\/199192\/Diktat-politicke-korektnosti-si-nasel-novou-obet-Milose-Zemana.html\" target=\"_blank\">lidskopr\u00e1vn\u00ed aktivist\u00e9 up\u00edraj\u00ed svobodu n\u00e1zoru vyslou\u017eil\u00fdm socialistick\u00fdm politik\u016fm tr\u00e1v\u00edc\u00edm d\u016fchod na Vyso\u010din\u011b<\/a> nebo kdy\u017e se <a href=\"http:\/\/www.top09.cz\/co-delame\/napsali-o-nas\/kalousek-batora-je-rasista-ve-statni-sprave-nema-co-delat-6723.html\" target=\"_blank\">n\u011bkdo sna\u017e\u00ed vym\u011b\u0159ovat jedn\u00edm metrem svobodu pro vl\u00e1dn\u00ed ministry a jin\u00fdm metrem pro ministersk\u00e9 \u00fa\u0159edn\u00edky<\/a>.<\/p>\n<p><a href=\"http:\/\/numerato.blog.idnes.cz\/c\/208435\/Za-Jakla-jsem-rad-Svobodu-vidim-stejne.html\" target=\"_blank\">Zdroj<\/a><\/div>\n","protected":false},"excerpt":{"rendered":"<p>Prezident\u016fv tajemn\u00edk Ladislav Jakl je v nejvy\u0161\u0161\u00edch patrech \u010desk\u00e9 politiky tak trochu v\u00fdjime\u010dn\u00fd ukaz. A to v pozitivn\u00edm slova smyslu. Jakl toti\u017e jako jeden z m\u00e1la pat\u0159\u00ed k zast\u00e1nc\u016fm absolutn\u00edho pr\u00e1va svobody projevu. I n\u00e1ckov\u00e9 maj\u00ed pr\u00e1vo zp\u00edvat, \u0159\u00edk\u00e1 Jakl. Souhlas\u00edm a mysl\u00edm, \u017ee Jakl u n\u00e1s ud\u011blal pro svobodu asi nejv\u00edc ze v\u0161ech polistopadov\u00fdch [&hellip;]<\/p>\n","protected":false},"author":1,"featured_media":0,"comment_status":"open","ping_status":"open","sticky":false,"template":"","format":"standard","meta":{"ngg_post_thumbnail":0,"footnotes":""},"categories":[11],"tags":[],"class_list":["post-1250","post","type-post","status-publish","format-standard","hentry","category-ozvena"],"_links":{"self":[{"href":"https:\/\/www.ladislavjakl.cz\/index.php?rest_route=\/wp\/v2\/posts\/1250","targetHints":{"allow":["GET"]}}],"collection":[{"href":"https:\/\/www.ladislavjakl.cz\/index.php?rest_route=\/wp\/v2\/posts"}],"about":[{"href":"https:\/\/www.ladislavjakl.cz\/index.php?rest_route=\/wp\/v2\/types\/post"}],"author":[{"embeddable":true,"href":"https:\/\/www.ladislavjakl.cz\/index.php?rest_route=\/wp\/v2\/users\/1"}],"replies":[{"embeddable":true,"href":"https:\/\/www.ladislavjakl.cz\/index.php?rest_route=%2Fwp%2Fv2%2Fcomments&post=1250"}],"version-history":[{"count":1,"href":"https:\/\/www.ladislavjakl.cz\/index.php?rest_route=\/wp\/v2\/posts\/1250\/revisions"}],"predecessor-version":[{"id":1251,"href":"https:\/\/www.ladislavjakl.cz\/index.php?rest_route=\/wp\/v2\/posts\/1250\/revisions\/1251"}],"wp:attachment":[{"href":"https:\/\/www.ladislavjakl.cz\/index.php?rest_route=%2Fwp%2Fv2%2Fmedia&parent=1250"}],"wp:term":[{"taxonomy":"category","embeddable":true,"href":"https:\/\/www.ladislavjakl.cz\/index.php?rest_route=%2Fwp%2Fv2%2Fcategories&post=1250"},{"taxonomy":"post_tag","embeddable":true,"href":"https:\/\/www.ladislavjakl.cz\/index.php?rest_route=%2Fwp%2Fv2%2Ftags&post=1250"}],"curies":[{"name":"wp","href":"https:\/\/api.w.org\/{rel}","templated":true}]}}