{"id":12519,"date":"2022-01-06T10:17:49","date_gmt":"2022-01-06T09:17:49","guid":{"rendered":"http:\/\/www.ladislavjakl.cz\/?p=12519"},"modified":"2022-01-06T11:49:27","modified_gmt":"2022-01-06T10:49:27","slug":"ladislav-jakl-a-vaclav-cilek-se-na-prima-cnn-hluboce-zamysleji-nad-tim-kam-ten-svet-speje-kdyz-uz-tri-dny-prsi","status":"publish","type":"post","link":"https:\/\/www.ladislavjakl.cz\/?p=12519","title":{"rendered":"Ladislav Jakl a V\u00e1clav C\u00edlek se na Prima CNN hluboce zam\u00fd\u0161lej\u00ed nad t\u00edm, kam ten sv\u011bt sp\u011bje, kdy\u017e u\u017e t\u0159i dny pr\u0161\u00ed"},"content":{"rendered":"<p>Video je uvnit\u0159 \u010dl\u00e1nku.&nbsp;<\/p>\n<p><!--more--><\/p>\n<p><a href=\"https:\/\/cnn.iprima.cz\/jakl-green-deal-je-sileny-klima-se-nema-chranit-cilek-radi-v-opatrenich-zvolnit-54560\">https:\/\/cnn.iprima.cz\/jakl-green-deal-je-sileny-klima-se-nema-chranit-cilek-radi-v-opatrenich-zvolnit-54560&nbsp;<\/a><\/p>\n<p>&nbsp;<\/p>\n","protected":false},"excerpt":{"rendered":"<p>Video je uvnit\u0159 \u010dl\u00e1nku.&nbsp;<\/p>\n","protected":false},"author":1,"featured_media":0,"comment_status":"open","ping_status":"open","sticky":false,"template":"","format":"standard","meta":{"ngg_post_thumbnail":0,"footnotes":""},"categories":[13,12],"tags":[],"class_list":["post-12519","post","type-post","status-publish","format-standard","hentry","category-rozhovory","category-video"],"_links":{"self":[{"href":"https:\/\/www.ladislavjakl.cz\/index.php?rest_route=\/wp\/v2\/posts\/12519","targetHints":{"allow":["GET"]}}],"collection":[{"href":"https:\/\/www.ladislavjakl.cz\/index.php?rest_route=\/wp\/v2\/posts"}],"about":[{"href":"https:\/\/www.ladislavjakl.cz\/index.php?rest_route=\/wp\/v2\/types\/post"}],"author":[{"embeddable":true,"href":"https:\/\/www.ladislavjakl.cz\/index.php?rest_route=\/wp\/v2\/users\/1"}],"replies":[{"embeddable":true,"href":"https:\/\/www.ladislavjakl.cz\/index.php?rest_route=%2Fwp%2Fv2%2Fcomments&post=12519"}],"version-history":[{"count":2,"href":"https:\/\/www.ladislavjakl.cz\/index.php?rest_route=\/wp\/v2\/posts\/12519\/revisions"}],"predecessor-version":[{"id":12521,"href":"https:\/\/www.ladislavjakl.cz\/index.php?rest_route=\/wp\/v2\/posts\/12519\/revisions\/12521"}],"wp:attachment":[{"href":"https:\/\/www.ladislavjakl.cz\/index.php?rest_route=%2Fwp%2Fv2%2Fmedia&parent=12519"}],"wp:term":[{"taxonomy":"category","embeddable":true,"href":"https:\/\/www.ladislavjakl.cz\/index.php?rest_route=%2Fwp%2Fv2%2Fcategories&post=12519"},{"taxonomy":"post_tag","embeddable":true,"href":"https:\/\/www.ladislavjakl.cz\/index.php?rest_route=%2Fwp%2Fv2%2Ftags&post=12519"}],"curies":[{"name":"wp","href":"https:\/\/api.w.org\/{rel}","templated":true}]}}