{"id":1252,"date":"2011-09-06T08:58:01","date_gmt":"2011-09-06T07:58:01","guid":{"rendered":"http:\/\/www.ladislavjakl.cz\/?p=1252"},"modified":"2011-09-06T08:58:01","modified_gmt":"2011-09-06T07:58:01","slug":"jakl-proti-necasovu-jochovi-vyjimku-z-eura-potrebujeme","status":"publish","type":"post","link":"https:\/\/www.ladislavjakl.cz\/?p=1252","title":{"rendered":"Jakl proti Ne\u010dasovu Jochovi: V\u00fdjimku z eura pot\u0159ebujeme"},"content":{"rendered":"<p>\u0158editele politick\u00e9ho odboru Kancel\u00e1\u0159e prezidenta republiky Ladislava Jakla rozezlilo prohl\u00e1\u0161en\u00ed poradce premi\u00e9ra Romana Jocha, \u017ee nem\u00e1 smysl, abychom nyn\u00ed po\u017eadovali uvoln\u011bn\u00ed z povinnosti p\u0159ijmout euro. K tomuto kroku premi\u00e9ra Ne\u010dase opakovan\u011b vyz\u00fdv\u00e1 prezident Klaus. Jakl redakci napsal, \u017ee pr\u00e1v\u011b \u201eopt-out\u201c by byl pro na\u0161i zemi to nejlep\u0161\u00ed.<\/p>\n<p><!--more--><\/p>\n<p>Po\u010d\u00e1tkem srpna informoval server Parlamentn\u00edListy.cz \u010dten\u00e1\u0159e o dopisech  prezidenta Klause adresovan\u00fdch premi\u00e9rovi Petru Ne\u010dasovi (ODS), kde  hlava st\u00e1tu \u017e\u00e1d\u00e1 \u0161\u00e9fa kabinetu, aby pro \u010ceskou republiku dojednal  vyv\u00e1z\u00e1n\u00ed \u010ceska z\u00a0povinnosti p\u0159ijmout spole\u010dnou evropskou m\u011bnu. Tyto dva  dopisy napsal Klaus v\u00a0listopadu roku lo\u0148sk\u00e9ho a v\u00a0lednu roku leto\u0161n\u00edho.<\/p>\n<p><strong>Nikdy ne\u0159\u00edkej nikdy<\/strong><\/p>\n<p>Spor o vyv\u00e1z\u00e1n\u00ed neboli opt-outu z\u00a0povinnosti p\u0159ijmout euro se stal tak\u00e9  t\u00e9matem dne\u0161n\u00edch ot\u00e1zek V\u00e1clava Moravce \u010cT, kde proti sob\u011b zasedli  ministr zahrani\u010d\u00ed Karel Schwarzenberg (TOP09) a st\u00ednov\u00fd ministr  zahrani\u010d\u00ed Lubom\u00edr Zaor\u00e1lek (\u010cSSD). Oba p\u00e1nov\u00e9 se shodli na tom, \u017ee  vyjedn\u00e1n\u00ed t\u00e9to v\u00fdjimky nen\u00ed na po\u0159adu dne. Oba diskutuj\u00edc\u00ed v\u00a0t\u00e9to ot\u00e1zce  podpo\u0159il tak\u00e9 poradce premi\u00e9ra Roman Joch, kdy\u017e uvedl, \u017ee by si \u010cesko  m\u011blo prozat\u00edm ponechat otev\u0159en\u00e9 v\u0161echny cesty.<\/p>\n<p>\u201eNem\u00e1 smysl, abychom si p\u0159edem zahradili cesty, abychom p\u0159edem \u0159\u00edkali,  \u017ee EURO nep\u0159ijmeme nikdy nebo \u017ee se k\u00a0EURU p\u0159ipoj\u00edme nutn\u011b. Nechme si  v\u0161echny mo\u017enosti otev\u0159en\u00e9, to je nejproz\u00edrav\u011bj\u0161\u00ed. Nikdy ne\u0159\u00edkej nikdy.  Pro\u010d bychom si m\u011bli zav\u0159\u00edt cestu k\u00a0tomu, co pro n\u00e1s mo\u017en\u00e1 bude n\u011bkdy  proz\u00edrav\u00e9, mo\u017en\u00e1 nebude, ale nem\u00e1 smysl zav\u00edrat si cestu, prohl\u00e1sil Joch<\/p>\n<p>Ne\u010das zpo\u010d\u00e1tku prohla\u0161oval, \u017ee podobn\u00e1 v\u00fdjimka by \u0161la prosadit jen velmi  obt\u00ed\u017en\u011b, ov\u0161em s\u00a0t\u00edm, jak se prohlubuj\u00ed ekonomick\u00e9 probl\u00e9my euroz\u00f3ny,  tak premi\u00e9r opakovan\u011b prohla\u0161uje, \u017ee EURO prozat\u00edm nep\u0159ijmeme.<\/p>\n<p><strong>Svobodu volby n\u00e1m zajist\u00ed jen v\u00fdjimka<\/strong><\/p>\n<p>Jochovo prohl\u00e1\u0161en\u00ed ov\u0161em zvedlo ze \u017eidle \u0159editele politick\u00e9ho odboru z  Kancel\u00e1\u0159e prezidenta republiky Ladislava Jakla, kter\u00fd se domn\u00edv\u00e1, \u017ee  svobodu volby do Budoucna \u010cesku zajist\u00ed jen a pouze opt-out \u010ceska  z\u00a0povinnosti p\u0159ijmout spole\u010dnou evropskou m\u011bnu.<\/p>\n<p>\u201ePan Joch se velmi m\u00fdl\u00ed. Je proti opt-outu s\u00a0argumentem &#8211; nikdy ne\u0159\u00edkej  nikdy &#8211; a \u017ee si m\u00e1me nechat dve\u0159e otev\u0159en\u00e9 v\u0161em mo\u017enostem. Jen\u017ee tyto  argumenty hovo\u0159\u00ed pr\u00e1v\u011b pro opt-out. Teprve ten n\u00e1m umo\u017en\u00ed se kdykoliv  rozhodnout, teprve ten otv\u00edr\u00e1 v\u0161echny mo\u017enosti, zat\u00edmco bez opt-outu  plat\u00ed n\u00e1\u0161 z\u00e1vazek EURO p\u0159ijmout,&#8220; zd\u016fvod\u0148uje sv\u00e9 stanovisko Jakl.<\/p>\n<p><a href=\"http:\/\/www.parlamentnilisty.cz\/zpravy\/207272.aspx\" target=\"_blank\">Zdroj<\/a><\/p>\n","protected":false},"excerpt":{"rendered":"<p>\u0158editele politick\u00e9ho odboru Kancel\u00e1\u0159e prezidenta republiky Ladislava Jakla rozezlilo prohl\u00e1\u0161en\u00ed poradce premi\u00e9ra Romana Jocha, \u017ee nem\u00e1 smysl, abychom nyn\u00ed po\u017eadovali uvoln\u011bn\u00ed z povinnosti p\u0159ijmout euro. K tomuto kroku premi\u00e9ra Ne\u010dase opakovan\u011b vyz\u00fdv\u00e1 prezident Klaus. Jakl redakci napsal, \u017ee pr\u00e1v\u011b \u201eopt-out\u201c by byl pro na\u0161i zemi to nejlep\u0161\u00ed.<\/p>\n","protected":false},"author":1,"featured_media":0,"comment_status":"open","ping_status":"open","sticky":false,"template":"","format":"standard","meta":{"ngg_post_thumbnail":0,"footnotes":""},"categories":[11],"tags":[],"class_list":["post-1252","post","type-post","status-publish","format-standard","hentry","category-ozvena"],"_links":{"self":[{"href":"https:\/\/www.ladislavjakl.cz\/index.php?rest_route=\/wp\/v2\/posts\/1252","targetHints":{"allow":["GET"]}}],"collection":[{"href":"https:\/\/www.ladislavjakl.cz\/index.php?rest_route=\/wp\/v2\/posts"}],"about":[{"href":"https:\/\/www.ladislavjakl.cz\/index.php?rest_route=\/wp\/v2\/types\/post"}],"author":[{"embeddable":true,"href":"https:\/\/www.ladislavjakl.cz\/index.php?rest_route=\/wp\/v2\/users\/1"}],"replies":[{"embeddable":true,"href":"https:\/\/www.ladislavjakl.cz\/index.php?rest_route=%2Fwp%2Fv2%2Fcomments&post=1252"}],"version-history":[{"count":1,"href":"https:\/\/www.ladislavjakl.cz\/index.php?rest_route=\/wp\/v2\/posts\/1252\/revisions"}],"predecessor-version":[{"id":1253,"href":"https:\/\/www.ladislavjakl.cz\/index.php?rest_route=\/wp\/v2\/posts\/1252\/revisions\/1253"}],"wp:attachment":[{"href":"https:\/\/www.ladislavjakl.cz\/index.php?rest_route=%2Fwp%2Fv2%2Fmedia&parent=1252"}],"wp:term":[{"taxonomy":"category","embeddable":true,"href":"https:\/\/www.ladislavjakl.cz\/index.php?rest_route=%2Fwp%2Fv2%2Fcategories&post=1252"},{"taxonomy":"post_tag","embeddable":true,"href":"https:\/\/www.ladislavjakl.cz\/index.php?rest_route=%2Fwp%2Fv2%2Ftags&post=1252"}],"curies":[{"name":"wp","href":"https:\/\/api.w.org\/{rel}","templated":true}]}}